{"id":540,"count":2,"description":"R\u00e9cit de voyage en Scandinavie.\r\n<ul>\r\n \t<li>L'Appel du Grand N\u00f8rd est mon premier livre. Il raconte un voyage \u00e0 v\u00e9lo de 5 000 km en Scandinavie sous le soleil de minuit.<\/li>\r\n \t<li>Par les chemins de l'Arctique est mon deuxi\u00e8me livre. Il retrace une aventure en kayak, \u00e0 pied et \u00e0 v\u00e9lo durant l'automne bor\u00e9al.<\/li>\r\n<\/ul>","link":"https:\/\/courir-lemonde.com\/index.php\/category\/livre-voyage-appel-du-grand-nord\/","name":"Mes livres","slug":"livre-voyage-appel-du-grand-nord","taxonomy":"category","parent":0,"meta":[],"yoast_head":"<!-- This site is optimized with the Yoast SEO plugin v21.8.1 - https:\/\/yoast.com\/wordpress\/plugins\/seo\/ -->\n<title>Archives des Mes livres - Courir Le Monde<\/title>\n<meta name=\"robots\" content=\"index, follow, max-snippet:-1, max-image-preview:large, max-video-preview:-1\" \/>\n<link rel=\"canonical\" href=\"https:\/\/courir-lemonde.com\/index.php\/category\/livre-voyage-appel-du-grand-nord\/\" \/>\n<meta property=\"og:locale\" content=\"fr_FR\" \/>\n<meta property=\"og:type\" content=\"article\" \/>\n<meta property=\"og:title\" content=\"Archives des Mes livres - Courir Le Monde\" \/>\n<meta property=\"og:description\" content=\"R\u00e9cit de voyage en Scandinavie. L&rsquo;Appel du Grand N\u00f8rd est mon premier livre. Il raconte un voyage \u00e0 v\u00e9lo de 5 000 km en Scandinavie sous le soleil de minuit. Par les chemins de l&rsquo;Arctique est mon deuxi\u00e8me livre. Il retrace une aventure en kayak, \u00e0 pied et \u00e0 v\u00e9lo durant l&rsquo;automne bor\u00e9al.\" \/>\n<meta property=\"og:url\" content=\"https:\/\/courir-lemonde.com\/index.php\/category\/livre-voyage-appel-du-grand-nord\/\" \/>\n<meta property=\"og:site_name\" content=\"Courir Le Monde\" \/>\n<meta name=\"twitter:card\" content=\"summary_large_image\" \/>\n<script type=\"application\/ld+json\" class=\"yoast-schema-graph\">{\"@context\":\"https:\/\/schema.org\",\"@graph\":[{\"@type\":\"CollectionPage\",\"@id\":\"https:\/\/courir-lemonde.com\/index.php\/category\/livre-voyage-appel-du-grand-nord\/\",\"url\":\"https:\/\/courir-lemonde.com\/index.php\/category\/livre-voyage-appel-du-grand-nord\/\",\"name\":\"Archives des Mes livres - Courir Le Monde\",\"isPartOf\":{\"@id\":\"https:\/\/courir-lemonde.com\/#website\"},\"breadcrumb\":{\"@id\":\"https:\/\/courir-lemonde.com\/index.php\/category\/livre-voyage-appel-du-grand-nord\/#breadcrumb\"},\"inLanguage\":\"fr-FR\"},{\"@type\":\"BreadcrumbList\",\"@id\":\"https:\/\/courir-lemonde.com\/index.php\/category\/livre-voyage-appel-du-grand-nord\/#breadcrumb\",\"itemListElement\":[{\"@type\":\"ListItem\",\"position\":1,\"name\":\"Accueil\",\"item\":\"https:\/\/courir-lemonde.com\/\"},{\"@type\":\"ListItem\",\"position\":2,\"name\":\"Mes livres\"}]},{\"@type\":\"WebSite\",\"@id\":\"https:\/\/courir-lemonde.com\/#website\",\"url\":\"https:\/\/courir-lemonde.com\/\",\"name\":\"Courir Le Monde\",\"description\":\"Le site de Valentin Chapalain, passionn\u00e9 d&#039;aventures et de voyages\",\"potentialAction\":[{\"@type\":\"SearchAction\",\"target\":{\"@type\":\"EntryPoint\",\"urlTemplate\":\"https:\/\/courir-lemonde.com\/?s={search_term_string}\"},\"query-input\":\"required name=search_term_string\"}],\"inLanguage\":\"fr-FR\"}]}<\/script>\n<!-- \/ Yoast SEO plugin. -->","yoast_head_json":{"title":"Archives des Mes livres - Courir Le Monde","robots":{"index":"index","follow":"follow","max-snippet":"max-snippet:-1","max-image-preview":"max-image-preview:large","max-video-preview":"max-video-preview:-1"},"canonical":"https:\/\/courir-lemonde.com\/index.php\/category\/livre-voyage-appel-du-grand-nord\/","og_locale":"fr_FR","og_type":"article","og_title":"Archives des Mes livres - Courir Le Monde","og_description":"R\u00e9cit de voyage en Scandinavie. L&rsquo;Appel du Grand N\u00f8rd est mon premier livre. Il raconte un voyage \u00e0 v\u00e9lo de 5 000 km en Scandinavie sous le soleil de minuit. Par les chemins de l&rsquo;Arctique est mon deuxi\u00e8me livre. Il retrace une aventure en kayak, \u00e0 pied et \u00e0 v\u00e9lo durant l&rsquo;automne bor\u00e9al.","og_url":"https:\/\/courir-lemonde.com\/index.php\/category\/livre-voyage-appel-du-grand-nord\/","og_site_name":"Courir Le Monde","twitter_card":"summary_large_image","schema":{"@context":"https:\/\/schema.org","@graph":[{"@type":"CollectionPage","@id":"https:\/\/courir-lemonde.com\/index.php\/category\/livre-voyage-appel-du-grand-nord\/","url":"https:\/\/courir-lemonde.com\/index.php\/category\/livre-voyage-appel-du-grand-nord\/","name":"Archives des Mes livres - Courir Le Monde","isPartOf":{"@id":"https:\/\/courir-lemonde.com\/#website"},"breadcrumb":{"@id":"https:\/\/courir-lemonde.com\/index.php\/category\/livre-voyage-appel-du-grand-nord\/#breadcrumb"},"inLanguage":"fr-FR"},{"@type":"BreadcrumbList","@id":"https:\/\/courir-lemonde.com\/index.php\/category\/livre-voyage-appel-du-grand-nord\/#breadcrumb","itemListElement":[{"@type":"ListItem","position":1,"name":"Accueil","item":"https:\/\/courir-lemonde.com\/"},{"@type":"ListItem","position":2,"name":"Mes livres"}]},{"@type":"WebSite","@id":"https:\/\/courir-lemonde.com\/#website","url":"https:\/\/courir-lemonde.com\/","name":"Courir Le Monde","description":"Le site de Valentin Chapalain, passionn\u00e9 d&#039;aventures et de voyages","potentialAction":[{"@type":"SearchAction","target":{"@type":"EntryPoint","urlTemplate":"https:\/\/courir-lemonde.com\/?s={search_term_string}"},"query-input":"required name=search_term_string"}],"inLanguage":"fr-FR"}]}},"_links":{"self":[{"href":"https:\/\/courir-lemonde.com\/index.php\/wp-json\/wp\/v2\/categories\/540"}],"collection":[{"href":"https:\/\/courir-lemonde.com\/index.php\/wp-json\/wp\/v2\/categories"}],"about":[{"href":"https:\/\/courir-lemonde.com\/index.php\/wp-json\/wp\/v2\/taxonomies\/category"}],"wp:post_type":[{"href":"https:\/\/courir-lemonde.com\/index.php\/wp-json\/wp\/v2\/posts?categories=540"}],"curies":[{"name":"wp","href":"https:\/\/api.w.org\/{rel}","templated":true}]}}