{"id":102,"date":"2015-04-25T12:55:16","date_gmt":"2015-04-25T11:55:16","guid":{"rendered":"http:\/\/courir-lemonde.com\/?p=102"},"modified":"2015-11-09T11:14:25","modified_gmt":"2015-11-09T10:14:25","slug":"3-eme-episode-de-la-saison-2015-le-tiken-trail-13-km","status":"publish","type":"post","link":"https:\/\/courir-lemonde.com\/index.php\/2015\/04\/25\/3-eme-episode-de-la-saison-2015-le-tiken-trail-13-km\/","title":{"rendered":"3 \u00e8me \u00e9pisode de la saison 2015 : le Tiken trail (13 km)"},"content":{"rendered":"<p style=\"text-align: center;\"><strong>Une faute de parcours fatale dans les for\u00eats morbihannaises\u00a0<\/strong><\/p>\n<p style=\"text-align: justify;\"><em>Un peu plus d&rsquo;un mois apr\u00e8s le marathon de Barcelone, je reprenais la comp\u00e9tition en Bretagne, plus pr\u00e9cis\u00e9ment dans le d\u00e9partement du Morbihan du c\u00f4t\u00e9 de la petite commune de Saint Vincent sur Oust. Ayant plut\u00f4t bien r\u00e9cup\u00e9r\u00e9 des efforts consentit pour venir \u00e0 bout de la distance mythique en terre catalane, j&rsquo;abordais cette course avec l&rsquo;objectif de signer un bon classement et de remporter de nouveau la bataille face \u00e0 mon camarade Aur\u00e9lien.<\/em><\/p>\n<p style=\"text-align: justify;\"><a href=\"http:\/\/courir-lemonde.com\/wp-content\/uploads\/2015\/04\/DSC_6953.jpg\"><img loading=\"lazy\" decoding=\"async\" class=\"wp-image-168 aligncenter\" src=\"http:\/\/courir-lemonde.com\/wp-content\/uploads\/2015\/04\/DSC_6953-768x1024.jpg\" alt=\"DSC_6953\" width=\"377\" height=\"500\" \/><\/a><\/p>\n<p style=\"text-align: justify;\"><em>\u00a0 \u00a0 \u00a0 Aur\u00e9lien et moi-m\u00eame quelques minutes avant le d\u00e9part de l&rsquo;\u00e9preuve (photo perso)<\/em><!--more--><\/p>\n<p style=\"text-align: justify;\">N&rsquo;ayant pas \u00e9t\u00e9 class\u00e9 \u00e0 l&rsquo;issue de ce trail breton, la faute \u00e0 une erreur de parcours, je ne m&rsquo;\u00e9terniserai pas sur le compte rendu.<\/p>\n<p style=\"text-align: justify;\"><a href=\"http:\/\/courir-lemonde.com\/wp-content\/uploads\/2015\/04\/d\u00e9part-13.jpg\"><img loading=\"lazy\" decoding=\"async\" class=\"wp-image-170 aligncenter\" src=\"http:\/\/courir-lemonde.com\/wp-content\/uploads\/2015\/04\/d\u00e9part-13.jpg\" alt=\"d\u00e9part 13\" width=\"501\" height=\"337\" \/><\/a><\/p>\n<p style=\"text-align: center;\"><em>Le d\u00e9part du Tiken trail (photo\u00a0<a class=\"link\" href=\"http:\/\/www.skyrock.com\/r?url=http%3A%2F%2Fwww.tikentrail.fr%2F\" rel=\"nofollow\">http:\/\/www.tikentrail.fr\/<\/a>)<\/em><\/p>\n<p style=\"text-align: justify;\">Bien plac\u00e9 sur la ligne de d\u00e9part en compagnie d&rsquo;Aur\u00e9lien, <strong>nous pr\u00eemes un d\u00e9part plut\u00f4t rapide<\/strong> s&rsquo;affirmant d&rsquo;entr\u00e9e de jeu comme des candidats au top 20. Le parcours, globalement roulant sur de petits chemins de terre ou en sous bois, permettait de bien d\u00e9rouler et je maintenais une allure sup\u00e9rieure \u00e0 14 km\/h. Malgr\u00e9 tout, au fil des kilom\u00e8tres <strong>le parcours se corsait progressivement.<\/strong> Apr\u00e8s 4,5 kilom\u00e8tre de course, moment tr\u00e8s acrobatique puisque nous e\u00fbmes <strong>\u00e0 franchir un pont de singe<\/strong>. Un exercice d&rsquo;\u00e9quilibriste loin d&rsquo;\u00eatre \u00e9vident qui demanda un brin de concentration. Cependant, je passai cet obstacle sans trop de difficult\u00e9s puis atteignit <strong>le 5 \u00e8me kilom\u00e8tre apr\u00e8s 23 minutes d&rsquo;effort<\/strong>. Quant \u00e0 Aur\u00e9lien, je ne l&rsquo;apercevais plus. Apr\u00e8s la course, Aur\u00e9lien m&rsquo;avoua qu&rsquo;il \u00e9tait d\u00e9j\u00e0 en grande difficult\u00e9 \u00e0 ce stade de l&rsquo;\u00e9preuve.<\/p>\n<p style=\"text-align: center;\"><a href=\"http:\/\/courir-lemonde.com\/wp-content\/uploads\/2015\/04\/IMG_9147.jpg\"><img loading=\"lazy\" decoding=\"async\" class=\"wp-image-172 aligncenter\" src=\"http:\/\/courir-lemonde.com\/wp-content\/uploads\/2015\/04\/IMG_9147.jpg\" alt=\"IMG_9147\" width=\"501\" height=\"337\" \/><\/a><em>\u00a0 \u00a0 \u00a0 \u00a0 \u00a0\u00a0<\/em><em>\u00a0 \u00a0 \u00a0Le passage du fameux pont de signe: un v\u00e9ritable exercice d&rsquo;\u00e9quilibriste \u00a0 \u00a0 \u00a0 \u00a0 \u00a0 \u00a0 \u00a0 \u00a0 \u00a0 \u00a0 \u00a0(photo\u00a0http:\/\/www.tikentrail.fr\/)<\/em><\/p>\n<p style=\"text-align: justify;\"><strong>Les kilom\u00e8tres suivants furent tr\u00e8s exigeants avec bon nombre de c\u00f4tes \u00e0 grimper et \u00e0 escalader \u00e0 travers les bois.<\/strong> Par endroit, le public \u00e9tait bien pr\u00e9sent ce qui ne manqua pas de me transcender comme souvent. Les difficult\u00e9s s&rsquo;encha\u00eenaient plut\u00f4t bien et j<strong>&lsquo;avais m\u00eame plut\u00f4t tendance \u00e0 reprendre des coureurs\u00a0<\/strong>que le contraire. Je profitais \u00e9galement de beaux panoramas forestiers ainsi que de belles vues sur la vall\u00e9e de l&rsquo;Oust que le parcours longeait par moment.<\/p>\n<p style=\"text-align: justify;\"><strong>Vers le 8 \u00e8me kilom\u00e8tre, alors que je suivais un coureur, l&rsquo;on s&rsquo;\u00e9gara dans les bois que traversaient le trail.<\/strong>Un autre coureur nous suivait \u00e9galement. Pas compl\u00e8tement certain de s&rsquo;\u00eatre tromp\u00e9 sur le coup, l&rsquo;on persista quelque temps avant de vraiment r\u00e9aliser notre faute d&rsquo;aiguillage. <strong>Sans trop savoir comment, l&rsquo;on parvint \u00e0 retrouver le parcours un peu plus loin.<\/strong> Mais en fait, l&rsquo;on avait coup\u00e9 plus de trois kilom\u00e8tres puisque l&rsquo;on se trouvait d\u00e9sormais \u00e0 moins de deux kilom\u00e8tres de l&rsquo;arriv\u00e9e.<\/p>\n<p style=\"text-align: justify;\">D\u00e8s lors, <strong>j&rsquo;\u00e9tais donc virtuellement en t\u00eate de la course<\/strong> en compagnie de \u00a0mes deux camarades de gal\u00e8re. D&rsquo;ailleurs, les quelques spectateurs pr\u00e9sents ne manquaient pas de nous le faire savoir en nous encourageant de vive voix. Mes acolytes pestaient pas mal, se plaignant notamment de la qualit\u00e9 du balisage \u00e0 l&rsquo;endroit o\u00f9 nous avons fait erreur. Quant \u00e0 moi, je me posais pas mal de questions sur l&rsquo;issue de la course. Par ailleurs, <strong>je profitais aussi du fait d&rsquo;\u00eatre virtuellement en t\u00eate de la course<\/strong>. C&rsquo;\u00e9tait bien la premi\u00e8re fois que j&rsquo;\u00e9tais aussi bien plac\u00e9, certes par erreur, sur une course.<\/p>\n<p style=\"text-align: justify;\"><a href=\"http:\/\/courir-lemonde.com\/wp-content\/uploads\/2015\/04\/DSC_6951.jpg\"><img loading=\"lazy\" decoding=\"async\" class=\"wp-image-173 aligncenter\" src=\"http:\/\/courir-lemonde.com\/wp-content\/uploads\/2015\/04\/DSC_6951-1024x768.jpg\" alt=\"DSC_6951\" width=\"501\" height=\"378\" \/><\/a><\/p>\n<p style=\"text-align: center;\"><em>\u00a0 \u00a0 \u00a0 \u00a0 \u00a0 \u00a0 \u00a0La derni\u00e8re ligne droite en faux plat montant (photo perso)<\/em><\/p>\n<p style=\"text-align: justify;\"><strong>Sur les derniers m\u00e8tres, j&rsquo;eus envie de jouer ma carte personnelle pour franchir la ligne d&rsquo;arriv\u00e9e en t\u00eate histoire de rigoler un peu.<\/strong> A moins de 200 m\u00e8tres de la ligne d&rsquo;arriv\u00e9e, j&rsquo;acc\u00e9l\u00e9rai subitement, motiv\u00e9 par les encouragements du public car il ne faut pas oublier que tout le monde pensait que j&rsquo;\u00e9tais en t\u00eate de la course. Au terme d&rsquo;un excellent finish en mont\u00e9e, <strong>je franchis la ligne d&rsquo;arriv\u00e9e \u00e0 la premi\u00e8re place acclam\u00e9 par la foule.<\/strong> Jouissif m\u00eame si c&rsquo;\u00e9tait pour de faux !!! A peine arriv\u00e9, <strong>je go\u00fbtai, le temps de quelques secondes, aux artifices de la victoire. Un journaliste me prit m\u00eame en photo, juste avant qu&rsquo;en compagnie des deux autres coureurs concern\u00e9s nous expliqu\u00e2mes la situation aux organisateurs.<\/strong> Ce f\u00fbt la fin de cette petite mascarade ! Aur\u00e9lien arriva plusieurs minutes plus tard apr\u00e8s 1h16&rsquo;46 d&rsquo;effort \u00e0 la 142 \u00e8me place (340 coureurs class\u00e9s).<\/p>\n<p style=\"text-align: justify;\">Quant \u00e0 moi, si je ne m&rsquo;\u00e9tais pas tromp\u00e9 de chemin en cours de route, je me serai certainement class\u00e9 autour de la 20 \u00e8me place. Une d\u00e9ception donc d&rsquo;avoir fait cette erreur mais <strong>mes sensations<\/strong>\u00a0durant la course confirment que <strong>j&rsquo;ai bien r\u00e9cup\u00e9r\u00e9 du marathon de Barcelone ce qui est tr\u00e8s encourageant pour la suite de la saison.\u00a0<\/strong><\/p>\n","protected":false},"excerpt":{"rendered":"<p>Une faute de parcours fatale dans les for\u00eats morbihannaises\u00a0 Un peu plus d&rsquo;un mois apr\u00e8s le marathon de Barcelone, je reprenais la comp\u00e9tition en Bretagne, plus pr\u00e9cis\u00e9ment dans le d\u00e9partement du Morbihan du c\u00f4t\u00e9 de la petite commune de Saint &hellip; <a href=\"https:\/\/courir-lemonde.com\/index.php\/2015\/04\/25\/3-eme-episode-de-la-saison-2015-le-tiken-trail-13-km\/\">Continuer la lecture <span class=\"meta-nav\">&rarr;<\/span><\/a><\/p>\n","protected":false},"author":1,"featured_media":0,"comment_status":"open","ping_status":"open","sticky":false,"template":"","format":"standard","meta":{"footnotes":""},"categories":[104],"tags":[61,52],"yoast_head":"<!-- This site is optimized with the Yoast SEO plugin v21.8.1 - https:\/\/yoast.com\/wordpress\/plugins\/seo\/ -->\n<title>3 \u00e8me \u00e9pisode de la saison 2015 : le Tiken trail (13 km) - Courir Le Monde<\/title>\n<meta name=\"robots\" content=\"index, follow, max-snippet:-1, max-image-preview:large, max-video-preview:-1\" \/>\n<link rel=\"canonical\" href=\"https:\/\/courir-lemonde.com\/index.php\/2015\/04\/25\/3-eme-episode-de-la-saison-2015-le-tiken-trail-13-km\/\" \/>\n<meta property=\"og:locale\" content=\"fr_FR\" \/>\n<meta property=\"og:type\" content=\"article\" \/>\n<meta property=\"og:title\" content=\"3 \u00e8me \u00e9pisode de la saison 2015 : le Tiken trail (13 km) - Courir Le Monde\" \/>\n<meta property=\"og:description\" content=\"Une faute de parcours fatale dans les for\u00eats morbihannaises\u00a0 Un peu plus d&rsquo;un mois apr\u00e8s le marathon de Barcelone, je reprenais la comp\u00e9tition en Bretagne, plus pr\u00e9cis\u00e9ment dans le d\u00e9partement du Morbihan du c\u00f4t\u00e9 de la petite commune de Saint &hellip; Continuer la lecture &rarr;\" \/>\n<meta property=\"og:url\" content=\"https:\/\/courir-lemonde.com\/index.php\/2015\/04\/25\/3-eme-episode-de-la-saison-2015-le-tiken-trail-13-km\/\" \/>\n<meta property=\"og:site_name\" content=\"Courir Le Monde\" \/>\n<meta property=\"article:published_time\" content=\"2015-04-25T11:55:16+00:00\" \/>\n<meta property=\"article:modified_time\" content=\"2015-11-09T10:14:25+00:00\" \/>\n<meta property=\"og:image\" content=\"http:\/\/courir-lemonde.com\/wp-content\/uploads\/2015\/04\/DSC_6953-768x1024.jpg\" \/>\n<meta name=\"author\" content=\"Chap44\" \/>\n<meta name=\"twitter:card\" content=\"summary_large_image\" \/>\n<meta name=\"twitter:label1\" content=\"\u00c9crit par\" \/>\n\t<meta name=\"twitter:data1\" content=\"Chap44\" \/>\n\t<meta name=\"twitter:label2\" content=\"Dur\u00e9e de lecture estim\u00e9e\" \/>\n\t<meta name=\"twitter:data2\" content=\"4 minutes\" \/>\n<script type=\"application\/ld+json\" class=\"yoast-schema-graph\">{\"@context\":\"https:\/\/schema.org\",\"@graph\":[{\"@type\":\"WebPage\",\"@id\":\"https:\/\/courir-lemonde.com\/index.php\/2015\/04\/25\/3-eme-episode-de-la-saison-2015-le-tiken-trail-13-km\/\",\"url\":\"https:\/\/courir-lemonde.com\/index.php\/2015\/04\/25\/3-eme-episode-de-la-saison-2015-le-tiken-trail-13-km\/\",\"name\":\"3 \u00e8me \u00e9pisode de la saison 2015 : le Tiken trail (13 km) - Courir Le Monde\",\"isPartOf\":{\"@id\":\"https:\/\/courir-lemonde.com\/#website\"},\"datePublished\":\"2015-04-25T11:55:16+00:00\",\"dateModified\":\"2015-11-09T10:14:25+00:00\",\"author\":{\"@id\":\"https:\/\/courir-lemonde.com\/#\/schema\/person\/baaa624d701d53d176c763f85b3114e4\"},\"breadcrumb\":{\"@id\":\"https:\/\/courir-lemonde.com\/index.php\/2015\/04\/25\/3-eme-episode-de-la-saison-2015-le-tiken-trail-13-km\/#breadcrumb\"},\"inLanguage\":\"fr-FR\",\"potentialAction\":[{\"@type\":\"ReadAction\",\"target\":[\"https:\/\/courir-lemonde.com\/index.php\/2015\/04\/25\/3-eme-episode-de-la-saison-2015-le-tiken-trail-13-km\/\"]}]},{\"@type\":\"BreadcrumbList\",\"@id\":\"https:\/\/courir-lemonde.com\/index.php\/2015\/04\/25\/3-eme-episode-de-la-saison-2015-le-tiken-trail-13-km\/#breadcrumb\",\"itemListElement\":[{\"@type\":\"ListItem\",\"position\":1,\"name\":\"Accueil\",\"item\":\"https:\/\/courir-lemonde.com\/\"},{\"@type\":\"ListItem\",\"position\":2,\"name\":\"3 \u00e8me \u00e9pisode de la saison 2015 : le Tiken trail (13 km)\"}]},{\"@type\":\"WebSite\",\"@id\":\"https:\/\/courir-lemonde.com\/#website\",\"url\":\"https:\/\/courir-lemonde.com\/\",\"name\":\"Courir Le Monde\",\"description\":\"Le site de Valentin Chapalain, passionn\u00e9 d&#039;aventures et de voyages\",\"potentialAction\":[{\"@type\":\"SearchAction\",\"target\":{\"@type\":\"EntryPoint\",\"urlTemplate\":\"https:\/\/courir-lemonde.com\/?s={search_term_string}\"},\"query-input\":\"required name=search_term_string\"}],\"inLanguage\":\"fr-FR\"},{\"@type\":\"Person\",\"@id\":\"https:\/\/courir-lemonde.com\/#\/schema\/person\/baaa624d701d53d176c763f85b3114e4\",\"name\":\"Chap44\",\"image\":{\"@type\":\"ImageObject\",\"inLanguage\":\"fr-FR\",\"@id\":\"https:\/\/courir-lemonde.com\/#\/schema\/person\/image\/\",\"url\":\"https:\/\/secure.gravatar.com\/avatar\/f6a3fcbb365f597d6259be5c4dc6c05c?s=96&d=mm&r=g\",\"contentUrl\":\"https:\/\/secure.gravatar.com\/avatar\/f6a3fcbb365f597d6259be5c4dc6c05c?s=96&d=mm&r=g\",\"caption\":\"Chap44\"},\"url\":\"https:\/\/courir-lemonde.com\/index.php\/author\/chap331244\/\"}]}<\/script>\n<!-- \/ Yoast SEO plugin. -->","yoast_head_json":{"title":"3 \u00e8me \u00e9pisode de la saison 2015 : le Tiken trail (13 km) - Courir Le Monde","robots":{"index":"index","follow":"follow","max-snippet":"max-snippet:-1","max-image-preview":"max-image-preview:large","max-video-preview":"max-video-preview:-1"},"canonical":"https:\/\/courir-lemonde.com\/index.php\/2015\/04\/25\/3-eme-episode-de-la-saison-2015-le-tiken-trail-13-km\/","og_locale":"fr_FR","og_type":"article","og_title":"3 \u00e8me \u00e9pisode de la saison 2015 : le Tiken trail (13 km) - Courir Le Monde","og_description":"Une faute de parcours fatale dans les for\u00eats morbihannaises\u00a0 Un peu plus d&rsquo;un mois apr\u00e8s le marathon de Barcelone, je reprenais la comp\u00e9tition en Bretagne, plus pr\u00e9cis\u00e9ment dans le d\u00e9partement du Morbihan du c\u00f4t\u00e9 de la petite commune de Saint &hellip; Continuer la lecture &rarr;","og_url":"https:\/\/courir-lemonde.com\/index.php\/2015\/04\/25\/3-eme-episode-de-la-saison-2015-le-tiken-trail-13-km\/","og_site_name":"Courir Le Monde","article_published_time":"2015-04-25T11:55:16+00:00","article_modified_time":"2015-11-09T10:14:25+00:00","og_image":[{"url":"http:\/\/courir-lemonde.com\/wp-content\/uploads\/2015\/04\/DSC_6953-768x1024.jpg"}],"author":"Chap44","twitter_card":"summary_large_image","twitter_misc":{"\u00c9crit par":"Chap44","Dur\u00e9e de lecture estim\u00e9e":"4 minutes"},"schema":{"@context":"https:\/\/schema.org","@graph":[{"@type":"WebPage","@id":"https:\/\/courir-lemonde.com\/index.php\/2015\/04\/25\/3-eme-episode-de-la-saison-2015-le-tiken-trail-13-km\/","url":"https:\/\/courir-lemonde.com\/index.php\/2015\/04\/25\/3-eme-episode-de-la-saison-2015-le-tiken-trail-13-km\/","name":"3 \u00e8me \u00e9pisode de la saison 2015 : le Tiken trail (13 km) - Courir Le Monde","isPartOf":{"@id":"https:\/\/courir-lemonde.com\/#website"},"datePublished":"2015-04-25T11:55:16+00:00","dateModified":"2015-11-09T10:14:25+00:00","author":{"@id":"https:\/\/courir-lemonde.com\/#\/schema\/person\/baaa624d701d53d176c763f85b3114e4"},"breadcrumb":{"@id":"https:\/\/courir-lemonde.com\/index.php\/2015\/04\/25\/3-eme-episode-de-la-saison-2015-le-tiken-trail-13-km\/#breadcrumb"},"inLanguage":"fr-FR","potentialAction":[{"@type":"ReadAction","target":["https:\/\/courir-lemonde.com\/index.php\/2015\/04\/25\/3-eme-episode-de-la-saison-2015-le-tiken-trail-13-km\/"]}]},{"@type":"BreadcrumbList","@id":"https:\/\/courir-lemonde.com\/index.php\/2015\/04\/25\/3-eme-episode-de-la-saison-2015-le-tiken-trail-13-km\/#breadcrumb","itemListElement":[{"@type":"ListItem","position":1,"name":"Accueil","item":"https:\/\/courir-lemonde.com\/"},{"@type":"ListItem","position":2,"name":"3 \u00e8me \u00e9pisode de la saison 2015 : le Tiken trail (13 km)"}]},{"@type":"WebSite","@id":"https:\/\/courir-lemonde.com\/#website","url":"https:\/\/courir-lemonde.com\/","name":"Courir Le Monde","description":"Le site de Valentin Chapalain, passionn\u00e9 d&#039;aventures et de voyages","potentialAction":[{"@type":"SearchAction","target":{"@type":"EntryPoint","urlTemplate":"https:\/\/courir-lemonde.com\/?s={search_term_string}"},"query-input":"required name=search_term_string"}],"inLanguage":"fr-FR"},{"@type":"Person","@id":"https:\/\/courir-lemonde.com\/#\/schema\/person\/baaa624d701d53d176c763f85b3114e4","name":"Chap44","image":{"@type":"ImageObject","inLanguage":"fr-FR","@id":"https:\/\/courir-lemonde.com\/#\/schema\/person\/image\/","url":"https:\/\/secure.gravatar.com\/avatar\/f6a3fcbb365f597d6259be5c4dc6c05c?s=96&d=mm&r=g","contentUrl":"https:\/\/secure.gravatar.com\/avatar\/f6a3fcbb365f597d6259be5c4dc6c05c?s=96&d=mm&r=g","caption":"Chap44"},"url":"https:\/\/courir-lemonde.com\/index.php\/author\/chap331244\/"}]}},"_links":{"self":[{"href":"https:\/\/courir-lemonde.com\/index.php\/wp-json\/wp\/v2\/posts\/102"}],"collection":[{"href":"https:\/\/courir-lemonde.com\/index.php\/wp-json\/wp\/v2\/posts"}],"about":[{"href":"https:\/\/courir-lemonde.com\/index.php\/wp-json\/wp\/v2\/types\/post"}],"author":[{"embeddable":true,"href":"https:\/\/courir-lemonde.com\/index.php\/wp-json\/wp\/v2\/users\/1"}],"replies":[{"embeddable":true,"href":"https:\/\/courir-lemonde.com\/index.php\/wp-json\/wp\/v2\/comments?post=102"}],"version-history":[{"count":37,"href":"https:\/\/courir-lemonde.com\/index.php\/wp-json\/wp\/v2\/posts\/102\/revisions"}],"predecessor-version":[{"id":317,"href":"https:\/\/courir-lemonde.com\/index.php\/wp-json\/wp\/v2\/posts\/102\/revisions\/317"}],"wp:attachment":[{"href":"https:\/\/courir-lemonde.com\/index.php\/wp-json\/wp\/v2\/media?parent=102"}],"wp:term":[{"taxonomy":"category","embeddable":true,"href":"https:\/\/courir-lemonde.com\/index.php\/wp-json\/wp\/v2\/categories?post=102"},{"taxonomy":"post_tag","embeddable":true,"href":"https:\/\/courir-lemonde.com\/index.php\/wp-json\/wp\/v2\/tags?post=102"}],"curies":[{"name":"wp","href":"https:\/\/api.w.org\/{rel}","templated":true}]}}