{"id":111,"date":"2015-03-25T13:05:44","date_gmt":"2015-03-25T12:05:44","guid":{"rendered":"http:\/\/courir-lemonde.com\/?p=111"},"modified":"2018-05-11T22:03:43","modified_gmt":"2018-05-11T21:03:43","slug":"citytrip-sportif-et-decouverte-a-barcelone","status":"publish","type":"post","link":"https:\/\/courir-lemonde.com\/index.php\/2015\/03\/25\/citytrip-sportif-et-decouverte-a-barcelone\/","title":{"rendered":"Citytrip sportif et d\u00e9couverte \u00e0 Barcelone"},"content":{"rendered":"<p style=\"text-align: justify;\"><a href=\"http:\/\/courir-lemonde.com\/wp-content\/uploads\/2015\/03\/Chap-camp-nou.jpg\"><img loading=\"lazy\" decoding=\"async\" class=\" wp-image-326 aligncenter\" src=\"http:\/\/courir-lemonde.com\/wp-content\/uploads\/2015\/03\/Chap-camp-nou.jpg\" alt=\"Chap camp nou\" width=\"500\" height=\"377\" \/><\/a><\/p>\n<p style=\"text-align: center;\"><em>A l&rsquo;entr\u00e9e du gigantesque et mythique stade du Camp Nou (photo perso)\u00a0<\/em><\/p>\n<p style=\"text-align: justify;\"><em>Du 13 au 18 mars, je me suis rendu en Espagne\u00a0avec mes camarades sportifs, Tom et Charly afin de participer au marathon de Barcelone\u00a0et de d\u00e9couvrir les charmes de la capitale catalane. Pr\u00e8s de 4 ans plus tard, l&rsquo;\u00e9quipe de Marseille-Cassis 2011 \u00e9tait donc de nouveau r\u00e9unie sur les bords de la M\u00e9diterran\u00e9e. Durant ce week-end tr\u00e8s prolong\u00e9 surtout pour Tom et moi, nous avons pu bien sillonner et profiter de Barcelone malgr\u00e9 les efforts consentis durant le marathon.<\/em><!--more--><\/p>\n<p style=\"text-align: justify;\">Au menu de notre s\u00e9jour :<\/p>\n<ul>\n<li style=\"text-align: justify;\">Balade et vir\u00e9e nocturne sur <strong>la c\u00e9l\u00e8bre Rambla et dans les quartiers pittoresques\u00a0<\/strong><strong>alentours comme le Barri Gotic\u00a0<\/strong><\/li>\n<li style=\"text-align: justify;\">Escapade et balade dans le magnifique <strong>parc\u00a0G\u00fcell du renomm\u00e9 Gaudi<\/strong><\/li>\n<li style=\"text-align: justify;\">D\u00e9couverte du site olympique des JO de 1992 sur les hauteurs de <strong>Montjuic<\/strong><\/li>\n<li style=\"text-align: justify;\">Crochet par le quartier du <strong>Camp Nou<\/strong> et dans la boutique du <strong>FC Barcelone<\/strong><\/li>\n<li style=\"text-align: justify;\">Promenade sur le front de mer et petite session plage \u00e0 <strong>Barceloneta<\/strong><\/li>\n<li style=\"text-align: justify;\">Passage devant la<strong> monumentale et inachev\u00e9e Sagrada Familia<\/strong><\/li>\n<li style=\"text-align: justify;\">Immersion dans le\u00a0quartier o\u00f9 nous logions, <strong>Poble Sec, <\/strong>sur les conseils avis\u00e9s de Jos\u00e9, notre h\u00f4te cinq \u00e9toile<\/li>\n<\/ul>\n<p style=\"text-align: center;\"><a href=\"http:\/\/courir-lemonde.com\/wp-content\/uploads\/2015\/03\/Chap-Bar\u00e7a.jpg\"><img loading=\"lazy\" decoding=\"async\" class=\"wp-image-327 alignnone\" src=\"http:\/\/courir-lemonde.com\/wp-content\/uploads\/2015\/03\/Chap-Bar\u00e7a.jpg\" alt=\"Chap Bar\u00e7a\" width=\"499\" height=\"377\" \/><\/a><\/p>\n<p style=\"text-align: center;\"><em>Dans la boutique officielle du FC Barcelone avec mon ancestral maillot (photo<\/em> <em>perso)<\/em><\/p>\n<p style=\"text-align: center;\"><a href=\"http:\/\/courir-lemonde.com\/wp-content\/uploads\/2015\/03\/IMGP7151.jpg\"><img loading=\"lazy\" decoding=\"async\" class=\"wp-image-328 alignnone\" src=\"http:\/\/courir-lemonde.com\/wp-content\/uploads\/2015\/03\/IMGP7151-1024x768.jpg\" alt=\"IMGP7151\" width=\"500\" height=\"378\" \/><\/a><\/p>\n<p style=\"text-align: center;\"><em>Charly et moi-m\u00eame sur la plaza Espanya avant d&rsquo;aller retirer nos dossards (photo perso)<\/em><\/p>\n<p style=\"text-align: center;\"><a href=\"http:\/\/courir-lemonde.com\/wp-content\/uploads\/2015\/03\/IMGP7252.jpg\"><img loading=\"lazy\" decoding=\"async\" class=\"wp-image-330 alignnone\" src=\"http:\/\/courir-lemonde.com\/wp-content\/uploads\/2015\/03\/IMGP7252-1024x768.jpg\" alt=\"IMGP7252\" width=\"498\" height=\"376\" \/><\/a><\/p>\n<p style=\"text-align: center;\"><em>Depuis le mus\u00e9e d&rsquo;art de Catalogne, panorama sur la m\u00e9tropole catalane (photo perso)<\/em><\/p>\n<p style=\"text-align: center;\"><a href=\"http:\/\/courir-lemonde.com\/wp-content\/uploads\/2015\/03\/IMGP7331.jpg\"><img loading=\"lazy\" decoding=\"async\" class=\" wp-image-332 alignnone\" src=\"http:\/\/courir-lemonde.com\/wp-content\/uploads\/2015\/03\/IMGP7331-1024x768.jpg\" alt=\"IMGP7331\" width=\"500\" height=\"377\" \/><\/a><\/p>\n<p style=\"text-align: center;\"><em>Malgr\u00e9 la temp\u00e9rature un peu fra\u00eeche (13\u00b0C), session plage \u00e0 Barceloneta (photo perso)<\/em><\/p>\n<p style=\"text-align: center;\"><a href=\"http:\/\/courir-lemonde.com\/wp-content\/uploads\/2015\/03\/IMGP7427.jpg\"><img loading=\"lazy\" decoding=\"async\" class=\"wp-image-333 alignnone\" src=\"http:\/\/courir-lemonde.com\/wp-content\/uploads\/2015\/03\/IMGP7427-1024x768.jpg\" alt=\"IMGP7427\" width=\"500\" height=\"378\" \/><\/a><\/p>\n<p style=\"text-align: center;\"><em>Panorama sur Barcelone depuis les hauteurs du magnifique parc G\u00fcell. L&rsquo;on aper\u00e7oit notamment la c\u00e9l\u00e8bre Sagrada Familia (photo perso)<\/em><\/p>\n<p style=\"text-align: center;\"><a href=\"http:\/\/courir-lemonde.com\/wp-content\/uploads\/2015\/03\/IMGP7453.jpg\"><img loading=\"lazy\" decoding=\"async\" class=\"wp-image-334 alignnone\" src=\"http:\/\/courir-lemonde.com\/wp-content\/uploads\/2015\/03\/IMGP7453-1024x768.jpg\" alt=\"IMGP7453\" width=\"500\" height=\"378\" \/><\/a><\/p>\n<p style=\"text-align: center;\"><em>En plein\u00a0c\u0153ur\u00a0du parc G\u00fcell (photo perso)<\/em><\/p>\n<p style=\"text-align: center;\"><a href=\"http:\/\/courir-lemonde.com\/wp-content\/uploads\/2015\/03\/IMGP7497.jpg\"><img loading=\"lazy\" decoding=\"async\" class=\" wp-image-335 alignnone\" src=\"http:\/\/courir-lemonde.com\/wp-content\/uploads\/2015\/03\/IMGP7497-1024x768.jpg\" alt=\"IMGP7497\" width=\"500\" height=\"377\" \/><\/a><\/p>\n<p style=\"text-align: center;\"><em>L&rsquo;arc de Triomphe de Barcelone et sa belle all\u00e9e bord\u00e9e de palmiers : un lieu que j&rsquo;ai particuli\u00e8rement appr\u00e9ci\u00e9 \u00e0 Barcelone (photo perso)\u00a0<\/em><\/p>\n<p style=\"text-align: center;\"><a href=\"http:\/\/courir-lemonde.com\/wp-content\/uploads\/2015\/03\/IMGP7511.jpg\"><img loading=\"lazy\" decoding=\"async\" class=\"wp-image-336 aligncenter\" src=\"http:\/\/courir-lemonde.com\/wp-content\/uploads\/2015\/03\/IMGP7511-768x1024.jpg\" alt=\"IMGP7511\" width=\"377\" height=\"500\" \/><\/a><\/p>\n<p style=\"text-align: center;\">Architecture raffin\u00e9e dans le centre de Barcelone non loin de la Rambla (photo perso)<\/p>\n<p style=\"text-align: center;\"><a href=\"http:\/\/courir-lemonde.com\/wp-content\/uploads\/2015\/03\/IMGP7525.jpg\"><img loading=\"lazy\" decoding=\"async\" class=\" wp-image-337 alignnone\" src=\"http:\/\/courir-lemonde.com\/wp-content\/uploads\/2015\/03\/IMGP7525-1024x768.jpg\" alt=\"IMGP7525\" width=\"500\" height=\"377\" \/><\/a><\/p>\n<p style=\"text-align: center;\"><em>Tom sur la fameuse Rambla, la grande avenue pi\u00e9tonni\u00e8re de Barcelone. Entre nous soit dit, Str\u00f8get,\u00a0sa cousine danoise \u00e0 Copenhague, n&rsquo;a rien \u00e0 lui envier tant j&rsquo;ai trouv\u00e9 qu&rsquo;elle \u00e9tait surcharg\u00e9e et assez mal fr\u00e9quent\u00e9e (photo perso)\u00a0<\/em><\/p>\n","protected":false},"excerpt":{"rendered":"<p>A l&rsquo;entr\u00e9e du gigantesque et mythique stade du Camp Nou (photo perso)\u00a0 Du 13 au 18 mars, je me suis rendu en Espagne\u00a0avec mes camarades sportifs, Tom et Charly afin de participer au marathon de Barcelone\u00a0et de d\u00e9couvrir les charmes &hellip; <a href=\"https:\/\/courir-lemonde.com\/index.php\/2015\/03\/25\/citytrip-sportif-et-decouverte-a-barcelone\/\">Continuer la lecture <span class=\"meta-nav\">&rarr;<\/span><\/a><\/p>\n","protected":false},"author":1,"featured_media":0,"comment_status":"open","ping_status":"open","sticky":false,"template":"","format":"standard","meta":{"footnotes":""},"categories":[287,257],"tags":[62,64,63,54],"yoast_head":"<!-- This site is optimized with the Yoast SEO plugin v21.8.1 - https:\/\/yoast.com\/wordpress\/plugins\/seo\/ -->\n<title>Citytrip sportif et d\u00e9couverte \u00e0 Barcelone - Courir Le Monde<\/title>\n<meta name=\"robots\" content=\"index, follow, max-snippet:-1, max-image-preview:large, max-video-preview:-1\" \/>\n<link rel=\"canonical\" href=\"https:\/\/courir-lemonde.com\/index.php\/2015\/03\/25\/citytrip-sportif-et-decouverte-a-barcelone\/\" \/>\n<meta property=\"og:locale\" content=\"fr_FR\" \/>\n<meta property=\"og:type\" content=\"article\" \/>\n<meta property=\"og:title\" content=\"Citytrip sportif et d\u00e9couverte \u00e0 Barcelone - Courir Le Monde\" \/>\n<meta property=\"og:description\" content=\"A l&rsquo;entr\u00e9e du gigantesque et mythique stade du Camp Nou (photo perso)\u00a0 Du 13 au 18 mars, je me suis rendu en Espagne\u00a0avec mes camarades sportifs, Tom et Charly afin de participer au marathon de Barcelone\u00a0et de d\u00e9couvrir les charmes &hellip; Continuer la lecture &rarr;\" \/>\n<meta property=\"og:url\" content=\"https:\/\/courir-lemonde.com\/index.php\/2015\/03\/25\/citytrip-sportif-et-decouverte-a-barcelone\/\" \/>\n<meta property=\"og:site_name\" content=\"Courir Le Monde\" \/>\n<meta property=\"article:published_time\" content=\"2015-03-25T12:05:44+00:00\" \/>\n<meta property=\"article:modified_time\" content=\"2018-05-11T21:03:43+00:00\" \/>\n<meta property=\"og:image\" content=\"http:\/\/courir-lemonde.com\/wp-content\/uploads\/2015\/03\/Chap-camp-nou.jpg\" \/>\n<meta name=\"author\" content=\"Chap44\" \/>\n<meta name=\"twitter:card\" content=\"summary_large_image\" \/>\n<meta name=\"twitter:label1\" content=\"\u00c9crit par\" \/>\n\t<meta name=\"twitter:data1\" content=\"Chap44\" \/>\n\t<meta name=\"twitter:label2\" content=\"Dur\u00e9e de lecture estim\u00e9e\" \/>\n\t<meta name=\"twitter:data2\" content=\"2 minutes\" \/>\n<script type=\"application\/ld+json\" class=\"yoast-schema-graph\">{\"@context\":\"https:\/\/schema.org\",\"@graph\":[{\"@type\":\"WebPage\",\"@id\":\"https:\/\/courir-lemonde.com\/index.php\/2015\/03\/25\/citytrip-sportif-et-decouverte-a-barcelone\/\",\"url\":\"https:\/\/courir-lemonde.com\/index.php\/2015\/03\/25\/citytrip-sportif-et-decouverte-a-barcelone\/\",\"name\":\"Citytrip sportif et d\u00e9couverte \u00e0 Barcelone - Courir Le Monde\",\"isPartOf\":{\"@id\":\"https:\/\/courir-lemonde.com\/#website\"},\"datePublished\":\"2015-03-25T12:05:44+00:00\",\"dateModified\":\"2018-05-11T21:03:43+00:00\",\"author\":{\"@id\":\"https:\/\/courir-lemonde.com\/#\/schema\/person\/baaa624d701d53d176c763f85b3114e4\"},\"breadcrumb\":{\"@id\":\"https:\/\/courir-lemonde.com\/index.php\/2015\/03\/25\/citytrip-sportif-et-decouverte-a-barcelone\/#breadcrumb\"},\"inLanguage\":\"fr-FR\",\"potentialAction\":[{\"@type\":\"ReadAction\",\"target\":[\"https:\/\/courir-lemonde.com\/index.php\/2015\/03\/25\/citytrip-sportif-et-decouverte-a-barcelone\/\"]}]},{\"@type\":\"BreadcrumbList\",\"@id\":\"https:\/\/courir-lemonde.com\/index.php\/2015\/03\/25\/citytrip-sportif-et-decouverte-a-barcelone\/#breadcrumb\",\"itemListElement\":[{\"@type\":\"ListItem\",\"position\":1,\"name\":\"Accueil\",\"item\":\"https:\/\/courir-lemonde.com\/\"},{\"@type\":\"ListItem\",\"position\":2,\"name\":\"Citytrip sportif et d\u00e9couverte \u00e0 Barcelone\"}]},{\"@type\":\"WebSite\",\"@id\":\"https:\/\/courir-lemonde.com\/#website\",\"url\":\"https:\/\/courir-lemonde.com\/\",\"name\":\"Courir Le Monde\",\"description\":\"Le site de Valentin Chapalain, passionn\u00e9 d&#039;aventures et de voyages\",\"potentialAction\":[{\"@type\":\"SearchAction\",\"target\":{\"@type\":\"EntryPoint\",\"urlTemplate\":\"https:\/\/courir-lemonde.com\/?s={search_term_string}\"},\"query-input\":\"required name=search_term_string\"}],\"inLanguage\":\"fr-FR\"},{\"@type\":\"Person\",\"@id\":\"https:\/\/courir-lemonde.com\/#\/schema\/person\/baaa624d701d53d176c763f85b3114e4\",\"name\":\"Chap44\",\"image\":{\"@type\":\"ImageObject\",\"inLanguage\":\"fr-FR\",\"@id\":\"https:\/\/courir-lemonde.com\/#\/schema\/person\/image\/\",\"url\":\"https:\/\/secure.gravatar.com\/avatar\/f6a3fcbb365f597d6259be5c4dc6c05c?s=96&d=mm&r=g\",\"contentUrl\":\"https:\/\/secure.gravatar.com\/avatar\/f6a3fcbb365f597d6259be5c4dc6c05c?s=96&d=mm&r=g\",\"caption\":\"Chap44\"},\"url\":\"https:\/\/courir-lemonde.com\/index.php\/author\/chap331244\/\"}]}<\/script>\n<!-- \/ Yoast SEO plugin. -->","yoast_head_json":{"title":"Citytrip sportif et d\u00e9couverte \u00e0 Barcelone - Courir Le Monde","robots":{"index":"index","follow":"follow","max-snippet":"max-snippet:-1","max-image-preview":"max-image-preview:large","max-video-preview":"max-video-preview:-1"},"canonical":"https:\/\/courir-lemonde.com\/index.php\/2015\/03\/25\/citytrip-sportif-et-decouverte-a-barcelone\/","og_locale":"fr_FR","og_type":"article","og_title":"Citytrip sportif et d\u00e9couverte \u00e0 Barcelone - Courir Le Monde","og_description":"A l&rsquo;entr\u00e9e du gigantesque et mythique stade du Camp Nou (photo perso)\u00a0 Du 13 au 18 mars, je me suis rendu en Espagne\u00a0avec mes camarades sportifs, Tom et Charly afin de participer au marathon de Barcelone\u00a0et de d\u00e9couvrir les charmes &hellip; Continuer la lecture &rarr;","og_url":"https:\/\/courir-lemonde.com\/index.php\/2015\/03\/25\/citytrip-sportif-et-decouverte-a-barcelone\/","og_site_name":"Courir Le Monde","article_published_time":"2015-03-25T12:05:44+00:00","article_modified_time":"2018-05-11T21:03:43+00:00","og_image":[{"url":"http:\/\/courir-lemonde.com\/wp-content\/uploads\/2015\/03\/Chap-camp-nou.jpg"}],"author":"Chap44","twitter_card":"summary_large_image","twitter_misc":{"\u00c9crit par":"Chap44","Dur\u00e9e de lecture estim\u00e9e":"2 minutes"},"schema":{"@context":"https:\/\/schema.org","@graph":[{"@type":"WebPage","@id":"https:\/\/courir-lemonde.com\/index.php\/2015\/03\/25\/citytrip-sportif-et-decouverte-a-barcelone\/","url":"https:\/\/courir-lemonde.com\/index.php\/2015\/03\/25\/citytrip-sportif-et-decouverte-a-barcelone\/","name":"Citytrip sportif et d\u00e9couverte \u00e0 Barcelone - Courir Le Monde","isPartOf":{"@id":"https:\/\/courir-lemonde.com\/#website"},"datePublished":"2015-03-25T12:05:44+00:00","dateModified":"2018-05-11T21:03:43+00:00","author":{"@id":"https:\/\/courir-lemonde.com\/#\/schema\/person\/baaa624d701d53d176c763f85b3114e4"},"breadcrumb":{"@id":"https:\/\/courir-lemonde.com\/index.php\/2015\/03\/25\/citytrip-sportif-et-decouverte-a-barcelone\/#breadcrumb"},"inLanguage":"fr-FR","potentialAction":[{"@type":"ReadAction","target":["https:\/\/courir-lemonde.com\/index.php\/2015\/03\/25\/citytrip-sportif-et-decouverte-a-barcelone\/"]}]},{"@type":"BreadcrumbList","@id":"https:\/\/courir-lemonde.com\/index.php\/2015\/03\/25\/citytrip-sportif-et-decouverte-a-barcelone\/#breadcrumb","itemListElement":[{"@type":"ListItem","position":1,"name":"Accueil","item":"https:\/\/courir-lemonde.com\/"},{"@type":"ListItem","position":2,"name":"Citytrip sportif et d\u00e9couverte \u00e0 Barcelone"}]},{"@type":"WebSite","@id":"https:\/\/courir-lemonde.com\/#website","url":"https:\/\/courir-lemonde.com\/","name":"Courir Le Monde","description":"Le site de Valentin Chapalain, passionn\u00e9 d&#039;aventures et de voyages","potentialAction":[{"@type":"SearchAction","target":{"@type":"EntryPoint","urlTemplate":"https:\/\/courir-lemonde.com\/?s={search_term_string}"},"query-input":"required name=search_term_string"}],"inLanguage":"fr-FR"},{"@type":"Person","@id":"https:\/\/courir-lemonde.com\/#\/schema\/person\/baaa624d701d53d176c763f85b3114e4","name":"Chap44","image":{"@type":"ImageObject","inLanguage":"fr-FR","@id":"https:\/\/courir-lemonde.com\/#\/schema\/person\/image\/","url":"https:\/\/secure.gravatar.com\/avatar\/f6a3fcbb365f597d6259be5c4dc6c05c?s=96&d=mm&r=g","contentUrl":"https:\/\/secure.gravatar.com\/avatar\/f6a3fcbb365f597d6259be5c4dc6c05c?s=96&d=mm&r=g","caption":"Chap44"},"url":"https:\/\/courir-lemonde.com\/index.php\/author\/chap331244\/"}]}},"_links":{"self":[{"href":"https:\/\/courir-lemonde.com\/index.php\/wp-json\/wp\/v2\/posts\/111"}],"collection":[{"href":"https:\/\/courir-lemonde.com\/index.php\/wp-json\/wp\/v2\/posts"}],"about":[{"href":"https:\/\/courir-lemonde.com\/index.php\/wp-json\/wp\/v2\/types\/post"}],"author":[{"embeddable":true,"href":"https:\/\/courir-lemonde.com\/index.php\/wp-json\/wp\/v2\/users\/1"}],"replies":[{"embeddable":true,"href":"https:\/\/courir-lemonde.com\/index.php\/wp-json\/wp\/v2\/comments?post=111"}],"version-history":[{"count":12,"href":"https:\/\/courir-lemonde.com\/index.php\/wp-json\/wp\/v2\/posts\/111\/revisions"}],"predecessor-version":[{"id":4277,"href":"https:\/\/courir-lemonde.com\/index.php\/wp-json\/wp\/v2\/posts\/111\/revisions\/4277"}],"wp:attachment":[{"href":"https:\/\/courir-lemonde.com\/index.php\/wp-json\/wp\/v2\/media?parent=111"}],"wp:term":[{"taxonomy":"category","embeddable":true,"href":"https:\/\/courir-lemonde.com\/index.php\/wp-json\/wp\/v2\/categories?post=111"},{"taxonomy":"post_tag","embeddable":true,"href":"https:\/\/courir-lemonde.com\/index.php\/wp-json\/wp\/v2\/tags?post=111"}],"curies":[{"name":"wp","href":"https:\/\/api.w.org\/{rel}","templated":true}]}}