{"id":114,"date":"2015-10-14T11:23:56","date_gmt":"2015-10-14T10:23:56","guid":{"rendered":"http:\/\/courir-lemonde.com\/?p=114"},"modified":"2018-05-11T22:26:32","modified_gmt":"2018-05-11T21:26:32","slug":"voyage-aux-acores-sao-miguel-la-plus-grande-ile-de-larchipel-des-acores","status":"publish","type":"post","link":"https:\/\/courir-lemonde.com\/index.php\/2015\/10\/14\/voyage-aux-acores-sao-miguel-la-plus-grande-ile-de-larchipel-des-acores\/","title":{"rendered":"Voyage aux A\u00e7ores : Sao Miguel, la plus grande \u00eele de l&rsquo;archipel des A\u00e7ores"},"content":{"rendered":"<p><a href=\"http:\/\/courir-lemonde.com\/wp-content\/uploads\/2015\/12\/IMGP7902.jpg\"><img loading=\"lazy\" decoding=\"async\" class=\"aligncenter wp-image-1233\" src=\"http:\/\/courir-lemonde.com\/wp-content\/uploads\/2015\/12\/IMGP7902-1024x768.jpg\" alt=\"IMGP7902\" width=\"500\" height=\"377\" \/><\/a><\/p>\n<p style=\"text-align: center;\"><em>Le lagoa do Fogo est situ\u00e9 en plein\u00a0c\u0153ur\u00a0de l&rsquo;\u00eele de Sao Miguel (photo perso)<\/em><\/p>\n<p style=\"text-align: justify;\"><em>Depuis <a href=\"http:\/\/courir-lemonde.com\/index.php\/2015\/10\/10\/sur-la-route-des-acores-escale-ensoleillee-a-porto\/\">Porto,<\/a> j&rsquo;ai ralli\u00e9 l&rsquo;\u00eele de Sao Miguel par voie a\u00e9rienne avec la compagnie Ryanair. Plus vaste \u00eele de l&rsquo;archipel des A\u00e7ores, c&rsquo;est en voiture que je l&rsquo;ai arpent\u00e9 durant quatre belles journ\u00e9es. Lacs, volcans, littoral d\u00e9coup\u00e9, v\u00e9g\u00e9tation luxuriante ou encore sources d&rsquo;eau chaudes, l&rsquo;\u00eele de la capitale Ponta Delgada est pleine de charme. Du point de vue des paysages, c&rsquo;est l&rsquo;\u00eele de l&rsquo;archipel que j&rsquo;a pr\u00e9f\u00e9r\u00e9.\u00a0<\/em><!--more--><\/p>\n<h2 style=\"text-align: center;\"><em>Arriv\u00e9e \u00e0 Ponta Delgada et d\u00e9couverte de la partie orientale de Sao Miguel\u00a0<\/em><\/h2>\n<p style=\"text-align: justify;\"><strong>Il est 18h00 lorsque mon avion se pose sur le tarmac de l&rsquo;a\u00e9roport Jean Paul II de Ponta Delgada.<\/strong> Euphorique, c&rsquo;est par mes propres moyens que j&rsquo;ai effectu\u00e9 les quatre kilom\u00e8tres s\u00e9parant l&rsquo;a\u00e9roport du centre-ville o\u00f9 se trouvait l&rsquo;auberge de jeunesse que j&rsquo;avais pr\u00e9alablement r\u00e9serv\u00e9e. <strong>Revigor\u00e9 par quelques\u00a0poign\u00e9es de bananes s\u00e9ch\u00e9es, je pris la direction du centre-ville muni de mon paquetage de trekkeur<\/strong>. Apr\u00e8s un bref saut dans une sup\u00e9rette pour refaire le plein d&rsquo;eau et acheter quelques victuailles, je me mis \u00e0 la recherche de mon pied-\u00e0-terre tout en me baladant dans la capitale de l&rsquo;archipel.<\/p>\n<p style=\"text-align: justify;\">Un peu perdu malgr\u00e9 le morceau de plan que j&rsquo;avais imprim\u00e9, j&rsquo;eus du mal \u00e0 trouver mon logement. Heureusement peu <strong>avant 20h00, je finis par trouver la petite auberge tenue par la souriante Ana.<\/strong> Un peu rudimentaire, celle-ci jouxtait un bar tenu par cette m\u00eame femme. C&rsquo;est dans un m\u00e9lange de fran\u00e7ais et d&rsquo;anglais que l&rsquo;on \u00e9changea quelques mots. Au calme, apr\u00e8s un repas l\u00e9ger, je filai me coucher pour reprendre des forces en vue de ma premi\u00e8re grosse journ\u00e9e sur Sao Miguel.<\/p>\n<p><a href=\"http:\/\/courir-lemonde.com\/wp-content\/uploads\/2015\/12\/IMGP7576.jpg\"><img loading=\"lazy\" decoding=\"async\" class=\"aligncenter wp-image-1234\" src=\"http:\/\/courir-lemonde.com\/wp-content\/uploads\/2015\/12\/IMGP7576-1024x768.jpg\" alt=\"IMGP7576\" width=\"500\" height=\"377\" \/><\/a><\/p>\n<p style=\"text-align: center;\"><em>Arriv\u00e9e sur l&rsquo;archipel des A\u00e7ores (photo perso)<\/em><\/p>\n<p style=\"text-align: center;\"><a href=\"http:\/\/courir-lemonde.com\/wp-content\/uploads\/2015\/12\/IMGP7589.jpg\"><img loading=\"lazy\" decoding=\"async\" class=\"aligncenter wp-image-1235\" src=\"http:\/\/courir-lemonde.com\/wp-content\/uploads\/2015\/12\/IMGP7589-1024x768.jpg\" alt=\"IMGP7589\" width=\"500\" height=\"377\" \/><\/a><em>Aper\u00e7u du centre-ville de Ponta Delgada, la capitale des A\u00e7ores (photo perso)<\/em><\/p>\n<p style=\"text-align: justify;\">Apr\u00e8s une reposante nuit (contrairement \u00e0 la pr\u00e9c\u00e9dente \u00e0 Porto), j&rsquo;\u00e9tais en forme pour attaquer quatre jours de road trip automobile et p\u00e9destre \u00e0 travers Sao Miguel. Le d\u00e9but de matin\u00e9e fut plut\u00f4t tranquille. Je fis une petite balade dans Ponta Delgada, le temps de vagabonder\u00a0dans les ruelles de la ville et de fl\u00e2ner le long du port.\u00a0<strong>Avant que je file r\u00e9cup\u00e9rer ma voiture de location, Ana m&rsquo;expliqua ce qui lui semblait valoir le coup d\u2019\u0153il sur son \u00eele.<\/strong> C&rsquo;est toujours int\u00e9ressant\u00a0d&rsquo;avoir le point de vue des locaux.<\/p>\n<p style=\"text-align: justify;\">Vers 11h30, je prenais\u00a0possession de mon v\u00e9hicule, une Opel Corsa du loueur local Micauto. <strong>Je mis le cap sur la partie Est de l&rsquo;\u00eele et le parc naturel de Sete Citades.\u00a0<\/strong><\/p>\n<p><a href=\"http:\/\/courir-lemonde.com\/wp-content\/uploads\/2015\/12\/IMGP7611.jpg\"><img loading=\"lazy\" decoding=\"async\" class=\"aligncenter wp-image-1236\" src=\"http:\/\/courir-lemonde.com\/wp-content\/uploads\/2015\/12\/IMGP7611-1024x768.jpg\" alt=\"IMGP7611\" width=\"500\" height=\"377\" \/><\/a><\/p>\n<p style=\"text-align: center;\"><em>En route pour l&rsquo;aventure (photo perso)<\/em><\/p>\n<p><a href=\"http:\/\/courir-lemonde.com\/wp-content\/uploads\/2015\/12\/IMGP7614.jpg\"><img loading=\"lazy\" decoding=\"async\" class=\"aligncenter wp-image-1237\" src=\"http:\/\/courir-lemonde.com\/wp-content\/uploads\/2015\/12\/IMGP7614-768x1024.jpg\" alt=\"IMGP7614\" width=\"378\" height=\"500\" \/><\/a><\/p>\n<p style=\"text-align: center;\"><em>Ruelles typiques de Ponta Delgada (photo perso)<\/em><\/p>\n<p><a href=\"http:\/\/courir-lemonde.com\/wp-content\/uploads\/2015\/12\/IMGP7597.jpg\"><img loading=\"lazy\" decoding=\"async\" class=\"aligncenter wp-image-1238\" src=\"http:\/\/courir-lemonde.com\/wp-content\/uploads\/2015\/12\/IMGP7597-1024x768.jpg\" alt=\"IMGP7597\" width=\"500\" height=\"377\" \/><\/a><\/p>\n<p style=\"text-align: center;\"><em>Le port et le front de mer de Ponta Delgada (photo perso)<\/em><\/p>\n<p><a href=\"http:\/\/courir-lemonde.com\/wp-content\/uploads\/2015\/12\/IMGP7606.jpg\"><img loading=\"lazy\" decoding=\"async\" class=\"aligncenter wp-image-1240\" src=\"http:\/\/courir-lemonde.com\/wp-content\/uploads\/2015\/12\/IMGP7606-768x1024.jpg\" alt=\"IMGP7606\" width=\"378\" height=\"501\" \/><\/a><\/p>\n<p style=\"text-align: center;\"><em>Les drapeaux du Portugal et des A\u00e7ores rappellent que l&rsquo;archipel est une r\u00e9gion\u00a0autonome du Portugal (photo perso)<\/em><\/p>\n<p style=\"text-align: justify;\">Apr\u00e8s une petite vingtaine de kilom\u00e8tres sur des routes assez sinueuses qui mirent un peu \u00e0 mal mon bolide,\u00a0j&rsquo;atteignis les abords du site de Sete Cidades. <strong>Depuis le mirador de Vista do Rei, la vue \u00e9tait absolument somptueuse <\/strong>et une ribambelle de touristes jouissaient du panorama idyllique. Astucieusement plac\u00e9s, des commer\u00e7ants vendaient divers produits touristiques. Depuis les hauteurs du mirador, <strong>l&rsquo;on distinguait ais\u00e9ment la caldeira d&rsquo;un ancien volcan dans laquelle deux lacs\u00a0reposent paisiblement aux c\u00f4t\u00e9s du village de Sete Cidades.<\/strong> Il s&rsquo;agit du lac bleu (lagoa Azul) et du lac vert (lagoa Verde).<\/p>\n<p style=\"text-align: justify;\">Apr\u00e8s avoir pris quelques clich\u00e9s et profit\u00e9 de la magnifique vue, je pris <strong>la d\u00e9cision de faire une randonn\u00e9e<\/strong> dans ce cadre bucolique. Extr\u00eamement motiv\u00e9, je m&rsquo;\u00e9tais concoct\u00e9 <strong>un parcours d&rsquo;une quinzaine de kilom\u00e8tres.\u00a0<\/strong><\/p>\n<p><a href=\"http:\/\/courir-lemonde.com\/wp-content\/uploads\/2015\/12\/IMGP7620.jpg\"><img loading=\"lazy\" decoding=\"async\" class=\"aligncenter wp-image-1241\" src=\"http:\/\/courir-lemonde.com\/wp-content\/uploads\/2015\/12\/IMGP7620-1024x768.jpg\" alt=\"IMGP7620\" width=\"500\" height=\"377\" \/><\/a><\/p>\n<p style=\"text-align: center;\"><em>Panorama sur la c\u00f4te Nord de l&rsquo;\u00eele (photo perso)<\/em><\/p>\n<p><a href=\"http:\/\/courir-lemonde.com\/wp-content\/uploads\/2015\/12\/IMGP7631.jpg\"><img loading=\"lazy\" decoding=\"async\" class=\"aligncenter wp-image-1242\" src=\"http:\/\/courir-lemonde.com\/wp-content\/uploads\/2015\/12\/IMGP7631-1024x768.jpg\" alt=\"IMGP7631\" width=\"500\" height=\"377\" \/><\/a><\/p>\n<p style=\"text-align: center;\"><em>Le parc naturel de Sete Cidades est un incontournable \u00e0 Sao Miguel. Les lacs bleu et vert sont log\u00e9s dans la caldeira (photo perso)<\/em><\/p>\n<p><a href=\"http:\/\/courir-lemonde.com\/wp-content\/uploads\/2015\/12\/IMGP7687.jpg\"><img loading=\"lazy\" decoding=\"async\" class=\"aligncenter wp-image-1244\" src=\"http:\/\/courir-lemonde.com\/wp-content\/uploads\/2015\/12\/IMGP7687-1024x768.jpg\" alt=\"IMGP7687\" width=\"501\" height=\"378\" \/><\/a><\/p>\n<p style=\"text-align: center;\"><em>L&rsquo;entr\u00e9e du village de Sete Cidades (photo perso)<\/em><\/p>\n<p><a href=\"http:\/\/courir-lemonde.com\/wp-content\/uploads\/2015\/12\/IMGP7711.jpg\"><img loading=\"lazy\" decoding=\"async\" class=\"aligncenter wp-image-1245\" src=\"http:\/\/courir-lemonde.com\/wp-content\/uploads\/2015\/12\/IMGP7711-1024x768.jpg\" alt=\"IMGP7711\" width=\"500\" height=\"377\" \/><\/a><\/p>\n<p style=\"text-align: center;\"><em>Euphorique dans ce cadre enchanteur (photo perso)<\/em><\/p>\n<p style=\"text-align: justify;\"><strong>Cette randonn\u00e9e tr\u00e8s sportive, en alternant course \u00e0 pied et marche fut un pur moment de bonheur<\/strong>. D&rsquo;abord sur les contours de la caldeira, <strong>je profitais d&rsquo;un panorama exceptionnel \u00e0 la fois sur l&rsquo;int\u00e9rieur du volcan et\u00a0sur l&rsquo;immensit\u00e9 de l&rsquo;oc\u00e9an.<\/strong> En forme, je maintenais un excellent rythme tout en prenant des photos et quelques vid\u00e9os. Ensuite,<strong>\u00a0depuis Sete Cidades, j&rsquo;attaquai la partie montante du parcours sur une route serpentant entre la v\u00e9g\u00e9tation luxuriante.<\/strong> Malgr\u00e9 la saison, les fameux hortensias des A\u00e7ores \u00e9taient encore par\u00e9s de leurs couleurs estivales. Splendide ! C&rsquo;est dop\u00e9 par ces paysages magnifiques que je retrouvai ma voiture apr\u00e8s 2h30 de balade sportive.<\/p>\n<p><a href=\"http:\/\/courir-lemonde.com\/wp-content\/uploads\/2015\/12\/IMGP7730.jpg\"><img loading=\"lazy\" decoding=\"async\" class=\"aligncenter wp-image-1247\" src=\"http:\/\/courir-lemonde.com\/wp-content\/uploads\/2015\/12\/IMGP7730-1024x768.jpg\" alt=\"IMGP7730\" width=\"501\" height=\"378\" \/><\/a><\/p>\n<p style=\"text-align: center;\"><em>Le lagoa de Santiago nich\u00e9 dans ces paysages sauvages (photo perso)<\/em><\/p>\n<p><a href=\"http:\/\/courir-lemonde.com\/wp-content\/uploads\/2015\/12\/IMGP7732.jpg\"><img loading=\"lazy\" decoding=\"async\" class=\"aligncenter wp-image-1248\" src=\"http:\/\/courir-lemonde.com\/wp-content\/uploads\/2015\/12\/IMGP7732-1024x768.jpg\" alt=\"IMGP7732\" width=\"501\" height=\"378\" \/><\/a><\/p>\n<p style=\"text-align: center;\"><em>Ce n&rsquo;est pas un mythe : les A\u00e7ores sont bien riches en hortensias (photo perso)<\/em><\/p>\n<p style=\"text-align: justify;\">Apr\u00e8s cette session sportive, <strong>place \u00e0 la d\u00e9tente du c\u00f4t\u00e9 de la piscine naturelle de Ponta da Ferraria.<\/strong> Un spot tr\u00e8s pris\u00e9 des locaux pour se baigner et bronzer avec s\u00e9r\u00e9nit\u00e9.\u00a0<strong>Le cadre tr\u00e8s volcanique m&rsquo;a beaucoup plu et ce fut un r\u00e9gal de se baigner dans les eaux vivifiantes et virevoltantes de l&rsquo;Atlantique.\u00a0<\/strong><\/p>\n<p><a href=\"http:\/\/courir-lemonde.com\/wp-content\/uploads\/2015\/12\/IMGP7744.jpg\"><img loading=\"lazy\" decoding=\"async\" class=\"aligncenter wp-image-1249\" src=\"http:\/\/courir-lemonde.com\/wp-content\/uploads\/2015\/12\/IMGP7744-1024x768.jpg\" alt=\"IMGP7744\" width=\"500\" height=\"377\" \/><\/a><\/p>\n<p style=\"text-align: center;\"><em>Plage et piscine naturelle \u00e0 Ponta da Ferraria (photo perso)<\/em><\/p>\n<p><a href=\"http:\/\/courir-lemonde.com\/wp-content\/uploads\/2015\/12\/IMGP7769.jpg\"><img loading=\"lazy\" decoding=\"async\" class=\"aligncenter wp-image-1250\" src=\"http:\/\/courir-lemonde.com\/wp-content\/uploads\/2015\/12\/IMGP7769-1024x768.jpg\" alt=\"IMGP7769\" width=\"500\" height=\"377\" \/><\/a><\/p>\n<p style=\"text-align: center;\"><em>Le littoral pr\u00e8s de Mosteiros (photo perso)<\/em><\/p>\n<p style=\"text-align: justify;\">Ensuite,<strong> je pris la direction de Mosteiros, bourgade que m&rsquo;avait notamment recommand\u00e9e Ana<\/strong>, mon h\u00f4te a\u00e7orienne. <strong>Entre lecture devant l&rsquo;oc\u00e9an, balade dans les pittoresques rues du village et d\u00eener dans une gargote locale, je passai une agr\u00e9able fin d&rsquo;apr\u00e8s-midi.<\/strong> Vers 20h00, alors que le soleil disparaissait derri\u00e8re l&rsquo;horizon, je repris mon bolide, boost\u00e9 par la musique electro sortant de l&rsquo;autoradio, pour me mettre \u00e0 la recherche d&rsquo;un endroit calme mais pas trop recul\u00e9 afin de\u00a0passer la premi\u00e8re de mes trois nuits dans la voiture.<\/p>\n<p><a href=\"http:\/\/courir-lemonde.com\/wp-content\/uploads\/2015\/12\/IMGP7788.jpg\"><img loading=\"lazy\" decoding=\"async\" class=\"aligncenter wp-image-1251\" src=\"http:\/\/courir-lemonde.com\/wp-content\/uploads\/2015\/12\/IMGP7788-1024x768.jpg\" alt=\"IMGP7788\" width=\"500\" height=\"377\" \/><\/a><\/p>\n<p style=\"text-align: center;\"><em>Pause lecture face \u00e0\u00a0l&rsquo;oc\u00e9an (photo perso)<\/em><\/p>\n<p><a href=\"http:\/\/courir-lemonde.com\/wp-content\/uploads\/2015\/12\/IMGP7799.jpg\"><img loading=\"lazy\" decoding=\"async\" class=\"aligncenter wp-image-1252\" src=\"http:\/\/courir-lemonde.com\/wp-content\/uploads\/2015\/12\/IMGP7799-1024x768.jpg\" alt=\"IMGP7799\" width=\"500\" height=\"377\" \/><\/a><\/p>\n<p style=\"text-align: center;\"><em>La vue depuis la terrasse de la gargote o\u00f9 j&rsquo;ai d\u00een\u00e9 (photo perso)<\/em><\/p>\n<p><a href=\"http:\/\/courir-lemonde.com\/wp-content\/uploads\/2015\/12\/IMGP7800.jpg\"><img loading=\"lazy\" decoding=\"async\" class=\"aligncenter wp-image-1253\" src=\"http:\/\/courir-lemonde.com\/wp-content\/uploads\/2015\/12\/IMGP7800-1024x768.jpg\" alt=\"IMGP7800\" width=\"500\" height=\"377\" \/><\/a><\/p>\n<p style=\"text-align: center;\"><em>Magnifique coucher de soleil sur l&rsquo;immensit\u00e9 de l&rsquo;Atlantique (photo perso)<\/em><\/p>\n<h2 style=\"text-align: center;\"><em>La partie Nord de Sao Miguel : de Rem\u00e9dios\u00a0au Nordeste en passant par le somptueux lagoa do Fogo\u00a0<\/em><\/h2>\n<p style=\"text-align: justify;\">La premi\u00e8re de mes trois nuits automobiles fut mitig\u00e9e. Le confort \u00e9tant pr\u00e9caire, le sommeil fut plut\u00f4t\u00a0l\u00e9ger. Malgr\u00e9 tout, j&rsquo;\u00e9tais d&rsquo;attaque pour poursuivre mon p\u00e9riple a\u00e7orien en ce dimanche 13 septembre.<\/p>\n<p style=\"text-align: justify;\">Pour cette journ\u00e9e, <strong>j&rsquo;avais un objectif : atteindre la tr\u00e8s recul\u00e9e contr\u00e9e du Nordeste<\/strong>, situ\u00e9e &#8230; au Nord-Est de Sao Miguel. Peu habit\u00e9 et v\u00eatus\u00a0d&rsquo;impressionnantes falaises, le Nordeste valait vraiment le d\u00e9tour d&rsquo;apr\u00e8s les brochures touristiques que j&rsquo;avais pu consult\u00e9es avant mon d\u00e9part.<\/p>\n<p style=\"text-align: justify;\">R\u00e9veill\u00e9\u00a0avant\u00a07h00,<strong> je pris mon petit d\u00e9jeuner pr\u00e8s de Santo Antonio en profitant d&rsquo;un beau panorama sur la c\u00f4te septentrionale de l&rsquo;\u00eele<\/strong>. Puis,\u00a0<strong>je pris la direction de Ribeira Grande, seconde \u00ab\u00a0grande\u00a0\u00bb agglom\u00e9ration<\/strong> derri\u00e8re la capitale Ponta Delgada, en longeant la c\u00f4te Nord. En ce dimanche matin, la m\u00e9t\u00e9o \u00e9tait tr\u00e8s instable. Le ciel \u00e9tait parsem\u00e9 de nuages gris et noirs et les \u00e9claircies \u00e9taient de tr\u00e8s courte dur\u00e9e. A Ribeira Grande, je fis un stop alimentaire pour faire le plein de provisions\u00a0pour les deux journ\u00e9es \u00e0 venir.<\/p>\n<p><a href=\"http:\/\/courir-lemonde.com\/wp-content\/uploads\/2015\/12\/IMGP7817.jpg\"><img loading=\"lazy\" decoding=\"async\" class=\"aligncenter wp-image-1254\" src=\"http:\/\/courir-lemonde.com\/wp-content\/uploads\/2015\/12\/IMGP7817-1024x768.jpg\" alt=\"IMGP7817\" width=\"500\" height=\"377\" \/><\/a><\/p>\n<p style=\"text-align: center;\"><em>Bivouac automobile du c\u00f4t\u00e9 de Rem\u00e9dios (photo perso)<\/em><\/p>\n<p><a href=\"http:\/\/courir-lemonde.com\/wp-content\/uploads\/2015\/12\/IMGP7821.jpg\"><img loading=\"lazy\" decoding=\"async\" class=\"aligncenter wp-image-1255\" src=\"http:\/\/courir-lemonde.com\/wp-content\/uploads\/2015\/12\/IMGP7821-1024x768.jpg\" alt=\"IMGP7821\" width=\"500\" height=\"377\" \/><\/a><\/p>\n<p style=\"text-align: center;\"><em>Aper\u00e7u de la ville de Santo Antonio et de la c\u00f4te nord de Sao Miguel (photo perso)<\/em><\/p>\n<p><a href=\"http:\/\/courir-lemonde.com\/wp-content\/uploads\/2015\/12\/IMGP7830.jpg\"><img loading=\"lazy\" decoding=\"async\" class=\"aligncenter wp-image-1256\" src=\"http:\/\/courir-lemonde.com\/wp-content\/uploads\/2015\/12\/IMGP7830-1024x768.jpg\" alt=\"IMGP7830\" width=\"500\" height=\"377\" \/><\/a><\/p>\n<p style=\"text-align: center;\"><em>Longue plage de sable noir \u00e0 proximit\u00e9 de Ribeira Grande (photo perso)<\/em><\/p>\n<p style=\"text-align: justify;\">Vers 10h00, j&rsquo;atteignis<strong> le site de Caldeira Velha,<\/strong> localis\u00e9 \u00e0 flanc de montagnes sur la route du lagoa do Fogo en venant de Ribeira Grande. <strong>Ce\u00a0site naturel presque digne des for\u00eats tropicales est une r\u00e9serve de biosph\u00e8re o\u00f9 pousse des plantes exotiques et une v\u00e9g\u00e9tation exub\u00e9rante<\/strong> (foug\u00e8res arborescentes notamment). Dans ce cadre enchanteur et relaxant, l&rsquo;on peut <strong>se baigner dans des cascades et des sources d&rsquo;eaux chaudes (38\u00b0C) et ferrugineuses.<\/strong> Un moment de z\u00e9nitude totale pour la modique somme de 2 euros. A recommander sans mod\u00e9ration !<\/p>\n<p><a href=\"http:\/\/courir-lemonde.com\/wp-content\/uploads\/2015\/12\/IMGP7839.jpg\"><img loading=\"lazy\" decoding=\"async\" class=\"aligncenter wp-image-1257\" src=\"http:\/\/courir-lemonde.com\/wp-content\/uploads\/2015\/12\/IMGP7839-768x1024.jpg\" alt=\"IMGP7839\" width=\"378\" height=\"501\" \/><\/a><\/p>\n<p style=\"text-align: center;\"><em>L&rsquo;association chaleur et humidit\u00e9 rend la v\u00e9g\u00e9tation tr\u00e8s abondante sur l&rsquo;archipel (photo perso)<\/em><\/p>\n<p><a href=\"http:\/\/courir-lemonde.com\/wp-content\/uploads\/2015\/12\/IMGP7879.jpg\"><img loading=\"lazy\" decoding=\"async\" class=\"aligncenter wp-image-1258\" src=\"http:\/\/courir-lemonde.com\/wp-content\/uploads\/2015\/12\/IMGP7879-768x1024.jpg\" alt=\"IMGP7879\" width=\"378\" height=\"501\" \/><\/a><\/p>\n<p><em>Moment de z\u00e9nitude totale dans les sources d&rsquo;eau chaude \u00e0 Caldeira Velha (photo perso)<\/em><\/p>\n<p style=\"text-align: justify;\">Apr\u00e8s ce moment de relaxation, je repris la route en direction du lagoa do Fogo, l&rsquo;un des plus beaux lacs de l&rsquo;\u00eele. <strong>Somptueux\u00a0et sauvage, le lagoa do Fogo est situ\u00e9 en plein c\u0153ur de l&rsquo;\u00eele dans la caldeira du strato volcan Agua de Pau.<\/strong> Malgr\u00e9 une m\u00e9t\u00e9o toujours un peu capricieuse et un vent frais, je pu contempler ce bijou de la nature a\u00e7orienne, randonner et d\u00e9guster mon repas du midi\u00a0sur les flancs du volcan.<\/p>\n<p><a href=\"http:\/\/courir-lemonde.com\/wp-content\/uploads\/2015\/12\/IMGP7900.jpg\"><img loading=\"lazy\" decoding=\"async\" class=\"aligncenter wp-image-1259\" src=\"http:\/\/courir-lemonde.com\/wp-content\/uploads\/2015\/12\/IMGP7900-1024x768.jpg\" alt=\"IMGP7900\" width=\"500\" height=\"377\" \/><\/a><\/p>\n<p style=\"text-align: center;\"><em>Le lagoa do Fogo, autrement dit le lac de feu, est magnifique (photo perso)<\/em><\/p>\n<p><a href=\"http:\/\/courir-lemonde.com\/wp-content\/uploads\/2015\/12\/IMGP7910.jpg\"><img loading=\"lazy\" decoding=\"async\" class=\"aligncenter wp-image-1260\" src=\"http:\/\/courir-lemonde.com\/wp-content\/uploads\/2015\/12\/IMGP7910-1024x768.jpg\" alt=\"IMGP7910\" width=\"500\" height=\"377\" \/><\/a><\/p>\n<p style=\"text-align: center;\"><em>Du fait de son altitude, il est r\u00e9guli\u00e8rement pris d&rsquo;assaut par le brouillard (photo perso)<\/em><\/p>\n<p style=\"text-align: justify;\">Suite \u00e0 ma petite randonn\u00e9e sur les hauteurs du lagoa do Fogo, je repris mon chemin en direction du Nordeste. En cours de route, <strong>je fis plusieurs stops pour appr\u00e9cier la beaut\u00e9 du littoral d\u00e9coup\u00e9 du Nord de l&rsquo;\u00eele<\/strong>. De magnifiques et sauvages c\u00f4tes d\u00e9chiquet\u00e9es par l&rsquo;oc\u00e9an et habill\u00e9es d&rsquo;hortensias et\u00a0d&rsquo;une flore vari\u00e9e.<\/p>\n<p style=\"text-align: justify;\">En milieu d&rsquo;apr\u00e8s-midi,<strong> je m\u2019arr\u00eatai \u00e9galement dans une plantation de caf\u00e9, la seule existant aux A\u00e7ores et en Europe.<\/strong> Dans le petite commune d&rsquo;Algarvia, j&rsquo;improvisai un footing et une petite s\u00e9ance de renforcement musculaire avec une belle vue sur l&rsquo;immensit\u00e9 atlantique.<\/p>\n<p><a href=\"http:\/\/courir-lemonde.com\/wp-content\/uploads\/2015\/12\/IMGP7943.jpg\"><img loading=\"lazy\" decoding=\"async\" class=\"aligncenter wp-image-1261\" src=\"http:\/\/courir-lemonde.com\/wp-content\/uploads\/2015\/12\/IMGP7943-1024x768.jpg\" alt=\"IMGP7943\" width=\"500\" height=\"377\" \/><\/a><\/p>\n<p style=\"text-align: center;\"><em>Le littoral de la c\u00f4te Nord de Sao Miguel (photo perso)<\/em><\/p>\n<p><a href=\"http:\/\/courir-lemonde.com\/wp-content\/uploads\/2015\/12\/IMGP7953.jpg\"><img loading=\"lazy\" decoding=\"async\" class=\"aligncenter wp-image-1262\" src=\"http:\/\/courir-lemonde.com\/wp-content\/uploads\/2015\/12\/IMGP7953-1024x768.jpg\" alt=\"IMGP7953\" width=\"500\" height=\"377\" \/><\/a><\/p>\n<p style=\"text-align: center;\"><em>Culture de caf\u00e9 sur Sao Miguel (photo perso)<\/em><\/p>\n<p><a href=\"http:\/\/courir-lemonde.com\/wp-content\/uploads\/2015\/12\/IMGP7975.jpg\"><img loading=\"lazy\" decoding=\"async\" class=\"aligncenter wp-image-1263\" src=\"http:\/\/courir-lemonde.com\/wp-content\/uploads\/2015\/12\/IMGP7975-1024x768.jpg\" alt=\"IMGP7975\" width=\"501\" height=\"378\" \/><\/a><\/p>\n<p style=\"text-align: center;\"><em>Paysages vallonn\u00e9s et verdoyants de Sao Miguel (photo perso)<\/em><\/p>\n<p style=\"text-align: justify;\"><strong>Vers 16h30, j&rsquo;atteignis le Nordeste.<\/strong> Dans la commune portant le m\u00eame nom, j&#8217;empruntai une route \u00e0 pic et accident\u00e9e pour atteindre une piscine naturelle o\u00f9 je me baignai quelques instants. J&rsquo;observais avec attention et d\u00e9lectation <strong>les paysages qui m&rsquo;entouraient. C&rsquo;est vrai qu&rsquo;ils \u00e9taient encore plus impressionnants et sauvages que sur le reste de l&rsquo;\u00eele.<\/strong> Les falaises \u00e9taient plus abruptes, les sommets un peu plus \u00e9lev\u00e9s qu&rsquo;ailleurs et les localit\u00e9s moins urbanis\u00e9es et peupl\u00e9es.<\/p>\n<p style=\"text-align: justify;\">Alors que je circulais paisiblement\u00a0sur une voie\u00a0sinueuse, je me heurtai \u00e0 une route\u00a0barr\u00e9e entre la localit\u00e9 de Nordeste et celle d&rsquo;Agua Retorta. De fait, je fus contraint de faire demi-tour et je pris la d\u00e9cision de revenir un peu sur mes pas <strong>avant de prendre une route au hasard pour me perdre un peu en plein c\u0153ur de l&rsquo;\u00eele.<\/strong> Je ne regrettai point mon choix puisque via une petite route de montagne, j&rsquo;atteignis, euphorique, les hauteurs de Sao Miguel. A cette altitude, la vue \u00e9tait exceptionnelle. <strong>Un magnifique panorama \u00e0 360\u00b0 depuis lequel, je voyais l&rsquo;oc\u00e9an \u00e0 la fois\u00a0la c\u00f4te Sud et la c\u00f4te Nord de l&rsquo;\u00eele.<\/strong> J&rsquo;apercevais \u00e9galement le lagoa do Furnas coinc\u00e9 entre les montagnes verdoyantes. <strong>J&rsquo;\u00e9tais heureux car j&rsquo;avais d\u00e9couvert ce panorama par hasard et sans rien pr\u00e9voir. L&rsquo;aventure c&rsquo;est \u00e7a aussi : de l&rsquo;improvisation et du feeling.<\/strong><\/p>\n<p><a href=\"http:\/\/courir-lemonde.com\/wp-content\/uploads\/2015\/12\/IMGP8003.jpg\"><img loading=\"lazy\" decoding=\"async\" class=\"aligncenter wp-image-1264\" src=\"http:\/\/courir-lemonde.com\/wp-content\/uploads\/2015\/12\/IMGP8003-1024x768.jpg\" alt=\"IMGP8003\" width=\"500\" height=\"377\" \/><\/a><\/p>\n<p style=\"text-align: center;\"><em>Le Farol do Arnel dans la r\u00e9gion du Nordeste fait face \u00e0 l&rsquo;immensit\u00e9 de l&rsquo;oc\u00e9an Atlantique (photo perso)<\/em><\/p>\n<p><a href=\"http:\/\/courir-lemonde.com\/wp-content\/uploads\/2015\/12\/IMGP8019.jpg\"><img loading=\"lazy\" decoding=\"async\" class=\"aligncenter wp-image-1265\" src=\"http:\/\/courir-lemonde.com\/wp-content\/uploads\/2015\/12\/IMGP8019-1024x768.jpg\" alt=\"IMGP8019\" width=\"501\" height=\"378\" \/><\/a><\/p>\n<p style=\"text-align: center;\"><em>Panorama sur les falaises du Nordeste depuis Ponta da Madrugada (photo perso)<\/em><\/p>\n<p><a href=\"http:\/\/courir-lemonde.com\/wp-content\/uploads\/2015\/12\/IMGP8030.jpg\"><img loading=\"lazy\" decoding=\"async\" class=\"aligncenter wp-image-1266\" src=\"http:\/\/courir-lemonde.com\/wp-content\/uploads\/2015\/12\/IMGP8030-1024x768.jpg\" alt=\"IMGP8030\" width=\"500\" height=\"377\" \/><\/a><\/p>\n<p style=\"text-align: center;\"><em>Moment d&rsquo;euphorie sur les hauteurs de Sao Miguel (photo perso)<\/em><\/p>\n<p><a href=\"http:\/\/courir-lemonde.com\/wp-content\/uploads\/2015\/12\/IMGP8037.jpg\"><img loading=\"lazy\" decoding=\"async\" class=\"aligncenter wp-image-1267\" src=\"http:\/\/courir-lemonde.com\/wp-content\/uploads\/2015\/12\/IMGP8037-1024x768.jpg\" alt=\"IMGP8037\" width=\"500\" height=\"377\" \/><\/a><\/p>\n<p style=\"text-align: center;\"><em>Le lagoa da Furnas depuis le\u00a0c\u0153ur\u00a0de Sao Miguel (photo perso)<\/em><\/p>\n<p><a href=\"http:\/\/courir-lemonde.com\/wp-content\/uploads\/2015\/12\/IMGP8055.jpg\"><img loading=\"lazy\" decoding=\"async\" class=\"aligncenter wp-image-1268\" src=\"http:\/\/courir-lemonde.com\/wp-content\/uploads\/2015\/12\/IMGP8055-1024x768.jpg\" alt=\"IMGP8055\" width=\"501\" height=\"378\" \/><\/a><\/p>\n<p style=\"text-align: center;\"><em>Devant les paysages vallonn\u00e9s et extr\u00eamement naturels de Sao Miguel (photo perso)<\/em><\/p>\n<p style=\"text-align: justify;\">Apr\u00e8s \u00e7a, alors que la temp\u00e9rature avait sensiblement baiss\u00e9e avec l&rsquo;altitude, <strong>je descendis sur la localit\u00e9 de Furnas que j&rsquo;avais \u00e9lu comme mon pied-\u00e0-terre du soir<\/strong>. Restait juste \u00e0 trouver l&rsquo;endroit ad\u00e9quat pour passer une nuit convenable. Apr\u00e8s quelques recherches durant lesquelles je fr\u00f4lai l&rsquo;accident, j&rsquo;optai pour un parking \u00e0 proximit\u00e9 du camping de la ville.<\/p>\n<h2 style=\"text-align: center;\"><em>Furnas et la partie m\u00e9ridionale de l&rsquo;\u00eele\u00a0<\/em><\/h2>\n<p style=\"text-align: justify;\"><strong>Ma nuit du c\u00f4t\u00e9 de Furnas fut un v\u00e9ritable calvaire.<\/strong>\u00a0Compl\u00e8tement frigorifi\u00e9, \u00e0 aucun moment je n&rsquo;ai pu me r\u00e9chauffer malgr\u00e9 les nombreuses couches de v\u00eatements que j&rsquo;avais progressivement rajout\u00e9es durant la nuit. Il faut dire que durant cette nuit, lae mercure est descendu \u00e0 12\u00b0C, contrairement \u00e0 la pr\u00e9c\u00e9dente o\u00f9 le thermom\u00e8tre oscillait chaleureusement entre 17 et 19\u00b0C.<\/p>\n<p style=\"text-align: justify;\">Malgr\u00e9 la fatigue, je gardais le sourire et j&rsquo;abordais cette nouvelle journ\u00e9e avec entrain et motivation. Apr\u00e8s un <strong>petit-d\u00e9jeuner tr\u00e8s fruit\u00e9 prit sur les hauteurs du lagoa do Furnas, j&rsquo;entrepris un footing sur les bords de ce m\u00eame site lacustre.<\/strong> Plut\u00f4t en forme pour ce nouveau footing, je d\u00e9couvris, sur les berges du lac l<strong>&lsquo;importante activit\u00e9 g\u00e9othermique des lieux.\u00a0<\/strong><\/p>\n<p><a href=\"http:\/\/courir-lemonde.com\/wp-content\/uploads\/2015\/12\/IMGP8057.jpg\"><img loading=\"lazy\" decoding=\"async\" class=\"aligncenter wp-image-1269\" src=\"http:\/\/courir-lemonde.com\/wp-content\/uploads\/2015\/12\/IMGP8057-768x1024.jpg\" alt=\"IMGP8057\" width=\"377\" height=\"500\" \/><\/a><\/p>\n<p style=\"text-align: center;\"><em>Malgr\u00e9 une nuit fra\u00eeche et absolument pas reconstituante, le sourire \u00e9tait toujours au rendez-vous pour cette nouvelle journ\u00e9e sur Sao Miguel (photo perso)<\/em><\/p>\n<p><a href=\"http:\/\/courir-lemonde.com\/wp-content\/uploads\/2015\/12\/IMGP8062.jpg\"><img loading=\"lazy\" decoding=\"async\" class=\"aligncenter wp-image-1271\" src=\"http:\/\/courir-lemonde.com\/wp-content\/uploads\/2015\/12\/IMGP8062-1024x768.jpg\" alt=\"IMGP8062\" width=\"500\" height=\"378\" \/><\/a><\/p>\n<p style=\"text-align: center;\"><em>Au lever du jour, le lagoa da Furnas avec l&rsquo;oc\u00e9an Atlantique juste derri\u00e8re (photo perso)<\/em><\/p>\n<p><a href=\"http:\/\/courir-lemonde.com\/wp-content\/uploads\/2015\/12\/IMGP80691.jpg\"><img loading=\"lazy\" decoding=\"async\" class=\"aligncenter wp-image-1272\" src=\"http:\/\/courir-lemonde.com\/wp-content\/uploads\/2015\/12\/IMGP80691-1024x768.jpg\" alt=\"IMGP8069\" width=\"500\" height=\"378\" \/><\/a><\/p>\n<p style=\"text-align: center;\"><em>Au menu : footing matinal autour du lagoa da\u00a0Furnas (photo perso)<\/em><\/p>\n<p><a href=\"http:\/\/courir-lemonde.com\/wp-content\/uploads\/2015\/12\/IMGP8064.jpg\"><img loading=\"lazy\" decoding=\"async\" class=\"aligncenter wp-image-1273\" src=\"http:\/\/courir-lemonde.com\/wp-content\/uploads\/2015\/12\/IMGP8064-1024x768.jpg\" alt=\"IMGP8064\" width=\"500\" height=\"377\" \/><\/a><\/p>\n<p style=\"text-align: center;\"><i>Fumerolles<\/i><em>\u00a0provenant du sous-sol\u00a0ce qui montre l&rsquo;importante activit\u00e9 g\u00e9o-thermique de l&rsquo;\u00eele (photo perso)<\/em><\/p>\n<p style=\"text-align: justify;\">Dans le courant de la matin\u00e9e, <strong>j&rsquo;allai me baigner dans les eaux ferrugineuses et bouillantes du parc Terra Nostra.<\/strong> Un peu plus on\u00e9reux (6 euros) que Caldeira Velha, celui-ci vaut \u00e9galement le d\u00e9tour.<strong> Avec ses bains, ses cascades et sa v\u00e9g\u00e9tation riche et luxuriante, c&rsquo;est un v\u00e9ritable \u00e9crin de nature<\/strong> o\u00f9 il fait bon se balader et l\u00e9zarder \u00e0 quelques encablures du\u00a0centre-ville de Furnas.<\/p>\n<p><a href=\"http:\/\/courir-lemonde.com\/wp-content\/uploads\/2015\/12\/IMGP8075.jpg\"><img loading=\"lazy\" decoding=\"async\" class=\"aligncenter wp-image-1274\" src=\"http:\/\/courir-lemonde.com\/wp-content\/uploads\/2015\/12\/IMGP8075-1024x768.jpg\" alt=\"IMGP8075\" width=\"500\" height=\"377\" \/><\/a><\/p>\n<p style=\"text-align: center;\"><em>Le parc Terra Nostra \u00e0 Furnas (photo perso)<\/em><\/p>\n<p><a href=\"http:\/\/courir-lemonde.com\/wp-content\/uploads\/2015\/12\/IMGP8091.jpg\"><img loading=\"lazy\" decoding=\"async\" class=\"aligncenter wp-image-1275\" src=\"http:\/\/courir-lemonde.com\/wp-content\/uploads\/2015\/12\/IMGP8091-1024x768.jpg\" alt=\"IMGP8091\" width=\"500\" height=\"377\" \/><\/a><\/p>\n<p style=\"text-align: center;\"><em>La ville de Furnas se trouve dans un cadre verdoyant et luxuriant entour\u00e9 de montagnes (photo perso)<\/em><\/p>\n<p style=\"text-align: justify;\">En d\u00e9but d&rsquo;apr\u00e8s-midi,<strong> je ralliai la ville de Vila Franca Do Campo, vivante bourgade nich\u00e9e sur la c\u00f4te m\u00e9ridionale de Sao Miguel.<\/strong> J&rsquo;y ai d\u00e9jeun\u00e9 dans une sorte de kiosque \u00e0 hot-dog tenu par un sympathique local. Appr\u00e9ciable ! Apr\u00e8s le r\u00e9confort, &#8230; encore le r\u00e9confort. <strong>En ce lundi ensoleill\u00e9 et chaud, je pris la d\u00e9cision d&rsquo;aller bronzer \u00e0 Agua do Alto, sur l&rsquo;une des plages les plus fr\u00e9quent\u00e9es par les locaux.\u00a0<\/strong><\/p>\n<p><a href=\"http:\/\/courir-lemonde.com\/wp-content\/uploads\/2015\/12\/IMGP8098.jpg\"><img loading=\"lazy\" decoding=\"async\" class=\"aligncenter wp-image-1276\" src=\"http:\/\/courir-lemonde.com\/wp-content\/uploads\/2015\/12\/IMGP8098-1024x768.jpg\" alt=\"IMGP8098\" width=\"501\" height=\"378\" \/><\/a><\/p>\n<p style=\"text-align: center;\"><em>D\u00e9jeuner \u00e0 la mode a\u00e7orienne. Les locaux abusent beaucoup des sandwichs et des burgers (photo perso)<\/em><\/p>\n<p><a href=\"http:\/\/courir-lemonde.com\/wp-content\/uploads\/2015\/12\/IMGP8094.jpg\"><img loading=\"lazy\" decoding=\"async\" class=\"aligncenter wp-image-1277\" src=\"http:\/\/courir-lemonde.com\/wp-content\/uploads\/2015\/12\/IMGP8094-1024x768.jpg\" alt=\"IMGP8094\" width=\"500\" height=\"377\" \/><\/a><\/p>\n<p style=\"text-align: center;\"><em>Palmiers \u00e0 Vila Franca Do Campo (photo perso)<\/em><\/p>\n<p><a href=\"http:\/\/courir-lemonde.com\/wp-content\/uploads\/2015\/12\/IMGP8104.jpg\"><img loading=\"lazy\" decoding=\"async\" class=\"aligncenter wp-image-1278\" src=\"http:\/\/courir-lemonde.com\/wp-content\/uploads\/2015\/12\/IMGP8104-1024x768.jpg\" alt=\"IMGP8104\" width=\"500\" height=\"377\" \/><\/a><\/p>\n<p style=\"text-align: center;\"><em>Session plage \u00e0 Agua de Alto (photo perso)<\/em><\/p>\n<p style=\"text-align: justify;\">En d\u00e9but de soir\u00e9e, profitant de la cl\u00e9mente m\u00e9t\u00e9o, je fis mon retour sur les hauteurs de l&rsquo;\u00eele <strong>pour contempler le naturel et sublime lagoa do Fogo<\/strong> que j&rsquo;avais vu la veille dans le brouillard.<\/p>\n<p style=\"text-align: justify;\">Puis, <strong>via\u00a0des chemins de brousse \u00e0 travers la for\u00eat et les champs, je regagnai le littoral<\/strong> \u00e0 la recherche d&rsquo;un lieu pour passer ma troisi\u00e8me et derni\u00e8re nuit en voiture. Convaincu <strong>par les charmes du typique port de p\u00eache de Caloura, je passai ma soir\u00e9e \u00e0 contempler l&rsquo;oc\u00e9an<\/strong> suite \u00e0 un d\u00eener une nouvelle fois tr\u00e8s fruit\u00e9. Apr\u00e8s cela, je m&rsquo;installai confortablement dans la voiture avec l&rsquo;espoir d&rsquo;y passer une meilleure nuit\u00e9e que la pr\u00e9c\u00e9dente.<\/p>\n<p><a href=\"http:\/\/courir-lemonde.com\/wp-content\/uploads\/2015\/12\/IMGP8112.jpg\"><img loading=\"lazy\" decoding=\"async\" class=\"aligncenter wp-image-1279\" src=\"http:\/\/courir-lemonde.com\/wp-content\/uploads\/2015\/12\/IMGP8112-1024x768.jpg\" alt=\"IMGP8112\" width=\"500\" height=\"377\" \/><\/a><\/p>\n<p style=\"text-align: center;\"><em>Le lagoa do Fogo est sans aucun doute le plus beau et sauvage des lacs de Sao Miguel\u00a0(photo perso)<\/em><\/p>\n<p><a href=\"http:\/\/courir-lemonde.com\/wp-content\/uploads\/2015\/12\/IMGP8145.jpg\"><img loading=\"lazy\" decoding=\"async\" class=\"aligncenter wp-image-1280\" src=\"http:\/\/courir-lemonde.com\/wp-content\/uploads\/2015\/12\/IMGP8145-1024x768.jpg\" alt=\"IMGP8145\" width=\"500\" height=\"377\" \/><\/a><\/p>\n<p style=\"text-align: center;\"><em>Douce soir\u00e9e dans le petit port de p\u00eache de Caloura avant de passer ma troisi\u00e8me nuit dans la voiture (photo perso)\u00a0<\/em><\/p>\n<p style=\"text-align: center;\"><em><strong>Tranquille matin\u00e9e sur Sao Miguel avant de rallier Pico en avion\u00a0<\/strong><\/em><\/p>\n<p style=\"text-align: justify;\">Ma troisi\u00e8me nuit automobile fut incontestablement la meilleure. J&rsquo;avais r\u00e9ussi \u00e0 dormir \u00e0 peu pr\u00e8s confortablement et avec une grande s\u00e9r\u00e9nit\u00e9. <strong>R\u00e9veill\u00e9\u00a0de bonne heure, j&rsquo;assistai au lever du soleil depuis le port de Caloura avant de me baigner dans les limpides et vivifiantes eaux de la crique rocheuse.\u00a0<\/strong><\/p>\n<p style=\"text-align: justify;\">Puis vers 9h00, je pris le chemin de Ponta Delgada. Je devais rendre la voiture \u00e0 midi \u00e0 l&rsquo;a\u00e9roport ce qui me laissait un peu de temps. Apr\u00e8s un crochet par le stade de football de la ville, je fis escale dans <strong>le principal\u00a0centre commercial de la capitale a\u00e7orienne. T\u00e9moin de la mondialisation et de l&rsquo;uniformisation des cultures, on y retrouvait la plupart des grandes marques occidentales.<\/strong> J&rsquo;y fis quelques courses alimentaires.<\/p>\n<p style=\"text-align: justify;\">Vers 11h30, j&rsquo;atteignis l&rsquo;a\u00e9roport de Ponta Delgada o\u00f9 je rendis ma voiture dans les d\u00e9lais. <strong>Il me restait \u00e0 attendre patiemment mon avion pour Pico dont le d\u00e9collage \u00e9tait pr\u00e9vu pour le milieu d&rsquo;apr\u00e8s-midi.\u00a0<\/strong><\/p>\n<p><a href=\"http:\/\/courir-lemonde.com\/wp-content\/uploads\/2015\/12\/IMGP8153.jpg\"><img loading=\"lazy\" decoding=\"async\" class=\"aligncenter wp-image-1281\" src=\"http:\/\/courir-lemonde.com\/wp-content\/uploads\/2015\/12\/IMGP8153-1024x768.jpg\" alt=\"IMGP8153\" width=\"500\" height=\"378\" \/><\/a><\/p>\n<p style=\"text-align: center;\"><em>Lever du soleil sur Sao Miguel (photo perso)<\/em><\/p>\n<p><a href=\"http:\/\/courir-lemonde.com\/wp-content\/uploads\/2015\/12\/IMGP8156.jpg\"><img loading=\"lazy\" decoding=\"async\" class=\"aligncenter wp-image-1282\" src=\"http:\/\/courir-lemonde.com\/wp-content\/uploads\/2015\/12\/IMGP8156-1024x768.jpg\" alt=\"IMGP8156\" width=\"500\" height=\"377\" \/><\/a><\/p>\n<p style=\"text-align: center;\"><em>Le stade de Ponta Delgada (photo perso)<\/em><\/p>\n<p>Pour retrouver la suite des mes aventures aux A\u00e7ores c&rsquo;est par ici :<\/p>\n<ul>\n<li><a href=\"http:\/\/courir-lemonde.com\/index.php\/2015\/10\/17\/faial-lile-bleu-parcouru-a-pied\/\">sur l&rsquo;\u00eele de Faial\u00a0<\/a><\/li>\n<li><a href=\"http:\/\/courir-lemonde.com\/index.php\/2015\/10\/20\/randonnees-sportives-et-rencontres-chaleureuses-sur-lile-de-pico\/\">sur l&rsquo;\u00eele de Pico\u00a0<\/a><\/li>\n<\/ul>\n","protected":false},"excerpt":{"rendered":"<p>Le lagoa do Fogo est situ\u00e9 en plein\u00a0c\u0153ur\u00a0de l&rsquo;\u00eele de Sao Miguel (photo perso) Depuis Porto, j&rsquo;ai ralli\u00e9 l&rsquo;\u00eele de Sao Miguel par voie a\u00e9rienne avec la compagnie Ryanair. Plus vaste \u00eele de l&rsquo;archipel des A\u00e7ores, c&rsquo;est en voiture que &hellip; <a href=\"https:\/\/courir-lemonde.com\/index.php\/2015\/10\/14\/voyage-aux-acores-sao-miguel-la-plus-grande-ile-de-larchipel-des-acores\/\">Continuer la lecture <span class=\"meta-nav\">&rarr;<\/span><\/a><\/p>\n","protected":false},"author":1,"featured_media":0,"comment_status":"open","ping_status":"open","sticky":false,"template":"","format":"standard","meta":{"footnotes":""},"categories":[261],"tags":[46,47,51,50,48],"yoast_head":"<!-- This site is optimized with the Yoast SEO plugin v21.8.1 - https:\/\/yoast.com\/wordpress\/plugins\/seo\/ -->\n<title>Voyage aux A\u00e7ores : Sao Miguel, la plus grande \u00eele de l&#039;archipel des A\u00e7ores - Courir Le Monde<\/title>\n<meta name=\"robots\" content=\"index, follow, max-snippet:-1, max-image-preview:large, max-video-preview:-1\" \/>\n<link rel=\"canonical\" href=\"https:\/\/courir-lemonde.com\/index.php\/2015\/10\/14\/voyage-aux-acores-sao-miguel-la-plus-grande-ile-de-larchipel-des-acores\/\" \/>\n<meta property=\"og:locale\" content=\"fr_FR\" \/>\n<meta property=\"og:type\" content=\"article\" \/>\n<meta property=\"og:title\" content=\"Voyage aux A\u00e7ores : Sao Miguel, la plus grande \u00eele de l&#039;archipel des A\u00e7ores - Courir Le Monde\" \/>\n<meta property=\"og:description\" content=\"Le lagoa do Fogo est situ\u00e9 en plein\u00a0c\u0153ur\u00a0de l&rsquo;\u00eele de Sao Miguel (photo perso) Depuis Porto, j&rsquo;ai ralli\u00e9 l&rsquo;\u00eele de Sao Miguel par voie a\u00e9rienne avec la compagnie Ryanair. Plus vaste \u00eele de l&rsquo;archipel des A\u00e7ores, c&rsquo;est en voiture que &hellip; Continuer la lecture &rarr;\" \/>\n<meta property=\"og:url\" content=\"https:\/\/courir-lemonde.com\/index.php\/2015\/10\/14\/voyage-aux-acores-sao-miguel-la-plus-grande-ile-de-larchipel-des-acores\/\" \/>\n<meta property=\"og:site_name\" content=\"Courir Le Monde\" \/>\n<meta property=\"article:published_time\" content=\"2015-10-14T10:23:56+00:00\" \/>\n<meta property=\"article:modified_time\" content=\"2018-05-11T21:26:32+00:00\" \/>\n<meta property=\"og:image\" content=\"http:\/\/courir-lemonde.com\/wp-content\/uploads\/2015\/12\/IMGP7902-1024x768.jpg\" \/>\n<meta name=\"author\" content=\"Chap44\" \/>\n<meta name=\"twitter:card\" content=\"summary_large_image\" \/>\n<meta name=\"twitter:label1\" content=\"\u00c9crit par\" \/>\n\t<meta name=\"twitter:data1\" content=\"Chap44\" \/>\n\t<meta name=\"twitter:label2\" content=\"Dur\u00e9e de lecture estim\u00e9e\" \/>\n\t<meta name=\"twitter:data2\" content=\"14 minutes\" \/>\n<script type=\"application\/ld+json\" class=\"yoast-schema-graph\">{\"@context\":\"https:\/\/schema.org\",\"@graph\":[{\"@type\":\"WebPage\",\"@id\":\"https:\/\/courir-lemonde.com\/index.php\/2015\/10\/14\/voyage-aux-acores-sao-miguel-la-plus-grande-ile-de-larchipel-des-acores\/\",\"url\":\"https:\/\/courir-lemonde.com\/index.php\/2015\/10\/14\/voyage-aux-acores-sao-miguel-la-plus-grande-ile-de-larchipel-des-acores\/\",\"name\":\"Voyage aux A\u00e7ores : Sao Miguel, la plus grande \u00eele de l'archipel des A\u00e7ores - Courir Le Monde\",\"isPartOf\":{\"@id\":\"https:\/\/courir-lemonde.com\/#website\"},\"datePublished\":\"2015-10-14T10:23:56+00:00\",\"dateModified\":\"2018-05-11T21:26:32+00:00\",\"author\":{\"@id\":\"https:\/\/courir-lemonde.com\/#\/schema\/person\/baaa624d701d53d176c763f85b3114e4\"},\"breadcrumb\":{\"@id\":\"https:\/\/courir-lemonde.com\/index.php\/2015\/10\/14\/voyage-aux-acores-sao-miguel-la-plus-grande-ile-de-larchipel-des-acores\/#breadcrumb\"},\"inLanguage\":\"fr-FR\",\"potentialAction\":[{\"@type\":\"ReadAction\",\"target\":[\"https:\/\/courir-lemonde.com\/index.php\/2015\/10\/14\/voyage-aux-acores-sao-miguel-la-plus-grande-ile-de-larchipel-des-acores\/\"]}]},{\"@type\":\"BreadcrumbList\",\"@id\":\"https:\/\/courir-lemonde.com\/index.php\/2015\/10\/14\/voyage-aux-acores-sao-miguel-la-plus-grande-ile-de-larchipel-des-acores\/#breadcrumb\",\"itemListElement\":[{\"@type\":\"ListItem\",\"position\":1,\"name\":\"Accueil\",\"item\":\"https:\/\/courir-lemonde.com\/\"},{\"@type\":\"ListItem\",\"position\":2,\"name\":\"Voyage aux A\u00e7ores : Sao Miguel, la plus grande \u00eele de l&rsquo;archipel des A\u00e7ores\"}]},{\"@type\":\"WebSite\",\"@id\":\"https:\/\/courir-lemonde.com\/#website\",\"url\":\"https:\/\/courir-lemonde.com\/\",\"name\":\"Courir Le Monde\",\"description\":\"Le site de Valentin Chapalain, passionn\u00e9 d&#039;aventures et de voyages\",\"potentialAction\":[{\"@type\":\"SearchAction\",\"target\":{\"@type\":\"EntryPoint\",\"urlTemplate\":\"https:\/\/courir-lemonde.com\/?s={search_term_string}\"},\"query-input\":\"required name=search_term_string\"}],\"inLanguage\":\"fr-FR\"},{\"@type\":\"Person\",\"@id\":\"https:\/\/courir-lemonde.com\/#\/schema\/person\/baaa624d701d53d176c763f85b3114e4\",\"name\":\"Chap44\",\"image\":{\"@type\":\"ImageObject\",\"inLanguage\":\"fr-FR\",\"@id\":\"https:\/\/courir-lemonde.com\/#\/schema\/person\/image\/\",\"url\":\"https:\/\/secure.gravatar.com\/avatar\/f6a3fcbb365f597d6259be5c4dc6c05c?s=96&d=mm&r=g\",\"contentUrl\":\"https:\/\/secure.gravatar.com\/avatar\/f6a3fcbb365f597d6259be5c4dc6c05c?s=96&d=mm&r=g\",\"caption\":\"Chap44\"},\"url\":\"https:\/\/courir-lemonde.com\/index.php\/author\/chap331244\/\"}]}<\/script>\n<!-- \/ Yoast SEO plugin. -->","yoast_head_json":{"title":"Voyage aux A\u00e7ores : Sao Miguel, la plus grande \u00eele de l'archipel des A\u00e7ores - Courir Le Monde","robots":{"index":"index","follow":"follow","max-snippet":"max-snippet:-1","max-image-preview":"max-image-preview:large","max-video-preview":"max-video-preview:-1"},"canonical":"https:\/\/courir-lemonde.com\/index.php\/2015\/10\/14\/voyage-aux-acores-sao-miguel-la-plus-grande-ile-de-larchipel-des-acores\/","og_locale":"fr_FR","og_type":"article","og_title":"Voyage aux A\u00e7ores : Sao Miguel, la plus grande \u00eele de l'archipel des A\u00e7ores - Courir Le Monde","og_description":"Le lagoa do Fogo est situ\u00e9 en plein\u00a0c\u0153ur\u00a0de l&rsquo;\u00eele de Sao Miguel (photo perso) Depuis Porto, j&rsquo;ai ralli\u00e9 l&rsquo;\u00eele de Sao Miguel par voie a\u00e9rienne avec la compagnie Ryanair. Plus vaste \u00eele de l&rsquo;archipel des A\u00e7ores, c&rsquo;est en voiture que &hellip; Continuer la lecture &rarr;","og_url":"https:\/\/courir-lemonde.com\/index.php\/2015\/10\/14\/voyage-aux-acores-sao-miguel-la-plus-grande-ile-de-larchipel-des-acores\/","og_site_name":"Courir Le Monde","article_published_time":"2015-10-14T10:23:56+00:00","article_modified_time":"2018-05-11T21:26:32+00:00","og_image":[{"url":"http:\/\/courir-lemonde.com\/wp-content\/uploads\/2015\/12\/IMGP7902-1024x768.jpg"}],"author":"Chap44","twitter_card":"summary_large_image","twitter_misc":{"\u00c9crit par":"Chap44","Dur\u00e9e de lecture estim\u00e9e":"14 minutes"},"schema":{"@context":"https:\/\/schema.org","@graph":[{"@type":"WebPage","@id":"https:\/\/courir-lemonde.com\/index.php\/2015\/10\/14\/voyage-aux-acores-sao-miguel-la-plus-grande-ile-de-larchipel-des-acores\/","url":"https:\/\/courir-lemonde.com\/index.php\/2015\/10\/14\/voyage-aux-acores-sao-miguel-la-plus-grande-ile-de-larchipel-des-acores\/","name":"Voyage aux A\u00e7ores : Sao Miguel, la plus grande \u00eele de l'archipel des A\u00e7ores - Courir Le Monde","isPartOf":{"@id":"https:\/\/courir-lemonde.com\/#website"},"datePublished":"2015-10-14T10:23:56+00:00","dateModified":"2018-05-11T21:26:32+00:00","author":{"@id":"https:\/\/courir-lemonde.com\/#\/schema\/person\/baaa624d701d53d176c763f85b3114e4"},"breadcrumb":{"@id":"https:\/\/courir-lemonde.com\/index.php\/2015\/10\/14\/voyage-aux-acores-sao-miguel-la-plus-grande-ile-de-larchipel-des-acores\/#breadcrumb"},"inLanguage":"fr-FR","potentialAction":[{"@type":"ReadAction","target":["https:\/\/courir-lemonde.com\/index.php\/2015\/10\/14\/voyage-aux-acores-sao-miguel-la-plus-grande-ile-de-larchipel-des-acores\/"]}]},{"@type":"BreadcrumbList","@id":"https:\/\/courir-lemonde.com\/index.php\/2015\/10\/14\/voyage-aux-acores-sao-miguel-la-plus-grande-ile-de-larchipel-des-acores\/#breadcrumb","itemListElement":[{"@type":"ListItem","position":1,"name":"Accueil","item":"https:\/\/courir-lemonde.com\/"},{"@type":"ListItem","position":2,"name":"Voyage aux A\u00e7ores : Sao Miguel, la plus grande \u00eele de l&rsquo;archipel des A\u00e7ores"}]},{"@type":"WebSite","@id":"https:\/\/courir-lemonde.com\/#website","url":"https:\/\/courir-lemonde.com\/","name":"Courir Le Monde","description":"Le site de Valentin Chapalain, passionn\u00e9 d&#039;aventures et de voyages","potentialAction":[{"@type":"SearchAction","target":{"@type":"EntryPoint","urlTemplate":"https:\/\/courir-lemonde.com\/?s={search_term_string}"},"query-input":"required name=search_term_string"}],"inLanguage":"fr-FR"},{"@type":"Person","@id":"https:\/\/courir-lemonde.com\/#\/schema\/person\/baaa624d701d53d176c763f85b3114e4","name":"Chap44","image":{"@type":"ImageObject","inLanguage":"fr-FR","@id":"https:\/\/courir-lemonde.com\/#\/schema\/person\/image\/","url":"https:\/\/secure.gravatar.com\/avatar\/f6a3fcbb365f597d6259be5c4dc6c05c?s=96&d=mm&r=g","contentUrl":"https:\/\/secure.gravatar.com\/avatar\/f6a3fcbb365f597d6259be5c4dc6c05c?s=96&d=mm&r=g","caption":"Chap44"},"url":"https:\/\/courir-lemonde.com\/index.php\/author\/chap331244\/"}]}},"_links":{"self":[{"href":"https:\/\/courir-lemonde.com\/index.php\/wp-json\/wp\/v2\/posts\/114"}],"collection":[{"href":"https:\/\/courir-lemonde.com\/index.php\/wp-json\/wp\/v2\/posts"}],"about":[{"href":"https:\/\/courir-lemonde.com\/index.php\/wp-json\/wp\/v2\/types\/post"}],"author":[{"embeddable":true,"href":"https:\/\/courir-lemonde.com\/index.php\/wp-json\/wp\/v2\/users\/1"}],"replies":[{"embeddable":true,"href":"https:\/\/courir-lemonde.com\/index.php\/wp-json\/wp\/v2\/comments?post=114"}],"version-history":[{"count":15,"href":"https:\/\/courir-lemonde.com\/index.php\/wp-json\/wp\/v2\/posts\/114\/revisions"}],"predecessor-version":[{"id":4286,"href":"https:\/\/courir-lemonde.com\/index.php\/wp-json\/wp\/v2\/posts\/114\/revisions\/4286"}],"wp:attachment":[{"href":"https:\/\/courir-lemonde.com\/index.php\/wp-json\/wp\/v2\/media?parent=114"}],"wp:term":[{"taxonomy":"category","embeddable":true,"href":"https:\/\/courir-lemonde.com\/index.php\/wp-json\/wp\/v2\/categories?post=114"},{"taxonomy":"post_tag","embeddable":true,"href":"https:\/\/courir-lemonde.com\/index.php\/wp-json\/wp\/v2\/tags?post=114"}],"curies":[{"name":"wp","href":"https:\/\/api.w.org\/{rel}","templated":true}]}}