{"id":118,"date":"2015-10-20T17:19:13","date_gmt":"2015-10-20T16:19:13","guid":{"rendered":"http:\/\/courir-lemonde.com\/?p=118"},"modified":"2018-04-26T07:28:22","modified_gmt":"2018-04-26T06:28:22","slug":"voyage-aux-acores-randonnees-sportives-et-rencontres-chaleureuses-sur-lile","status":"publish","type":"post","link":"https:\/\/courir-lemonde.com\/index.php\/2015\/10\/20\/voyage-aux-acores-randonnees-sportives-et-rencontres-chaleureuses-sur-lile\/","title":{"rendered":"Voyage aux A\u00e7ores : randonn\u00e9es sportives et rencontres chaleureuses sur l&rsquo;\u00eele de Pico"},"content":{"rendered":"<p><a href=\"http:\/\/courir-lemonde.com\/wp-content\/uploads\/2015\/12\/IMGP8740.jpg\"><img loading=\"lazy\" decoding=\"async\" class=\"aligncenter wp-image-1311\" src=\"http:\/\/courir-lemonde.com\/wp-content\/uploads\/2015\/12\/IMGP8740-1024x768.jpg\" alt=\"IMGP8740\" width=\"500\" height=\"377\" \/><\/a><\/p>\n<p style=\"text-align: center;\"><i>Couronnant une formidable journ\u00e9e, super panorama devant l&rsquo;impressionnant volcan Pico (photo perso)<\/i><\/p>\n<p style=\"text-align: justify;\"><i>Apr\u00e8s <a href=\"http:\/\/courir-lemonde.com\/index.php\/2015\/10\/10\/sur-la-route-des-acores-escale-ensoleillee-a-porto\/\">une halte ensoleill\u00e9e du c\u00f4t\u00e9 de Porto<\/a>, <a href=\"http:\/\/courir-lemonde.com\/index.php\/2015\/10\/14\/sao-miguel-la-plus-grande-ile-de-larchipel-des-acores\/\">quatre journ\u00e9es sur Sao Miguel, la plus grande \u00eele de l&rsquo;archipel<\/a> et <a href=\"http:\/\/courir-lemonde.com\/index.php\/2015\/10\/17\/faial-lile-bleu-parcouru-a-pied\/\">une escapade sur l&rsquo;\u00eele de Faial<\/a>, j&rsquo;ai conclu mon p\u00e9riple par une troisi\u00e8me \u00eele a\u00e7orienne \u00e0 savoir Pico, l&rsquo;\u00eele du c\u00e9l\u00e8bre volcan, point culminant du Portugal du haut de ses 2350 m\u00e8tres d&rsquo;altitude. Quatre belles journ\u00e9es ensoleill\u00e9es \u00e0 vadrouiller \u00e0 pied, \u00e0 v\u00e9lo ou en bus sur la seconde \u00eele de l&rsquo;archipel en termes de superficie.\u00a0<\/i><!--more--><\/p>\n<p style=\"text-align: justify;\"><strong>Depuis Horta, j&rsquo;ai facilement gagn\u00e9 Madalena via le ferry qui effectue plusieurs fois par jours la liaison entre les \u00eeles de Faial et de Pico.<\/strong> Le m\u00eame ferry que j&rsquo;avais pris auparavant pour rallier Faial. En ce vendredi 18 septembre, la m\u00e9t\u00e9o \u00e9tait plus incertaine que les jours pr\u00e9c\u00e9dents et le ciel resta assez couvert une bonne partie de la journ\u00e9e. <strong>Mon objectif du jour \u00e9tait d&rsquo;atteindre le village de Terra do Pao.<\/strong> Il y avait 22 kilom\u00e8tres \u00e0 parcourir depuis Madalena o\u00f9 j&rsquo;avais accost\u00e9 en d\u00e9but d&rsquo;apr\u00e8s-midi. Si au d\u00e9but, j&rsquo;\u00e9tais partant pour effectuer le trajet \u00e0 pied, j&rsquo;ai finalement opt\u00e9 pour l&rsquo;option bus. Ce dernier partait \u00e0 17h45 ce qui me laissait une bonne partie de l&rsquo;apr\u00e8s-midi libre. <strong>L&rsquo;occasion de se balader dans la plus grande ville de l&rsquo;\u00eele de Pico, de faire quelques courses alimentaires et de trouver un rempla\u00e7ant \u00e0 mon chapeau envol\u00e9<\/strong> <strong>la veille sur le site du volcan Capelinhos.<\/strong><\/p>\n<p><a href=\"http:\/\/courir-lemonde.com\/wp-content\/uploads\/2015\/12\/IMGP8458.jpg\"><img loading=\"lazy\" decoding=\"async\" class=\"aligncenter wp-image-1331\" src=\"http:\/\/courir-lemonde.com\/wp-content\/uploads\/2015\/12\/IMGP8458-1024x768.jpg\" alt=\"IMGP8458\" width=\"500\" height=\"377\" \/><\/a><\/p>\n<p style=\"text-align: center;\"><em>Aper\u00e7u de Madalena, la plus grande ville de l&rsquo;\u00eele de Pico (photo perso)<\/em><\/p>\n<p><a href=\"http:\/\/courir-lemonde.com\/wp-content\/uploads\/2015\/12\/IMGP8477.jpg\"><img loading=\"lazy\" decoding=\"async\" class=\"aligncenter wp-image-1332\" src=\"http:\/\/courir-lemonde.com\/wp-content\/uploads\/2015\/12\/IMGP8477-1024x768.jpg\" alt=\"IMGP8477\" width=\"500\" height=\"377\" \/><\/a><\/p>\n<p style=\"text-align: center;\"><em>Mon paquetage apr\u00e8s quelques courses dans le supermarch\u00e9 du coin (photo perso)<\/em><\/p>\n<p style=\"text-align: justify;\">Avec un petit quart d&rsquo;heure de retard, le bus en direction de la pointe orientale de l&rsquo;\u00eele arriva. Une bonne dizaine de locaux l&rsquo;attendait sans perdre patience. Incontestablement, sur cet archipel de l&rsquo;Atlantique <strong>il r\u00e8gne une z\u00e9nitude<\/strong> que l&rsquo;on ne trouve pas en France notamment dans les grandes agglom\u00e9rations o\u00f9 tout est minut\u00e9 et chronom\u00e9tr\u00e9.<\/p>\n<p><a href=\"http:\/\/courir-lemonde.com\/wp-content\/uploads\/2015\/12\/IMGP8501.jpg\"><img loading=\"lazy\" decoding=\"async\" class=\"aligncenter wp-image-1354\" src=\"http:\/\/courir-lemonde.com\/wp-content\/uploads\/2015\/12\/IMGP8501-1024x768.jpg\" alt=\"IMGP8501\" width=\"500\" height=\"377\" \/><\/a><\/p>\n<p style=\"text-align: center;\"><em>Paysages de vignes \u00e0 Terra do Pao. A noter qu&rsquo;une partie des vignes de l&rsquo;\u00eele sont class\u00e9es au patrimoine de l&rsquo;UNESCO (photo perso)<\/em><\/p>\n<p style=\"text-align: justify;\"><strong>Vers 18h30, le bus me d\u00e9posa \u00e0 l&rsquo;entr\u00e9e de Terra do Pao.<\/strong>\u00a0En chemin vers mon pied-\u00e0-terre du soir, je rencontrai un vieillard du coin qui tentait de m&rsquo;expliquer des anecdotes locales\u00a0dans une langue que je ne parle pas. Apr\u00e8s environ deux kilom\u00e8tres de marche et une abrupte c\u00f4te, j&rsquo;atteignis enfin mon point de chute. <strong>Chaleureusement accueilli <a href=\"https:\/\/www.airbnb.fr\/rooms\/2026364?location=Terra%20do%20Pao%2C%20Portugal&amp;guests=1&amp;adults=1\">par V\u00e9ronique et Arthur, mes h\u00f4tes fran\u00e7ais,<\/a><\/strong> je me sentis tout de suite comme \u00e0 la maison. Une fois mes affaires d\u00e9pos\u00e9es, <strong>je passai la soir\u00e9e en leur compagnie \u00e0 discuter et contempler l&rsquo;oc\u00e9an depuis leur terrasse fleurie \u00e0 la vue cinq \u00e9toiles.<\/strong> Couscous, fromage, bi\u00e8re et vin furent au menu d&rsquo;un savoureux repas. La soir\u00e9e fut vraiment sympathique et<strong> je pris plaisir \u00e0 faire connaissance avec ce couple de fran\u00e7ais tomb\u00e9 amoureux des A\u00e7ores et vivant sur Pico depuis neuf ans<\/strong>. Vers minuit, j&rsquo;allai me coucher. Mon s\u00e9jour sur Pico commen\u00e7ait bien.<\/p>\n<p style=\"text-align: justify;\">A mon r\u00e9veil vers 8h30, le soleil \u00e9tait de retour sur Pico. <strong>Une fois le succulent petit d\u00e9jeuner pr\u00e9par\u00e9 par V\u00e9ronique d\u00e9gust\u00e9 en t\u00eate \u00e0 t\u00eate avec l&rsquo;immensit\u00e9 atlantique<\/strong>, il fut temps de se pr\u00e9parer pour la randonn\u00e9e cycliste que je m&rsquo;\u00e9tais concoct\u00e9e pour ce samedi 19 septembre. En effet ayant parler de ma passion du v\u00e9lo, <strong>mes h\u00f4tes m&rsquo;avait amicalement propos\u00e9 de me pr\u00eater un v\u00e9lo.<\/strong> Mon objectif du jour : <strong>en longeant la c\u00f4te, atteindre la pointe orientale de Pico du c\u00f4t\u00e9 de Piedade.<\/strong> <strong>Au retour, recommand\u00e9 par Arthur et V\u00e9ronique, j&rsquo;envisageais d&rsquo;arpenter l&rsquo;int\u00e9rieur tr\u00e8s montagneux de l&rsquo;\u00eele.<\/strong> Cela restait \u00e0 d\u00e9terminer en fonction de la forme du jour.<\/p>\n<p><a href=\"http:\/\/courir-lemonde.com\/wp-content\/uploads\/2015\/12\/IMGP8514.jpg\"><img loading=\"lazy\" decoding=\"async\" class=\"aligncenter wp-image-1334\" src=\"http:\/\/courir-lemonde.com\/wp-content\/uploads\/2015\/12\/IMGP8514-1024x768.jpg\" alt=\"IMGP8514\" width=\"500\" height=\"377\" \/><\/a><\/p>\n<p style=\"text-align: center;\"><em>La terrasse fleurie de V\u00e9ronique et Arthur : v\u00e9ritable havre de paix d&rsquo;o\u00f9 l&rsquo;on peut contempler l&rsquo;oc\u00e9an et observer baleines ou cachalots (photo perso)<\/em><\/p>\n<p><a href=\"http:\/\/courir-lemonde.com\/wp-content\/uploads\/2015\/12\/IMGP8520.jpg\"><img loading=\"lazy\" decoding=\"async\" class=\"aligncenter wp-image-1335\" src=\"http:\/\/courir-lemonde.com\/wp-content\/uploads\/2015\/12\/IMGP8520-1024x768.jpg\" alt=\"IMGP8520\" width=\"500\" height=\"377\" \/><\/a><\/p>\n<p style=\"text-align: center;\"><em>Petit aper\u00e7u de Terra do Pao sur les contreforts de l&rsquo;impressionnant Pico (photo pe<\/em>rso)<\/p>\n<p style=\"text-align: justify;\">Apr\u00e8s <strong>une halte du c\u00f4t\u00e9 de Lajes<\/strong> pour me renseigner sur le whale watching, autrement dit l&rsquo;observation des c\u00e9tac\u00e9s en pleine mer, je poursuivis joyeusement ma route en direction de la pointe orientale de l&rsquo;\u00eele. <strong>Longeant la c\u00f4te, le profil topographique \u00e9tait tr\u00e8s vallonn\u00e9 tandis que les paysages \u00e9taient magnifiques : littoral\u00a0d\u00e9coup\u00e9, champs \u00e0 flanc de montagne, villages typiques et v\u00e9g\u00e9tation exub\u00e9rante.<\/strong> En forme, je maintenais une excellente allure en d\u00e9pit du parcours escarp\u00e9 et je ne manquai pas de m\u2019arr\u00eater r\u00e9guli\u00e8rement pour savourer les paysages. <strong>J&rsquo;\u00e9tais heureux et je prenais beaucoup de plaisir \u00e0 sillonner l&rsquo;\u00eele de Pico \u00e0 bicyclette par ce temps radieux.\u00a0<\/strong><\/p>\n<p><a href=\"http:\/\/courir-lemonde.com\/wp-content\/uploads\/2015\/12\/IMGP8581.jpg\"><img loading=\"lazy\" decoding=\"async\" class=\"aligncenter wp-image-1336\" src=\"http:\/\/courir-lemonde.com\/wp-content\/uploads\/2015\/12\/IMGP8581-1024x768.jpg\" alt=\"IMGP8581\" width=\"500\" height=\"377\" \/><\/a><\/p>\n<p style=\"text-align: center;\"><em>Paysages caract\u00e9ristiques de la partie m\u00e9ridionale de Pico entre Lajes et Piedade (photo perso)<\/em><\/p>\n<p><a href=\"http:\/\/courir-lemonde.com\/wp-content\/uploads\/2015\/12\/IMGP8597.jpg\"><img loading=\"lazy\" decoding=\"async\" class=\"aligncenter wp-image-1337\" src=\"http:\/\/courir-lemonde.com\/wp-content\/uploads\/2015\/12\/IMGP8597-1024x768.jpg\" alt=\"IMGP8597\" width=\"501\" height=\"378\" \/><\/a><\/p>\n<p style=\"text-align: center;\"><em>A l&rsquo;image des bananiers, la v\u00e9g\u00e9tation est vraiment tr\u00e8s luxuriante sur Pico o\u00f9 la flore est extr\u00eamement vari\u00e9e (photo perso)<\/em><\/p>\n<p><a href=\"http:\/\/courir-lemonde.com\/wp-content\/uploads\/2015\/12\/IMGP8600.jpg\"><img loading=\"lazy\" decoding=\"async\" class=\"aligncenter wp-image-1338\" src=\"http:\/\/courir-lemonde.com\/wp-content\/uploads\/2015\/12\/IMGP8600-1024x768.jpg\" alt=\"IMGP8600\" width=\"500\" height=\"377\" \/><\/a><\/p>\n<p style=\"text-align: center;\"><em>Par moment, l&rsquo;on se croirait presque en Amazonie tant la v\u00e9g\u00e9tation est dense sur l&rsquo;archipel des A\u00e7ores (photo perso)<\/em><\/p>\n<p><a href=\"http:\/\/courir-lemonde.com\/wp-content\/uploads\/2015\/12\/IMGP8603.jpg\"><img loading=\"lazy\" decoding=\"async\" class=\"aligncenter wp-image-1339\" src=\"http:\/\/courir-lemonde.com\/wp-content\/uploads\/2015\/12\/IMGP8603-768x1024.jpg\" alt=\"IMGP8603\" width=\"378\" height=\"501\" \/><\/a><\/p>\n<p style=\"text-align: center;\"><em>Heureux sur mon v\u00e9lo (photo perso)<\/em><\/p>\n<p><a href=\"http:\/\/courir-lemonde.com\/wp-content\/uploads\/2015\/12\/IMGP8616.jpg\"><img loading=\"lazy\" decoding=\"async\" class=\"aligncenter wp-image-1340\" src=\"http:\/\/courir-lemonde.com\/wp-content\/uploads\/2015\/12\/IMGP8616-1024x768.jpg\" alt=\"IMGP8616\" width=\"500\" height=\"377\" \/><\/a><\/p>\n<p style=\"text-align: center;\"><em>La pointe orientale de l&rsquo;\u00eele o\u00f9 j&rsquo;ai pu d\u00e9jeuner (photo perso)<\/em><\/p>\n<p style=\"text-align: justify;\">Apr\u00e8s ma pause d\u00e9jeuner du c\u00f4t\u00e9 de extr\u00e9mit\u00e9 Est de l&rsquo;\u00eele, <strong>je repris tranquillement mon v\u00e9lo pour m&rsquo;attaquer au plat de r\u00e9sistance de l&rsquo;\u00e9tape du jour : la conqu\u00eate de l&rsquo;int\u00e9rieur de l&rsquo;\u00eele.<\/strong> <strong>L&rsquo;objectif \u00e9tait tr\u00e8s ambitieux avec un d\u00e9nivel\u00e9 positif de plus de 1000 m\u00e8tres sur 15 kilom\u00e8tres.<\/strong> R\u00e9sultat, je peux vous dire que j&rsquo;ai vraiment morfl\u00e9 sur des pentes r\u00e9guli\u00e8rement \u00e0 plus de 15 ou 20% et sur des routes qui ressemblaient plus \u00e0 des chemins de terre qu&rsquo;autre chose. Cependant, le jeu en valait la chandelle et je ne regrettai aucunement mon choix en d\u00e9pit de l&rsquo;extr\u00eame difficult\u00e9 du parcours. Durant cet apr\u00e8s-midi, je n&rsquo;ai crois\u00e9 quasiment personne hormis des vaches omnipr\u00e9sentes sur les hauteurs de Pico.<strong> Le cadre \u00e9tait tr\u00e8s naturel habill\u00e9 principalement de montagnes arrondies et de vastes p\u00e2turages verdoyants.<\/strong> Sportivement, c&rsquo;\u00e9tait excessivement costaud et clairement \u00ab\u00a0j&rsquo;en chiais\u00a0\u00bb mais c&rsquo;\u00e9tait tellement d\u00e9paysant, tellement apaisant et j&rsquo;\u00e9prouvai un sentiment de libert\u00e9 totale !<\/p>\n<p><a href=\"http:\/\/courir-lemonde.com\/wp-content\/uploads\/2015\/12\/IMGP8663.jpg\"><img loading=\"lazy\" decoding=\"async\" class=\"aligncenter wp-image-1341\" src=\"http:\/\/courir-lemonde.com\/wp-content\/uploads\/2015\/12\/IMGP8663-1024x768.jpg\" alt=\"IMGP8663\" width=\"500\" height=\"377\" \/><\/a><\/p>\n<p style=\"text-align: center;\"><em>Sur les hauteurs de Pico, des paysages qui rappellent un peu l&rsquo;Irlande (photo perso)<\/em><\/p>\n<p><a href=\"http:\/\/courir-lemonde.com\/wp-content\/uploads\/2015\/12\/IMGP8675.jpg\"><img loading=\"lazy\" decoding=\"async\" class=\"aligncenter wp-image-1342\" src=\"http:\/\/courir-lemonde.com\/wp-content\/uploads\/2015\/12\/IMGP8675-1024x768.jpg\" alt=\"IMGP8675\" width=\"500\" height=\"377\" \/><\/a><\/p>\n<p style=\"text-align: center;\"><em>Muni de mon v\u00e9lo, j&rsquo;ai du escalader des pourcentages \u00e0 plus de 20% par moment (photo perso)<\/em><\/p>\n<p><a href=\"http:\/\/courir-lemonde.com\/wp-content\/uploads\/2015\/12\/IMGP8688.jpg\"><img loading=\"lazy\" decoding=\"async\" class=\"aligncenter wp-image-1343\" src=\"http:\/\/courir-lemonde.com\/wp-content\/uploads\/2015\/12\/IMGP8688-1024x768.jpg\" alt=\"IMGP8688\" width=\"500\" height=\"377\" \/><\/a><\/p>\n<p style=\"text-align: center;\"><em>Sur ces p\u00e2turages\u00a0d&rsquo;altitude, ce sont les vaches qui r\u00e8gnent sereinement (photo perso)<\/em><\/p>\n<p><a href=\"http:\/\/courir-lemonde.com\/wp-content\/uploads\/2015\/12\/IMGP8700.jpg\"><img loading=\"lazy\" decoding=\"async\" class=\"aligncenter wp-image-1344\" src=\"http:\/\/courir-lemonde.com\/wp-content\/uploads\/2015\/12\/IMGP8700-1024x768.jpg\" alt=\"IMGP8700\" width=\"500\" height=\"377\" \/><\/a><\/p>\n<p style=\"text-align: center;\"><em>La \u00ab\u00a0route\u00a0\u00bb barr\u00e9e par un troupeau de vaches (photo perso)<\/em><\/p>\n<p><a href=\"http:\/\/courir-lemonde.com\/wp-content\/uploads\/2015\/12\/IMGP8730.jpg\"><img loading=\"lazy\" decoding=\"async\" class=\"aligncenter wp-image-1345\" src=\"http:\/\/courir-lemonde.com\/wp-content\/uploads\/2015\/12\/IMGP8730-1024x768.jpg\" alt=\"IMGP8730\" width=\"500\" height=\"377\" \/><\/a><\/p>\n<p style=\"text-align: center;\"><em>Superbe journ\u00e9e sur l&rsquo;\u00eele de Pico (photo perso)<\/em><\/p>\n<p><a href=\"http:\/\/courir-lemonde.com\/wp-content\/uploads\/2015\/12\/IMGP8746.jpg\"><img loading=\"lazy\" decoding=\"async\" class=\"aligncenter wp-image-1346\" src=\"http:\/\/courir-lemonde.com\/wp-content\/uploads\/2015\/12\/IMGP8746-1024x768.jpg\" alt=\"IMGP8746\" width=\"500\" height=\"377\" \/><\/a><\/p>\n<p style=\"text-align: center;\"><em>Nous sommes bien aux A\u00e7ores et non pas en Irlande (photo perso)<\/em><\/p>\n<p><a href=\"http:\/\/courir-lemonde.com\/wp-content\/uploads\/2015\/12\/IMGP8749.jpg\"><img loading=\"lazy\" decoding=\"async\" class=\"aligncenter wp-image-1347\" src=\"http:\/\/courir-lemonde.com\/wp-content\/uploads\/2015\/12\/IMGP8749-1024x768.jpg\" alt=\"IMGP8749\" width=\"500\" height=\"377\" \/><\/a><\/p>\n<p style=\"text-align: center;\"><em>La bourgade de Lajes avec le volcan Pico au loin. Du haut de ses 2350 m\u00e8tres il surplombe l&rsquo;\u00eele ce qui en fait le point culminant du Portugal (photo perso)<\/em><\/p>\n<p style=\"text-align: justify;\">Vers 16h30, j&rsquo;amor\u00e7ai la descente vers Lajes avant de rentrer compl\u00e8tement euphorique \u00e0 Terra do Pao o\u00f9 V\u00e9ronique et Arthur attendaient le r\u00e9cit de mon \u00e9pop\u00e9e cycliste du jour. <strong>Savourant une bi\u00e8re fra\u00eeche, je leur expliquais\u00a0passionn\u00e9ment mon parcours sur la carte.<\/strong> La soir\u00e9e fut tranquille sur la terrasse de mes h\u00f4tes qui avaient invit\u00e9 des amis\u00a0tout juste\u00a0arriv\u00e9s de France\u00a0\u00e0 festoyer. <strong>Encore un bon moment pass\u00e9 dans ce havre de paix perch\u00e9 sur les hauteurs de Terra do Pao.\u00a0<\/strong><\/p>\n<p><a href=\"http:\/\/courir-lemonde.com\/wp-content\/uploads\/2015\/12\/IMGP8766.jpg\"><img loading=\"lazy\" decoding=\"async\" class=\"aligncenter wp-image-1348\" src=\"http:\/\/courir-lemonde.com\/wp-content\/uploads\/2015\/12\/IMGP8766-1024x768.jpg\" alt=\"IMGP8766\" width=\"500\" height=\"377\" \/><\/a><\/p>\n<p style=\"text-align: center;\"><em>Bi\u00e8re rafra\u00eechissante avec une journ\u00e9e \u00e9prouvante (photo perso)<\/em><\/p>\n<p style=\"text-align: justify;\"><strong>Le lendemain, la journ\u00e9e fut beaucoup plus calme.<\/strong> <strong>L&rsquo;id\u00e9e \u00e9tait de r\u00e9cup\u00e9rer apr\u00e8s la belle journ\u00e9e sportive de la veille.<\/strong> Pas tellement tent\u00e9 par le whale watching, je passai une journ\u00e9e tranquille \u00e0 l\u00e9zarder pr\u00e8s de la piscine naturelle situ\u00e9e non loin de mon pied-\u00e0-terre et \u00e0 me baigner dans l&rsquo;Atlantique. En fin de journ\u00e9e, j&rsquo;assistai avec Nele, globe-trotteuse Belge fra\u00eechement arriv\u00e9e chez V\u00e9ronique et Arthur<strong> \u00e0 un magnifique coucher de soleil. <\/strong>Comme de coutume, la soir\u00e9e fut superbe sur la terrasse, lieu de discussions et d&rsquo;\u00e9change.<strong> Pour pimenter ma derni\u00e8re soir\u00e9e \u00e0 Terra do Pao, l&rsquo;on joua une partie de Yaniv, un jeu de cartes isra\u00e9lien.<\/strong> La partie, haletante, fut remport\u00e9e par Arthur, plus malin et astucieux que Nele et moi.<\/p>\n<p><a href=\"http:\/\/courir-lemonde.com\/wp-content\/uploads\/2015\/12\/IMGP8775.jpg\"><img loading=\"lazy\" decoding=\"async\" class=\"aligncenter wp-image-1349\" src=\"http:\/\/courir-lemonde.com\/wp-content\/uploads\/2015\/12\/IMGP8775-1024x768.jpg\" alt=\"IMGP8775\" width=\"500\" height=\"377\" \/><\/a><\/p>\n<p style=\"text-align: center;\"><em>Piscine naturelle \u00e0 quelques d\u00e9cam\u00e8tres de chez V\u00e9ronique et Arthur (photo perso)<\/em><\/p>\n<p><a href=\"http:\/\/courir-lemonde.com\/wp-content\/uploads\/2015\/12\/IMGP8790.jpg\"><img loading=\"lazy\" decoding=\"async\" class=\"aligncenter wp-image-1350\" src=\"http:\/\/courir-lemonde.com\/wp-content\/uploads\/2015\/12\/IMGP8790-768x1024.jpg\" alt=\"IMGP8790\" width=\"377\" height=\"500\" \/><\/a><\/p>\n<p style=\"text-align: center;\"><em>Moment de relaxation sur l&rsquo;un des hamacs de mes formidables h\u00f4tes (photo perso)<\/em><\/p>\n<p><a href=\"http:\/\/courir-lemonde.com\/wp-content\/uploads\/2015\/12\/IMGP8780.jpg\"><img loading=\"lazy\" decoding=\"async\" class=\"aligncenter wp-image-1351\" src=\"http:\/\/courir-lemonde.com\/wp-content\/uploads\/2015\/12\/IMGP8780-1024x768.jpg\" alt=\"IMGP8780\" width=\"500\" height=\"377\" \/><\/a><\/p>\n<p style=\"text-align: center;\"><em>Coquette maisonnette \u00e0 Terra do Pao (photo perso)<\/em><\/p>\n<p><a href=\"http:\/\/courir-lemonde.com\/wp-content\/uploads\/2015\/12\/IMGP8810.jpg\"><img loading=\"lazy\" decoding=\"async\" class=\"aligncenter wp-image-1352\" src=\"http:\/\/courir-lemonde.com\/wp-content\/uploads\/2015\/12\/IMGP8810-1024x768.jpg\" alt=\"IMGP8810\" width=\"500\" height=\"377\" \/><\/a><\/p>\n<p style=\"text-align: center;\"><em>Le soleil se couchant sur Pico (photo perso)<\/em><\/p>\n<p style=\"text-align: justify;\">Lundi 21 septembre, c&rsquo;est le jour du grand d\u00e9part de chez V\u00e9ronique et Arthur. <strong>Mon objectif du jour \u00e9tait de rallier Sao Roque do Pico sur la c\u00f4te nord de l&rsquo;\u00eele.<\/strong> Apr\u00e8s un d\u00e9but de journ\u00e9e tranquille, je pris la route en compagnie de mes exceptionnels\u00a0h\u00f4tes qui avaient d\u00e9cid\u00e9s d\u2019emmener Nele au pied du Pico car celle-ci souhaitait escalader le point culminant du Portugal. <strong>Les adieux avec V\u00e9ronique et Arthur furent vraiment touchants.<\/strong> <strong>Une belle rencontre avec ces atypiques Fran\u00e7ais expatri\u00e9s aux A\u00e7ores. Je les remercie vraiment pour leur accueil chaleureux et leur extr\u00eame gentillesse<\/strong>.<\/p>\n<p style=\"text-align: justify;\"><strong>Depuis le pied du Pico, j&rsquo;avais environ 20 kilom\u00e8tres \u00e0 parcourir pour atteindre Sao Roque.<\/strong> Dans un premier temps, le parcours \u00e9tait tr\u00e8s roulant le long d&rsquo;une route peu fr\u00e9quent\u00e9e. <strong>Le cadre \u00e9tait magnifique et d\u00e9sertique. A ma droite, j&rsquo;avais le chauve et mythique volcan Pico tandis que sur ma gauche je pouvais contempler l&rsquo;oc\u00e9an et la longiligne \u00eele de Sao Jorge au loin.<\/strong> Apr\u00e8s une pause d\u00e9jeuner pr\u00e8s du Lagoa do Capitao, j&rsquo;attaquai la seconde partie de ma randonn\u00e9e. Celle-ci fut majoritairement en descente\u00a0\u00e0 travers des paysages de plus en plus bois\u00e9s au fur et \u00e0 mesure que l&rsquo;altitude diminuait.<\/p>\n<p style=\"text-align: justify;\">C&rsquo;est vers 17h00 que j&rsquo;atteignis tranquillement l&rsquo;auberge que j&rsquo;avais \u00e9lu comme domicile pour la nuit, la pousada do Pico. <strong>Une fois mes affaires pos\u00e9es, j&rsquo;entrepris un footing pour d\u00e9couvrir les alentours.<\/strong> Puis la soir\u00e9e fut calme dans mon dortoir entre gestion de mes comptes, lecture et visionnage des photos.<\/p>\n<p><a href=\"http:\/\/courir-lemonde.com\/wp-content\/uploads\/2015\/12\/IMGP8821.jpg\"><img loading=\"lazy\" decoding=\"async\" class=\"aligncenter wp-image-1353\" src=\"http:\/\/courir-lemonde.com\/wp-content\/uploads\/2015\/12\/IMGP8821-1024x768.jpg\" alt=\"IMGP8821\" width=\"500\" height=\"377\" \/><\/a><\/p>\n<p style=\"text-align: center;\"><em>Aux c\u00f4t\u00e9s de V\u00e9ronique et Arthur.\u00a0Incontestablement\u00a0la plus belle rencontre de mon <\/em><em>p\u00e9riple (photo perso)<\/em><\/p>\n<p style=\"text-align: center;\"><a href=\"http:\/\/courir-lemonde.com\/wp-content\/uploads\/2015\/10\/IMGP8822.jpg\"><img loading=\"lazy\" decoding=\"async\" class=\"aligncenter wp-image-1360\" src=\"http:\/\/courir-lemonde.com\/wp-content\/uploads\/2015\/10\/IMGP8822-1024x768.jpg\" alt=\"IMGP8822\" width=\"500\" height=\"377\" \/><\/a><\/p>\n<p style=\"text-align: center;\"><em>Sur les hauteurs de Pico (photo perso)<\/em><\/p>\n<p style=\"text-align: center;\"><a href=\"http:\/\/courir-lemonde.com\/wp-content\/uploads\/2015\/10\/IMGP8842.jpg\"><img loading=\"lazy\" decoding=\"async\" class=\"aligncenter wp-image-1362\" src=\"http:\/\/courir-lemonde.com\/wp-content\/uploads\/2015\/10\/IMGP8842-1024x768.jpg\" alt=\"IMGP8842\" width=\"500\" height=\"377\" \/><\/a><\/p>\n<p style=\"text-align: center;\"><em>Look original pour cette randonn\u00e9e (photo perso)<\/em><\/p>\n<p style=\"text-align: center;\"><a href=\"http:\/\/courir-lemonde.com\/wp-content\/uploads\/2015\/10\/IMGP8850.jpg\"><img loading=\"lazy\" decoding=\"async\" class=\"aligncenter wp-image-1363\" src=\"http:\/\/courir-lemonde.com\/wp-content\/uploads\/2015\/10\/IMGP8850-1024x768.jpg\" alt=\"IMGP8850\" width=\"501\" height=\"378\" \/><\/a><\/p>\n<p style=\"text-align: center;\"><em>Le chauve Pico domine le paysage (photo perso)<\/em><\/p>\n<p style=\"text-align: center;\"><a href=\"http:\/\/courir-lemonde.com\/wp-content\/uploads\/2015\/10\/IMGP8908.jpg\"><img loading=\"lazy\" decoding=\"async\" class=\"aligncenter wp-image-1364\" src=\"http:\/\/courir-lemonde.com\/wp-content\/uploads\/2015\/10\/IMGP8908-1024x768.jpg\" alt=\"IMGP8908\" width=\"500\" height=\"377\" \/><\/a><\/p>\n<p style=\"text-align: center;\"><em>Le littoral sur la c\u00f4te Nord de Pico pr\u00e8s de Sao Roque (photo perso)<\/em><\/p>\n<p style=\"text-align: center;\"><a href=\"http:\/\/courir-lemonde.com\/wp-content\/uploads\/2015\/10\/IMGP8915.jpg\"><img loading=\"lazy\" decoding=\"async\" class=\"aligncenter wp-image-1359\" src=\"http:\/\/courir-lemonde.com\/wp-content\/uploads\/2015\/10\/IMGP8915-1024x768.jpg\" alt=\"IMGP8915\" width=\"500\" height=\"377\" \/><\/a><\/p>\n<p style=\"text-align: center;\"><em>La pousada do Pico, o\u00f9 j&rsquo;ai pass\u00e9 ma derni\u00e8re nuit sur Pico (photo perso)<\/em><\/p>\n<p style=\"text-align: justify;\">Mardi 22 septembre \u00e9tait ma derni\u00e8re journ\u00e9e sur Pico et <strong>je profitai de l&rsquo;\u00e9tincelant soleil a\u00e7orien pour me baigner une derni\u00e8re fois dans une piscine naturelle<\/strong>. En d\u00e9but d&rsquo;apr\u00e8s-midi, je pris le bus pour me rendre \u00e0 <strong>l&rsquo;a\u00e9roport de Pico o\u00f9 j&rsquo;allais transiter en direction de la capitale Ponta Delgada. <\/strong>Cela sentait la fin de l&rsquo;aventure aux A\u00e7ores !<\/p>\n<p style=\"text-align: center;\"><a href=\"http:\/\/courir-lemonde.com\/wp-content\/uploads\/2015\/10\/IMGP8923.jpg\"><img loading=\"lazy\" decoding=\"async\" class=\"aligncenter wp-image-1366\" src=\"http:\/\/courir-lemonde.com\/wp-content\/uploads\/2015\/10\/IMGP8923-1024x768.jpg\" alt=\"IMGP8923\" width=\"501\" height=\"378\" \/><\/a><\/p>\n<p style=\"text-align: center;\"><em>Piscine naturelle \u00e0 Sao Roque. Au loin l&rsquo;on aper\u00e7oit les c\u00f4tes de l&rsquo;\u00eele de Sao Jorge (photo perso)<\/em><\/p>\n<p style=\"text-align: center;\"><a href=\"http:\/\/courir-lemonde.com\/wp-content\/uploads\/2015\/10\/IMGP8933.jpg\"><img loading=\"lazy\" decoding=\"async\" class=\"aligncenter wp-image-1367\" src=\"http:\/\/courir-lemonde.com\/wp-content\/uploads\/2015\/10\/IMGP8933-1024x768.jpg\" alt=\"IMGP8933\" width=\"500\" height=\"377\" \/><\/a><\/p>\n<p style=\"text-align: center;\"><em>Aper\u00e7u de Sao Roque (photo perso)<\/em><\/p>\n<p style=\"text-align: center;\"><a href=\"http:\/\/courir-lemonde.com\/wp-content\/uploads\/2015\/10\/IMGP8940.jpg\"><img loading=\"lazy\" decoding=\"async\" class=\"aligncenter wp-image-1368\" src=\"http:\/\/courir-lemonde.com\/wp-content\/uploads\/2015\/10\/IMGP8940-1024x768.jpg\" alt=\"IMGP8940\" width=\"501\" height=\"378\" \/><\/a><\/p>\n<p style=\"text-align: center;\"><em>Le Pico sous les nuages (photo perso)\u00a0<\/em><\/p>\n<p style=\"text-align: justify;\">A Ponta Delgada, j&rsquo;eus toutes les peines du monde \u00e0 trouver l&rsquo;auberge de jeunesse o\u00f9 j&rsquo;avais pr\u00e9vu de dormir. Mal indiqu\u00e9e,<strong> je tombai dessus presque par chance juste avant que la nuit n&rsquo;assombrisse trop le ciel bleut\u00e9 de la capitale de l&rsquo;archipel.<\/strong>\u00a0Le lendemain midi, je pris de nouveau <strong>un avion en direction de Porto<\/strong>, o\u00f9 je fis escale comme \u00e0 l&rsquo;aller. En soir\u00e9e, je profitai des charmes de la ville vinicole. Je fis le choix <strong>d&rsquo;un restaurant bon march\u00e9 sur la Pra\u00e7a Ribeira o\u00f9 je pu d\u00e9guster un\u00a0grand classique de la gastronomie portugaise : le Bacalhau<\/strong>, plat \u00e0 base de morue que j&rsquo;avais d\u00e9couvert avec Elisa. Le lendemain midi, apr\u00e8s un sixi\u00e8me vol en deux semaines, je retrouvais la France qui ne m&rsquo;avait franchement pas manqu\u00e9 \u00e0 l&rsquo;exception de mon amoureuse.<\/p>\n<p style=\"text-align: justify;\"><a href=\"http:\/\/courir-lemonde.com\/wp-content\/uploads\/2015\/10\/IMGP8969.jpg\"><img loading=\"lazy\" decoding=\"async\" class=\"aligncenter wp-image-1369\" src=\"http:\/\/courir-lemonde.com\/wp-content\/uploads\/2015\/10\/IMGP8969-1024x768.jpg\" alt=\"IMGP8969\" width=\"500\" height=\"377\" \/><\/a><\/p>\n<p style=\"text-align: center;\"><em>Depuis l&rsquo;avion, panorama a\u00e9rien de Sao Miguel (photo perso)\u00a0<\/em><\/p>\n<h2 style=\"text-align: center;\"><em>Petit bilan de mon p\u00e9riple aux A\u00e7ores\u00a0<\/em><\/h2>\n<p style=\"text-align: justify;\"><strong>Sur l&rsquo;archipel des A\u00e7ores, je crois que j&rsquo;ai rarement \u00e9t\u00e9 aussi zen et d\u00e9connect\u00e9 du monde<\/strong>, loin de toutes les actualit\u00e9s anxiog\u00e8nes couvertes chaque jour par les m\u00e9dias. Sans internet et avec un t\u00e9l\u00e9phone portable utilis\u00e9 presque exclusivement pour \u00e9crire \u00e0 Elisa, j&rsquo;ai ainsi pu d\u00e9guster et savourer pleinement mon p\u00e9riple dans ce magnifique archipel. <strong>Encore excentr\u00e9 des grands flux touristiques mondiaux, les A\u00e7ores ne manquent vraiment\u00a0pas de cachet et d&rsquo;ailleurs ce c\u00f4t\u00e9 inconnu et inexplor\u00e9 fait incontestablement une partie de son charme.<\/strong>\u00a0Puis quel bonheur de ne pas voir fleurir d&rsquo;identiques et moches complexes h\u00f4teliers un peu partout. Outre la s\u00e9r\u00e9nit\u00e9 qui ce d\u00e9gage de cet archipel perdu au c\u0153ur de l&rsquo;Atlantique, <strong>les paysages y sont magnifiques et tr\u00e8s naturels : un littoral sauvage, pr\u00e9serv\u00e9 et d\u00e9coup\u00e9, des lacs, des volcans et des montagnes, une v\u00e9g\u00e9tation luxuriante et dense, des sources d&rsquo;eau chaude ou encore des piscines naturelles.<\/strong>\u00a0J&rsquo;ai beaucoup aim\u00e9 les trois \u00eeles que j&rsquo;ai pu arpenter durant ce s\u00e9jour : Sao Miguel, Faial et Pico. \u00a0Un cadre somptueux o\u00f9 j&rsquo;ai pu pratiquer avec d\u00e9lectation randonn\u00e9es et sports de plein air. En r\u00e9sum\u00e9,<strong> les A\u00e7ores sont une excellente destination pour les voyageurs actifs, plut\u00f4t sportifs et surtout f\u00e9rus de nature et de paysages<\/strong>. Si vous venez pour les plages de sables fin, les piscines et les h\u00f4tels et les grosses soir\u00e9es, je pense que vous n&rsquo;avez pas choisi la bonne destination.<\/p>\n<p style=\"text-align: justify;\"><strong>Une chose est certaine les A\u00e7ores ont conquis mon c\u0153ur<\/strong> et j&rsquo;aimerais revenir sur cet archipel portugais perdu entre Europe et Am\u00e9rique pour <strong>y d\u00e9couvrir les \u00eeles que je n&rsquo;ai pas pu d\u00e9couvrir\u00a0cette fois-ci. Je pense notamment \u00e0 l&rsquo;\u00eele de Sao Jorge mais aussi \u00e0 celles plus occidentales de Flores et Corvo.<\/strong> Affaire \u00e0 suivre !<\/p>\n","protected":false},"excerpt":{"rendered":"<p>Couronnant une formidable journ\u00e9e, super panorama devant l&rsquo;impressionnant volcan Pico (photo perso) Apr\u00e8s une halte ensoleill\u00e9e du c\u00f4t\u00e9 de Porto, quatre journ\u00e9es sur Sao Miguel, la plus grande \u00eele de l&rsquo;archipel et une escapade sur l&rsquo;\u00eele de Faial, j&rsquo;ai conclu &hellip; <a href=\"https:\/\/courir-lemonde.com\/index.php\/2015\/10\/20\/voyage-aux-acores-randonnees-sportives-et-rencontres-chaleureuses-sur-lile\/\">Continuer la lecture <span class=\"meta-nav\">&rarr;<\/span><\/a><\/p>\n","protected":false},"author":1,"featured_media":0,"comment_status":"open","ping_status":"open","sticky":false,"template":"","format":"standard","meta":{"footnotes":""},"categories":[261],"tags":[46,47,187,50,48],"yoast_head":"<!-- This site is optimized with the Yoast SEO plugin v21.8.1 - https:\/\/yoast.com\/wordpress\/plugins\/seo\/ -->\n<title>Voyage aux A\u00e7ores : randonn\u00e9es sportives et rencontres chaleureuses sur l&#039;\u00eele de Pico - Courir Le Monde<\/title>\n<meta name=\"robots\" content=\"index, follow, max-snippet:-1, max-image-preview:large, max-video-preview:-1\" \/>\n<link rel=\"canonical\" href=\"https:\/\/courir-lemonde.com\/index.php\/2015\/10\/20\/voyage-aux-acores-randonnees-sportives-et-rencontres-chaleureuses-sur-lile\/\" \/>\n<meta property=\"og:locale\" content=\"fr_FR\" \/>\n<meta property=\"og:type\" content=\"article\" \/>\n<meta property=\"og:title\" content=\"Voyage aux A\u00e7ores : randonn\u00e9es sportives et rencontres chaleureuses sur l&#039;\u00eele de Pico - Courir Le Monde\" \/>\n<meta property=\"og:description\" content=\"Couronnant une formidable journ\u00e9e, super panorama devant l&rsquo;impressionnant volcan Pico (photo perso) Apr\u00e8s une halte ensoleill\u00e9e du c\u00f4t\u00e9 de Porto, quatre journ\u00e9es sur Sao Miguel, la plus grande \u00eele de l&rsquo;archipel et une escapade sur l&rsquo;\u00eele de Faial, j&rsquo;ai conclu &hellip; Continuer la lecture &rarr;\" \/>\n<meta property=\"og:url\" content=\"https:\/\/courir-lemonde.com\/index.php\/2015\/10\/20\/voyage-aux-acores-randonnees-sportives-et-rencontres-chaleureuses-sur-lile\/\" \/>\n<meta property=\"og:site_name\" content=\"Courir Le Monde\" \/>\n<meta property=\"article:published_time\" content=\"2015-10-20T16:19:13+00:00\" \/>\n<meta property=\"article:modified_time\" content=\"2018-04-26T06:28:22+00:00\" \/>\n<meta property=\"og:image\" content=\"http:\/\/courir-lemonde.com\/wp-content\/uploads\/2015\/12\/IMGP8740-1024x768.jpg\" \/>\n<meta name=\"author\" content=\"Chap44\" \/>\n<meta name=\"twitter:card\" content=\"summary_large_image\" \/>\n<meta name=\"twitter:label1\" content=\"\u00c9crit par\" \/>\n\t<meta name=\"twitter:data1\" content=\"Chap44\" \/>\n\t<meta name=\"twitter:label2\" content=\"Dur\u00e9e de lecture estim\u00e9e\" \/>\n\t<meta name=\"twitter:data2\" content=\"12 minutes\" \/>\n<script type=\"application\/ld+json\" class=\"yoast-schema-graph\">{\"@context\":\"https:\/\/schema.org\",\"@graph\":[{\"@type\":\"WebPage\",\"@id\":\"https:\/\/courir-lemonde.com\/index.php\/2015\/10\/20\/voyage-aux-acores-randonnees-sportives-et-rencontres-chaleureuses-sur-lile\/\",\"url\":\"https:\/\/courir-lemonde.com\/index.php\/2015\/10\/20\/voyage-aux-acores-randonnees-sportives-et-rencontres-chaleureuses-sur-lile\/\",\"name\":\"Voyage aux A\u00e7ores : randonn\u00e9es sportives et rencontres chaleureuses sur l'\u00eele de Pico - Courir Le Monde\",\"isPartOf\":{\"@id\":\"https:\/\/courir-lemonde.com\/#website\"},\"datePublished\":\"2015-10-20T16:19:13+00:00\",\"dateModified\":\"2018-04-26T06:28:22+00:00\",\"author\":{\"@id\":\"https:\/\/courir-lemonde.com\/#\/schema\/person\/baaa624d701d53d176c763f85b3114e4\"},\"breadcrumb\":{\"@id\":\"https:\/\/courir-lemonde.com\/index.php\/2015\/10\/20\/voyage-aux-acores-randonnees-sportives-et-rencontres-chaleureuses-sur-lile\/#breadcrumb\"},\"inLanguage\":\"fr-FR\",\"potentialAction\":[{\"@type\":\"ReadAction\",\"target\":[\"https:\/\/courir-lemonde.com\/index.php\/2015\/10\/20\/voyage-aux-acores-randonnees-sportives-et-rencontres-chaleureuses-sur-lile\/\"]}]},{\"@type\":\"BreadcrumbList\",\"@id\":\"https:\/\/courir-lemonde.com\/index.php\/2015\/10\/20\/voyage-aux-acores-randonnees-sportives-et-rencontres-chaleureuses-sur-lile\/#breadcrumb\",\"itemListElement\":[{\"@type\":\"ListItem\",\"position\":1,\"name\":\"Accueil\",\"item\":\"https:\/\/courir-lemonde.com\/\"},{\"@type\":\"ListItem\",\"position\":2,\"name\":\"Voyage aux A\u00e7ores : randonn\u00e9es sportives et rencontres chaleureuses sur l&rsquo;\u00eele de Pico\"}]},{\"@type\":\"WebSite\",\"@id\":\"https:\/\/courir-lemonde.com\/#website\",\"url\":\"https:\/\/courir-lemonde.com\/\",\"name\":\"Courir Le Monde\",\"description\":\"Le site de Valentin Chapalain, passionn\u00e9 d&#039;aventures et de voyages\",\"potentialAction\":[{\"@type\":\"SearchAction\",\"target\":{\"@type\":\"EntryPoint\",\"urlTemplate\":\"https:\/\/courir-lemonde.com\/?s={search_term_string}\"},\"query-input\":\"required name=search_term_string\"}],\"inLanguage\":\"fr-FR\"},{\"@type\":\"Person\",\"@id\":\"https:\/\/courir-lemonde.com\/#\/schema\/person\/baaa624d701d53d176c763f85b3114e4\",\"name\":\"Chap44\",\"image\":{\"@type\":\"ImageObject\",\"inLanguage\":\"fr-FR\",\"@id\":\"https:\/\/courir-lemonde.com\/#\/schema\/person\/image\/\",\"url\":\"https:\/\/secure.gravatar.com\/avatar\/f6a3fcbb365f597d6259be5c4dc6c05c?s=96&d=mm&r=g\",\"contentUrl\":\"https:\/\/secure.gravatar.com\/avatar\/f6a3fcbb365f597d6259be5c4dc6c05c?s=96&d=mm&r=g\",\"caption\":\"Chap44\"},\"url\":\"https:\/\/courir-lemonde.com\/index.php\/author\/chap331244\/\"}]}<\/script>\n<!-- \/ Yoast SEO plugin. -->","yoast_head_json":{"title":"Voyage aux A\u00e7ores : randonn\u00e9es sportives et rencontres chaleureuses sur l'\u00eele de Pico - Courir Le Monde","robots":{"index":"index","follow":"follow","max-snippet":"max-snippet:-1","max-image-preview":"max-image-preview:large","max-video-preview":"max-video-preview:-1"},"canonical":"https:\/\/courir-lemonde.com\/index.php\/2015\/10\/20\/voyage-aux-acores-randonnees-sportives-et-rencontres-chaleureuses-sur-lile\/","og_locale":"fr_FR","og_type":"article","og_title":"Voyage aux A\u00e7ores : randonn\u00e9es sportives et rencontres chaleureuses sur l'\u00eele de Pico - Courir Le Monde","og_description":"Couronnant une formidable journ\u00e9e, super panorama devant l&rsquo;impressionnant volcan Pico (photo perso) Apr\u00e8s une halte ensoleill\u00e9e du c\u00f4t\u00e9 de Porto, quatre journ\u00e9es sur Sao Miguel, la plus grande \u00eele de l&rsquo;archipel et une escapade sur l&rsquo;\u00eele de Faial, j&rsquo;ai conclu &hellip; Continuer la lecture &rarr;","og_url":"https:\/\/courir-lemonde.com\/index.php\/2015\/10\/20\/voyage-aux-acores-randonnees-sportives-et-rencontres-chaleureuses-sur-lile\/","og_site_name":"Courir Le Monde","article_published_time":"2015-10-20T16:19:13+00:00","article_modified_time":"2018-04-26T06:28:22+00:00","og_image":[{"url":"http:\/\/courir-lemonde.com\/wp-content\/uploads\/2015\/12\/IMGP8740-1024x768.jpg"}],"author":"Chap44","twitter_card":"summary_large_image","twitter_misc":{"\u00c9crit par":"Chap44","Dur\u00e9e de lecture estim\u00e9e":"12 minutes"},"schema":{"@context":"https:\/\/schema.org","@graph":[{"@type":"WebPage","@id":"https:\/\/courir-lemonde.com\/index.php\/2015\/10\/20\/voyage-aux-acores-randonnees-sportives-et-rencontres-chaleureuses-sur-lile\/","url":"https:\/\/courir-lemonde.com\/index.php\/2015\/10\/20\/voyage-aux-acores-randonnees-sportives-et-rencontres-chaleureuses-sur-lile\/","name":"Voyage aux A\u00e7ores : randonn\u00e9es sportives et rencontres chaleureuses sur l'\u00eele de Pico - Courir Le Monde","isPartOf":{"@id":"https:\/\/courir-lemonde.com\/#website"},"datePublished":"2015-10-20T16:19:13+00:00","dateModified":"2018-04-26T06:28:22+00:00","author":{"@id":"https:\/\/courir-lemonde.com\/#\/schema\/person\/baaa624d701d53d176c763f85b3114e4"},"breadcrumb":{"@id":"https:\/\/courir-lemonde.com\/index.php\/2015\/10\/20\/voyage-aux-acores-randonnees-sportives-et-rencontres-chaleureuses-sur-lile\/#breadcrumb"},"inLanguage":"fr-FR","potentialAction":[{"@type":"ReadAction","target":["https:\/\/courir-lemonde.com\/index.php\/2015\/10\/20\/voyage-aux-acores-randonnees-sportives-et-rencontres-chaleureuses-sur-lile\/"]}]},{"@type":"BreadcrumbList","@id":"https:\/\/courir-lemonde.com\/index.php\/2015\/10\/20\/voyage-aux-acores-randonnees-sportives-et-rencontres-chaleureuses-sur-lile\/#breadcrumb","itemListElement":[{"@type":"ListItem","position":1,"name":"Accueil","item":"https:\/\/courir-lemonde.com\/"},{"@type":"ListItem","position":2,"name":"Voyage aux A\u00e7ores : randonn\u00e9es sportives et rencontres chaleureuses sur l&rsquo;\u00eele de Pico"}]},{"@type":"WebSite","@id":"https:\/\/courir-lemonde.com\/#website","url":"https:\/\/courir-lemonde.com\/","name":"Courir Le Monde","description":"Le site de Valentin Chapalain, passionn\u00e9 d&#039;aventures et de voyages","potentialAction":[{"@type":"SearchAction","target":{"@type":"EntryPoint","urlTemplate":"https:\/\/courir-lemonde.com\/?s={search_term_string}"},"query-input":"required name=search_term_string"}],"inLanguage":"fr-FR"},{"@type":"Person","@id":"https:\/\/courir-lemonde.com\/#\/schema\/person\/baaa624d701d53d176c763f85b3114e4","name":"Chap44","image":{"@type":"ImageObject","inLanguage":"fr-FR","@id":"https:\/\/courir-lemonde.com\/#\/schema\/person\/image\/","url":"https:\/\/secure.gravatar.com\/avatar\/f6a3fcbb365f597d6259be5c4dc6c05c?s=96&d=mm&r=g","contentUrl":"https:\/\/secure.gravatar.com\/avatar\/f6a3fcbb365f597d6259be5c4dc6c05c?s=96&d=mm&r=g","caption":"Chap44"},"url":"https:\/\/courir-lemonde.com\/index.php\/author\/chap331244\/"}]}},"_links":{"self":[{"href":"https:\/\/courir-lemonde.com\/index.php\/wp-json\/wp\/v2\/posts\/118"}],"collection":[{"href":"https:\/\/courir-lemonde.com\/index.php\/wp-json\/wp\/v2\/posts"}],"about":[{"href":"https:\/\/courir-lemonde.com\/index.php\/wp-json\/wp\/v2\/types\/post"}],"author":[{"embeddable":true,"href":"https:\/\/courir-lemonde.com\/index.php\/wp-json\/wp\/v2\/users\/1"}],"replies":[{"embeddable":true,"href":"https:\/\/courir-lemonde.com\/index.php\/wp-json\/wp\/v2\/comments?post=118"}],"version-history":[{"count":15,"href":"https:\/\/courir-lemonde.com\/index.php\/wp-json\/wp\/v2\/posts\/118\/revisions"}],"predecessor-version":[{"id":4160,"href":"https:\/\/courir-lemonde.com\/index.php\/wp-json\/wp\/v2\/posts\/118\/revisions\/4160"}],"wp:attachment":[{"href":"https:\/\/courir-lemonde.com\/index.php\/wp-json\/wp\/v2\/media?parent=118"}],"wp:term":[{"taxonomy":"category","embeddable":true,"href":"https:\/\/courir-lemonde.com\/index.php\/wp-json\/wp\/v2\/categories?post=118"},{"taxonomy":"post_tag","embeddable":true,"href":"https:\/\/courir-lemonde.com\/index.php\/wp-json\/wp\/v2\/tags?post=118"}],"curies":[{"name":"wp","href":"https:\/\/api.w.org\/{rel}","templated":true}]}}