{"id":1488,"date":"2012-04-15T15:14:23","date_gmt":"2012-04-15T14:14:23","guid":{"rendered":"http:\/\/courir-lemonde.com\/?p=1488"},"modified":"2018-04-24T14:45:06","modified_gmt":"2018-04-24T13:45:06","slug":"super-week-end-trail-dans-le-morbihan-en-bretagne","status":"publish","type":"post","link":"https:\/\/courir-lemonde.com\/index.php\/2012\/04\/15\/super-week-end-trail-dans-le-morbihan-en-bretagne\/","title":{"rendered":"Week-end trail dans le Morbihan en Bretagne"},"content":{"rendered":"<p><a href=\"http:\/\/courir-lemonde.com\/wp-content\/uploads\/2016\/01\/chap-quiberon.jpg\" rel=\"attachment wp-att-1489\"><img loading=\"lazy\" decoding=\"async\" class=\"aligncenter wp-image-1489\" src=\"http:\/\/courir-lemonde.com\/wp-content\/uploads\/2016\/01\/chap-quiberon.jpg\" alt=\"chap quiberon\" width=\"501\" height=\"338\" \/><\/a><\/p>\n<p style=\"text-align: center;\"><em>Samedi apr\u00e8s-midi sur le littoral morbihannais \u00e0 Quiberon (photo Marion)<\/em><\/p>\n<p style=\"text-align: justify;\"><em>Avec Marion, ma camarade traileuse, je me suis rendu le week-end dernier (7 et 8 avril) dans le Morbihan afin de participer \u00e0 deux trails autour de Cleguer, petite bourgade localis\u00e9e \u00e0 une quinzaine de kilom\u00e8tre de Lorient. Comme nous aimons le faire, nous en avons profit\u00e9 pour allier sport et d\u00e9couverte. Une immersion en plein c\u0153ur de la Bretagne que je vous propose revivre par le biais d&rsquo;un petit reportage photographique.\u00a0<\/em><br \/>\n<!--more--><\/p>\n<p style=\"text-align: justify;\"><a href=\"http:\/\/courir-lemonde.com\/wp-content\/uploads\/2016\/01\/MP-interview.jpg\" rel=\"attachment wp-att-1491\"><img loading=\"lazy\" decoding=\"async\" class=\"aligncenter wp-image-1491\" src=\"http:\/\/courir-lemonde.com\/wp-content\/uploads\/2016\/01\/MP-interview.jpg\" alt=\"MP interview\" width=\"500\" height=\"337\" \/><\/a><\/p>\n<p style=\"text-align: center;\"><em>Un grand moment : l&rsquo;interview de Marion au micro lors des r\u00e9compenses du Noz Trail.\u00a0<\/em><em>Son intervention aura notamment relanc\u00e9 le d\u00e9bat concernant la place de Nantes en Bretagne \u00a0<\/em><em>(photo perso)<\/em><\/p>\n<p style=\"text-align: justify;\"><a href=\"http:\/\/courir-lemonde.com\/wp-content\/uploads\/2016\/01\/trail-diurne-chap-d\u00e9part.jpg\" rel=\"attachment wp-att-1490\"><img loading=\"lazy\" decoding=\"async\" class=\"aligncenter wp-image-1490\" src=\"http:\/\/courir-lemonde.com\/wp-content\/uploads\/2016\/01\/trail-diurne-chap-d\u00e9part.jpg\" alt=\"trail diurne chap d\u00e9part\" width=\"300\" height=\"501\" \/><\/a><\/p>\n<p style=\"text-align: center;\"><em>Avant le d\u00e9part de notre seconde course en \u00e0 peine douze heures (photo Marion)<\/em><\/p>\n<p style=\"text-align: center;\"><a href=\"http:\/\/courir-lemonde.com\/wp-content\/uploads\/2016\/01\/chap-st-goustan-auray.jpg\" rel=\"attachment wp-att-1492\"><img loading=\"lazy\" decoding=\"async\" class=\"aligncenter wp-image-1492\" src=\"http:\/\/courir-lemonde.com\/wp-content\/uploads\/2016\/01\/chap-st-goustan-auray.jpg\" alt=\"chap st goustan auray\" width=\"501\" height=\"338\" \/><\/a><em>Non loin du charmant port St Goustan \u00e0 Auray.\u00a0<\/em><em>Apr\u00e8s la course du matin nous y avons fait escale en d\u00e9but d&rsquo;apr\u00e8s midi pour d\u00e9jeuner\u00a0<\/em><em>(photo Marion)<\/em><\/p>\n<p style=\"text-align: center;\"><a href=\"http:\/\/courir-lemonde.com\/wp-content\/uploads\/2016\/01\/vannes.jpg\" rel=\"attachment wp-att-1493\"><img loading=\"lazy\" decoding=\"async\" class=\"aligncenter wp-image-1493\" src=\"http:\/\/courir-lemonde.com\/wp-content\/uploads\/2016\/01\/vannes.jpg\" alt=\"vannes\" width=\"500\" height=\"337\" \/><\/a><em>Petit aper\u00e7u de Vannes depuis le parc du\u00a0ch\u00e2teau situ\u00e9\u00a0dans le\u00a0c\u0153ur\u00a0historique de la ville\u00a0<\/em><em>(photo Marion)\u00a0<\/em><\/p>\n<p style=\"text-align: center;\"><a href=\"http:\/\/courir-lemonde.com\/wp-content\/uploads\/2016\/01\/vieux-vannes.jpg\" rel=\"attachment wp-att-1495\"><img loading=\"lazy\" decoding=\"async\" class=\"aligncenter wp-image-1495\" src=\"http:\/\/courir-lemonde.com\/wp-content\/uploads\/2016\/01\/vieux-vannes.jpg\" alt=\"vieux vannes\" width=\"501\" height=\"338\" \/><\/a><\/p>\n<p style=\"text-align: center;\"><em>Typiques maisons du vieux Vannes (photo Marion)<\/em><\/p>\n<p style=\"text-align: center;\"><a href=\"http:\/\/courir-lemonde.com\/wp-content\/uploads\/2016\/01\/vannes-v\u00e9lo.jpg\" rel=\"attachment wp-att-1496\"><img loading=\"lazy\" decoding=\"async\" class=\"aligncenter wp-image-1496\" src=\"http:\/\/courir-lemonde.com\/wp-content\/uploads\/2016\/01\/vannes-v\u00e9lo.jpg\" alt=\"vannes v\u00e9lo\" width=\"501\" height=\"338\" \/><\/a><em>Apr\u00e8s Auray, nous avons ralli\u00e9 Vannes, la\u00a0pr\u00e9fecture\u00a0du Morbihan.\u00a0<\/em><em>A l&rsquo;instar du V\u00e9lib \u00e0 Paris ou du Bicloo \u00e0 Nantes, nous avons pu constater que Vannes poss\u00e9dait \u00e9galement son syst\u00e8me de v\u00e9lo en libre service avec V\u00e9loc\u00e9a (photo Marion)<\/em><\/p>\n<p style=\"text-align: center;\"><a href=\"http:\/\/courir-lemonde.com\/wp-content\/uploads\/2016\/01\/mp-crouesty.jpg\" rel=\"attachment wp-att-1497\"><img loading=\"lazy\" decoding=\"async\" class=\"aligncenter wp-image-1497\" src=\"http:\/\/courir-lemonde.com\/wp-content\/uploads\/2016\/01\/mp-crouesty.jpg\" alt=\"mp crouesty\" width=\"501\" height=\"338\" \/><\/a><\/p>\n<p style=\"text-align: center;\"><em>Avant de rentrer sur Nantes, nous avons fait une derni\u00e8re escale au Port du Crouesty sur la commune d&rsquo;Arzon. Voici Marion devant ce port de plaisance construit dans les ann\u00e9es 1970 (photo perso)<\/em><\/p>\n","protected":false},"excerpt":{"rendered":"<p>Samedi apr\u00e8s-midi sur le littoral morbihannais \u00e0 Quiberon (photo Marion) Avec Marion, ma camarade traileuse, je me suis rendu le week-end dernier (7 et 8 avril) dans le Morbihan afin de participer \u00e0 deux trails autour de Cleguer, petite bourgade &hellip; <a href=\"https:\/\/courir-lemonde.com\/index.php\/2012\/04\/15\/super-week-end-trail-dans-le-morbihan-en-bretagne\/\">Continuer la lecture <span class=\"meta-nav\">&rarr;<\/span><\/a><\/p>\n","protected":false},"author":1,"featured_media":0,"comment_status":"open","ping_status":"open","sticky":false,"template":"","format":"standard","meta":{"footnotes":""},"categories":[136],"tags":[61,97,52,54],"yoast_head":"<!-- This site is optimized with the Yoast SEO plugin v21.8.1 - https:\/\/yoast.com\/wordpress\/plugins\/seo\/ -->\n<title>Week-end trail dans le Morbihan en Bretagne - Courir Le Monde<\/title>\n<meta name=\"robots\" content=\"index, follow, max-snippet:-1, max-image-preview:large, max-video-preview:-1\" \/>\n<link rel=\"canonical\" href=\"https:\/\/courir-lemonde.com\/index.php\/2012\/04\/15\/super-week-end-trail-dans-le-morbihan-en-bretagne\/\" \/>\n<meta property=\"og:locale\" content=\"fr_FR\" \/>\n<meta property=\"og:type\" content=\"article\" \/>\n<meta property=\"og:title\" content=\"Week-end trail dans le Morbihan en Bretagne - Courir Le Monde\" \/>\n<meta property=\"og:description\" content=\"Samedi apr\u00e8s-midi sur le littoral morbihannais \u00e0 Quiberon (photo Marion) Avec Marion, ma camarade traileuse, je me suis rendu le week-end dernier (7 et 8 avril) dans le Morbihan afin de participer \u00e0 deux trails autour de Cleguer, petite bourgade &hellip; Continuer la lecture &rarr;\" \/>\n<meta property=\"og:url\" content=\"https:\/\/courir-lemonde.com\/index.php\/2012\/04\/15\/super-week-end-trail-dans-le-morbihan-en-bretagne\/\" \/>\n<meta property=\"og:site_name\" content=\"Courir Le Monde\" \/>\n<meta property=\"article:published_time\" content=\"2012-04-15T14:14:23+00:00\" \/>\n<meta property=\"article:modified_time\" content=\"2018-04-24T13:45:06+00:00\" \/>\n<meta property=\"og:image\" content=\"http:\/\/courir-lemonde.com\/wp-content\/uploads\/2016\/01\/chap-quiberon.jpg\" \/>\n<meta name=\"author\" content=\"Chap44\" \/>\n<meta name=\"twitter:card\" content=\"summary_large_image\" \/>\n<meta name=\"twitter:label1\" content=\"\u00c9crit par\" \/>\n\t<meta name=\"twitter:data1\" content=\"Chap44\" \/>\n\t<meta name=\"twitter:label2\" content=\"Dur\u00e9e de lecture estim\u00e9e\" \/>\n\t<meta name=\"twitter:data2\" content=\"1 minute\" \/>\n<script type=\"application\/ld+json\" class=\"yoast-schema-graph\">{\"@context\":\"https:\/\/schema.org\",\"@graph\":[{\"@type\":\"WebPage\",\"@id\":\"https:\/\/courir-lemonde.com\/index.php\/2012\/04\/15\/super-week-end-trail-dans-le-morbihan-en-bretagne\/\",\"url\":\"https:\/\/courir-lemonde.com\/index.php\/2012\/04\/15\/super-week-end-trail-dans-le-morbihan-en-bretagne\/\",\"name\":\"Week-end trail dans le Morbihan en Bretagne - Courir Le Monde\",\"isPartOf\":{\"@id\":\"https:\/\/courir-lemonde.com\/#website\"},\"datePublished\":\"2012-04-15T14:14:23+00:00\",\"dateModified\":\"2018-04-24T13:45:06+00:00\",\"author\":{\"@id\":\"https:\/\/courir-lemonde.com\/#\/schema\/person\/baaa624d701d53d176c763f85b3114e4\"},\"breadcrumb\":{\"@id\":\"https:\/\/courir-lemonde.com\/index.php\/2012\/04\/15\/super-week-end-trail-dans-le-morbihan-en-bretagne\/#breadcrumb\"},\"inLanguage\":\"fr-FR\",\"potentialAction\":[{\"@type\":\"ReadAction\",\"target\":[\"https:\/\/courir-lemonde.com\/index.php\/2012\/04\/15\/super-week-end-trail-dans-le-morbihan-en-bretagne\/\"]}]},{\"@type\":\"BreadcrumbList\",\"@id\":\"https:\/\/courir-lemonde.com\/index.php\/2012\/04\/15\/super-week-end-trail-dans-le-morbihan-en-bretagne\/#breadcrumb\",\"itemListElement\":[{\"@type\":\"ListItem\",\"position\":1,\"name\":\"Accueil\",\"item\":\"https:\/\/courir-lemonde.com\/\"},{\"@type\":\"ListItem\",\"position\":2,\"name\":\"Week-end trail dans le Morbihan en Bretagne\"}]},{\"@type\":\"WebSite\",\"@id\":\"https:\/\/courir-lemonde.com\/#website\",\"url\":\"https:\/\/courir-lemonde.com\/\",\"name\":\"Courir Le Monde\",\"description\":\"Le site de Valentin Chapalain, passionn\u00e9 d&#039;aventures et de voyages\",\"potentialAction\":[{\"@type\":\"SearchAction\",\"target\":{\"@type\":\"EntryPoint\",\"urlTemplate\":\"https:\/\/courir-lemonde.com\/?s={search_term_string}\"},\"query-input\":\"required name=search_term_string\"}],\"inLanguage\":\"fr-FR\"},{\"@type\":\"Person\",\"@id\":\"https:\/\/courir-lemonde.com\/#\/schema\/person\/baaa624d701d53d176c763f85b3114e4\",\"name\":\"Chap44\",\"image\":{\"@type\":\"ImageObject\",\"inLanguage\":\"fr-FR\",\"@id\":\"https:\/\/courir-lemonde.com\/#\/schema\/person\/image\/\",\"url\":\"https:\/\/secure.gravatar.com\/avatar\/f6a3fcbb365f597d6259be5c4dc6c05c?s=96&d=mm&r=g\",\"contentUrl\":\"https:\/\/secure.gravatar.com\/avatar\/f6a3fcbb365f597d6259be5c4dc6c05c?s=96&d=mm&r=g\",\"caption\":\"Chap44\"},\"url\":\"https:\/\/courir-lemonde.com\/index.php\/author\/chap331244\/\"}]}<\/script>\n<!-- \/ Yoast SEO plugin. -->","yoast_head_json":{"title":"Week-end trail dans le Morbihan en Bretagne - Courir Le Monde","robots":{"index":"index","follow":"follow","max-snippet":"max-snippet:-1","max-image-preview":"max-image-preview:large","max-video-preview":"max-video-preview:-1"},"canonical":"https:\/\/courir-lemonde.com\/index.php\/2012\/04\/15\/super-week-end-trail-dans-le-morbihan-en-bretagne\/","og_locale":"fr_FR","og_type":"article","og_title":"Week-end trail dans le Morbihan en Bretagne - Courir Le Monde","og_description":"Samedi apr\u00e8s-midi sur le littoral morbihannais \u00e0 Quiberon (photo Marion) Avec Marion, ma camarade traileuse, je me suis rendu le week-end dernier (7 et 8 avril) dans le Morbihan afin de participer \u00e0 deux trails autour de Cleguer, petite bourgade &hellip; Continuer la lecture &rarr;","og_url":"https:\/\/courir-lemonde.com\/index.php\/2012\/04\/15\/super-week-end-trail-dans-le-morbihan-en-bretagne\/","og_site_name":"Courir Le Monde","article_published_time":"2012-04-15T14:14:23+00:00","article_modified_time":"2018-04-24T13:45:06+00:00","og_image":[{"url":"http:\/\/courir-lemonde.com\/wp-content\/uploads\/2016\/01\/chap-quiberon.jpg"}],"author":"Chap44","twitter_card":"summary_large_image","twitter_misc":{"\u00c9crit par":"Chap44","Dur\u00e9e de lecture estim\u00e9e":"1 minute"},"schema":{"@context":"https:\/\/schema.org","@graph":[{"@type":"WebPage","@id":"https:\/\/courir-lemonde.com\/index.php\/2012\/04\/15\/super-week-end-trail-dans-le-morbihan-en-bretagne\/","url":"https:\/\/courir-lemonde.com\/index.php\/2012\/04\/15\/super-week-end-trail-dans-le-morbihan-en-bretagne\/","name":"Week-end trail dans le Morbihan en Bretagne - Courir Le Monde","isPartOf":{"@id":"https:\/\/courir-lemonde.com\/#website"},"datePublished":"2012-04-15T14:14:23+00:00","dateModified":"2018-04-24T13:45:06+00:00","author":{"@id":"https:\/\/courir-lemonde.com\/#\/schema\/person\/baaa624d701d53d176c763f85b3114e4"},"breadcrumb":{"@id":"https:\/\/courir-lemonde.com\/index.php\/2012\/04\/15\/super-week-end-trail-dans-le-morbihan-en-bretagne\/#breadcrumb"},"inLanguage":"fr-FR","potentialAction":[{"@type":"ReadAction","target":["https:\/\/courir-lemonde.com\/index.php\/2012\/04\/15\/super-week-end-trail-dans-le-morbihan-en-bretagne\/"]}]},{"@type":"BreadcrumbList","@id":"https:\/\/courir-lemonde.com\/index.php\/2012\/04\/15\/super-week-end-trail-dans-le-morbihan-en-bretagne\/#breadcrumb","itemListElement":[{"@type":"ListItem","position":1,"name":"Accueil","item":"https:\/\/courir-lemonde.com\/"},{"@type":"ListItem","position":2,"name":"Week-end trail dans le Morbihan en Bretagne"}]},{"@type":"WebSite","@id":"https:\/\/courir-lemonde.com\/#website","url":"https:\/\/courir-lemonde.com\/","name":"Courir Le Monde","description":"Le site de Valentin Chapalain, passionn\u00e9 d&#039;aventures et de voyages","potentialAction":[{"@type":"SearchAction","target":{"@type":"EntryPoint","urlTemplate":"https:\/\/courir-lemonde.com\/?s={search_term_string}"},"query-input":"required name=search_term_string"}],"inLanguage":"fr-FR"},{"@type":"Person","@id":"https:\/\/courir-lemonde.com\/#\/schema\/person\/baaa624d701d53d176c763f85b3114e4","name":"Chap44","image":{"@type":"ImageObject","inLanguage":"fr-FR","@id":"https:\/\/courir-lemonde.com\/#\/schema\/person\/image\/","url":"https:\/\/secure.gravatar.com\/avatar\/f6a3fcbb365f597d6259be5c4dc6c05c?s=96&d=mm&r=g","contentUrl":"https:\/\/secure.gravatar.com\/avatar\/f6a3fcbb365f597d6259be5c4dc6c05c?s=96&d=mm&r=g","caption":"Chap44"},"url":"https:\/\/courir-lemonde.com\/index.php\/author\/chap331244\/"}]}},"_links":{"self":[{"href":"https:\/\/courir-lemonde.com\/index.php\/wp-json\/wp\/v2\/posts\/1488"}],"collection":[{"href":"https:\/\/courir-lemonde.com\/index.php\/wp-json\/wp\/v2\/posts"}],"about":[{"href":"https:\/\/courir-lemonde.com\/index.php\/wp-json\/wp\/v2\/types\/post"}],"author":[{"embeddable":true,"href":"https:\/\/courir-lemonde.com\/index.php\/wp-json\/wp\/v2\/users\/1"}],"replies":[{"embeddable":true,"href":"https:\/\/courir-lemonde.com\/index.php\/wp-json\/wp\/v2\/comments?post=1488"}],"version-history":[{"count":2,"href":"https:\/\/courir-lemonde.com\/index.php\/wp-json\/wp\/v2\/posts\/1488\/revisions"}],"predecessor-version":[{"id":4123,"href":"https:\/\/courir-lemonde.com\/index.php\/wp-json\/wp\/v2\/posts\/1488\/revisions\/4123"}],"wp:attachment":[{"href":"https:\/\/courir-lemonde.com\/index.php\/wp-json\/wp\/v2\/media?parent=1488"}],"wp:term":[{"taxonomy":"category","embeddable":true,"href":"https:\/\/courir-lemonde.com\/index.php\/wp-json\/wp\/v2\/categories?post=1488"},{"taxonomy":"post_tag","embeddable":true,"href":"https:\/\/courir-lemonde.com\/index.php\/wp-json\/wp\/v2\/tags?post=1488"}],"curies":[{"name":"wp","href":"https:\/\/api.w.org\/{rel}","templated":true}]}}