{"id":1887,"date":"2016-03-15T13:04:18","date_gmt":"2016-03-15T12:04:18","guid":{"rendered":"http:\/\/courir-lemonde.com\/?p=1887"},"modified":"2016-03-26T14:54:24","modified_gmt":"2016-03-26T13:54:24","slug":"week-end-familial-a-la-pointe-du-raz","status":"publish","type":"post","link":"https:\/\/courir-lemonde.com\/index.php\/2016\/03\/15\/week-end-familial-a-la-pointe-du-raz\/","title":{"rendered":"Week-end familial \u00e0 la Pointe du Raz"},"content":{"rendered":"<p><a href=\"http:\/\/courir-lemonde.com\/wp-content\/uploads\/2016\/03\/IMG_9118.jpg\" rel=\"attachment wp-att-1888\"><img loading=\"lazy\" decoding=\"async\" class=\"aligncenter  wp-image-1888\" src=\"http:\/\/courir-lemonde.com\/wp-content\/uploads\/2016\/03\/IMG_9118-1024x768.jpg\" alt=\"IMG_9118\" width=\"500\" height=\"377\" \/><\/a><\/p>\n<p style=\"text-align: center;\"><em>V\u00e9ritable d\u00e9cor de carte postale : la Pointe du Raz accompagn\u00e9e du phare de la Vieille et de sa fid\u00e8le balise la Plate (photo perso)<\/em><\/p>\n<p style=\"text-align: justify;\"><em>Du 4 au 6 mars, je me suis rendu en famille du c\u00f4t\u00e9 de la Pointe du Raz pour un week-end \u00e0 la fois touristique et sportif. Pour mes parents, mon fr\u00e8re, ma s\u0153ur et moi, il s&rsquo;agissait d&rsquo;un retour aux sources puisque mon p\u00e8re et ma m\u00e8re sont originaires de ce tr\u00e8s joli coin de Bretagne. En revanche, pour Aude (la copine d&rsquo;Anthony) et Elisa, c&rsquo;\u00e9tait une grande premi\u00e8re dans le Cap Sizun. Si la journ\u00e9e du dimanche fut surtout consacr\u00e9e <a href=\"http:\/\/courir-lemonde.com\/index.php\/2016\/03\/09\/1-er-episode-saison-2016-trail-du-cap-sizun-la-pointe-du-raz-14-km\/\">au trail du Cap Sizun &#8211; la Pointe du Raz (14 km) sur lequel je me suis class\u00e9 \u00e0 la 3 \u00e8me place<\/a>, le samedi nous avons red\u00e9couvert et fait d\u00e9couvrir \u00e0 Aude et Elisa la plupart des lieux phares de la contr\u00e9e. De la baie des Tr\u00e9pass\u00e9s, au typique port de Bestr\u00e9e en passant par la plage de Saint Tugen, le coquet village de Lescoff et bien sur le site class\u00e9 de la Pointe du Raz.\u00a0Voici le compte rendu illustr\u00e9\u00a0de ce beau week-end \u00a0\u00bb au bout du monde \u00ab\u00a0.\u00a0<\/em><!--more--><\/p>\n<p><a href=\"http:\/\/courir-lemonde.com\/wp-content\/uploads\/2016\/03\/IMG_9049.jpg\" rel=\"attachment wp-att-1889\"><img loading=\"lazy\" decoding=\"async\" class=\"aligncenter  wp-image-1889\" src=\"http:\/\/courir-lemonde.com\/wp-content\/uploads\/2016\/03\/IMG_9049-1024x768.jpg\" alt=\"IMG_9049\" width=\"500\" height=\"377\" \/><\/a><\/p>\n<p style=\"text-align: center;\"><em>Entre la Baie des Tr\u00e9pass\u00e9s que l&rsquo;on aper\u00e7oit et la Pointe du Van, se trouve le pittoresque port du Vorlen d&rsquo;o\u00f9 est prise la photo (photo perso)<\/em><\/p>\n<p><a href=\"http:\/\/courir-lemonde.com\/wp-content\/uploads\/2016\/03\/P1020090.jpg\" rel=\"attachment wp-att-1895\"><img loading=\"lazy\" decoding=\"async\" class=\"aligncenter  wp-image-1895\" src=\"http:\/\/courir-lemonde.com\/wp-content\/uploads\/2016\/03\/P1020090-1024x683.jpg\" alt=\"P1020090\" width=\"500\" height=\"338\" \/><\/a><\/p>\n<p style=\"text-align: center;\"><em>Le Vorlen avec la Pointe du Raz en arri\u00e8re plan (photo perso)<\/em><\/p>\n<p><a href=\"http:\/\/courir-lemonde.com\/wp-content\/uploads\/2016\/03\/IMG_9075.jpg\" rel=\"attachment wp-att-1891\"><img loading=\"lazy\" decoding=\"async\" class=\"aligncenter  wp-image-1891\" src=\"http:\/\/courir-lemonde.com\/wp-content\/uploads\/2016\/03\/IMG_9075-1024x768.jpg\" alt=\"IMG_9075\" width=\"501\" height=\"378\" \/><\/a><\/p>\n<p style=\"text-align: center;\"><em>Mes parents devant la baie des Tr\u00e9pass\u00e9s o\u00f9 les vagues font le plaisir des surfeurs et des courageux nageurs (photo perso)<\/em><\/p>\n<p><a href=\"http:\/\/courir-lemonde.com\/wp-content\/uploads\/2016\/03\/IMG_9079.jpg\" rel=\"attachment wp-att-1892\"><img loading=\"lazy\" decoding=\"async\" class=\"aligncenter  wp-image-1892\" src=\"http:\/\/courir-lemonde.com\/wp-content\/uploads\/2016\/03\/IMG_9079-768x1024.jpg\" alt=\"IMG_9079\" width=\"378\" height=\"500\" \/><\/a><\/p>\n<p style=\"text-align: center;\"><em>Petite excursion dans les casemates\u00a0qui t\u00e9moignent\u00a0de la pr\u00e9sence militaire allemande durant la seconde guerre mondiale (photo perso)<\/em><\/p>\n<p><a href=\"http:\/\/courir-lemonde.com\/wp-content\/uploads\/2016\/03\/P1020145.jpg\" rel=\"attachment wp-att-1896\"><img loading=\"lazy\" decoding=\"async\" class=\"aligncenter  wp-image-1896\" src=\"http:\/\/courir-lemonde.com\/wp-content\/uploads\/2016\/03\/P1020145-1024x683.jpg\" alt=\"P1020145\" width=\"500\" height=\"337\" \/><\/a><\/p>\n<p><em>Le lavoir de Lescoff est parait-il toujours utilis\u00e9 par les habitants du village (photo perso)<\/em><\/p>\n<p><a href=\"http:\/\/courir-lemonde.com\/wp-content\/uploads\/2016\/03\/IMG_9085.jpg\" rel=\"attachment wp-att-1893\"><img loading=\"lazy\" decoding=\"async\" class=\"aligncenter  wp-image-1893\" src=\"http:\/\/courir-lemonde.com\/wp-content\/uploads\/2016\/03\/IMG_9085-1024x768.jpg\" alt=\"IMG_9085\" width=\"500\" height=\"377\" \/><\/a><\/p>\n<p style=\"text-align: center;\"><em>Aper\u00e7u du village de Lescoff o\u00f9 vivaient mes grands-parents maternels (photo perso)<\/em><\/p>\n<p><a href=\"http:\/\/courir-lemonde.com\/wp-content\/uploads\/2016\/03\/IMG_9092.jpg\" rel=\"attachment wp-att-1900\"><img loading=\"lazy\" decoding=\"async\" class=\"aligncenter  wp-image-1900\" src=\"http:\/\/courir-lemonde.com\/wp-content\/uploads\/2016\/03\/IMG_9092-768x1024.jpg\" alt=\"IMG_9092\" width=\"377\" height=\"499\" \/><\/a><\/p>\n<p style=\"text-align: center;\"><em>Une otarie dans le port de Bestr\u00e9e (photo perso)<\/em><\/p>\n<p><a href=\"http:\/\/courir-lemonde.com\/wp-content\/uploads\/2016\/03\/IMG_9095.jpg\" rel=\"attachment wp-att-1894\"><img loading=\"lazy\" decoding=\"async\" class=\"aligncenter  wp-image-1894\" src=\"http:\/\/courir-lemonde.com\/wp-content\/uploads\/2016\/03\/IMG_9095-1024x768.jpg\" alt=\"IMG_9095\" width=\"501\" height=\"378\" \/><\/a><\/p>\n<p style=\"text-align: center;\"><em>Elisa et ma m\u00e8re s&rsquo;improvisent marin p\u00eacheur \u00e0 Bestr\u00e9e (photo perso)<\/em><\/p>\n<p><a href=\"http:\/\/courir-lemonde.com\/wp-content\/uploads\/2016\/03\/IMG_9106.jpg\" rel=\"attachment wp-att-1897\"><img loading=\"lazy\" decoding=\"async\" class=\"aligncenter  wp-image-1897\" src=\"http:\/\/courir-lemonde.com\/wp-content\/uploads\/2016\/03\/IMG_9106-1024x768.jpg\" alt=\"IMG_9106\" width=\"500\" height=\"377\" \/><\/a><\/p>\n<p style=\"text-align: center;\"><em>Photo de famille \u00e0 la Pointe du Raz (photo perso)<\/em><\/p>\n<p><a href=\"http:\/\/courir-lemonde.com\/wp-content\/uploads\/2016\/03\/IMG_9124.jpg\" rel=\"attachment wp-att-1898\"><img loading=\"lazy\" decoding=\"async\" class=\"aligncenter  wp-image-1898\" src=\"http:\/\/courir-lemonde.com\/wp-content\/uploads\/2016\/03\/IMG_9124-1024x768.jpg\" alt=\"IMG_9124\" width=\"501\" height=\"378\" \/><\/a><\/p>\n<p style=\"text-align: center;\"><em>En amoureux \u00e0 la Pointe du Raz (photo perso)<\/em><\/p>\n<p><a href=\"http:\/\/courir-lemonde.com\/wp-content\/uploads\/2016\/03\/IMG_9138.jpg\" rel=\"attachment wp-att-1899\"><img loading=\"lazy\" decoding=\"async\" class=\"aligncenter  wp-image-1899\" src=\"http:\/\/courir-lemonde.com\/wp-content\/uploads\/2016\/03\/IMG_9138-1024x768.jpg\" alt=\"IMG_9138\" width=\"500\" height=\"377\" \/><\/a><\/p>\n<p style=\"text-align: center;\"><em>Fin d&rsquo;apr\u00e8s-midi du c\u00f4t\u00e9 des dunes et de la plage de Saint Tugen sur la commune de Primelin (photo perso)<\/em><\/p>\n<p style=\"text-align: center;\"><a href=\"http:\/\/courir-lemonde.com\/wp-content\/uploads\/2016\/03\/P1020219.jpg\" rel=\"attachment wp-att-1902\"><img loading=\"lazy\" decoding=\"async\" class=\"aligncenter  wp-image-1902\" src=\"http:\/\/courir-lemonde.com\/wp-content\/uploads\/2016\/03\/P1020219-1024x683.jpg\" alt=\"P1020219\" width=\"500\" height=\"337\" \/><\/a><\/p>\n<p style=\"text-align: center;\"><em>La trail du Cap Sizun &#8211; la Pointe du Raz fut un moment fort de week-end d&rsquo;autant plus que j&rsquo;y ai obtenu mon premier podium scratch en me classant 3 \u00e8me (photo perso)<\/em><\/p>\n<p><a href=\"http:\/\/courir-lemonde.com\/wp-content\/uploads\/2016\/03\/P1020243.jpg\" rel=\"attachment wp-att-1901\"><img loading=\"lazy\" decoding=\"async\" class=\"aligncenter  wp-image-1901\" src=\"http:\/\/courir-lemonde.com\/wp-content\/uploads\/2016\/03\/P1020243-1024x683.jpg\" alt=\"P1020243\" width=\"500\" height=\"337\" \/><\/a><\/p>\n<p style=\"text-align: center;\"><em>Photo de famille prise par Nadine, une amie de ma m\u00e8re, qui nous avait tr\u00e8s gentiment pr\u00eat\u00e9e son gite pour le week-end (photo perso)<\/em><\/p>\n","protected":false},"excerpt":{"rendered":"<p>V\u00e9ritable d\u00e9cor de carte postale : la Pointe du Raz accompagn\u00e9e du phare de la Vieille et de sa fid\u00e8le balise la Plate (photo perso) Du 4 au 6 mars, je me suis rendu en famille du c\u00f4t\u00e9 de la &hellip; <a href=\"https:\/\/courir-lemonde.com\/index.php\/2016\/03\/15\/week-end-familial-a-la-pointe-du-raz\/\">Continuer la lecture <span class=\"meta-nav\">&rarr;<\/span><\/a><\/p>\n","protected":false},"author":1,"featured_media":0,"comment_status":"open","ping_status":"open","sticky":false,"template":"","format":"standard","meta":{"footnotes":""},"categories":[136],"tags":[61,213,214,212],"yoast_head":"<!-- This site is optimized with the Yoast SEO plugin v21.8.1 - https:\/\/yoast.com\/wordpress\/plugins\/seo\/ -->\n<title>Week-end familial \u00e0 la Pointe du Raz - Courir Le Monde<\/title>\n<meta name=\"robots\" content=\"index, follow, max-snippet:-1, max-image-preview:large, max-video-preview:-1\" \/>\n<link rel=\"canonical\" href=\"https:\/\/courir-lemonde.com\/index.php\/2016\/03\/15\/week-end-familial-a-la-pointe-du-raz\/\" \/>\n<meta property=\"og:locale\" content=\"fr_FR\" \/>\n<meta property=\"og:type\" content=\"article\" \/>\n<meta property=\"og:title\" content=\"Week-end familial \u00e0 la Pointe du Raz - Courir Le Monde\" \/>\n<meta property=\"og:description\" content=\"V\u00e9ritable d\u00e9cor de carte postale : la Pointe du Raz accompagn\u00e9e du phare de la Vieille et de sa fid\u00e8le balise la Plate (photo perso) Du 4 au 6 mars, je me suis rendu en famille du c\u00f4t\u00e9 de la &hellip; Continuer la lecture &rarr;\" \/>\n<meta property=\"og:url\" content=\"https:\/\/courir-lemonde.com\/index.php\/2016\/03\/15\/week-end-familial-a-la-pointe-du-raz\/\" \/>\n<meta property=\"og:site_name\" content=\"Courir Le Monde\" \/>\n<meta property=\"article:published_time\" content=\"2016-03-15T12:04:18+00:00\" \/>\n<meta property=\"article:modified_time\" content=\"2016-03-26T13:54:24+00:00\" \/>\n<meta property=\"og:image\" content=\"http:\/\/courir-lemonde.com\/wp-content\/uploads\/2016\/03\/IMG_9118-1024x768.jpg\" \/>\n<meta name=\"author\" content=\"Chap44\" \/>\n<meta name=\"twitter:card\" content=\"summary_large_image\" \/>\n<meta name=\"twitter:label1\" content=\"\u00c9crit par\" \/>\n\t<meta name=\"twitter:data1\" content=\"Chap44\" \/>\n\t<meta name=\"twitter:label2\" content=\"Dur\u00e9e de lecture estim\u00e9e\" \/>\n\t<meta name=\"twitter:data2\" content=\"2 minutes\" \/>\n<script type=\"application\/ld+json\" class=\"yoast-schema-graph\">{\"@context\":\"https:\/\/schema.org\",\"@graph\":[{\"@type\":\"WebPage\",\"@id\":\"https:\/\/courir-lemonde.com\/index.php\/2016\/03\/15\/week-end-familial-a-la-pointe-du-raz\/\",\"url\":\"https:\/\/courir-lemonde.com\/index.php\/2016\/03\/15\/week-end-familial-a-la-pointe-du-raz\/\",\"name\":\"Week-end familial \u00e0 la Pointe du Raz - Courir Le Monde\",\"isPartOf\":{\"@id\":\"https:\/\/courir-lemonde.com\/#website\"},\"datePublished\":\"2016-03-15T12:04:18+00:00\",\"dateModified\":\"2016-03-26T13:54:24+00:00\",\"author\":{\"@id\":\"https:\/\/courir-lemonde.com\/#\/schema\/person\/baaa624d701d53d176c763f85b3114e4\"},\"breadcrumb\":{\"@id\":\"https:\/\/courir-lemonde.com\/index.php\/2016\/03\/15\/week-end-familial-a-la-pointe-du-raz\/#breadcrumb\"},\"inLanguage\":\"fr-FR\",\"potentialAction\":[{\"@type\":\"ReadAction\",\"target\":[\"https:\/\/courir-lemonde.com\/index.php\/2016\/03\/15\/week-end-familial-a-la-pointe-du-raz\/\"]}]},{\"@type\":\"BreadcrumbList\",\"@id\":\"https:\/\/courir-lemonde.com\/index.php\/2016\/03\/15\/week-end-familial-a-la-pointe-du-raz\/#breadcrumb\",\"itemListElement\":[{\"@type\":\"ListItem\",\"position\":1,\"name\":\"Accueil\",\"item\":\"https:\/\/courir-lemonde.com\/\"},{\"@type\":\"ListItem\",\"position\":2,\"name\":\"Week-end familial \u00e0 la Pointe du Raz\"}]},{\"@type\":\"WebSite\",\"@id\":\"https:\/\/courir-lemonde.com\/#website\",\"url\":\"https:\/\/courir-lemonde.com\/\",\"name\":\"Courir Le Monde\",\"description\":\"Le site de Valentin Chapalain, passionn\u00e9 d&#039;aventures et de voyages\",\"potentialAction\":[{\"@type\":\"SearchAction\",\"target\":{\"@type\":\"EntryPoint\",\"urlTemplate\":\"https:\/\/courir-lemonde.com\/?s={search_term_string}\"},\"query-input\":\"required name=search_term_string\"}],\"inLanguage\":\"fr-FR\"},{\"@type\":\"Person\",\"@id\":\"https:\/\/courir-lemonde.com\/#\/schema\/person\/baaa624d701d53d176c763f85b3114e4\",\"name\":\"Chap44\",\"image\":{\"@type\":\"ImageObject\",\"inLanguage\":\"fr-FR\",\"@id\":\"https:\/\/courir-lemonde.com\/#\/schema\/person\/image\/\",\"url\":\"https:\/\/secure.gravatar.com\/avatar\/f6a3fcbb365f597d6259be5c4dc6c05c?s=96&d=mm&r=g\",\"contentUrl\":\"https:\/\/secure.gravatar.com\/avatar\/f6a3fcbb365f597d6259be5c4dc6c05c?s=96&d=mm&r=g\",\"caption\":\"Chap44\"},\"url\":\"https:\/\/courir-lemonde.com\/index.php\/author\/chap331244\/\"}]}<\/script>\n<!-- \/ Yoast SEO plugin. -->","yoast_head_json":{"title":"Week-end familial \u00e0 la Pointe du Raz - Courir Le Monde","robots":{"index":"index","follow":"follow","max-snippet":"max-snippet:-1","max-image-preview":"max-image-preview:large","max-video-preview":"max-video-preview:-1"},"canonical":"https:\/\/courir-lemonde.com\/index.php\/2016\/03\/15\/week-end-familial-a-la-pointe-du-raz\/","og_locale":"fr_FR","og_type":"article","og_title":"Week-end familial \u00e0 la Pointe du Raz - Courir Le Monde","og_description":"V\u00e9ritable d\u00e9cor de carte postale : la Pointe du Raz accompagn\u00e9e du phare de la Vieille et de sa fid\u00e8le balise la Plate (photo perso) Du 4 au 6 mars, je me suis rendu en famille du c\u00f4t\u00e9 de la &hellip; Continuer la lecture &rarr;","og_url":"https:\/\/courir-lemonde.com\/index.php\/2016\/03\/15\/week-end-familial-a-la-pointe-du-raz\/","og_site_name":"Courir Le Monde","article_published_time":"2016-03-15T12:04:18+00:00","article_modified_time":"2016-03-26T13:54:24+00:00","og_image":[{"url":"http:\/\/courir-lemonde.com\/wp-content\/uploads\/2016\/03\/IMG_9118-1024x768.jpg"}],"author":"Chap44","twitter_card":"summary_large_image","twitter_misc":{"\u00c9crit par":"Chap44","Dur\u00e9e de lecture estim\u00e9e":"2 minutes"},"schema":{"@context":"https:\/\/schema.org","@graph":[{"@type":"WebPage","@id":"https:\/\/courir-lemonde.com\/index.php\/2016\/03\/15\/week-end-familial-a-la-pointe-du-raz\/","url":"https:\/\/courir-lemonde.com\/index.php\/2016\/03\/15\/week-end-familial-a-la-pointe-du-raz\/","name":"Week-end familial \u00e0 la Pointe du Raz - Courir Le Monde","isPartOf":{"@id":"https:\/\/courir-lemonde.com\/#website"},"datePublished":"2016-03-15T12:04:18+00:00","dateModified":"2016-03-26T13:54:24+00:00","author":{"@id":"https:\/\/courir-lemonde.com\/#\/schema\/person\/baaa624d701d53d176c763f85b3114e4"},"breadcrumb":{"@id":"https:\/\/courir-lemonde.com\/index.php\/2016\/03\/15\/week-end-familial-a-la-pointe-du-raz\/#breadcrumb"},"inLanguage":"fr-FR","potentialAction":[{"@type":"ReadAction","target":["https:\/\/courir-lemonde.com\/index.php\/2016\/03\/15\/week-end-familial-a-la-pointe-du-raz\/"]}]},{"@type":"BreadcrumbList","@id":"https:\/\/courir-lemonde.com\/index.php\/2016\/03\/15\/week-end-familial-a-la-pointe-du-raz\/#breadcrumb","itemListElement":[{"@type":"ListItem","position":1,"name":"Accueil","item":"https:\/\/courir-lemonde.com\/"},{"@type":"ListItem","position":2,"name":"Week-end familial \u00e0 la Pointe du Raz"}]},{"@type":"WebSite","@id":"https:\/\/courir-lemonde.com\/#website","url":"https:\/\/courir-lemonde.com\/","name":"Courir Le Monde","description":"Le site de Valentin Chapalain, passionn\u00e9 d&#039;aventures et de voyages","potentialAction":[{"@type":"SearchAction","target":{"@type":"EntryPoint","urlTemplate":"https:\/\/courir-lemonde.com\/?s={search_term_string}"},"query-input":"required name=search_term_string"}],"inLanguage":"fr-FR"},{"@type":"Person","@id":"https:\/\/courir-lemonde.com\/#\/schema\/person\/baaa624d701d53d176c763f85b3114e4","name":"Chap44","image":{"@type":"ImageObject","inLanguage":"fr-FR","@id":"https:\/\/courir-lemonde.com\/#\/schema\/person\/image\/","url":"https:\/\/secure.gravatar.com\/avatar\/f6a3fcbb365f597d6259be5c4dc6c05c?s=96&d=mm&r=g","contentUrl":"https:\/\/secure.gravatar.com\/avatar\/f6a3fcbb365f597d6259be5c4dc6c05c?s=96&d=mm&r=g","caption":"Chap44"},"url":"https:\/\/courir-lemonde.com\/index.php\/author\/chap331244\/"}]}},"_links":{"self":[{"href":"https:\/\/courir-lemonde.com\/index.php\/wp-json\/wp\/v2\/posts\/1887"}],"collection":[{"href":"https:\/\/courir-lemonde.com\/index.php\/wp-json\/wp\/v2\/posts"}],"about":[{"href":"https:\/\/courir-lemonde.com\/index.php\/wp-json\/wp\/v2\/types\/post"}],"author":[{"embeddable":true,"href":"https:\/\/courir-lemonde.com\/index.php\/wp-json\/wp\/v2\/users\/1"}],"replies":[{"embeddable":true,"href":"https:\/\/courir-lemonde.com\/index.php\/wp-json\/wp\/v2\/comments?post=1887"}],"version-history":[{"count":1,"href":"https:\/\/courir-lemonde.com\/index.php\/wp-json\/wp\/v2\/posts\/1887\/revisions"}],"predecessor-version":[{"id":1903,"href":"https:\/\/courir-lemonde.com\/index.php\/wp-json\/wp\/v2\/posts\/1887\/revisions\/1903"}],"wp:attachment":[{"href":"https:\/\/courir-lemonde.com\/index.php\/wp-json\/wp\/v2\/media?parent=1887"}],"wp:term":[{"taxonomy":"category","embeddable":true,"href":"https:\/\/courir-lemonde.com\/index.php\/wp-json\/wp\/v2\/categories?post=1887"},{"taxonomy":"post_tag","embeddable":true,"href":"https:\/\/courir-lemonde.com\/index.php\/wp-json\/wp\/v2\/tags?post=1887"}],"curies":[{"name":"wp","href":"https:\/\/api.w.org\/{rel}","templated":true}]}}