{"id":2939,"date":"2017-04-10T08:38:42","date_gmt":"2017-04-10T07:38:42","guid":{"rendered":"http:\/\/courir-lemonde.com\/?p=2939"},"modified":"2018-04-05T18:49:21","modified_gmt":"2018-04-05T17:49:21","slug":"la-sardaigne-a-velo-de-porto-torres-a-alghero-en-passant-par-stintino-un-debut-de-periple-riche-en-experiences-nouvelles","status":"publish","type":"post","link":"https:\/\/courir-lemonde.com\/index.php\/2017\/04\/10\/la-sardaigne-a-velo-de-porto-torres-a-alghero-en-passant-par-stintino-un-debut-de-periple-riche-en-experiences-nouvelles\/","title":{"rendered":"La Sardaigne \u00e0 v\u00e9lo : de Porto Torres \u00e0 Alghero en passant par Stintino, un d\u00e9but de p\u00e9riple riche en nouvelles exp\u00e9riences"},"content":{"rendered":"<p><a href=\"http:\/\/courir-lemonde.com\/wp-content\/uploads\/2017\/04\/IMG_1450.jpg\"><img loading=\"lazy\" decoding=\"async\" class=\"aligncenter wp-image-2959\" src=\"http:\/\/courir-lemonde.com\/wp-content\/uploads\/2017\/04\/IMG_1450-1024x768.jpg\" alt=\"\" width=\"500\" height=\"377\" \/><\/a><\/p>\n<p style=\"text-align: center;\"><em>Devant la cala Porticciolo\u00a0dans le Parc R\u00e9gional de Porto Conte<br \/>\n(photo courir-lemonde.com)<\/em><\/p>\n<p style=\"text-align: justify;\"><em>Du 1 er au 3 mars, j&rsquo;ai d\u00e9couvert la partie Nord-Ouest de la Sardaigne.\u00a0Depuis Porto Torres, j&rsquo;ai ralli\u00e9 Alghero, en passant notamment par Stintino et Capo Caccia. Le soleil m&rsquo;a accompagn\u00e9 durant les\u00a0<\/em><em>trois \u00e9tapes. Au total, j&rsquo;ai parcouru environ 115 kilom\u00e8tres, un d\u00e9but de p\u00e9riple \u00ab\u00a0piano piano\u00a0\u00bb.\u00a0<\/em><\/p>\n<p style=\"text-align: left;\"><em>Mes coups de c\u0153ur dans le Nord-Ouest de la Sardaigne \ud83d\ude42\u00a0<\/em><\/p>\n<ul>\n<li><em>la superbe\u00a0rencontre de Giancarlo d\u00e8s le premier soir<\/em><\/li>\n<li><em>les paysages de Capo Caccia et du Parc R\u00e9gional de Porto Conte<\/em><\/li>\n<li><em>le bivouac sur la splendide cala Porticciolo<\/em><\/li>\n<li><em>Stintino avec ses maisons color\u00e9es, son coquet port et les eaux turquoise de la plage de la Pelosa<\/em><\/li>\n<li><em>la gentillesse de Leilei qui m&rsquo;a pr\u00eat\u00e9 sa r\u00e9sidence secondaire\u00a0pr\u00e8s d&rsquo;Alghero<\/em><\/li>\n<\/ul>\n<p><!--more--><\/p>\n<p style=\"text-align: center;\"><a href=\"http:\/\/courir-lemonde.com\/wp-content\/uploads\/2017\/04\/parcours-Sardaigne-partie-1.jpg\"><img loading=\"lazy\" decoding=\"async\" class=\"aligncenter size-full wp-image-3261\" src=\"http:\/\/courir-lemonde.com\/wp-content\/uploads\/2017\/04\/parcours-Sardaigne-partie-1.jpg\" alt=\"parcours Sardaigne Stintino Alghero\" width=\"421\" height=\"331\" srcset=\"https:\/\/courir-lemonde.com\/wp-content\/uploads\/2017\/04\/parcours-Sardaigne-partie-1.jpg 421w, https:\/\/courir-lemonde.com\/wp-content\/uploads\/2017\/04\/parcours-Sardaigne-partie-1-300x236.jpg 300w, https:\/\/courir-lemonde.com\/wp-content\/uploads\/2017\/04\/parcours-Sardaigne-partie-1-382x300.jpg 382w\" sizes=\"(max-width: 421px) 100vw, 421px\" \/><\/a><\/p>\n<p style=\"text-align: center;\"><em>Mon parcours dans le Nord-Ouest de la Sardaigne <\/em><br \/>\n<em>(r\u00e9alisation courir-lemonde.com sur openrunner)\u00a0<\/em><\/p>\n<p style=\"text-align: center;\"><strong><em>Etape 1 : Porto Torres &#8211; Stintino (40 kilom\u00e8tres)<\/em><\/strong><\/p>\n<p style=\"text-align: justify;\">Apr\u00e8s une travers\u00e9e en ferry de 14 heures depuis Toulon, <strong>j\u2019atteignis Porto Torres \u00e0\u00a011h30 mercredi 1 er mars.<\/strong> A mon arriv\u00e9e, le <strong>soleil brillait<\/strong> et le thermom\u00e8tre titillait d\u00e9j\u00e0 les <strong>15\u00b0C.<\/strong> Le contraste avec les conditions m\u00e9t\u00e9orologiques temp\u00e9tueuses qui m\u2019avaient accompagn\u00e9es ces deux derniers jours en France \u00e9tait saisissant.<\/p>\n<p style=\"text-align: justify;\">Porto Torres ne pr\u00e9sentant pas un grand int\u00e9r\u00eat, je quittai la\u00a0ville portuaire <strong>en direction de Stintino.<\/strong> Les premiers kilom\u00e8tres ne furent pas les plus beaux du voyage. En effet, de vastes zones industrielles accompagn\u00e8rent mes premiers coups de p\u00e9dale.<br \/>\nSi le soleil \u00e9tincelait, <strong>le vent \u00e9tait aussi de la partie et soufflait fort.<\/strong> De face,\u00a0il ralentissait ma progression. Sans gravit\u00e9 puisque je n&rsquo;\u00e9tais pas press\u00e9 mais ce n&rsquo;\u00e9tait pas l&rsquo;id\u00e9al pour se mettre en jambes.<\/p>\n<p style=\"text-align: justify;\">Apr\u00e8s un stop dans une sup\u00e9rette o\u00f9 je formulai mes premi\u00e8res demandes en italien, je repris mon chemin pour rallier la localit\u00e9 de <strong>Pozzo San Nicola\u00a0\u00e0 la suite d&rsquo;une longue portion avec du vent de face.<\/strong> A\u00a0partir de l\u00e0, ma balade devint plus agr\u00e9able. Le vent venait d\u00e9sormais de c\u00f4t\u00e9, les voitures \u00e9taient peu\u00a0nombreuses tandis que les paysages se faisaient plus sauvages.<\/p>\n<p><a href=\"http:\/\/courir-lemonde.com\/wp-content\/uploads\/2017\/04\/IMG_1357.jpg\"><img loading=\"lazy\" decoding=\"async\" class=\"aligncenter wp-image-2961\" src=\"http:\/\/courir-lemonde.com\/wp-content\/uploads\/2017\/04\/IMG_1357-1024x768.jpg\" alt=\"\" width=\"500\" height=\"377\" \/><\/a><\/p>\n<p style=\"text-align: center;\"><em>\u00a0Stintino, localit\u00e9\u00a0qui se trouve dans le Nord-Ouest de la Sardaigne (photo courir-lemonde.com)<\/em><\/p>\n<p style=\"text-align: justify;\">Quelques kilom\u00e8tres plus tard, j&rsquo;atteignis <strong>Stintino et ses belles b\u00e2tisses\u00a0color\u00e9es.<\/strong> En ce milieu\u00a0d&rsquo;apr\u00e8s-midi, les rues du<strong>\u00a0coquet port de p\u00eache<\/strong> \u00e9taient calmes voire presque d\u00e9sertes. Je fis un saut \u00e0 l&rsquo;Office de Tourisme pour prendre des\u00a0renseignements et remplir mes bidons. On m&rsquo;informa qu&rsquo;en Sardaigne l&rsquo;eau du robinet n&rsquo;est pas bonne \u00e0 boire. J&rsquo;allais donc devoir\u00a0<strong>d\u00e9gainer mes pastilles micropure, achet\u00e9es chez Decathlon, pour la rendre potable.\u00a0<\/strong><\/p>\n<p style=\"text-align: justify;\">Quatre kilom\u00e8tres au Nord de Stintino, <strong>la majestueuse plage de la Pelosa<\/strong> domine le paysage. Face \u00e0 l&rsquo;\u00eele de Piana et \u00e0 l&rsquo;archipel d&rsquo;Asinara,<strong> son sable blanc et ses eaux turquoises et transparentes\u00a0invitent \u00e0 la d\u00e9tente<\/strong> qui plus est lorsqu&rsquo;elle n&rsquo;est pas prise d&rsquo;assaut par des hordes de touristes.<strong> Entre contemplation, balade et photos, j&rsquo;y ai pass\u00e9 une petite heure<\/strong> avant de revenir sur Stintino.<\/p>\n<p><a href=\"http:\/\/courir-lemonde.com\/wp-content\/uploads\/2017\/04\/IMG_1387.jpg\"><img loading=\"lazy\" decoding=\"async\" class=\"aligncenter wp-image-2962\" src=\"http:\/\/courir-lemonde.com\/wp-content\/uploads\/2017\/04\/IMG_1387-1024x768.jpg\" alt=\"\" width=\"500\" height=\"377\" \/><\/a><\/p>\n<p style=\"text-align: center;\"><em>La sublime plage de la Pelosa fait face \u00e0 l&rsquo;\u00eele de Piana et au parc National d&rsquo;Asinara (photo courir-lemonde.com)<\/em><\/p>\n<p><a href=\"http:\/\/courir-lemonde.com\/wp-content\/uploads\/2017\/04\/IMG_1363.jpg\"><img loading=\"lazy\" decoding=\"async\" class=\"wp-image-2960 aligncenter\" src=\"http:\/\/courir-lemonde.com\/wp-content\/uploads\/2017\/04\/IMG_1363-1024x768.jpg\" alt=\"\" width=\"500\" height=\"377\" \/><\/a><\/p>\n<p style=\"text-align: center;\"><em>Belle vue depuis les environs de la plage de la Pelosa (photo courir-lemonde.com)<\/em><\/p>\n<p><a href=\"http:\/\/courir-lemonde.com\/wp-content\/uploads\/2017\/04\/IMG_1391.jpg\"><img loading=\"lazy\" decoding=\"async\" class=\"aligncenter wp-image-2963\" src=\"http:\/\/courir-lemonde.com\/wp-content\/uploads\/2017\/04\/IMG_1391-1024x768.jpg\" alt=\"\" width=\"500\" height=\"378\" \/><\/a><\/p>\n<p style=\"text-align: center;\"><em>De belles demeures color\u00e9es dominent le port de\u00a0Stintino (photo courir-lemonde.com)<\/em><\/p>\n<p style=\"text-align: justify;\">Vers 16h30, je me mis\u00a0\u00e0 <strong>la recherche d&rsquo;un lieu pour planter le bivouac.<\/strong> Je pris la direction de la plage de la Saline, cinq kilom\u00e8tres au Sud de Stintino, o\u00f9 j&rsquo;avais pr\u00e9c\u00e9demment rep\u00e9r\u00e9 une place id\u00e9ale pour installer le campement. Cependant, plusieurs personnes erraient autour du spot et le passage d&rsquo;une voiture de la police rurale refroidit mes vell\u00e9it\u00e9s de camping sauvage \u00e0 cet endroit.<\/p>\n<p style=\"text-align: justify;\">Quelques hectom\u00e8tres plus loin, une petite route de terre bifurquait de la route principale. <strong>Instinctivement, je m&rsquo;y enfon\u00e7ai<\/strong> et quelques m\u00e8tres plus tard j\u2019aper\u00e7us une maison au bout du chemin. A ce moment l\u00e0, je me suis dit : <em>\u00ab\u00a0<strong>si je tentais de planter la tente dans le jardin de ces habitants ?\u00a0\u00bb<\/strong>\u00a0<\/em><br \/>\nPeu avant\u00a0mon d\u00e9part, j&rsquo;avais pr\u00e9par\u00e9 un mot en italien pour me pr\u00e9senter aux locaux et demander si je pouvais installer ma tente sur\u00a0leur pelouse. <strong>L&rsquo;occasion de mettre en pratique mes tr\u00e8s modestes connaissances en italien<\/strong> se pr\u00e9senta donc d\u00e8s le premier soir :<\/p>\n<p style=\"text-align: center;\"><strong><em>\u00ab\u00a0Buenasera, io sono francese.<br \/>\n<\/em><\/strong><strong><em>Io viaggio con la mia bicicletta in Sardegna.<br \/>\nAlla ricerca di un posto dove piantare la tenda.<br \/>\nSia possibile nel vostre giardino per favore.\u00a0\u00bb<\/em><\/strong><\/p>\n<p style=\"text-align: justify;\"><strong>C&rsquo;est d&rsquo;un <em>\u00ab\u00a0si si\u00a0\u00bb<\/em> que le g\u00e9nial Giancarlo r\u00e9pondit <\/strong>\u00e0 ma demande. <strong>Heureux,<\/strong>\u00a0je le remerciai de suite pour sa gentillesse en m&#8217;empressant de lui serrer la main en guise de reconnaissance. Puis, tout en discutant, il m&rsquo;indiqua un endroit o\u00f9 installer ma tente et un abri o\u00f9 mettre mon v\u00e9lo et mes sacoches. Presque dans la foul\u00e9e,<strong> il me proposa de d\u00eener avec lui et sa maman Angelica.<\/strong> <strong>Le voyage commen\u00e7ait admirablement bien<\/strong> et j&rsquo;\u00e9tais content d&rsquo;avoir demand\u00e9 \u00e0 Giancarlo de \u00ab\u00a0piantare la tenda\u00a0\u00bb dans son jardin.<\/p>\n<p style=\"text-align: justify;\">La soir\u00e9e avec mes h\u00f4tes fut tr\u00e8s cool. <strong>Giancarlo pr\u00e9para de d\u00e9licieuses spaghettis bolognaises <\/strong>ainsi qu&rsquo;une omelette et de la salade<strong>.<\/strong> Delizioso ! Le repas fut aliment\u00e9 <strong>d&rsquo;\u00e9changes int\u00e9ressants\u00a0dans un m\u00e9lange de fran\u00e7ais et d&rsquo;italien.<\/strong> Il me raconta notamment sa passion pour la moto, ses voyages \u00e0 travers l&rsquo;Europe, \u00e9voqua son fils Luigi et bien s\u00fbr son amour de Stintino. En \u00e9change, je lui relatai mon p\u00e9riple \u00e0 v\u00e9lo et ma vie nantaise. Plus tard dans la soir\u00e9e, c&rsquo;est\u00a0<strong>heureux<\/strong> que je pris la direction de ma tente pour ma premi\u00e8re nuit sarde.<\/p>\n<p><a href=\"http:\/\/courir-lemonde.com\/wp-content\/uploads\/2017\/04\/IMG_1398.jpg\"><img loading=\"lazy\" decoding=\"async\" class=\"aligncenter wp-image-2964\" src=\"http:\/\/courir-lemonde.com\/wp-content\/uploads\/2017\/04\/IMG_1398-1024x768.jpg\" alt=\"\" width=\"500\" height=\"377\" \/><\/a><\/p>\n<p style=\"text-align: center;\"><em>La maison de Giancarlo et de sa maman Angelica. Gr\u00e2ce \u00e0 leur extr\u00eame gentillesse, j&rsquo;ai pass\u00e9 ma premi\u00e8re nuit sarde dans leur jardin face \u00e0 la mer (photo courir-lemonde.com)<\/em><\/p>\n<p style=\"text-align: center;\"><em><strong>Etape 2 : Stintino &#8211; cala Porticciolo (35 kilom\u00e8tres)\u00a0<\/strong><\/em><\/p>\n<p style=\"text-align: justify;\">Apr\u00e8s une nuit convenable, je retrouvai Giancarlo et Angelica pour le petit d\u00e9jeuner. Ma carte de Sardaigne \u00e9tendue sur la table, <strong>Giancarlo me conseilla des lieux incontournables pour les prochaines \u00e9tapes.<\/strong> Par la suite, mon h\u00f4te me proposa de me doucher avant de reprendre la route.\u00a0Pendant ce temps l\u00e0, <strong>il fit un tr\u00e8s joli dessin de Stintino qu&rsquo;il m\u2019offra avant mon d\u00e9part.<\/strong> <strong>Giancarlo<\/strong> fut vraiment<strong> un h\u00f4te d&rsquo;une grande g\u00e9n\u00e9rosit\u00e9, d&rsquo;une profonde gentillesse<\/strong> en plus d&rsquo;\u00eatre un excellent dessinateur.<\/p>\n<p style=\"text-align: left;\"><a href=\"http:\/\/courir-lemonde.com\/wp-content\/uploads\/2017\/04\/dessin-Giancarlo.jpg\"><img loading=\"lazy\" decoding=\"async\" class=\"aligncenter wp-image-3043\" src=\"http:\/\/courir-lemonde.com\/wp-content\/uploads\/2017\/04\/dessin-Giancarlo.jpg\" alt=\"\" width=\"534\" height=\"375\" \/><\/a><\/p>\n<p style=\"text-align: center;\"><em>Le dessin que Giancarlo m&rsquo;a offert (photo courir-lemonde.com)<\/em><\/p>\n<p><a href=\"http:\/\/courir-lemonde.com\/wp-content\/uploads\/2017\/04\/IMG_1413-1.jpg\"><img loading=\"lazy\" decoding=\"async\" class=\"aligncenter wp-image-2965\" src=\"http:\/\/courir-lemonde.com\/wp-content\/uploads\/2017\/04\/IMG_1413-1-1024x768.jpg\" alt=\"\" width=\"500\" height=\"377\" \/><\/a><\/p>\n<p style=\"text-align: center;\"><em>Giancarlo devant la tente (photo courir-lemonde.com)<\/em><\/p>\n<p style=\"text-align: justify;\">Apr\u00e8s avoir <strong>longuement remerci\u00e9 Giancarlo et Angelica pour leur hospitalit\u00e9<\/strong>, c&rsquo;est non sans mal que je les quittai\u00a0vers 10h30 pour de nouvelles aventures. Pour information, <strong>nous avons gard\u00e9 contact<\/strong> (facebook, adresse postale) et pendant mon voyage, j&rsquo;ai envoy\u00e9 une carte postale \u00e0 mes nouveaux amis sardes.<\/p>\n<p style=\"text-align: justify;\">Sous le soleil et sans le vent, <strong>j&rsquo;effectuai les quelques kilom\u00e8tres jusqu&rsquo;\u00e0 Pozzo San Nicola avec le sourire aux l\u00e8vres<\/strong>. Apr\u00e8s quelques courses alimentaires tr\u00e8s fruit\u00e9es (provision de kiwis, de bananes et de cl\u00e9mentines), <strong>je\u00a0mis le cap au Sud en direction de Capo Caccia.<\/strong><\/p>\n<p style=\"text-align: center;\"><a href=\"http:\/\/courir-lemonde.com\/wp-content\/uploads\/2017\/04\/IMG_1416.jpg\"><img loading=\"lazy\" decoding=\"async\" class=\"aligncenter wp-image-2980\" src=\"http:\/\/courir-lemonde.com\/wp-content\/uploads\/2017\/04\/IMG_1416-1024x768.jpg\" alt=\"\" width=\"500\" height=\"377\" \/><\/a><\/p>\n<p style=\"text-align: center;\"><em>Quelques\u00a0courses alimentaires dans cette\u00a0sup\u00e9rette\u00a0de Pozzo San\u00a0Nicola<br \/>\n(photo courir-lemonde.com)<\/em><\/p>\n<p style=\"text-align: justify;\"><strong>Via une petite route, je d\u00e9couvrais la campagne sarde<\/strong> et ses paysages vallonn\u00e9s. Quelques <strong>abrupts raidillons furent l&rsquo;occasion de tester ma forme<\/strong>. La circulation \u00e9tait faible et hormis quelques tracteurs, je ne croisai pas grande monde jusqu&rsquo;\u00e0 Palmadula o\u00f9 je fis ma pause d\u00e9jeuner.<\/p>\n<p><a href=\"http:\/\/courir-lemonde.com\/wp-content\/uploads\/2017\/04\/IMG_1432.jpg\"><img loading=\"lazy\" decoding=\"async\" class=\"aligncenter wp-image-2967\" src=\"http:\/\/courir-lemonde.com\/wp-content\/uploads\/2017\/04\/IMG_1432-1024x768.jpg\" alt=\"\" width=\"500\" height=\"377\" \/><\/a><\/p>\n<p style=\"text-align: center;\"><em>Paysages vallonn\u00e9s dans la campagne entre Stintino et Alghero (photo courir-lemonde.com)<\/em><\/p>\n<p><a href=\"http:\/\/courir-lemonde.com\/wp-content\/uploads\/2017\/04\/IMG_1430.jpg\"><img loading=\"lazy\" decoding=\"async\" class=\"aligncenter wp-image-2981\" src=\"http:\/\/courir-lemonde.com\/wp-content\/uploads\/2017\/04\/IMG_1430-1024x768.jpg\" alt=\"\" width=\"500\" height=\"377\" \/><\/a><\/p>\n<p style=\"text-align: center;\"><em>L&rsquo;un des classiques de ce d\u00e9but de p\u00e9riple: sandwich jambon de pays et fromage<br \/>\n(photo courir-lemonde.com)<\/em><\/p>\n<p style=\"text-align: justify;\">En d\u00e9but d&rsquo;apr\u00e8s-midi, je repris la route en direction de Capo Caccia. Plus roulant, le parcours me permis d&rsquo;augmenter un peu ma vitesse de croisi\u00e8re. A une dizaine de kilom\u00e8tres de Capo Caccia, un panneau indiquait un camping sur la droite. Je suivis cette indication\u00a0pour finalement <strong>tomber de mani\u00e8re inattendue sur une magnifique cala : la cala Porticciolo.<\/strong><\/p>\n<p style=\"text-align: justify;\">Il \u00e9tait seulement 15h30 et j&rsquo;avais d\u00e9j\u00e0 trouv\u00e9 mon lieu pour bivouaquer. Tant pis pour Capo Caccia, je m&rsquo;y rendrais demain. <strong>C&rsquo;est \u00e7a le voyage \u00e0 v\u00e9lo : une grande flexibilit\u00e9 et un maximum de libert\u00e9 ! <\/strong>Pour atteindre la plage, je dus descendre mon v\u00e9lo via un chemin extr\u00eamement pentu et casse-gueule. <strong>La fin d&rsquo;apr\u00e8s-midi fut tr\u00e8s agr\u00e9able<\/strong>\u00a0<strong>dans ce cadre idyllique<\/strong> entre photos, \u00e9tude de mon guide de la Sardaigne, balade et r\u00e9flexion par rapport au campement du soir. \u00a0<b>\u00a0<\/b><\/p>\n<p><a href=\"http:\/\/courir-lemonde.com\/wp-content\/uploads\/2017\/04\/IMG_1468.jpg\"><img loading=\"lazy\" decoding=\"async\" class=\"aligncenter wp-image-2968\" src=\"http:\/\/courir-lemonde.com\/wp-content\/uploads\/2017\/04\/IMG_1468-1024x768.jpg\" alt=\"\" width=\"500\" height=\"377\" \/><\/a><\/p>\n<p style=\"text-align: center;\"><em>La magnifique cala Porticciolo (photo courir-lemonde.com)\u00a0<\/em><\/p>\n<p style=\"text-align: justify;\">Depuis la cala, <strong>le coucher de soleil fut somptueux.<\/strong> Apr\u00e8s le d\u00e9part des derniers touristes, je plantai la tente\u00a0l\u00e9g\u00e8rement en retrait de la plage. Cependant <strong>une petite appr\u00e9hension m&rsquo;animait<\/strong> car c&rsquo;\u00e9tait mon premier camping sauvage en solitaire. Ce dernier \u00e9tant interdit (des panneaux sont l\u00e0 pour le rappeler), je craignais d&rsquo;\u00eatre d\u00e9rang\u00e9 pendant la nuit. <strong>La soir\u00e9e fut calme<\/strong> et \u00e0 la suite d&rsquo;un repas \u00e0 base de maquereaux et de betteraves puis de quelques pages de l&rsquo;Alchimiste de Paulo Coehlo, je m&rsquo;endormis.<\/p>\n<p><a href=\"http:\/\/courir-lemonde.com\/wp-content\/uploads\/2017\/04\/IMG_1483.jpg\"><img loading=\"lazy\" decoding=\"async\" class=\"aligncenter wp-image-2969\" src=\"http:\/\/courir-lemonde.com\/wp-content\/uploads\/2017\/04\/IMG_1483-1024x768.jpg\" alt=\"\" width=\"500\" height=\"377\" \/><\/a><\/p>\n<p style=\"text-align: center;\"><em>Somptueux coucher de soleil depuis la cala Porticciolo (photo courir-lemonde.com)<\/em><\/p>\n<p style=\"text-align: center;\"><strong>Etape 3 : cala Porticciolo &#8211; Alghero (40 kilom\u00e8tres)<\/strong><\/p>\n<p style=\"text-align: justify;\">Malgr\u00e9 une nuit mitig\u00e9e, c&rsquo;est <strong>en forme que je me levai vers 6h30 dans ce cadre majestueux.<\/strong> Le ciel tr\u00e8s clair annon\u00e7ait une nouvelle belle journ\u00e9e. Que demander de plus. Une nouvelle fois, <strong>le d\u00e9but de matin\u00e9e\u00a0fut tranquille.<\/strong> Apr\u00e8s un petit d\u00e9jeuner copieux, je m&rsquo;accordai une <strong>petite s\u00e9ance de sport sur le sable<\/strong> pour garder la forme. Pompes, burpees et gainage furent au programme.<\/p>\n<p><a href=\"http:\/\/courir-lemonde.com\/wp-content\/uploads\/2017\/04\/IMG_1495.jpg\"><img loading=\"lazy\" decoding=\"async\" class=\"aligncenter wp-image-2970\" src=\"http:\/\/courir-lemonde.com\/wp-content\/uploads\/2017\/04\/IMG_1495-1024x768.jpg\" alt=\"\" width=\"501\" height=\"378\" \/><\/a><\/p>\n<p style=\"text-align: center;\"><em>Le campement l\u00e9g\u00e8rement en retrait de la plage (photo courir-lemonde.com)<\/em><\/p>\n<p><a href=\"http:\/\/courir-lemonde.com\/wp-content\/uploads\/2017\/04\/IMG_1499.jpg\"><img loading=\"lazy\" decoding=\"async\" class=\"aligncenter wp-image-2971\" src=\"http:\/\/courir-lemonde.com\/wp-content\/uploads\/2017\/04\/IMG_1499-1024x768.jpg\" alt=\"\" width=\"500\" height=\"378\" \/><\/a><\/p>\n<p style=\"text-align: center;\"><em>D\u00e9but journ\u00e9e tranquille sur la plage (photo courir-lemonde.com)<\/em><\/p>\n<p style=\"text-align: justify;\">Avant d&rsquo;attaquer l&rsquo;\u00e9tape du jour, je dus remonter, depuis la cala, l&rsquo;ensemble de mon paquetage. Pas une mince affaire. En ce vendredi 3 mars, <strong>je projetais d&rsquo;atteindre la ville d&rsquo;Alghero dans le courant de l&rsquo;apr\u00e8s-midi apr\u00e8s une halte du c\u00f4t\u00e9 de Capo Caccia.<\/strong><\/p>\n<p style=\"text-align: justify;\">Assez rapidement, j&rsquo;atteignis les environs de Capo Caccia. A mon rythme, <strong>je go\u00fbtai avec d\u00e9lectation aux sublimes paysages qui m&rsquo;entouraient.<\/strong> Un littoral tr\u00e8s d\u00e9coup\u00e9, des eaux limpides et une v\u00e9g\u00e9tation fournie tr\u00e8s typique des pays m\u00e9diterran\u00e9ens. <strong>La m\u00e9t\u00e9o du jour, particuli\u00e8rement radieuse<\/strong>, magnifiait les vastes \u00e9tendues sauvages du Parc R\u00e9gional de Porto Conte.<\/p>\n<p><a href=\"http:\/\/courir-lemonde.com\/wp-content\/uploads\/2017\/04\/IMAG0082.jpg\"><img loading=\"lazy\" decoding=\"async\" class=\"aligncenter wp-image-2972\" src=\"http:\/\/courir-lemonde.com\/wp-content\/uploads\/2017\/04\/IMAG0082-1024x576.jpg\" alt=\"\" width=\"500\" height=\"286\" \/><\/a><\/p>\n<p style=\"text-align: center;\"><em>Capo Caccia dans le Parc R\u00e9gional de Porto Conte (photo courir-lemonde.com)<\/em><\/p>\n<div style=\"width: 584px;\" class=\"wp-video\"><!--[if lt IE 9]><script>document.createElement('video');<\/script><![endif]-->\n<video class=\"wp-video-shortcode\" id=\"video-2939-1\" width=\"584\" height=\"329\" preload=\"metadata\" controls=\"controls\"><source type=\"video\/mp4\" src=\"http:\/\/courir-lemonde.com\/wp-content\/uploads\/2017\/04\/Bellissima.mp4?_=1\" \/><a href=\"http:\/\/courir-lemonde.com\/wp-content\/uploads\/2017\/04\/Bellissima.mp4\">http:\/\/courir-lemonde.com\/wp-content\/uploads\/2017\/04\/Bellissima.mp4<\/a><\/video><\/div>\n<p style=\"text-align: center;\"><em>Panorama vid\u00e9o sur le Parc R\u00e9gional de Porto Conte depuis Capo Caccia <\/em><br \/>\n<em>(vid\u00e9o courir-lemonde.com)\u00a0<\/em><\/p>\n<p><a href=\"http:\/\/courir-lemonde.com\/wp-content\/uploads\/2017\/04\/IMAG0092.jpg\"><img loading=\"lazy\" decoding=\"async\" class=\"aligncenter size-large wp-image-3052\" src=\"http:\/\/courir-lemonde.com\/wp-content\/uploads\/2017\/04\/IMAG0092-1024x576.jpg\" alt=\"\" width=\"584\" height=\"329\" srcset=\"https:\/\/courir-lemonde.com\/wp-content\/uploads\/2017\/04\/IMAG0092-1024x576.jpg 1024w, https:\/\/courir-lemonde.com\/wp-content\/uploads\/2017\/04\/IMAG0092-300x169.jpg 300w, https:\/\/courir-lemonde.com\/wp-content\/uploads\/2017\/04\/IMAG0092-768x432.jpg 768w, https:\/\/courir-lemonde.com\/wp-content\/uploads\/2017\/04\/IMAG0092-500x281.jpg 500w\" sizes=\"(max-width: 584px) 100vw, 584px\" \/><\/a><\/p>\n<p style=\"text-align: center;\"><em>Vue sur la mer\u00a0depuis les environs de Capo Caccia (photo courir-lemonde.com)<\/em><\/p>\n<p style=\"text-align: justify;\">Vers midi, je fis une pause dans un bar-restaurant. <strong>Une fra\u00eeche\u00a0Ichnusa, bi\u00e8re sarde la plus r\u00e9pandue, accompagna de bonnes\u00a0spaghettis\u00a0aux moules.<\/strong> J&rsquo;en profitai aussi\u00a0pour recharger mes appareils \u00e9lectroniques. Requinqu\u00e9, je repris mon chemin\u00a0en direction d&rsquo;Alghero en d\u00e9but d&rsquo;apr\u00e8s-midi.<\/p>\n<p><a href=\"http:\/\/courir-lemonde.com\/wp-content\/uploads\/2017\/04\/IMG_1505.jpg\"><img loading=\"lazy\" decoding=\"async\" class=\"aligncenter wp-image-2974\" src=\"http:\/\/courir-lemonde.com\/wp-content\/uploads\/2017\/04\/IMG_1505-1024x768.jpg\" alt=\"\" width=\"500\" height=\"377\" \/><\/a><\/p>\n<p style=\"text-align: center;\"><em>Vestiges de\u00a0nuraghes sur la route menant \u00e0 Alghero. <\/em><br \/>\n<em>Un nuraghe est une tour ronde caract\u00e9ristique de la culture nuragique apparue en Sardaigne entre 1900 et 730 avant J-C (photo courir-lemonde.com)\u00a0<\/em><\/p>\n<p style=\"text-align: justify;\">J&rsquo;atteignis <strong>Alghero<\/strong> en milieu d&rsquo;apr\u00e8s-midi. Avec 44 000 habitants, il s&rsquo;agit de la cinqui\u00e8me agglom\u00e9ration de Sardaigne en termes de population. De par son histoire, <strong>la ville est intimement li\u00e9e \u00e0 la Catalogne ce qui lui vaut le surnom de \u00ab\u00a0petite Barcelone sarde\u00a0\u00bb.<\/strong> En effet au XIV \u00e8me si\u00e8cle, Alghero fut massivement repeupl\u00e9e par des Catalans. Encore aujourd&rsquo;hui, une grande part de la population locale parle le catalan, d\u00e9guis\u00e9 sous le nom de dialecte algherois.<\/p>\n<p style=\"text-align: justify;\">Sous un soleil \u00e9tincelant et par une temp\u00e9rature sup\u00e9rieure \u00e0 20\u00b0C, <strong>j&rsquo;ai d\u00e9couvert l&rsquo;\u00e9l\u00e9gant centre-ville d&rsquo;Alghero construit autour de\u00a0fortifications et agr\u00e9ment\u00e9 de belles b\u00e2tisses, de places anim\u00e9es et de typiques ruelles.<\/strong><\/p>\n<p style=\"text-align: center;\"><a href=\"http:\/\/courir-lemonde.com\/wp-content\/uploads\/2017\/04\/IMG_1511.jpg\"><img loading=\"lazy\" decoding=\"async\" class=\"aligncenter wp-image-3046\" src=\"http:\/\/courir-lemonde.com\/wp-content\/uploads\/2017\/04\/IMG_1511-1024x768.jpg\" alt=\"\" width=\"500\" height=\"377\" \/><\/a><\/p>\n<p style=\"text-align: center;\"><em>Joli front de mer \u00e0 Alghero (photo courir-lemonde.com)\u00a0<\/em><\/p>\n<p><a href=\"http:\/\/courir-lemonde.com\/wp-content\/uploads\/2017\/04\/IMG_1515.jpg\"><img loading=\"lazy\" decoding=\"async\" class=\"aligncenter wp-image-2975\" src=\"http:\/\/courir-lemonde.com\/wp-content\/uploads\/2017\/04\/IMG_1515-1024x768.jpg\" alt=\"\" width=\"500\" height=\"377\" \/><\/a><\/p>\n<p style=\"text-align: center;\"><em>Agr\u00e9able vue sur la mer et Capo Caccia depuis les remparts d&rsquo;Alghero<br \/>\n(photo courir-lemonde.com)\u00a0<\/em><\/p>\n<p><a href=\"http:\/\/courir-lemonde.com\/wp-content\/uploads\/2017\/04\/IMG_1516.jpg\"><img loading=\"lazy\" decoding=\"async\" class=\"aligncenter wp-image-2976\" src=\"http:\/\/courir-lemonde.com\/wp-content\/uploads\/2017\/04\/IMG_1516-1024x768.jpg\" alt=\"\" width=\"500\" height=\"377\" \/><\/a><\/p>\n<p style=\"text-align: center;\"><em>Belles demeures color\u00e9es \u00e0 Alghero, surnomm\u00e9e la \u00ab\u00a0petite Barcelone sarde\u00a0\u00bb en raison de son histoire li\u00e9e\u00a0\u00e0\u00a0la Catalogne (photo courir-lemonde.com)\u00a0<\/em><\/p>\n<p style=\"text-align: justify;\">A la suite de ma balade dans Alghero, je me mis \u00e0 la recherche d&rsquo;un endroit pour passer la nuit. Ce soir,<strong> j&rsquo;avais bien envie de planter la tente chez l&rsquo;habitant<\/strong> comme chez Giancarlo.\u00a0Paisiblement, je m&rsquo;engageai sur\u00a0la route 105 en direction de Bosa. Quatre kilom\u00e8tres plus tard, j&rsquo;arrivai dans une sorte de hameau. C&rsquo;\u00e9tait le moment de formuler ma requ\u00eate aux locaux. Apr\u00e8s deux \u00e9checs, <strong>ma troisi\u00e8me tentative fut la bonne gr\u00e2ce \u00e0 la gentillesse de Leilei<\/strong> qui travaillait dans son champ. Il me proposa de l&rsquo;attendre devant sa maison situ\u00e9e \u00e0 300 m\u00e8tres de l\u00e0. <strong>Son jardin, parsem\u00e9 d&rsquo;oliviers, \u00e9tait magnifique et je me languissais d&rsquo;y planter ma tente.\u00a0<\/strong><\/p>\n<p style=\"text-align: justify;\">Une petite heure plus tard,\u00a0Leilei me rejoignit devant sa maison. Finalement, ce dernier m&rsquo;expliqua qu&rsquo;il s&rsquo;agissait <strong>de sa r\u00e9sidence secondaire et que je pouvais dormir \u00e0 l&rsquo;int\u00e9rieur.<\/strong> Je n&rsquo;en revenais pas !!! Nous \u00e9change\u00e2mes un peu puis <strong>il me confia les clefs de sa maison avant de rentrer chez lui \u00e0 Alghero.<\/strong>\u00a0Ce soir l\u00e0, je compris \u00e0 quel point <strong>le v\u00e9lo \u00e9tait un facilitateur de rencontres et surtout la confiance qu&rsquo;il inspirait.<\/strong><\/p>\n<p><a href=\"http:\/\/courir-lemonde.com\/wp-content\/uploads\/2017\/04\/IMG_1525.jpg\"><img loading=\"lazy\" decoding=\"async\" class=\"aligncenter wp-image-2977\" src=\"http:\/\/courir-lemonde.com\/wp-content\/uploads\/2017\/04\/IMG_1525-1024x768.jpg\" alt=\"\" width=\"500\" height=\"377\" \/><\/a><\/p>\n<p style=\"text-align: center;\"><em>Chez Leilei, la chambre o\u00f9 j&rsquo;ai pass\u00e9 la nuit (photo courir-lemonde.com)<\/em><\/p>\n<p style=\"text-align: justify;\"><strong>Heureux\u00a0mais un peu d\u00e9stabilis\u00e9 par cette offre g\u00e9n\u00e9reuse totalement inattendue<\/strong>, je passai une soir\u00e9e au chaud et \u00e0 l&rsquo;abri dans la maison de Leilei avec lequel j&rsquo;avais \u00e0 peine discut\u00e9 vingt\u00a0minutes. Quelle confiance !\u00a0<strong>Lorsque l&rsquo;orage gronda pendant la nuit, je me disais\u00a0que les choses se goupillaient vraiment bien en ce d\u00e9but d&rsquo;aventure<\/strong>. Pourvu que \u00e7a continue !<\/p>\n<p style=\"text-align: left;\">Affaire \u00e0 suivre dans <strong>le prochain article <a href=\"http:\/\/courir-lemonde.com\/index.php\/2017\/04\/15\/la-sardaigne-en-velo-de-alghero-a-zeppara-via-la-magnifique-ville-de-bosa-la-belle-aventure-se-poursuit\/\">\u00ab\u00a0de Alghero \u00e0 Zeppara via la magnifique ville de Bosa, la belle aventure se poursuit\u00a0\u00bb<\/a>.\u00a0<\/strong><\/p>\n","protected":false},"excerpt":{"rendered":"<p>Devant la cala Porticciolo\u00a0dans le Parc R\u00e9gional de Porto Conte (photo courir-lemonde.com) Du 1 er au 3 mars, j&rsquo;ai d\u00e9couvert la partie Nord-Ouest de la Sardaigne.\u00a0Depuis Porto Torres, j&rsquo;ai ralli\u00e9 Alghero, en passant notamment par Stintino et Capo Caccia. Le &hellip; <a href=\"https:\/\/courir-lemonde.com\/index.php\/2017\/04\/10\/la-sardaigne-a-velo-de-porto-torres-a-alghero-en-passant-par-stintino-un-debut-de-periple-riche-en-experiences-nouvelles\/\">Continuer la lecture <span class=\"meta-nav\">&rarr;<\/span><\/a><\/p>\n","protected":false},"author":1,"featured_media":0,"comment_status":"open","ping_status":"open","sticky":false,"template":"","format":"standard","meta":{"footnotes":""},"categories":[283,266],"tags":[281,267,282,269,280,206,268],"yoast_head":"<!-- This site is optimized with the Yoast SEO plugin v21.8.1 - https:\/\/yoast.com\/wordpress\/plugins\/seo\/ -->\n<title>La Sardaigne \u00e0 v\u00e9lo : de Porto Torres \u00e0 Alghero en passant par Stintino, un d\u00e9but de p\u00e9riple riche en nouvelles exp\u00e9riences - Courir Le Monde<\/title>\n<meta name=\"robots\" content=\"index, follow, max-snippet:-1, max-image-preview:large, max-video-preview:-1\" \/>\n<link rel=\"canonical\" href=\"https:\/\/courir-lemonde.com\/index.php\/2017\/04\/10\/la-sardaigne-a-velo-de-porto-torres-a-alghero-en-passant-par-stintino-un-debut-de-periple-riche-en-experiences-nouvelles\/\" \/>\n<meta property=\"og:locale\" content=\"fr_FR\" \/>\n<meta property=\"og:type\" content=\"article\" \/>\n<meta property=\"og:title\" content=\"La Sardaigne \u00e0 v\u00e9lo : de Porto Torres \u00e0 Alghero en passant par Stintino, un d\u00e9but de p\u00e9riple riche en nouvelles exp\u00e9riences - Courir Le Monde\" \/>\n<meta property=\"og:description\" content=\"Devant la cala Porticciolo\u00a0dans le Parc R\u00e9gional de Porto Conte (photo courir-lemonde.com) Du 1 er au 3 mars, j&rsquo;ai d\u00e9couvert la partie Nord-Ouest de la Sardaigne.\u00a0Depuis Porto Torres, j&rsquo;ai ralli\u00e9 Alghero, en passant notamment par Stintino et Capo Caccia. Le &hellip; Continuer la lecture &rarr;\" \/>\n<meta property=\"og:url\" content=\"https:\/\/courir-lemonde.com\/index.php\/2017\/04\/10\/la-sardaigne-a-velo-de-porto-torres-a-alghero-en-passant-par-stintino-un-debut-de-periple-riche-en-experiences-nouvelles\/\" \/>\n<meta property=\"og:site_name\" content=\"Courir Le Monde\" \/>\n<meta property=\"article:published_time\" content=\"2017-04-10T07:38:42+00:00\" \/>\n<meta property=\"article:modified_time\" content=\"2018-04-05T17:49:21+00:00\" \/>\n<meta property=\"og:image\" content=\"http:\/\/courir-lemonde.com\/wp-content\/uploads\/2017\/04\/IMG_1450-1024x768.jpg\" \/>\n<meta name=\"author\" content=\"Chap44\" \/>\n<meta name=\"twitter:card\" content=\"summary_large_image\" \/>\n<meta name=\"twitter:label1\" content=\"\u00c9crit par\" \/>\n\t<meta name=\"twitter:data1\" content=\"Chap44\" \/>\n\t<meta name=\"twitter:label2\" content=\"Dur\u00e9e de lecture estim\u00e9e\" \/>\n\t<meta name=\"twitter:data2\" content=\"12 minutes\" \/>\n<script type=\"application\/ld+json\" class=\"yoast-schema-graph\">{\"@context\":\"https:\/\/schema.org\",\"@graph\":[{\"@type\":\"WebPage\",\"@id\":\"https:\/\/courir-lemonde.com\/index.php\/2017\/04\/10\/la-sardaigne-a-velo-de-porto-torres-a-alghero-en-passant-par-stintino-un-debut-de-periple-riche-en-experiences-nouvelles\/\",\"url\":\"https:\/\/courir-lemonde.com\/index.php\/2017\/04\/10\/la-sardaigne-a-velo-de-porto-torres-a-alghero-en-passant-par-stintino-un-debut-de-periple-riche-en-experiences-nouvelles\/\",\"name\":\"La Sardaigne \u00e0 v\u00e9lo : de Porto Torres \u00e0 Alghero en passant par Stintino, un d\u00e9but de p\u00e9riple riche en nouvelles exp\u00e9riences - Courir Le Monde\",\"isPartOf\":{\"@id\":\"https:\/\/courir-lemonde.com\/#website\"},\"datePublished\":\"2017-04-10T07:38:42+00:00\",\"dateModified\":\"2018-04-05T17:49:21+00:00\",\"author\":{\"@id\":\"https:\/\/courir-lemonde.com\/#\/schema\/person\/baaa624d701d53d176c763f85b3114e4\"},\"breadcrumb\":{\"@id\":\"https:\/\/courir-lemonde.com\/index.php\/2017\/04\/10\/la-sardaigne-a-velo-de-porto-torres-a-alghero-en-passant-par-stintino-un-debut-de-periple-riche-en-experiences-nouvelles\/#breadcrumb\"},\"inLanguage\":\"fr-FR\",\"potentialAction\":[{\"@type\":\"ReadAction\",\"target\":[\"https:\/\/courir-lemonde.com\/index.php\/2017\/04\/10\/la-sardaigne-a-velo-de-porto-torres-a-alghero-en-passant-par-stintino-un-debut-de-periple-riche-en-experiences-nouvelles\/\"]}]},{\"@type\":\"BreadcrumbList\",\"@id\":\"https:\/\/courir-lemonde.com\/index.php\/2017\/04\/10\/la-sardaigne-a-velo-de-porto-torres-a-alghero-en-passant-par-stintino-un-debut-de-periple-riche-en-experiences-nouvelles\/#breadcrumb\",\"itemListElement\":[{\"@type\":\"ListItem\",\"position\":1,\"name\":\"Accueil\",\"item\":\"https:\/\/courir-lemonde.com\/\"},{\"@type\":\"ListItem\",\"position\":2,\"name\":\"La Sardaigne \u00e0 v\u00e9lo : de Porto Torres \u00e0 Alghero en passant par Stintino, un d\u00e9but de p\u00e9riple riche en nouvelles exp\u00e9riences\"}]},{\"@type\":\"WebSite\",\"@id\":\"https:\/\/courir-lemonde.com\/#website\",\"url\":\"https:\/\/courir-lemonde.com\/\",\"name\":\"Courir Le Monde\",\"description\":\"Le site de Valentin Chapalain, passionn\u00e9 d&#039;aventures et de voyages\",\"potentialAction\":[{\"@type\":\"SearchAction\",\"target\":{\"@type\":\"EntryPoint\",\"urlTemplate\":\"https:\/\/courir-lemonde.com\/?s={search_term_string}\"},\"query-input\":\"required name=search_term_string\"}],\"inLanguage\":\"fr-FR\"},{\"@type\":\"Person\",\"@id\":\"https:\/\/courir-lemonde.com\/#\/schema\/person\/baaa624d701d53d176c763f85b3114e4\",\"name\":\"Chap44\",\"image\":{\"@type\":\"ImageObject\",\"inLanguage\":\"fr-FR\",\"@id\":\"https:\/\/courir-lemonde.com\/#\/schema\/person\/image\/\",\"url\":\"https:\/\/secure.gravatar.com\/avatar\/f6a3fcbb365f597d6259be5c4dc6c05c?s=96&d=mm&r=g\",\"contentUrl\":\"https:\/\/secure.gravatar.com\/avatar\/f6a3fcbb365f597d6259be5c4dc6c05c?s=96&d=mm&r=g\",\"caption\":\"Chap44\"},\"url\":\"https:\/\/courir-lemonde.com\/index.php\/author\/chap331244\/\"}]}<\/script>\n<!-- \/ Yoast SEO plugin. -->","yoast_head_json":{"title":"La Sardaigne \u00e0 v\u00e9lo : de Porto Torres \u00e0 Alghero en passant par Stintino, un d\u00e9but de p\u00e9riple riche en nouvelles exp\u00e9riences - Courir Le Monde","robots":{"index":"index","follow":"follow","max-snippet":"max-snippet:-1","max-image-preview":"max-image-preview:large","max-video-preview":"max-video-preview:-1"},"canonical":"https:\/\/courir-lemonde.com\/index.php\/2017\/04\/10\/la-sardaigne-a-velo-de-porto-torres-a-alghero-en-passant-par-stintino-un-debut-de-periple-riche-en-experiences-nouvelles\/","og_locale":"fr_FR","og_type":"article","og_title":"La Sardaigne \u00e0 v\u00e9lo : de Porto Torres \u00e0 Alghero en passant par Stintino, un d\u00e9but de p\u00e9riple riche en nouvelles exp\u00e9riences - Courir Le Monde","og_description":"Devant la cala Porticciolo\u00a0dans le Parc R\u00e9gional de Porto Conte (photo courir-lemonde.com) Du 1 er au 3 mars, j&rsquo;ai d\u00e9couvert la partie Nord-Ouest de la Sardaigne.\u00a0Depuis Porto Torres, j&rsquo;ai ralli\u00e9 Alghero, en passant notamment par Stintino et Capo Caccia. Le &hellip; Continuer la lecture &rarr;","og_url":"https:\/\/courir-lemonde.com\/index.php\/2017\/04\/10\/la-sardaigne-a-velo-de-porto-torres-a-alghero-en-passant-par-stintino-un-debut-de-periple-riche-en-experiences-nouvelles\/","og_site_name":"Courir Le Monde","article_published_time":"2017-04-10T07:38:42+00:00","article_modified_time":"2018-04-05T17:49:21+00:00","og_image":[{"url":"http:\/\/courir-lemonde.com\/wp-content\/uploads\/2017\/04\/IMG_1450-1024x768.jpg"}],"author":"Chap44","twitter_card":"summary_large_image","twitter_misc":{"\u00c9crit par":"Chap44","Dur\u00e9e de lecture estim\u00e9e":"12 minutes"},"schema":{"@context":"https:\/\/schema.org","@graph":[{"@type":"WebPage","@id":"https:\/\/courir-lemonde.com\/index.php\/2017\/04\/10\/la-sardaigne-a-velo-de-porto-torres-a-alghero-en-passant-par-stintino-un-debut-de-periple-riche-en-experiences-nouvelles\/","url":"https:\/\/courir-lemonde.com\/index.php\/2017\/04\/10\/la-sardaigne-a-velo-de-porto-torres-a-alghero-en-passant-par-stintino-un-debut-de-periple-riche-en-experiences-nouvelles\/","name":"La Sardaigne \u00e0 v\u00e9lo : de Porto Torres \u00e0 Alghero en passant par Stintino, un d\u00e9but de p\u00e9riple riche en nouvelles exp\u00e9riences - Courir Le Monde","isPartOf":{"@id":"https:\/\/courir-lemonde.com\/#website"},"datePublished":"2017-04-10T07:38:42+00:00","dateModified":"2018-04-05T17:49:21+00:00","author":{"@id":"https:\/\/courir-lemonde.com\/#\/schema\/person\/baaa624d701d53d176c763f85b3114e4"},"breadcrumb":{"@id":"https:\/\/courir-lemonde.com\/index.php\/2017\/04\/10\/la-sardaigne-a-velo-de-porto-torres-a-alghero-en-passant-par-stintino-un-debut-de-periple-riche-en-experiences-nouvelles\/#breadcrumb"},"inLanguage":"fr-FR","potentialAction":[{"@type":"ReadAction","target":["https:\/\/courir-lemonde.com\/index.php\/2017\/04\/10\/la-sardaigne-a-velo-de-porto-torres-a-alghero-en-passant-par-stintino-un-debut-de-periple-riche-en-experiences-nouvelles\/"]}]},{"@type":"BreadcrumbList","@id":"https:\/\/courir-lemonde.com\/index.php\/2017\/04\/10\/la-sardaigne-a-velo-de-porto-torres-a-alghero-en-passant-par-stintino-un-debut-de-periple-riche-en-experiences-nouvelles\/#breadcrumb","itemListElement":[{"@type":"ListItem","position":1,"name":"Accueil","item":"https:\/\/courir-lemonde.com\/"},{"@type":"ListItem","position":2,"name":"La Sardaigne \u00e0 v\u00e9lo : de Porto Torres \u00e0 Alghero en passant par Stintino, un d\u00e9but de p\u00e9riple riche en nouvelles exp\u00e9riences"}]},{"@type":"WebSite","@id":"https:\/\/courir-lemonde.com\/#website","url":"https:\/\/courir-lemonde.com\/","name":"Courir Le Monde","description":"Le site de Valentin Chapalain, passionn\u00e9 d&#039;aventures et de voyages","potentialAction":[{"@type":"SearchAction","target":{"@type":"EntryPoint","urlTemplate":"https:\/\/courir-lemonde.com\/?s={search_term_string}"},"query-input":"required name=search_term_string"}],"inLanguage":"fr-FR"},{"@type":"Person","@id":"https:\/\/courir-lemonde.com\/#\/schema\/person\/baaa624d701d53d176c763f85b3114e4","name":"Chap44","image":{"@type":"ImageObject","inLanguage":"fr-FR","@id":"https:\/\/courir-lemonde.com\/#\/schema\/person\/image\/","url":"https:\/\/secure.gravatar.com\/avatar\/f6a3fcbb365f597d6259be5c4dc6c05c?s=96&d=mm&r=g","contentUrl":"https:\/\/secure.gravatar.com\/avatar\/f6a3fcbb365f597d6259be5c4dc6c05c?s=96&d=mm&r=g","caption":"Chap44"},"url":"https:\/\/courir-lemonde.com\/index.php\/author\/chap331244\/"}]}},"_links":{"self":[{"href":"https:\/\/courir-lemonde.com\/index.php\/wp-json\/wp\/v2\/posts\/2939"}],"collection":[{"href":"https:\/\/courir-lemonde.com\/index.php\/wp-json\/wp\/v2\/posts"}],"about":[{"href":"https:\/\/courir-lemonde.com\/index.php\/wp-json\/wp\/v2\/types\/post"}],"author":[{"embeddable":true,"href":"https:\/\/courir-lemonde.com\/index.php\/wp-json\/wp\/v2\/users\/1"}],"replies":[{"embeddable":true,"href":"https:\/\/courir-lemonde.com\/index.php\/wp-json\/wp\/v2\/comments?post=2939"}],"version-history":[{"count":23,"href":"https:\/\/courir-lemonde.com\/index.php\/wp-json\/wp\/v2\/posts\/2939\/revisions"}],"predecessor-version":[{"id":3887,"href":"https:\/\/courir-lemonde.com\/index.php\/wp-json\/wp\/v2\/posts\/2939\/revisions\/3887"}],"wp:attachment":[{"href":"https:\/\/courir-lemonde.com\/index.php\/wp-json\/wp\/v2\/media?parent=2939"}],"wp:term":[{"taxonomy":"category","embeddable":true,"href":"https:\/\/courir-lemonde.com\/index.php\/wp-json\/wp\/v2\/categories?post=2939"},{"taxonomy":"post_tag","embeddable":true,"href":"https:\/\/courir-lemonde.com\/index.php\/wp-json\/wp\/v2\/tags?post=2939"}],"curies":[{"name":"wp","href":"https:\/\/api.w.org\/{rel}","templated":true}]}}