{"id":2941,"date":"2017-04-15T11:28:50","date_gmt":"2017-04-15T10:28:50","guid":{"rendered":"http:\/\/courir-lemonde.com\/?p=2941"},"modified":"2018-04-05T18:53:58","modified_gmt":"2018-04-05T17:53:58","slug":"la-sardaigne-a-velo-de-alghero-a-zeppara-via-la-magnifique-ville-de-bosa-la-belle-aventure-se-poursuit","status":"publish","type":"post","link":"https:\/\/courir-lemonde.com\/index.php\/2017\/04\/15\/la-sardaigne-a-velo-de-alghero-a-zeppara-via-la-magnifique-ville-de-bosa-la-belle-aventure-se-poursuit\/","title":{"rendered":"La Sardaigne \u00e0 v\u00e9lo : de Alghero \u00e0 Zeppara via la magnifique ville de Bosa, la belle aventure se poursuit"},"content":{"rendered":"<p>&nbsp;<\/p>\n<p style=\"text-align: center;\"><em><a href=\"http:\/\/courir-lemonde.com\/wp-content\/uploads\/2017\/04\/IMG_1613.jpg\"><img loading=\"lazy\" decoding=\"async\" class=\"aligncenter wp-image-2983\" src=\"http:\/\/courir-lemonde.com\/wp-content\/uploads\/2017\/04\/IMG_1613-1024x768.jpg\" alt=\"Bosa et ses maisons color\u00e9es\" width=\"500\" height=\"378\" \/><\/a>Bosa, l&rsquo;un de mes gros coups de c\u0153ur en Sardaigne (photo courir-lemonde.com)<\/em><\/p>\n<p style=\"text-align: justify;\"><em>Du 4 au 6 mars, j\u2019ai parcouru\u00a0la partie Centre-Ouest de la Sardaigne.\u00a0Depuis Alghero, j\u2019ai atteint la petite localit\u00e9 de Zeppara o\u00f9 le sympathique Giorgio m&rsquo;a accueilli chez lui. Via Bosa et la r\u00e9gion de Oristano, j&rsquo;ai travers\u00e9 des jolis villages et d\u00e9couvert un littoral extr\u00eamement vari\u00e9. <\/em><em>Au total, en trois \u00e9tapes, j\u2019ai effectu\u00e9\u00a0environ 170 kilom\u00e8tres.\u00a0<\/em><\/p>\n<p style=\"text-align: justify;\"><em>Mes coups de c\u0153ur dans le Centre-Ouest de la Sardaigne &#x1f642;\u00a0<\/em><\/p>\n<ul>\n<li style=\"text-align: left;\"><em>la vivante et color\u00e9e ville de Bosa\u00a0<\/em><\/li>\n<li style=\"text-align: left;\"><i>la rencontre de Giorgio qui m&rsquo;a spontan\u00e9ment invit\u00e9 \u00e0 dormir chez lui\u00a0<\/i><\/li>\n<li style=\"text-align: left;\"><em>la route sinueuse entre Alghero et Bosa\u00a0<\/em><\/li>\n<li style=\"text-align: left;\"><i>le village de Modolo et sa vall\u00e9e pleine d&rsquo;oliviers et de vignes\u00a0<\/i><\/li>\n<\/ul>\n<p><!--more--><\/p>\n<h2 style=\"text-align: center;\"><a href=\"http:\/\/courir-lemonde.com\/wp-content\/uploads\/2017\/04\/parcours-Sardaigne-partie-2.jpg\"><img loading=\"lazy\" decoding=\"async\" class=\"aligncenter wp-image-3270\" src=\"http:\/\/courir-lemonde.com\/wp-content\/uploads\/2017\/04\/parcours-Sardaigne-partie-2.jpg\" alt=\"\" width=\"380\" height=\"430\" \/><\/a><\/h2>\n<p style=\"text-align: center;\"><em>Mon itin\u00e9raire dans la partie occidentale de la Sardaigne<\/em><br \/>\n<em> (r\u00e9alisation courir-lemonde.com sur openrunner)<\/em><\/p>\n<h2 style=\"text-align: center;\"><em>Etape 4 : Alghero &#8211; Bosa (40 kilom\u00e8tres)\u00a0<\/em><\/h2>\n<p style=\"text-align: justify;\">Ma nuit\u00e9e dans la maison pr\u00eat\u00e9e par\u00a0Leilei fut bonne. <strong>J&rsquo;\u00e9tais content d&rsquo;avoir dormi \u00e0 l&rsquo;abri car l&rsquo;orage avait grond\u00e9 en fin de nuit.<\/strong> Vers\u00a010h00, je quittai les lieux en prenant le soin de laisser la maison comme je l&rsquo;avais trouv\u00e9 et de remettre les clefs l\u00e0 o\u00f9 Leilei me l&rsquo;avait indiqu\u00e9. Je pris \u00e9galement le temps d&rsquo;\u00e9crire un mot \u00e0 mon h\u00f4te pour le remercier de sa confiance et de sa gentillesse. <strong>Grazie mille Leilei !\u00a0<\/strong><\/p>\n<p style=\"text-align: justify;\">En ce samedi 4 mars, <strong>les conditions m\u00e9t\u00e9orologiques \u00e9taient\u00a0incertaines.<\/strong> Un fort vent soufflait de la mer tandis que le ciel \u00e9tait n\u00e9buleux. Je m&rsquo;attendais \u00e0 une matin\u00e9e d\u00e9licate car en plus de la mauvaise m\u00e9t\u00e9o, le parcours promettait d&rsquo;\u00eatre tr\u00e8s vallonn\u00e9\u00a0sur la quarantaine de kilom\u00e8tres qui s\u00e9parent Alghero et\u00a0Bosa. D&rsquo;entr\u00e9e de jeu, je fis\u00a0<strong>balanc\u00e9 par les bourrasques de vent et confront\u00e9 \u00e0 de belles grimpettes <\/strong>ce qui me mit rapidement dans le bain.<\/p>\n<p><a href=\"http:\/\/courir-lemonde.com\/wp-content\/uploads\/2017\/04\/IMG_1532.jpg\"><img loading=\"lazy\" decoding=\"async\" class=\"aligncenter wp-image-2984\" src=\"http:\/\/courir-lemonde.com\/wp-content\/uploads\/2017\/04\/IMG_1532-1024x768.jpg\" alt=\"\" width=\"500\" height=\"377\" \/><\/a><\/p>\n<p style=\"text-align: center;\"><em>La c\u00f4te sauvage pr\u00e8s d&rsquo;Alghero en d\u00e9but d&rsquo;\u00e9tape (photo courir-lemonde.com)<\/em><\/p>\n<p><a href=\"http:\/\/courir-lemonde.com\/wp-content\/uploads\/2017\/04\/IMG_1540.jpg\"><img loading=\"lazy\" decoding=\"async\" class=\"aligncenter wp-image-2985\" src=\"http:\/\/courir-lemonde.com\/wp-content\/uploads\/2017\/04\/IMG_1540-1024x768.jpg\" alt=\"\" width=\"500\" height=\"377\" \/><\/a><\/p>\n<p style=\"text-align: center;\"><em>Entre Alghero et Bosa, le littoral est tr\u00e8s d\u00e9coup\u00e9 (photo courir-lemonde.com)\u00a0<\/em><\/p>\n<p style=\"text-align: justify;\">La suite de l&rsquo;\u00e9tape fut du m\u00eame acabit. G\u00ean\u00e9 par de violentes rafales de vent, c&rsquo;est \u00e0 une allure r\u00e9duite\u00a0que je progressais \u00e0 travers ces paysages escarp\u00e9s\u00a0et peu anthropis\u00e9s.\u00a0Dans les ascensions, <strong>je veillais \u00e0 faire preuve de r\u00e9gularit\u00e9<\/strong> pour ne pas me mettre en p\u00e9ril. Malgr\u00e9 tout, l&rsquo;effort \u00e9tait intense et afin d&rsquo;\u00e9viter la fringale\u00a0<strong>je faisais souvent des pauses pour m&rsquo;alimenter et boire<\/strong> le peu de liquide qu&rsquo;il me restait. Hormis mes deux bidons que j&rsquo;avais pu remplir chez Leilei, je n&rsquo;avais plus de r\u00e9serve &#8230; Heureusement je n&rsquo;avais qu&rsquo;une quarantaine de kilom\u00e8tres \u00e0 parcourir !<\/p>\n<p style=\"text-align: justify;\">Lentement mais surement, <strong>j&rsquo;avan\u00e7ais tant bien que mal, triomphant d\u2019\u00c9ole et du relief \u00e0 la force des cuisses et des mollets.<\/strong>\u00a0Je me rapprochais de Bosa que j&rsquo;esp\u00e9rais atteindre avant 13h00 pour y faire des courses (beaucoup de supermarch\u00e9s ferment de 13h00 \u00e0 16h00 en Italie).\u00a0<strong>Je profitai de ma lenteur\u00a0pour contempler les magnifiques paysages\u00a0<\/strong>qui m&rsquo;entouraient. Incontestablement, c&rsquo;est l&rsquo;un des avantages du voyage \u00e0 v\u00e9lo. A \u00ab\u00a0vitesse humaine\u00a0\u00bb, le voyageur a <strong>le temps de s&rsquo;impr\u00e9gner des paysages qui l&rsquo;encerclent.<\/strong><\/p>\n<p style=\"text-align: justify;\">A la suite d&rsquo;une\u00a0ascension de pr\u00e8s de\u00a0quatre kilom\u00e8tres, j&rsquo;atteignis\u00a0<strong>un plateau d&rsquo;o\u00f9 la vue \u00e9tait grandiose.<\/strong> Je devais me trouver \u00e0 au moins 350 ou 400 m\u00e8tres d&rsquo;altitude, preuve de l&rsquo;important d\u00e9nivel\u00e9 aval\u00e9 durant la\u00a0matin\u00e9e. Apr\u00e8s \u00e7a, <strong>une longue et plaisante descente m&rsquo;\u00e9choua \u00e0 six kilom\u00e8tres de Bosa<\/strong> qui me tendait les bras. Les jambes \u00e9taient tr\u00e8s lourdes et l&rsquo;envie de boire pressante. <strong>J&rsquo;avais parcouru seulement\u00a035 kilom\u00e8tres mais j&rsquo;avais l&rsquo;impression d&rsquo;en avoir effectu\u00e9 le double tant le d\u00e9nivel\u00e9 avait \u00e9t\u00e9 important<\/strong> avec ces montagnes russes. Apr\u00e8s une ultime c\u00f4te, <strong>j&rsquo;aper\u00e7u Bosa dans la vall\u00e9e. C&rsquo;\u00e9tait gagn\u00e9 et l&rsquo;euphorie m&rsquo;envahit (cf vid\u00e9o).<\/strong><\/p>\n<p><a href=\"http:\/\/courir-lemonde.com\/wp-content\/uploads\/2017\/04\/IMG_1546.jpg\"><img loading=\"lazy\" decoding=\"async\" class=\"aligncenter wp-image-2986\" src=\"http:\/\/courir-lemonde.com\/wp-content\/uploads\/2017\/04\/IMG_1546-1024x768.jpg\" alt=\"\" width=\"500\" height=\"377\" \/><\/a><\/p>\n<p style=\"text-align: center;\"><em>Troupeau de moutons \u00e0 flanc de falaise (photo courir-lemonde.com)<\/em><\/p>\n<p><a href=\"http:\/\/courir-lemonde.com\/wp-content\/uploads\/2017\/04\/IMG_1554.jpg\"><img loading=\"lazy\" decoding=\"async\" class=\"aligncenter wp-image-2987\" src=\"http:\/\/courir-lemonde.com\/wp-content\/uploads\/2017\/04\/IMG_1554-1024x768.jpg\" alt=\"\" width=\"500\" height=\"377\" \/><\/a><\/p>\n<p style=\"text-align: center;\"><em>La c\u00f4te rocheuse pr\u00e8s de Bosa (photo courir-lemonde.com)<\/em><\/p>\n<div style=\"width: 584px;\" class=\"wp-video\"><!--[if lt IE 9]><script>document.createElement('video');<\/script><![endif]-->\n<video class=\"wp-video-shortcode\" id=\"video-2941-1\" width=\"584\" height=\"329\" preload=\"metadata\" controls=\"controls\"><source type=\"video\/mp4\" src=\"http:\/\/courir-lemonde.com\/wp-content\/uploads\/2017\/04\/fin-d\u00e9tape-Bosa.mp4?_=1\" \/><a href=\"http:\/\/courir-lemonde.com\/wp-content\/uploads\/2017\/04\/fin-d\u00e9tape-Bosa.mp4\">http:\/\/courir-lemonde.com\/wp-content\/uploads\/2017\/04\/fin-d\u00e9tape-Bosa.mp4<\/a><\/video><\/div>\n<p style=\"text-align: center;\"><em>Moment d&rsquo;euphorie avant\u00a0d&rsquo;arriver \u00e0 Bosa <\/em><br \/>\n<em>(vid\u00e9o courir-lemonde.com)<\/em><\/p>\n<p style=\"text-align: justify;\">A la suite de\u00a0quelques courses dans un supermarch\u00e9 situ\u00e9 en p\u00e9riph\u00e9rie\u00a0de Bosa, <strong>je me r\u00e9galai\u00a0d&rsquo;un v\u00e9ritable festin<\/strong> \u00e0 base de pommes de terre, de cuisses de poulet, de poissons et de lasagnes &#8230; Affam\u00e9 le gar\u00e7on !!!<\/p>\n<p style=\"text-align: justify;\">Rassasi\u00e9, je pris la direction du centre-ville de Bosa avec en t\u00eate la mission de d\u00e9nicher un logement pour y d\u00e9poser mes affaires puis y passer la nuit.\u00a0Via <strong>le site <a href=\"http:\/\/airbnb.fr\">airbnb<\/a>, je trouvai la guesthouse \u00ab\u00a0La Torre di Alice\u00a0\u00bb.<\/strong> Situ\u00e9 dans le centre-ville et \u00e0 un prix abordable, je jetai mon d\u00e9volu sur cet h\u00e9bergement tenu par le sympathique Marco. Par la suite, <strong>une promenade dans le d\u00e9dale de ruelles sinueuses\u00a0et color\u00e9es que constituent Bosa s&rsquo;imposa. Un vrai coup de c\u0153ur !<br \/>\n<\/strong><\/p>\n<p style=\"text-align: justify;\"><a href=\"http:\/\/courir-lemonde.com\/wp-content\/uploads\/2017\/04\/IMG_1580.jpg\"><img loading=\"lazy\" decoding=\"async\" class=\"aligncenter wp-image-2989\" src=\"http:\/\/courir-lemonde.com\/wp-content\/uploads\/2017\/04\/IMG_1580-1024x768.jpg\" alt=\"\" width=\"500\" height=\"377\" \/><\/a><\/p>\n<p style=\"text-align: center;\"><em>Aper\u00e7u de Bosa depuis le fleuve qui traverse la ville (photo courir-lemonde.com)<\/em><\/p>\n<p><a href=\"http:\/\/courir-lemonde.com\/wp-content\/uploads\/2017\/04\/IMG_1569.jpg\"><img loading=\"lazy\" decoding=\"async\" class=\"aligncenter wp-image-2988\" src=\"http:\/\/courir-lemonde.com\/wp-content\/uploads\/2017\/04\/IMG_1569-768x1024.jpg\" alt=\"\" width=\"378\" height=\"500\" \/><\/a><\/p>\n<p style=\"text-align: center;\"><em>Le centre-ville de Bosa propose un d\u00e9dale de ruelles \u00e9troites et pittoresques\u00a0dans lesquelles il fait bon se perdre (photo courir-lemonde.com)<\/em><\/p>\n<p><a href=\"http:\/\/courir-lemonde.com\/wp-content\/uploads\/2017\/04\/IMG_1570.jpg\"><img loading=\"lazy\" decoding=\"async\" class=\"aligncenter wp-image-2991\" src=\"http:\/\/courir-lemonde.com\/wp-content\/uploads\/2017\/04\/IMG_1570-768x1024.jpg\" alt=\"\" width=\"377\" height=\"500\" \/><\/a><\/p>\n<p style=\"text-align: center;\"><em>Ruelle typique de Bosa (photo courir-lemonde.com)<\/em><\/p>\n<p><a href=\"http:\/\/courir-lemonde.com\/wp-content\/uploads\/2017\/04\/IMG_1582.jpg\"><img loading=\"lazy\" decoding=\"async\" class=\"aligncenter wp-image-2990\" src=\"http:\/\/courir-lemonde.com\/wp-content\/uploads\/2017\/04\/IMG_1582-1024x768.jpg\" alt=\"\" width=\"500\" height=\"377\" \/><\/a><\/p>\n<p style=\"text-align: center;\"><em>Bosa et ses \u00e9l\u00e9gantes habitations de couleur (photo courir-lemonde.com)<\/em><\/p>\n<p><a href=\"http:\/\/courir-lemonde.com\/wp-content\/uploads\/2017\/04\/IMG_1605.jpg\"><img loading=\"lazy\" decoding=\"async\" class=\"aligncenter wp-image-2992\" src=\"http:\/\/courir-lemonde.com\/wp-content\/uploads\/2017\/04\/IMG_1605-768x1024.jpg\" alt=\"\" width=\"377\" height=\"500\" \/><\/a><\/p>\n<p style=\"text-align: center;\"><em>Petit verre de Malvoisia, la sp\u00e9cialit\u00e9 du secteur de Bosa (photo courir-lemonde.com)<\/em><\/p>\n<p style=\"text-align: justify;\">De retour dans ma chambre\u00a0apr\u00e8s <strong>une chouette balade dans Bosa<\/strong>, la fin de journ\u00e9e fut consacr\u00e9e \u00e0 <strong>alimenter mon carnet de notes quotidiennes et \u00e0 r\u00e9fl\u00e9chir \u00e0 l&rsquo;\u00e9tape du lendemain<\/strong> tout en regardant un match de basket-ball de l&rsquo;\u00e9quipe sarde de Sassari. Je profitai \u00e9galement de <strong>la connexion wifi pour poster quelques photos de Sardaigne sur <a href=\"https:\/\/www.facebook.com\/Courir-Le-Monde-Blog-Voyage-et-Sport-341401379527702\/?fref=nf\">la page facebook de Courir Le Monde<\/a>.\u00a0<\/strong><\/p>\n<h2 style=\"text-align: center;\"><em>Etape 5 : Bosa &#8211; Mari Ermi (65 kilom\u00e8tres)<\/em><\/h2>\n<p style=\"text-align: justify;\"><strong>Ragaillardi par une excellente nuit et un copieux petit d\u00e9jeuner<\/strong>, j&rsquo;enfourchai mon v\u00e9lo sur les coups de 10h00 <strong>en direction du Sud<\/strong>. Ce matin l\u00e0, il y avait de l&rsquo;animation dans Bosa car une comp\u00e9tition de VTT se d\u00e9roulait dans les tortueuses ruelles de la ville.<br \/>\nC&rsquo;est par une route tr\u00e8s accident\u00e9e que je quittai <strong>Bosa.<\/strong> Tout en grimpant,<strong> je profitai de derniers panoramas sur cette chouette ville qui figure parmi<a href=\"http:\/\/courir-lemonde.com\/index.php\/2017\/04\/02\/voyage-a-velo-en-sardaigne-et-en-corse-a-velo-le-bilan\/\"> mes coups de coeur en Sardaigne<\/a>.<\/strong> Concernant la m\u00e9t\u00e9o, nuages et \u00e9claircies se livraient un duel ind\u00e9cis, arbitr\u00e9 par un vent plus faible que la veille.<\/p>\n<p style=\"text-align: justify;\"><strong>Via une route bucolique, je pris la direction du village de Modolo.<\/strong> Ce n&rsquo;\u00e9tait pas ce que j&rsquo;avais pr\u00e9vu mais <strong>les \u00e9l\u00e9gants champs d&rsquo;oliviers et de vignes eurent raison de mes pr\u00e9visions<\/strong> de la veille. D\u00e8s lors, je vagabondai avec ma fid\u00e8le bicyclette dans une verdoyante vall\u00e9e encercl\u00e9e de collines. En chemin, je croisai quelques cyclistes, seuls ou en groupe qui effectuaient leur sortie dominicale dans <strong>ces paysages aux allures de Toscane.<\/strong><\/p>\n<p style=\"text-align: justify;\">Depuis Modolo, j&rsquo;eus une abrupte et longue c\u00f4te \u00e0 escalader pour atteindre le village de Magomadas. Les kilom\u00e8tres suivants jusqu&rsquo;\u00e0 la localit\u00e9 de Sennariolo \u00e9taient davantage plats ce qui me permis de r\u00e9cup\u00e9rer du d\u00e9but d&rsquo;\u00e9tape tr\u00e8s pentu. Juste avant de d\u00e9jeuner, <strong>une nouvelle grimpette de quatre kilom\u00e8tres pour rejoindre Cuglieri me mit d\u00e9finitivement en app\u00e9tit.<\/strong><\/p>\n<p><a href=\"http:\/\/courir-lemonde.com\/wp-content\/uploads\/2017\/04\/IMG_1615.jpg\"><img loading=\"lazy\" decoding=\"async\" class=\"aligncenter wp-image-2993\" src=\"http:\/\/courir-lemonde.com\/wp-content\/uploads\/2017\/04\/IMG_1615-1024x768.jpg\" alt=\"\" width=\"500\" height=\"378\" \/><\/a><\/p>\n<p style=\"text-align: center;\"><em>Situ\u00e9e \u00e0 quelques kilom\u00e8tres de Bosa, la vall\u00e9e dans laquelle se trouve le village de Modolo m&rsquo;a particuli\u00e8rement enchant\u00e9 (photo courir-lemonde.com) \u00a0<\/em><\/p>\n<p><a href=\"http:\/\/courir-lemonde.com\/wp-content\/uploads\/2017\/04\/IMG_1619.jpg\"><img loading=\"lazy\" decoding=\"async\" class=\"aligncenter wp-image-2994\" src=\"http:\/\/courir-lemonde.com\/wp-content\/uploads\/2017\/04\/IMG_1619-1024x768.jpg\" alt=\"\" width=\"500\" height=\"377\" \/><\/a><\/p>\n<p style=\"text-align: center;\"><em>Le village de Modolo (photo courir-lemonde.com)<\/em><\/p>\n<p><a href=\"http:\/\/courir-lemonde.com\/wp-content\/uploads\/2017\/04\/IMG_1625.jpg\"><img loading=\"lazy\" decoding=\"async\" class=\"aligncenter wp-image-2995\" src=\"http:\/\/courir-lemonde.com\/wp-content\/uploads\/2017\/04\/IMG_1625-1024x768.jpg\" alt=\"\" width=\"500\" height=\"377\" \/><\/a><\/p>\n<p style=\"text-align: center;\"><em>Fresque murale du c\u00f4t\u00e9 de Magomadas (photo courir-lemonde.com)<\/em><\/p>\n<p><a href=\"http:\/\/courir-lemonde.com\/wp-content\/uploads\/2017\/04\/IMG_1626.jpg\"><img loading=\"lazy\" decoding=\"async\" class=\"aligncenter wp-image-2996\" src=\"http:\/\/courir-lemonde.com\/wp-content\/uploads\/2017\/04\/IMG_1626-1024x768.jpg\" alt=\"\" width=\"500\" height=\"377\" \/><\/a><\/p>\n<p style=\"text-align: center;\"><em>Vieille et \u00e9l\u00e9gante voiture italienne \u00e0 Sennariolo (photo courir-lemonde.com)<\/em><\/p>\n<p><a href=\"http:\/\/courir-lemonde.com\/wp-content\/uploads\/2017\/04\/IMG_1627.jpg\"><img loading=\"lazy\" decoding=\"async\" class=\"aligncenter wp-image-2997\" src=\"http:\/\/courir-lemonde.com\/wp-content\/uploads\/2017\/04\/IMG_1627-1024x768.jpg\" alt=\"\" width=\"500\" height=\"377\" \/><\/a><\/p>\n<p style=\"text-align: center;\"><em>Petite sieste en plein air pour ce cheval (photo courir-lemonde.com)\u00a0<\/em><\/p>\n<p style=\"text-align: justify;\">Depuis Cuglieri, <strong>le parcours fut tr\u00e8s descendant jusqu&rsquo;\u00e0 la station baln\u00e9aire de S&rsquo;Archittu dot\u00e9e ses belles falaises calcaires.<\/strong> Sans forcer, les kilom\u00e8tres d\u00e9filaient rapidement. Pendant ce temps, le soleil vint d\u00e9finitivement \u00e0 bout des derniers nuages matinaux.<\/p>\n<p><a href=\"http:\/\/courir-lemonde.com\/wp-content\/uploads\/2017\/04\/IMG_1630.jpg\"><img loading=\"lazy\" decoding=\"async\" class=\"aligncenter wp-image-2998\" src=\"http:\/\/courir-lemonde.com\/wp-content\/uploads\/2017\/04\/IMG_1630-1024x768.jpg\" alt=\"\" width=\"501\" height=\"378\" \/><\/a><\/p>\n<p style=\"text-align: center;\"><em>De retour sur la c\u00f4te apr\u00e8s une incursion dans les terres (photo courir-lemonde.com)<\/em><\/p>\n<p style=\"text-align: justify;\">A une quinzaine de kilom\u00e8tres de Oristano, je bifurquai sur la droite <strong>vers la p\u00e9ninsule de Sinis<\/strong>. <strong>Sauvages et platoniques, les paysages \u00e9taient diff\u00e9rents<\/strong> de ceux du d\u00e9but d&rsquo;\u00e9tape. Ainsi, j&rsquo;avais davantage l&rsquo;impression de me trouver en Camargue qu&rsquo;en Sardaigne. Paisiblement,<strong> je d\u00e9roulais \u00e0 une allure mod\u00e9r\u00e9e de l&rsquo;ordre de 15 km\/h \u00e0 travers ces \u00e9tendues peu peupl\u00e9es<\/strong>. Seules quelques r\u00e9sidences secondaires et exploitations agricoles jouxtaient les \u00e9tangs et mar\u00e9cages du secteur.<\/p>\n<p style=\"text-align: justify;\">Vers 16h00,<strong> je me mis en qu\u00eate d&rsquo;un lieu pour passer la nuit<\/strong> tout en poursuivant ma balade \u00e0 v\u00e9lo. <strong>J&rsquo;\u00e9tais partag\u00e9 entre le camping sauvage et planter la tente dans un jardin.<\/strong> Tout \u00e0 coup, j\u2019aper\u00e7us un homme en train de jardiner autour de sa maison. C&rsquo;\u00e9tait <strong>la m\u00eame configuration que lors de mes heureuses rencontres avec Giancarlo \u00e0 Stintino et Leilei pr\u00e8s d&rsquo;Alghero.<\/strong> En effet, les personnes qui jardinent sembleraient avoir une propension plus \u00e9lev\u00e9e \u00e0 laisser des voyageurs planter la tente dans leur jardin &#8230; Alors jamais deux sans trois ? \ud83d\ude42 Et bien non puisque ce dernier refusa gentiment et m&rsquo;indiqua un camping (qui en r\u00e9alit\u00e9 \u00e9tait ferm\u00e9) pas tr\u00e8s loin d&rsquo;ici.<\/p>\n<p style=\"text-align: justify;\"><strong>Je pris alors la direction de la c\u00f4te en vue de trouver un spot isol\u00e9 pr\u00e8s d&rsquo;une plage.\u00a0<\/strong> Apr\u00e8s m&rsquo;\u00eatre fait courser sur plusieurs m\u00e8tres par un chien qui veillait sur son troupeau, <strong>j&rsquo;atteignis Mari Ermi<\/strong> sur le littoral. Quelques promeneurs s&rsquo;y baladaient mais le coin semblait tr\u00e8s calme surtout \u00e0 cette p\u00e9riode l\u00e0 de l&rsquo;ann\u00e9e. <strong>Ad\u00e9quat pour du camping sauvage !<\/strong> Apr\u00e8s un rep\u00e9rage \u00e0 pied,<strong> j&rsquo;installai mon campement derri\u00e8re des toilettes publics \u00e0 l\u2019abri du vent qui soufflait mod\u00e9r\u00e9ment<\/strong> en ce d\u00e9but de soir\u00e9e. Je d\u00eenai tranquillement avant de m&#8217;emmitoufler dans mon sac de couchage pour <strong>une nuit que j&rsquo;imaginais paisible. La r\u00e9alit\u00e9 fut un poil diff\u00e9rente de mes esp\u00e9rances &#8230;<\/strong><\/p>\n<p><a href=\"http:\/\/courir-lemonde.com\/wp-content\/uploads\/2017\/04\/IMG_1639.jpg\"><img loading=\"lazy\" decoding=\"async\" class=\"aligncenter wp-image-2999\" src=\"http:\/\/courir-lemonde.com\/wp-content\/uploads\/2017\/04\/IMG_1639-1024x768.jpg\" alt=\"\" width=\"500\" height=\"377\" \/><\/a><\/p>\n<p style=\"text-align: center;\"><em>La plage tr\u00e8s sauvage de Mari Ermi. C&rsquo;est en retrait de celle-ci que j&rsquo;ai pass\u00e9 la nuit <\/em><br \/>\n<em>(photo courir-lemonde.com)<\/em><\/p>\n<div style=\"width: 584px;\" class=\"wp-video\"><video class=\"wp-video-shortcode\" id=\"video-2941-2\" width=\"584\" height=\"329\" preload=\"metadata\" controls=\"controls\"><source type=\"video\/mp4\" src=\"http:\/\/courir-lemonde.com\/wp-content\/uploads\/2017\/04\/nuit-rafale-de-vent.mp4?_=2\" \/><a href=\"http:\/\/courir-lemonde.com\/wp-content\/uploads\/2017\/04\/nuit-rafale-de-vent.mp4\">http:\/\/courir-lemonde.com\/wp-content\/uploads\/2017\/04\/nuit-rafale-de-vent.mp4<\/a><\/video><\/div>\n<p style=\"text-align: center;\"><em>Dormir en tente quand le vent souffle tr\u00e8s fort &#8230; une exp\u00e9rience d\u00e9licate<br \/>\n(vid\u00e9o courir-lemonde.com)<\/em><\/p>\n<h2 style=\"text-align: center;\">Etape 6 : Mari Ermi &#8211; Zeppara (70 kilom\u00e8tres)<\/h2>\n<p style=\"text-align: justify;\">Comme vous pouvez vous en douter <strong>ma nuit \u00e0 Mari Ermi ne fut pas reconstituante.<\/strong> Heureusement, le vent avait molli en fin de nuit et j&rsquo;avais pu dormir un peu. Vers 6h30, j&rsquo;\u00e9tais d\u00e9j\u00e0 dehors. Je d\u00e9montai mon campement \u00a0pour \u00e9viter d&rsquo;\u00eatre vu \u00e9tant donn\u00e9 que le camping sauvage ne semble pas autoris\u00e9 en Sardaigne. En d\u00e9pit de\u00a0ma m\u00e9diocre nuit\u00e9e, j&rsquo;\u00e9tais <strong>motiv\u00e9 pour cette nouvelle journ\u00e9e qui devait n\u2019emmener vers le centre de la Sardaigne.<\/strong> Une nouvelle fois, je savourai mon petit-d\u00e9jeuner\u00a0avec l\u2019arriv\u00e9e du soleil avant de reprendre mon errance\u00a0cyclonomade.<\/p>\n<p><a href=\"http:\/\/courir-lemonde.com\/wp-content\/uploads\/2017\/04\/IMAG0137.jpg\"><img loading=\"lazy\" decoding=\"async\" class=\"aligncenter wp-image-3001\" src=\"http:\/\/courir-lemonde.com\/wp-content\/uploads\/2017\/04\/IMAG0137-1024x576.jpg\" alt=\"\" width=\"500\" height=\"286\" \/><\/a><\/p>\n<p style=\"text-align: center;\"><em>Le bivouac du c\u00f4t\u00e9 de Mari Ermi (photo courir-lemonde.com)\u00a0<\/em><\/p>\n<p><a href=\"http:\/\/courir-lemonde.com\/wp-content\/uploads\/2017\/04\/IMG_1659.jpg\"><img loading=\"lazy\" decoding=\"async\" class=\"aligncenter wp-image-3000\" src=\"http:\/\/courir-lemonde.com\/wp-content\/uploads\/2017\/04\/IMG_1659-1024x768.jpg\" alt=\"\" width=\"500\" height=\"377\" \/><\/a><\/p>\n<p style=\"text-align: center;\"><em>Le troupeau est bien gard\u00e9 (photo courir-lemonde.com)\u00a0<\/em><\/p>\n<p><a href=\"http:\/\/courir-lemonde.com\/wp-content\/uploads\/2017\/04\/IMG_1670.jpg\"><img loading=\"lazy\" decoding=\"async\" class=\"aligncenter wp-image-3002\" src=\"http:\/\/courir-lemonde.com\/wp-content\/uploads\/2017\/04\/IMG_1670-1024x768.jpg\" alt=\"\" width=\"500\" height=\"377\" \/><\/a><\/p>\n<p style=\"text-align: center;\"><em>La c\u00f4te pr\u00e8s du site arch\u00e9ologique de Tharros sur la p\u00e9ninsule de Sinis<br \/>\n(photo courir-lemonde.com)\u00a0<\/em><\/p>\n<p style=\"text-align: justify;\">Une quinzaine de kilom\u00e8tres plus tard, j&rsquo;atteignis\u00a0San Giovanni di Sinis et le site arch\u00e9ologique de Tharros (fond\u00e9 par le Ph\u00e9niciens) tout au Sud de la presqu&rsquo;\u00eele de Sinis. <strong>Sauvage, la c\u00f4te \u00e9tait constitu\u00e9e de dunes herbeuses, de belles plages et de quelques falaises.<\/strong> Je fis une longue pause pour admirer ce joli spot. Ensuite, port\u00e9 par le vent favorable, je pris la direction de Cabras o\u00f9 je fis quelques courses alimentaires en pr\u00e9lude du d\u00e9jeuner.<\/p>\n<p style=\"text-align: justify;\">Pendant que le\u00a0ciel se nappait de nuages, <strong>je me dirigeai vers Oristano, la principale\u00a0agglom\u00e9ration du secteur avec pr\u00e8s de 35 000 habitants.<\/strong> Son contournement ne fut pas \u00e9vident car pour une ville de taille moyenne, la circulation \u00e9tait plut\u00f4t dense \u00e0 la mi-journ\u00e9e. A l&rsquo;aide de ma carte, des panneaux directionnels et avec un zeste de bon sens et une bonne dose de vigilance, <strong>cet obstacle urbain fut pass\u00e9 sans encombre.<\/strong><\/p>\n<p style=\"text-align: justify;\">A pr\u00e9sent, <strong>je roulais en direction de l&rsquo;Est<\/strong> sur des routes rectilignes assez fr\u00e9quent\u00e9es. Je maintenais <strong>un rythme \u00e9lev\u00e9, aid\u00e9\u00a0par le vent qui caressait mes \u00e9paule\u00a0et port\u00e9 par des jambes qui r\u00e9pondaient de mieux en mieux au fil des jours.<\/strong> Je traversai les localit\u00e9s de Simaxis et de Siamanna avant <strong>d&rsquo;atteindre Villaurbana<\/strong> o\u00f9 je fis une longue pause sur l&rsquo;une des placettes du village. Avant de remonter sur mon v\u00e9lo, le ciel s&rsquo;assombrit davantage. <strong>Je sentais que j&rsquo;allais me faire rincer dans les prochains kilom\u00e8tres &#8230;<\/strong><\/p>\n<p><a href=\"http:\/\/courir-lemonde.com\/wp-content\/uploads\/2017\/04\/IMG_1672.jpg\"><img loading=\"lazy\" decoding=\"async\" class=\"aligncenter wp-image-3003\" src=\"http:\/\/courir-lemonde.com\/wp-content\/uploads\/2017\/04\/IMG_1672-1024x768.jpg\" alt=\"\" width=\"500\" height=\"377\" \/><\/a><\/p>\n<p style=\"text-align: center;\"><em>Champ de moutons entre Tharros et Cabras (photo courir-lemonde.com)\u00a0<\/em><\/p>\n<p><a href=\"http:\/\/courir-lemonde.com\/wp-content\/uploads\/2017\/04\/IMG_1683.jpg\"><img loading=\"lazy\" decoding=\"async\" class=\"aligncenter wp-image-3004\" src=\"http:\/\/courir-lemonde.com\/wp-content\/uploads\/2017\/04\/IMG_1683-1024x768.jpg\" alt=\"\" width=\"500\" height=\"377\" \/><\/a><\/p>\n<p style=\"text-align: center;\"><em>Paysages tr\u00e8s verdoyants dans la campagne sarde pr\u00e8s de Oristano <\/em><br \/>\n<em>(photo courir-lemonde.com)<\/em><\/p>\n<p style=\"text-align: justify;\"><strong>Sur la sinueuse route qui relie Villaurbana et Usellus, je fus comme pressenti tremp\u00e9 par une violente averse<\/strong> (la premi\u00e8re et la derni\u00e8re du p\u00e9riple). Apr\u00e8s quelques minutes \u00e0 rouler sous les trombes d&rsquo;eau, je m&rsquo;abritai sous un arbre situ\u00e9 sur le bord de la route. <strong>Une vingtaine de minutes plus tard, cet \u00e9pisode pluvieux \u00e9tait pass\u00e9 et j&rsquo;atteignis la bourgade d&rsquo;Usellus presque sec.<\/strong><\/p>\n<p style=\"text-align: justify;\"><strong>La m\u00e9t\u00e9o \u00e9tant incertaine, je n&rsquo;avais pas envie de planter la tente ce soir.<\/strong> De fait, mes recherches de logement se portaient sur des Bed and Breakfast. N\u00e9anmoins, je me situais dans une zone tr\u00e8s rurale et peu touristique et j&rsquo;en trouvai qu&rsquo;un seul \u00e0 Usellus. Mes coups de sonnette et appels restaient sans r\u00e9ponse et apr\u00e8s plusieurs tours dans le village, je pris la d\u00e9cision de <strong>me rendre dans le village d&rsquo;Escovedu <\/strong>quelques hectom\u00e8tres en contrebas.<br \/>\n<strong>La situation pouvait para\u00eetre d\u00e9licate mais au fond de moi je pensais que ces m\u00e9diocres conditions m\u00e9t\u00e9orologiques coupl\u00e9es \u00e0 la faible densit\u00e9 de Bed and Breakfast dans le secteur allaient m&rsquo;ouvrir les portes d&rsquo;un chaumi\u00e8re.<\/strong><\/p>\n<p style=\"text-align: justify;\"><strong>Le d\u00e9clic arriva dans une petite sup\u00e9rette d&rsquo;Escovedu.<\/strong> J&rsquo;expliquais ma situation \u00e0 l&#8217;employ\u00e9 du supermarch\u00e9 puis celui-ci me donna des num\u00e9ros de t\u00e9l\u00e9phone de Bed and Breakfast. Comme \u00e0 Usellus, <strong>mes tentatives restaient sans r\u00e9ponse &#8230; Un signe ?<\/strong><\/p>\n<p style=\"text-align: justify;\">Quelques minutes plus tard, Giorgio, un client du supermarch\u00e9 s&rsquo;immis\u00e7a dans la conversation que je tenais avec le tr\u00e8s sympathique employ\u00e9 du magasin. Voyant ma difficult\u00e9 pour trouver un Bed and Breakfast, <strong>ce Giorgio me proposa spontan\u00e9ment de venir dormir chez lui &#8230; SUPER !!!<\/strong><br \/>\n<strong>Mon intuition avait vu juste et les signes avaient parl\u00e9 !\u00a0 <\/strong><\/p>\n<p><a href=\"http:\/\/courir-lemonde.com\/wp-content\/uploads\/2017\/04\/IMG_1687.jpg\"><img loading=\"lazy\" decoding=\"async\" class=\"aligncenter wp-image-3008\" src=\"http:\/\/courir-lemonde.com\/wp-content\/uploads\/2017\/04\/IMG_1687-1024x768.jpg\" alt=\"\" width=\"500\" height=\"377\" \/><\/a><\/p>\n<p style=\"text-align: center;\"><em>Bienvenue chez Giorgio et ses amis les chats (photo courir-lemonde.com)\u00a0<\/em><\/p>\n<p style=\"text-align: justify;\"><strong>Simplement heureux, je jetais mes derni\u00e8res forces dans la bataille pour suivre, \u00e0 v\u00e9lo, Giorgio<\/strong> jusqu&rsquo;\u00e0 Zeppara (\u00e0 5 kilom\u00e8tres) o\u00f9 demeure ce chouette Sarde. Transcend\u00e9 par cette situation in\u00e9dite, <strong>je jubilais et je r\u00e9alisais \u00e0 quel point ne rien r\u00e9server en amont conduit \u00e0 la grande Aventure<\/strong> et \u00e0 de belles rencontres.<br \/>\n<strong>Apr\u00e8s Kiko sur l&rsquo;\u00eele Lanzarote avec Aur\u00e9lien, Georgi en Bulgarie avec Arnaud, j&rsquo;allais partager le toit d&rsquo;un local. La soir\u00e9e s&rsquo;annon\u00e7ait excellente !<\/strong><\/p>\n<p><a href=\"http:\/\/courir-lemonde.com\/wp-content\/uploads\/2017\/04\/IMG_1690.jpg\"><img loading=\"lazy\" decoding=\"async\" class=\"aligncenter wp-image-3005\" src=\"http:\/\/courir-lemonde.com\/wp-content\/uploads\/2017\/04\/IMG_1690-768x1024.jpg\" alt=\"\" width=\"377\" height=\"500\" \/><\/a><\/p>\n<p style=\"text-align: center;\"><em>Le chef est aux fourneaux (photo courir-lemonde.com)\u00a0<\/em><\/p>\n<p><a href=\"http:\/\/courir-lemonde.com\/wp-content\/uploads\/2017\/04\/IMG_1691.jpg\"><img loading=\"lazy\" decoding=\"async\" class=\"aligncenter wp-image-3006\" src=\"http:\/\/courir-lemonde.com\/wp-content\/uploads\/2017\/04\/IMG_1691-768x1024.jpg\" alt=\"\" width=\"378\" height=\"500\" \/><\/a><\/p>\n<p style=\"text-align: center;\"><em>Quel r\u00e9gal ce repas concoct\u00e9 par Giorgio (photo courir-lemonde.com)<\/em><\/p>\n<p><a href=\"http:\/\/courir-lemonde.com\/wp-content\/uploads\/2017\/04\/IMG_1692.jpg\"><img loading=\"lazy\" decoding=\"async\" class=\"aligncenter wp-image-3007\" src=\"http:\/\/courir-lemonde.com\/wp-content\/uploads\/2017\/04\/IMG_1692-768x1024.jpg\" alt=\"\" width=\"377\" height=\"500\" \/><\/a><\/p>\n<p style=\"text-align: center;\"><em>Giorgio qui m&rsquo;a spontan\u00e9ment invit\u00e9 \u00e0 passer la nuit chez lui (photo courir-lemonde.com)\u00a0<\/em><\/p>\n<p style=\"text-align: justify;\"><strong>La soir\u00e9e chez Giorgio fut tr\u00e8s bonne.<\/strong> Il me conta ses excursions au Qatar dans le cadre de son travail ainsi que sa passion pour les femmes et la Sardaigne. Il me montra des photos de famille et me fit gouter \u00e0 son huile d&rsquo;olive faite maison. L&rsquo;atmosph\u00e8re \u00e9tait d\u00e9tendue. De mon c\u00f4t\u00e9 <strong>je le remerciai pour son hospitalit\u00e9<\/strong> et lui expliqua mon voyage \u00e0 v\u00e9lo \u00e0 travers la Sardaigne. D&rsquo;ailleurs, Giorgio me conseilla un itin\u00e9raire pour la suite de mon aventure.\u00a0 <strong>Le repas que mon h\u00f4te concocta fut succulent et typiquement sarde : spaghettis \u00e0 la carbonara accompagn\u00e9es de charcuteries, de fromages sardes et d&rsquo;une bi\u00e8re.<\/strong> Des discussions rigolotes dans un m\u00e9lange d&rsquo;anglais et d&rsquo;italien aliment\u00e8rent le festin.<\/p>\n<p style=\"text-align: justify;\"><strong>Apr\u00e8s 6 jours de p\u00e9riple en Sardaigne, le bilan \u00e9tait excellent. Enthousiaste, j&rsquo;avais bien l&rsquo;intention de poursuivre mon aventure \u00e0 v\u00e9lo sur la m\u00eame tonalit\u00e9.\u00a0<\/strong><\/p>\n<p>Affaire \u00e0 suivre dans <strong>le troisi\u00e8me article <a href=\"http:\/\/courir-lemonde.com\/index.php\/2017\/04\/22\/la-sardaigne-en-velo-de-zeppara-a-girasole-objectif-cote-est-via-les-montagnes-sardes\/\">\u00ab\u00a0de Zeppara \u00e0 Girasole, objectif\u00a0c\u00f4te Est via les montagnes sardes \u00bb.<\/a><\/strong><\/p>\n<p>Pour retrouver les articles pr\u00e9c\u00e9dents sur <strong>mon voyage \u00e0 v\u00e9lo en Sardaigne<\/strong> :<\/p>\n<ul>\n<li><a href=\"http:\/\/courir-lemonde.com\/index.php\/2017\/04\/10\/la-sardaigne-en-velo-de-porto-torres-a-alghero-en-passant-par-stintino-un-debut-de-periple-riche-en-experiences-nouvelles\/\">du 01\/03 au 03\/03 : de Porto Torres \u00e0 Alghero en passant par Stintino, un d\u00e9but de p\u00e9riple riche en nouvelles exp\u00e9riences <\/a><\/li>\n<\/ul>\n","protected":false},"excerpt":{"rendered":"<p>&nbsp; Bosa, l&rsquo;un de mes gros coups de c\u0153ur en Sardaigne (photo courir-lemonde.com) Du 4 au 6 mars, j\u2019ai parcouru\u00a0la partie Centre-Ouest de la Sardaigne.\u00a0Depuis Alghero, j\u2019ai atteint la petite localit\u00e9 de Zeppara o\u00f9 le sympathique Giorgio m&rsquo;a accueilli chez &hellip; <a href=\"https:\/\/courir-lemonde.com\/index.php\/2017\/04\/15\/la-sardaigne-a-velo-de-alghero-a-zeppara-via-la-magnifique-ville-de-bosa-la-belle-aventure-se-poursuit\/\">Continuer la lecture <span class=\"meta-nav\">&rarr;<\/span><\/a><\/p>\n","protected":false},"author":1,"featured_media":0,"comment_status":"open","ping_status":"open","sticky":false,"template":"","format":"standard","meta":{"footnotes":""},"categories":[283,266],"tags":[267,306,208,269,206,268],"yoast_head":"<!-- This site is optimized with the Yoast SEO plugin v21.8.1 - https:\/\/yoast.com\/wordpress\/plugins\/seo\/ -->\n<title>La Sardaigne \u00e0 v\u00e9lo : de Alghero \u00e0 Zeppara via la magnifique ville de Bosa, la belle aventure se poursuit - Courir Le Monde<\/title>\n<meta name=\"robots\" content=\"index, follow, max-snippet:-1, max-image-preview:large, max-video-preview:-1\" \/>\n<link rel=\"canonical\" href=\"https:\/\/courir-lemonde.com\/index.php\/2017\/04\/15\/la-sardaigne-a-velo-de-alghero-a-zeppara-via-la-magnifique-ville-de-bosa-la-belle-aventure-se-poursuit\/\" \/>\n<meta property=\"og:locale\" content=\"fr_FR\" \/>\n<meta property=\"og:type\" content=\"article\" \/>\n<meta property=\"og:title\" content=\"La Sardaigne \u00e0 v\u00e9lo : de Alghero \u00e0 Zeppara via la magnifique ville de Bosa, la belle aventure se poursuit - Courir Le Monde\" \/>\n<meta property=\"og:description\" content=\"&nbsp; Bosa, l&rsquo;un de mes gros coups de c\u0153ur en Sardaigne (photo courir-lemonde.com) Du 4 au 6 mars, j\u2019ai parcouru\u00a0la partie Centre-Ouest de la Sardaigne.\u00a0Depuis Alghero, j\u2019ai atteint la petite localit\u00e9 de Zeppara o\u00f9 le sympathique Giorgio m&rsquo;a accueilli chez &hellip; Continuer la lecture &rarr;\" \/>\n<meta property=\"og:url\" content=\"https:\/\/courir-lemonde.com\/index.php\/2017\/04\/15\/la-sardaigne-a-velo-de-alghero-a-zeppara-via-la-magnifique-ville-de-bosa-la-belle-aventure-se-poursuit\/\" \/>\n<meta property=\"og:site_name\" content=\"Courir Le Monde\" \/>\n<meta property=\"article:published_time\" content=\"2017-04-15T10:28:50+00:00\" \/>\n<meta property=\"article:modified_time\" content=\"2018-04-05T17:53:58+00:00\" \/>\n<meta property=\"og:image\" content=\"http:\/\/courir-lemonde.com\/wp-content\/uploads\/2017\/04\/IMG_1613-1024x768.jpg\" \/>\n<meta name=\"author\" content=\"Chap44\" \/>\n<meta name=\"twitter:card\" content=\"summary_large_image\" \/>\n<meta name=\"twitter:label1\" content=\"\u00c9crit par\" \/>\n\t<meta name=\"twitter:data1\" content=\"Chap44\" \/>\n\t<meta name=\"twitter:label2\" content=\"Dur\u00e9e de lecture estim\u00e9e\" \/>\n\t<meta name=\"twitter:data2\" content=\"14 minutes\" \/>\n<script type=\"application\/ld+json\" class=\"yoast-schema-graph\">{\"@context\":\"https:\/\/schema.org\",\"@graph\":[{\"@type\":\"WebPage\",\"@id\":\"https:\/\/courir-lemonde.com\/index.php\/2017\/04\/15\/la-sardaigne-a-velo-de-alghero-a-zeppara-via-la-magnifique-ville-de-bosa-la-belle-aventure-se-poursuit\/\",\"url\":\"https:\/\/courir-lemonde.com\/index.php\/2017\/04\/15\/la-sardaigne-a-velo-de-alghero-a-zeppara-via-la-magnifique-ville-de-bosa-la-belle-aventure-se-poursuit\/\",\"name\":\"La Sardaigne \u00e0 v\u00e9lo : de Alghero \u00e0 Zeppara via la magnifique ville de Bosa, la belle aventure se poursuit - Courir Le Monde\",\"isPartOf\":{\"@id\":\"https:\/\/courir-lemonde.com\/#website\"},\"datePublished\":\"2017-04-15T10:28:50+00:00\",\"dateModified\":\"2018-04-05T17:53:58+00:00\",\"author\":{\"@id\":\"https:\/\/courir-lemonde.com\/#\/schema\/person\/baaa624d701d53d176c763f85b3114e4\"},\"breadcrumb\":{\"@id\":\"https:\/\/courir-lemonde.com\/index.php\/2017\/04\/15\/la-sardaigne-a-velo-de-alghero-a-zeppara-via-la-magnifique-ville-de-bosa-la-belle-aventure-se-poursuit\/#breadcrumb\"},\"inLanguage\":\"fr-FR\",\"potentialAction\":[{\"@type\":\"ReadAction\",\"target\":[\"https:\/\/courir-lemonde.com\/index.php\/2017\/04\/15\/la-sardaigne-a-velo-de-alghero-a-zeppara-via-la-magnifique-ville-de-bosa-la-belle-aventure-se-poursuit\/\"]}]},{\"@type\":\"BreadcrumbList\",\"@id\":\"https:\/\/courir-lemonde.com\/index.php\/2017\/04\/15\/la-sardaigne-a-velo-de-alghero-a-zeppara-via-la-magnifique-ville-de-bosa-la-belle-aventure-se-poursuit\/#breadcrumb\",\"itemListElement\":[{\"@type\":\"ListItem\",\"position\":1,\"name\":\"Accueil\",\"item\":\"https:\/\/courir-lemonde.com\/\"},{\"@type\":\"ListItem\",\"position\":2,\"name\":\"La Sardaigne \u00e0 v\u00e9lo : de Alghero \u00e0 Zeppara via la magnifique ville de Bosa, la belle aventure se poursuit\"}]},{\"@type\":\"WebSite\",\"@id\":\"https:\/\/courir-lemonde.com\/#website\",\"url\":\"https:\/\/courir-lemonde.com\/\",\"name\":\"Courir Le Monde\",\"description\":\"Le site de Valentin Chapalain, passionn\u00e9 d&#039;aventures et de voyages\",\"potentialAction\":[{\"@type\":\"SearchAction\",\"target\":{\"@type\":\"EntryPoint\",\"urlTemplate\":\"https:\/\/courir-lemonde.com\/?s={search_term_string}\"},\"query-input\":\"required name=search_term_string\"}],\"inLanguage\":\"fr-FR\"},{\"@type\":\"Person\",\"@id\":\"https:\/\/courir-lemonde.com\/#\/schema\/person\/baaa624d701d53d176c763f85b3114e4\",\"name\":\"Chap44\",\"image\":{\"@type\":\"ImageObject\",\"inLanguage\":\"fr-FR\",\"@id\":\"https:\/\/courir-lemonde.com\/#\/schema\/person\/image\/\",\"url\":\"https:\/\/secure.gravatar.com\/avatar\/f6a3fcbb365f597d6259be5c4dc6c05c?s=96&d=mm&r=g\",\"contentUrl\":\"https:\/\/secure.gravatar.com\/avatar\/f6a3fcbb365f597d6259be5c4dc6c05c?s=96&d=mm&r=g\",\"caption\":\"Chap44\"},\"url\":\"https:\/\/courir-lemonde.com\/index.php\/author\/chap331244\/\"}]}<\/script>\n<!-- \/ Yoast SEO plugin. -->","yoast_head_json":{"title":"La Sardaigne \u00e0 v\u00e9lo : de Alghero \u00e0 Zeppara via la magnifique ville de Bosa, la belle aventure se poursuit - Courir Le Monde","robots":{"index":"index","follow":"follow","max-snippet":"max-snippet:-1","max-image-preview":"max-image-preview:large","max-video-preview":"max-video-preview:-1"},"canonical":"https:\/\/courir-lemonde.com\/index.php\/2017\/04\/15\/la-sardaigne-a-velo-de-alghero-a-zeppara-via-la-magnifique-ville-de-bosa-la-belle-aventure-se-poursuit\/","og_locale":"fr_FR","og_type":"article","og_title":"La Sardaigne \u00e0 v\u00e9lo : de Alghero \u00e0 Zeppara via la magnifique ville de Bosa, la belle aventure se poursuit - Courir Le Monde","og_description":"&nbsp; Bosa, l&rsquo;un de mes gros coups de c\u0153ur en Sardaigne (photo courir-lemonde.com) Du 4 au 6 mars, j\u2019ai parcouru\u00a0la partie Centre-Ouest de la Sardaigne.\u00a0Depuis Alghero, j\u2019ai atteint la petite localit\u00e9 de Zeppara o\u00f9 le sympathique Giorgio m&rsquo;a accueilli chez &hellip; Continuer la lecture &rarr;","og_url":"https:\/\/courir-lemonde.com\/index.php\/2017\/04\/15\/la-sardaigne-a-velo-de-alghero-a-zeppara-via-la-magnifique-ville-de-bosa-la-belle-aventure-se-poursuit\/","og_site_name":"Courir Le Monde","article_published_time":"2017-04-15T10:28:50+00:00","article_modified_time":"2018-04-05T17:53:58+00:00","og_image":[{"url":"http:\/\/courir-lemonde.com\/wp-content\/uploads\/2017\/04\/IMG_1613-1024x768.jpg"}],"author":"Chap44","twitter_card":"summary_large_image","twitter_misc":{"\u00c9crit par":"Chap44","Dur\u00e9e de lecture estim\u00e9e":"14 minutes"},"schema":{"@context":"https:\/\/schema.org","@graph":[{"@type":"WebPage","@id":"https:\/\/courir-lemonde.com\/index.php\/2017\/04\/15\/la-sardaigne-a-velo-de-alghero-a-zeppara-via-la-magnifique-ville-de-bosa-la-belle-aventure-se-poursuit\/","url":"https:\/\/courir-lemonde.com\/index.php\/2017\/04\/15\/la-sardaigne-a-velo-de-alghero-a-zeppara-via-la-magnifique-ville-de-bosa-la-belle-aventure-se-poursuit\/","name":"La Sardaigne \u00e0 v\u00e9lo : de Alghero \u00e0 Zeppara via la magnifique ville de Bosa, la belle aventure se poursuit - Courir Le Monde","isPartOf":{"@id":"https:\/\/courir-lemonde.com\/#website"},"datePublished":"2017-04-15T10:28:50+00:00","dateModified":"2018-04-05T17:53:58+00:00","author":{"@id":"https:\/\/courir-lemonde.com\/#\/schema\/person\/baaa624d701d53d176c763f85b3114e4"},"breadcrumb":{"@id":"https:\/\/courir-lemonde.com\/index.php\/2017\/04\/15\/la-sardaigne-a-velo-de-alghero-a-zeppara-via-la-magnifique-ville-de-bosa-la-belle-aventure-se-poursuit\/#breadcrumb"},"inLanguage":"fr-FR","potentialAction":[{"@type":"ReadAction","target":["https:\/\/courir-lemonde.com\/index.php\/2017\/04\/15\/la-sardaigne-a-velo-de-alghero-a-zeppara-via-la-magnifique-ville-de-bosa-la-belle-aventure-se-poursuit\/"]}]},{"@type":"BreadcrumbList","@id":"https:\/\/courir-lemonde.com\/index.php\/2017\/04\/15\/la-sardaigne-a-velo-de-alghero-a-zeppara-via-la-magnifique-ville-de-bosa-la-belle-aventure-se-poursuit\/#breadcrumb","itemListElement":[{"@type":"ListItem","position":1,"name":"Accueil","item":"https:\/\/courir-lemonde.com\/"},{"@type":"ListItem","position":2,"name":"La Sardaigne \u00e0 v\u00e9lo : de Alghero \u00e0 Zeppara via la magnifique ville de Bosa, la belle aventure se poursuit"}]},{"@type":"WebSite","@id":"https:\/\/courir-lemonde.com\/#website","url":"https:\/\/courir-lemonde.com\/","name":"Courir Le Monde","description":"Le site de Valentin Chapalain, passionn\u00e9 d&#039;aventures et de voyages","potentialAction":[{"@type":"SearchAction","target":{"@type":"EntryPoint","urlTemplate":"https:\/\/courir-lemonde.com\/?s={search_term_string}"},"query-input":"required name=search_term_string"}],"inLanguage":"fr-FR"},{"@type":"Person","@id":"https:\/\/courir-lemonde.com\/#\/schema\/person\/baaa624d701d53d176c763f85b3114e4","name":"Chap44","image":{"@type":"ImageObject","inLanguage":"fr-FR","@id":"https:\/\/courir-lemonde.com\/#\/schema\/person\/image\/","url":"https:\/\/secure.gravatar.com\/avatar\/f6a3fcbb365f597d6259be5c4dc6c05c?s=96&d=mm&r=g","contentUrl":"https:\/\/secure.gravatar.com\/avatar\/f6a3fcbb365f597d6259be5c4dc6c05c?s=96&d=mm&r=g","caption":"Chap44"},"url":"https:\/\/courir-lemonde.com\/index.php\/author\/chap331244\/"}]}},"_links":{"self":[{"href":"https:\/\/courir-lemonde.com\/index.php\/wp-json\/wp\/v2\/posts\/2941"}],"collection":[{"href":"https:\/\/courir-lemonde.com\/index.php\/wp-json\/wp\/v2\/posts"}],"about":[{"href":"https:\/\/courir-lemonde.com\/index.php\/wp-json\/wp\/v2\/types\/post"}],"author":[{"embeddable":true,"href":"https:\/\/courir-lemonde.com\/index.php\/wp-json\/wp\/v2\/users\/1"}],"replies":[{"embeddable":true,"href":"https:\/\/courir-lemonde.com\/index.php\/wp-json\/wp\/v2\/comments?post=2941"}],"version-history":[{"count":26,"href":"https:\/\/courir-lemonde.com\/index.php\/wp-json\/wp\/v2\/posts\/2941\/revisions"}],"predecessor-version":[{"id":3889,"href":"https:\/\/courir-lemonde.com\/index.php\/wp-json\/wp\/v2\/posts\/2941\/revisions\/3889"}],"wp:attachment":[{"href":"https:\/\/courir-lemonde.com\/index.php\/wp-json\/wp\/v2\/media?parent=2941"}],"wp:term":[{"taxonomy":"category","embeddable":true,"href":"https:\/\/courir-lemonde.com\/index.php\/wp-json\/wp\/v2\/categories?post=2941"},{"taxonomy":"post_tag","embeddable":true,"href":"https:\/\/courir-lemonde.com\/index.php\/wp-json\/wp\/v2\/tags?post=2941"}],"curies":[{"name":"wp","href":"https:\/\/api.w.org\/{rel}","templated":true}]}}