{"id":2945,"date":"2017-04-30T12:40:34","date_gmt":"2017-04-30T11:40:34","guid":{"rendered":"http:\/\/courir-lemonde.com\/?p=2945"},"modified":"2018-04-05T18:47:58","modified_gmt":"2018-04-05T17:47:58","slug":"la-sardaigne-a-velo-de-girasole-a-cala-gonone-dolce-vita-dans-le-parc-national-du-golfe-dorosei-gennargentu","status":"publish","type":"post","link":"https:\/\/courir-lemonde.com\/index.php\/2017\/04\/30\/la-sardaigne-a-velo-de-girasole-a-cala-gonone-dolce-vita-dans-le-parc-national-du-golfe-dorosei-gennargentu\/","title":{"rendered":"La Sardaigne \u00e0 v\u00e9lo : de Girasole \u00e0 Cala Gonone, dolce vita dans le Parc National du Golfe d&rsquo;Orosei &#8211; Gennargentu"},"content":{"rendered":"<p style=\"text-align: center;\"><a href=\"http:\/\/courir-lemonde.com\/wp-content\/uploads\/2017\/04\/IMG_2004.jpg\"><img loading=\"lazy\" decoding=\"async\" class=\"aligncenter wp-image-3160\" src=\"http:\/\/courir-lemonde.com\/wp-content\/uploads\/2017\/04\/IMG_2004-1024x768.jpg\" alt=\"\" width=\"500\" height=\"377\" \/><\/a><em>En compagnie de P\u00e9p\u00e9, chouette Sarde rencontr\u00e9 pr\u00e8s de Dorgali. Ensemble, nous avons trinqu\u00e9 avec du vin local et festoy\u00e9 de charcuteries et de fromages sardes<br \/>\n(photo courir-lemonde.com)<\/em><\/p>\n<p style=\"text-align: justify;\"><em>Du 10 au 12 mars, j\u2019ai pris le temps de parcourir le Parc National du Golfe d&rsquo;Orosei &#8211; Genmaterdenu, dans la partie Est de l&rsquo;\u00eele.\u00a0Depuis Girasole, j&rsquo;ai atteint la station baln\u00e9aire de Cala Gonone en passant par le point le plus haut de mon p\u00e9riple en Sardaigne, le passo Genna Silana (1018 m\u00e8tres). Le soleil a accompagn\u00e9 mes trois jours d&rsquo;errance dans ce tr\u00e8s bel \u00e9crin de nature. Seulement 70 kilom\u00e8tres r\u00e9partit sur deux \u00e9tapes puisque dimanche 12 mars j&rsquo;ai observ\u00e9 une journ\u00e9e de repos \u00e0 Cala Gonone. \u00a0<\/em><em><br \/>\n<\/em><\/p>\n<p style=\"text-align: justify;\"><em>Mes coups de c\u0153ur dans le Parc National du Golfe d&rsquo;Orosei &#8211; Genmaterdenu &#x1f642;\u00a0<\/em><\/p>\n<ul>\n<li style=\"text-align: left;\"><em>la g\u00e9niale rencontre de P\u00e9p\u00e9 pr\u00e8s de Dorgali.<br \/>\n<\/em><\/li>\n<li style=\"text-align: left;\"><em>la\u00a0nature \u00e0 l&rsquo;\u00e9tat pur dans le Parc National du Golfe d&rsquo;Orosei &#8211; Genmaterdenu<br \/>\n<\/em><\/li>\n<li style=\"text-align: left;\"><em>l&rsquo;ascension vers le joli village de Baunei<br \/>\n<\/em><\/li>\n<li style=\"text-align: left;\"><em>Cala Gonone et\u00a0sa c\u00f4te dentel\u00e9e\u00a0<\/em><\/li>\n<\/ul>\n<p><!--more--><\/p>\n<h2 style=\"text-align: center;\"><a href=\"http:\/\/courir-lemonde.com\/wp-content\/uploads\/2017\/04\/parcours-Sardaigne-partie-4.jpg\"><img loading=\"lazy\" decoding=\"async\" class=\"aligncenter size-full wp-image-3264\" src=\"http:\/\/courir-lemonde.com\/wp-content\/uploads\/2017\/04\/parcours-Sardaigne-partie-4.jpg\" alt=\"parcours Est Sardaigne Cala Gonone\" width=\"429\" height=\"440\" srcset=\"https:\/\/courir-lemonde.com\/wp-content\/uploads\/2017\/04\/parcours-Sardaigne-partie-4.jpg 429w, https:\/\/courir-lemonde.com\/wp-content\/uploads\/2017\/04\/parcours-Sardaigne-partie-4-293x300.jpg 293w\" sizes=\"(max-width: 429px) 100vw, 429px\" \/><\/a><\/h2>\n<p style=\"text-align: center;\"><em>Mon parcours dans le Parc National\u00a0du Golfe d&rsquo;Orosei &#8211; Genmaterdenu <\/em><br \/>\n<em>(r\u00e9alisation courir-lemonde.com sur openrunner)<\/em><\/p>\n<h2 style=\"text-align: center;\"><em>Etape 10 : Girasole \u2013 Baunei (15 kilom\u00e8tres)<\/em><\/h2>\n<p style=\"text-align: justify;\">La nuit en tente dans le champ pr\u00eat\u00e9 par Luigi n&rsquo;avait pas \u00e9t\u00e9 si m\u00e9diocre que cela. J&rsquo;avais redout\u00e9\u00a0le pire en d\u00e9but de soir\u00e9e lorsque le chien du voisin se mit \u00e0 aboyer en direction\u00a0de ma tente. <strong>Face \u00e0 l&rsquo;ent\u00eatement du clebs, j&rsquo;\u00e9tais rest\u00e9 silencieusement emmitoufl\u00e9 dans mon duvet pendant pr\u00e8s d&rsquo;une heure.<\/strong> Au bout d&rsquo;un certain temps, j&rsquo;avais m\u00eame envisag\u00e9 de d\u00e9m\u00e9nager. Finalement, <strong>ma patience \u00e9tait venue \u00e0 bout des vell\u00e9it\u00e9s d\u00e9fensives du chien.<\/strong> Et malgr\u00e9\u00a0quelques aboiements durant la nuit, <strong>j&rsquo;avais presque r\u00e9ussi \u00e0 dormir correctement.<\/strong><\/p>\n<p style=\"text-align: justify;\">R\u00e9veill\u00e9\u00a0un peu avant 7h00 par le lever du soleil, je quittai rapidement les lieux car ma pr\u00e9sence dans le jardin\u00a0de Luigi aurait sans doute \u00e9t\u00e9\u00a0suspecte aux yeux des voisins. Quelques coups de p\u00e9dales plus loin,<strong> j&rsquo;atteignis un super cadre avec\u00a0une belle vue sur la mer. Parfait pour petit-d\u00e9jeuner et commencer sereinement la journ\u00e9e.\u00a0<\/strong><\/p>\n<p style=\"text-align: center;\"><a href=\"http:\/\/courir-lemonde.com\/wp-content\/uploads\/2017\/04\/IMG_1896.jpg\"><img loading=\"lazy\" decoding=\"async\" class=\"aligncenter wp-image-3161\" src=\"http:\/\/courir-lemonde.com\/wp-content\/uploads\/2017\/04\/IMG_1896-1024x768.jpg\" alt=\"Girasole\" width=\"500\" height=\"377\" \/><\/a><em>Petit-d\u00e9jeuner royal sur la c\u00f4te pr\u00e8s de Tortoli (photo courir-lemonde.com)<\/em><\/p>\n<div style=\"width: 584px;\" class=\"wp-video\"><!--[if lt IE 9]><script>document.createElement('video');<\/script><![endif]-->\n<video class=\"wp-video-shortcode\" id=\"video-2945-1\" width=\"584\" height=\"329\" preload=\"metadata\" controls=\"controls\"><source type=\"video\/mp4\" src=\"http:\/\/courir-lemonde.com\/wp-content\/uploads\/2017\/04\/objectif-Baunei.mp4?_=1\" \/><a href=\"http:\/\/courir-lemonde.com\/wp-content\/uploads\/2017\/04\/objectif-Baunei.mp4\">http:\/\/courir-lemonde.com\/wp-content\/uploads\/2017\/04\/objectif-Baunei.mp4<\/a><\/video><\/div>\n<p style=\"text-align: center;\"><em>Depuis Lotzorai, 10 kilom\u00e8tres d&rsquo;ascension pour rallier Baunei (vid\u00e9o courir-lemonde.com)<\/em><\/p>\n<p style=\"text-align: justify;\">Vers 10h00, j&rsquo;attaquai, sous un soleil \u00e9tincelant, le gros morceau de la journ\u00e9e. <strong>Depuis Lotzorai, je devais escalader une ascension\u00a0d&rsquo;environ 10 kilom\u00e8tres pour atteindre Baunei o\u00f9 j&rsquo;avais r\u00e9serv\u00e9 la veille un logement sur <a href=\"https:\/\/www.airbnb.fr\/\">airbnb<\/a>.<\/strong><br \/>\nApr\u00e8s l&rsquo;\u00e9tape du matin, je souhaitais laisser mes affaires dans le logement\u00a0<strong>pour me rendre \u00e0 pied \u00e0 Cala Goloritze, une magnifique crique<\/strong> situ\u00e9e non loin de Baunei.<\/p>\n<p style=\"text-align: justify;\">M\u00eame si la mont\u00e9e fut costaude,\u00a0je pris beaucoup de plaisir sur mon v\u00e9lo.\u00a0<strong>Les paysages autour de moi \u00e9taient somptueux ce qui rendit l&rsquo;effort plus soutenable.<\/strong> Et puis, r\u00e9guli\u00e8rement, je faisais des pauses pour prendre des photos, me ravitailler et contempler les cr\u00eates rocheuses qui se dressaient sur les hauteurs.<strong> A mon arriv\u00e9e dans Baunei, je me suis pos\u00e9 dans un caf\u00e9 pour me d\u00e9salt\u00e9rer d&rsquo;une traditionnelle Ichnusa (bi\u00e8re sarde) avant de festoyer d&rsquo;un classique et d\u00e9licieux\u00a0saucisses frites.<\/strong><\/p>\n<p style=\"text-align: center;\"><a href=\"http:\/\/courir-lemonde.com\/wp-content\/uploads\/2017\/04\/IMG_1908.jpg\"><img loading=\"lazy\" decoding=\"async\" class=\"aligncenter wp-image-3162\" src=\"http:\/\/courir-lemonde.com\/wp-content\/uploads\/2017\/04\/IMG_1908-1024x768.jpg\" alt=\"\" width=\"500\" height=\"377\" \/><\/a><em>Le village de Baunei, \u00e0 flanc de montagne, se rapproche (photo courir-lemonde.com)<\/em><\/p>\n<p style=\"text-align: center;\"><a href=\"http:\/\/courir-lemonde.com\/wp-content\/uploads\/2017\/04\/IMG_1913.jpg\"><img loading=\"lazy\" decoding=\"async\" class=\"aligncenter wp-image-3167\" src=\"http:\/\/courir-lemonde.com\/wp-content\/uploads\/2017\/04\/IMG_1913-768x1024.jpg\" alt=\"\" width=\"377\" height=\"499\" \/><\/a><em>De quoi reprendre des forces apr\u00e8s la rude ascension du matin<br \/>\n(photo courir-lemonde.com)<\/em><\/p>\n<p style=\"text-align: center;\"><a href=\"http:\/\/courir-lemonde.com\/wp-content\/uploads\/2017\/04\/IMG_1915.jpg\"><img loading=\"lazy\" decoding=\"async\" class=\"aligncenter wp-image-3168\" src=\"http:\/\/courir-lemonde.com\/wp-content\/uploads\/2017\/04\/IMG_1915-1024x768.jpg\" alt=\"\" width=\"500\" height=\"377\" \/><\/a><em>L&rsquo;\u00e9glise de Baunei (photo courir-lemonde.com)<\/em><\/p>\n<p style=\"text-align: justify;\">Apr\u00e8s avoir d\u00e9pos\u00e9 mes affaires dans le logement r\u00e9serv\u00e9 la veille, <strong>je pris, \u00e0 pied, la direction de Cala Goloritze.<\/strong>\u00a0Erreur de ma part car j&rsquo;appris plus tard que celle-ci se situait nettement\u00a0plus loin que je l&rsquo;avais imagin\u00e9. <strong>C&rsquo;\u00e9tait donc rapp\u00e9 pour Cala Goloritze.<\/strong> Cependant, j&rsquo;ai rapidement relativis\u00e9 pour savourer pleinement ma balade dans le Parc National du Golfe d&rsquo;Orosei &#8211; Genmaterdenu. Torse-nu, <strong>j&rsquo;ai vagabond\u00e9\u00a0une bonne partie de l&rsquo;apr\u00e8s-midi au milieu de beaux paysages calcaires et en compagnie de la riche faune locale.\u00a0<\/strong><\/p>\n<p style=\"text-align: center;\"><a href=\"http:\/\/courir-lemonde.com\/wp-content\/uploads\/2017\/04\/IMG_1934.jpg\"><img loading=\"lazy\" decoding=\"async\" class=\"aligncenter wp-image-3169\" src=\"http:\/\/courir-lemonde.com\/wp-content\/uploads\/2017\/04\/IMG_1934-1024x768.jpg\" alt=\"\" width=\"500\" height=\"377\" \/><\/a><em>Paysages tr\u00e8s sauvages dans le Parc National du Golfe d&rsquo;Oroseil &#8211; Genmaterdenu <\/em><br \/>\n<em>(photo courir-lemonde.com)<\/em><\/p>\n<p style=\"text-align: center;\"><a href=\"http:\/\/courir-lemonde.com\/wp-content\/uploads\/2017\/04\/IMG_1937.jpg\"><img loading=\"lazy\" decoding=\"async\" class=\"aligncenter wp-image-3170\" src=\"http:\/\/courir-lemonde.com\/wp-content\/uploads\/2017\/04\/IMG_1937-1024x768.jpg\" alt=\"\" width=\"500\" height=\"377\" \/><\/a><em>Cochons sauvages ou sangliers ? (photo courir-lemonde.com)<\/em><\/p>\n<p style=\"text-align: center;\"><a href=\"http:\/\/courir-lemonde.com\/wp-content\/uploads\/2017\/04\/IMG_1944.jpg\"><img loading=\"lazy\" decoding=\"async\" class=\"aligncenter wp-image-3171\" src=\"http:\/\/courir-lemonde.com\/wp-content\/uploads\/2017\/04\/IMG_1944-1024x768.jpg\" alt=\"\" width=\"500\" height=\"378\" \/><\/a><em>Panorama depuis les hauteurs de Baunei (photo courir-lemonde.com)<\/em><\/p>\n<p style=\"text-align: justify;\">De retour dans le bourg de Baunei, <strong>je fis quelques courses alimentaires en pr\u00e9vision\u00a0des repas du week-end.<\/strong> Par la suite, ma soir\u00e9e fut tranquille. Apr\u00e8s un\u00a0d\u00eener \u00e0 base de pois chiches et de betteraves, je suivis la pr\u00e9cieuse victoire de l&rsquo;Hermine de Nantes \u00e0 Roanne dans le championnat de ProB. <strong>Un peu de lecture puis je me suis couch\u00e9 de bonne heure afin de\u00a0recharger les batteries pour l&rsquo;\u00e9tape montagneuse du lendemain &#8230;\u00a0<\/strong><\/p>\n<h2 style=\"text-align: center;\"><em>Etape 11 : Baunei \u2013 Cala Gonone (55 kilom\u00e8tres)<\/em><\/h2>\n<p style=\"text-align: justify;\"><strong>C&rsquo;est en forme que j&rsquo;ai d\u00e9marr\u00e9 cette nouvelle journ\u00e9e ensoleill\u00e9e<\/strong>. Vers 10h00, je quittai tranquillement Baunei.\u00a0A la sortie du village, <strong>la route montait mod\u00e9r\u00e9ment, 2 \u00e0 3% peut-\u00eatre. L&rsquo;id\u00e9al pour se mettre en jambes ! <\/strong>Au fil des jours,<strong> je me sentais de plus en plus aff\u00fbt\u00e9<\/strong> signe que mon corps absorbait parfaitement les efforts consentis depuis le d\u00e9but du p\u00e9riple.<\/p>\n<p style=\"text-align: justify;\">Apr\u00e8s trois ou quatre\u00a0kilom\u00e8tres, je fis la rencontre d&rsquo;un VTTiste du coin. Quelques mots \u00e9chang\u00e9s puis chacun repris son chemin. De mon c\u00f4t\u00e9,\u00a0<strong>le profil topographique se corsa sensiblement. A pr\u00e9sent la pente oscillait entre 5 \u00e0 7%.<\/strong> En moulinant avec r\u00e9gularit\u00e9, <strong>j&rsquo;atteignis un point haut d&rsquo;o\u00f9 la vue \u00e9tait sublime. Derri\u00e8re une ligne de cr\u00eate, j&rsquo;aper\u00e7us des n\u00e9v\u00e9s cramponn\u00e9s aux sommets les plus hauts de Sardaigne.<\/strong><br \/>\nLa belle descente qui suivit fut salvatrice avant d&rsquo;attaquer une nouvelle grimpette. <strong>Dans ce cadre sauvage, j&rsquo;\u00e9tais bien et je m&rsquo;adonnais \u00e0 des r\u00e9flexions sur mes futurs projets en solitaire et en couple. Sachez que le v\u00e9lo rend le cerveau f\u00e9cond \ud83d\ude09\u00a0<\/strong><\/p>\n<p style=\"text-align: center;\"><a href=\"http:\/\/courir-lemonde.com\/wp-content\/uploads\/2017\/04\/IMG_1959.jpg\"><img loading=\"lazy\" decoding=\"async\" class=\"aligncenter wp-image-3172\" src=\"http:\/\/courir-lemonde.com\/wp-content\/uploads\/2017\/04\/IMG_1959-1024x768.jpg\" alt=\"\" width=\"500\" height=\"377\" \/><\/a><em>En pleine nature \u00e0 800 m\u00e8tres d&rsquo;altitude dans le Parc National du Golfe d&rsquo;Orosei &#8211; Genmaterdenu (photo courir-lemonde.com) <\/em><\/p>\n<div style=\"width: 584px;\" class=\"wp-video\"><video class=\"wp-video-shortcode\" id=\"video-2945-2\" width=\"584\" height=\"329\" preload=\"metadata\" controls=\"controls\"><source type=\"video\/mp4\" src=\"http:\/\/courir-lemonde.com\/wp-content\/uploads\/2017\/04\/into-the-wild.mp4?_=2\" \/><a href=\"http:\/\/courir-lemonde.com\/wp-content\/uploads\/2017\/04\/into-the-wild.mp4\">http:\/\/courir-lemonde.com\/wp-content\/uploads\/2017\/04\/into-the-wild.mp4<\/a><\/video><\/div>\n<p style=\"text-align: center;\"><em>Into the wild (vid\u00e9o courir-lemonde.com)<\/em><\/p>\n<p style=\"text-align: justify;\">A la mi-journ\u00e9e, <strong>je d\u00e9gustai mes p\u00e2tes accompagn\u00e9es de saumon dans un champ colonis\u00e9 par des moutons.<\/strong> Le son du ruisselet traversant le p\u00e2turage et les tintements de cloches m&rsquo;apais\u00e8rent encore davantage. <strong>Relax\u00e9 et requinqu\u00e9,<\/strong> <strong>je partis en direction du passo Genna Silana, le col que je comptais atteindre cet\u00a0apr\u00e8s-midi.<\/strong><\/p>\n<p style=\"text-align: justify;\">Peu de temps apr\u00e8s, <strong>je vis un panneau qui annon\u00e7ait que la route \u00e9tait barr\u00e9e \u00e0 25 kilom\u00e8tres, juste avant Dorgali et Cala Gonone.<\/strong> Mince ! En d\u00e9pit de cette information, je d\u00e9cidai de poursuivre sur la m\u00eame route. La route \u00e9tait-elle vraiment coup\u00e9e ? Barr\u00e9e pour les voitures mais \u00e9tait-ce le cas pour les v\u00e9los ? Je voulais en savoir plus et voir ce qu&rsquo;il en \u00e9tait r\u00e9ellement sur place. De toute mani\u00e8re, <strong>la seconde option me tentait gu\u00e8re puisqu&rsquo;elle me faisait effectuer un d\u00e9tour de plus de 100 kilom\u00e8tres par les hautes montagnes de l&rsquo;\u00eele.\u00a0<\/strong><\/p>\n<p style=\"text-align: justify;\">A la suite d&rsquo;une mont\u00e9e r\u00e9guli\u00e8re et pas trop pentue, <strong>j&rsquo;atteignis le\u00a0passo Genna Silana et ses 1018 m\u00e8tres d&rsquo;altitude.<\/strong> Heureux, je pris de nombreuses photos pour immortaliser <strong>l&rsquo;ascension du col le plus haut de mon voyage.<\/strong>\u00a0Autour de moi, <strong>les barres et cr\u00eates calcaires dominaient outrageusement le paysage<\/strong>.<\/p>\n<p style=\"text-align: center;\"><a href=\"http:\/\/courir-lemonde.com\/wp-content\/uploads\/2017\/04\/IMG_1960.jpg\"><img loading=\"lazy\" decoding=\"async\" class=\"aligncenter size-large wp-image-3173\" src=\"http:\/\/courir-lemonde.com\/wp-content\/uploads\/2017\/04\/IMG_1960-1024x768.jpg\" alt=\"\" width=\"584\" height=\"438\" srcset=\"https:\/\/courir-lemonde.com\/wp-content\/uploads\/2017\/04\/IMG_1960-1024x768.jpg 1024w, https:\/\/courir-lemonde.com\/wp-content\/uploads\/2017\/04\/IMG_1960-300x225.jpg 300w, https:\/\/courir-lemonde.com\/wp-content\/uploads\/2017\/04\/IMG_1960-768x576.jpg 768w, https:\/\/courir-lemonde.com\/wp-content\/uploads\/2017\/04\/IMG_1960-400x300.jpg 400w\" sizes=\"(max-width: 584px) 100vw, 584px\" \/><\/a><em>Des airs de Mongolie dans les montagnes sardes (photo courir-lemonde.com)<\/em><\/p>\n<p style=\"text-align: center;\"><a href=\"http:\/\/courir-lemonde.com\/wp-content\/uploads\/2017\/04\/IMG_1968.jpg\"><img loading=\"lazy\" decoding=\"async\" class=\"aligncenter wp-image-3174\" src=\"http:\/\/courir-lemonde.com\/wp-content\/uploads\/2017\/04\/IMG_1968-1024x768.jpg\" alt=\"Passo Genna Silana \" width=\"500\" height=\"377\" \/><\/a><em>Le passo Genna Silana, le point le plus haut de mon p\u00e9riple en Sardaigne<br \/>\n(photo courir-lemonde.com)<\/em><\/p>\n<p style=\"text-align: center;\"><a href=\"http:\/\/courir-lemonde.com\/wp-content\/uploads\/2017\/04\/IMG_1994.jpg\"><img loading=\"lazy\" decoding=\"async\" class=\"aligncenter wp-image-3175\" src=\"http:\/\/courir-lemonde.com\/wp-content\/uploads\/2017\/04\/IMG_1994-1024x768.jpg\" alt=\"\" width=\"500\" height=\"377\" \/><\/a><em>Avec ma fid\u00e8le bicyclette au passo Genna Silana (photo courir-lemonde.com)<\/em><\/p>\n<p style=\"text-align: center;\"><a href=\"http:\/\/courir-lemonde.com\/wp-content\/uploads\/2017\/04\/IMG_2001.jpg\"><img loading=\"lazy\" decoding=\"async\" class=\"aligncenter wp-image-3176\" src=\"http:\/\/courir-lemonde.com\/wp-content\/uploads\/2017\/04\/IMG_2001-1024x768.jpg\" alt=\"\" width=\"500\" height=\"377\" \/><\/a><em>Depuis le col, les barres calcaires dominent le paysage (photo courir-lemonde.com)<\/em><\/p>\n<p style=\"text-align: justify;\"><strong>Avant d&rsquo;attaquer la descente vers Dorgali, je fis la rencontre d&rsquo;un couple franco-suisse.<\/strong>\u00a0Nous \u00e9change\u00e2mes sur nos p\u00e9riples respectifs. Ces jeunes gens parcouraient l&rsquo;Europe avec leur trafic afin de pratiquer l&rsquo;escalade dans les plus beaux spots du continent. Plus tard, ils me confirm\u00e8rent que <strong>la route \u00e9tait barr\u00e9e juste avant Dorgali \u00e0 la suite d&rsquo;un \u00e9boulement de rochers.<\/strong> N\u00e9anmoins, ils me conseill\u00e8rent de tenter\u00a0ma chance car en v\u00e9lo \u00e7a pouvait peut-\u00eatre passer &#8230; <strong>Suspense !\u00a0<\/strong><\/p>\n<p style=\"text-align: justify;\"><strong>C&rsquo;est \u00e0 la fois plein d&rsquo;espoir et de doute <\/strong>que je me suis lanc\u00e9 dans\u00a0la longue descente vers Dorgali. A huit kilom\u00e8tres du lieu d&rsquo;\u00e9boulement, je croisai <strong>des touristes italiens rencontr\u00e9s pr\u00e9c\u00e9demment au col. Ils me conseill\u00e8rent de faire demi-tour car la route \u00e9tait compl\u00e8tement coup\u00e9e<\/strong> plus bas. Impossible de passer m\u00eame avec un v\u00e9lo d&rsquo;apr\u00e8s eux. <strong>Persuad\u00e9 que je devais aller voir par moi-m\u00eame, je n&rsquo;en fis qu&rsquo;\u00e0 ma t\u00eate et je zappai le conseil de ces sympathiques retrait\u00e9s.<br \/>\n<\/strong><\/p>\n<p style=\"text-align: justify;\">A la suite de belles courbes \u00e9pousant parfaitement la montagne, j&rsquo;atteignis la zone d&rsquo;\u00e9boulement. Effectivement, <strong>la route \u00e9tait compl\u00e8tement coup\u00e9e.<\/strong> Un rideau de barri\u00e8res plac\u00e9es en travers de la route emp\u00eachait les voitures de passer.<br \/>\nDerri\u00e8re les barricades, <strong>un monsieur s&rsquo;affairait sur l&rsquo;amas de rocaille qui avait d\u00e9fonc\u00e9 la chauss\u00e9e<\/strong>. Je n&rsquo;avais pas cinquante options. <strong>Je devais aller le voir pour lui demander si je pouvais passer avec mon v\u00e9lo.<\/strong><br \/>\nA peine, avais-je fait part de ma requ\u00eate que<strong> le jovial P\u00e9p\u00e9 me r\u00e9pondit positivement. J&rsquo;allais pouvoir traverser l&rsquo;obstacle tant redout\u00e9.<\/strong> Un vrai soulagement !<br \/>\n<strong>D&rsquo;une grande gentillesse, P\u00e9p\u00e9 m&rsquo;aida \u00e0 transporter mes sacoches et mon v\u00e9lo par dessus les rochers.<\/strong> Enchant\u00e9 par cette nouvelle, je remerciai mon sauveur \u00e0 de nombreuses reprises.<\/p>\n<p style=\"text-align: justify;\"><strong>Alors que je m\u2019appr\u00eatais \u00e0 le quitter, P\u00e9p\u00e9 sortit du coffre de sa voiture de quoi festoyer ! Une bouteille de vin rouge du secteur accompagn\u00e9e de saucisson et de fromage.<\/strong> En l&rsquo;espace d&rsquo;une vingtaine de minutes, j&rsquo;\u00e9tais pass\u00e9 d&rsquo;une situation d\u00e9licate \u00e0 un moment fort de mon voyage. Magique. Grazie mille P\u00e9p\u00e9 !<br \/>\nTout en trinquant \u00e0 cette belle rencontre,<strong> nous discut\u00e2mes dans un m\u00e9lange d&rsquo;italien, de fran\u00e7ais et d&rsquo;anglais. D&rsquo;amusantes photos couronn\u00e8rent ce chouette moment.<\/strong> Avant de se quitter, nous \u00e9chang\u00eaames \u00e9galement nos coordonn\u00e9s (quelques jours plus tard, je lui ai d&rsquo;ailleurs envoy\u00e9 une carte postale).<\/p>\n<p style=\"text-align: center;\"><a href=\"http:\/\/courir-lemonde.com\/wp-content\/uploads\/2017\/04\/IMG_2002.jpg\"><img loading=\"lazy\" decoding=\"async\" class=\"aligncenter wp-image-3177\" src=\"http:\/\/courir-lemonde.com\/wp-content\/uploads\/2017\/04\/IMG_2002-1024x768.jpg\" alt=\"\" width=\"500\" height=\"377\" \/><\/a><em>Derri\u00e8re les barres calcaires, la mer se d\u00e9voile\u00a0(photo courir-lemonde.com)<\/em><\/p>\n<p style=\"text-align: center;\"><a href=\"http:\/\/courir-lemonde.com\/wp-content\/uploads\/2017\/04\/IMG_2005.jpg\"><img loading=\"lazy\" decoding=\"async\" class=\"aligncenter wp-image-3178\" src=\"http:\/\/courir-lemonde.com\/wp-content\/uploads\/2017\/04\/IMG_2005-1024x768.jpg\" alt=\"la rencontre de P\u00e9p\u00e9 pr\u00e8s de Dorgali\" width=\"500\" height=\"377\" \/><\/a><em>Avec le g\u00e9nial P\u00e9p\u00e9 rencontr\u00e9 pr\u00e8s de Dorgali\u00a0<\/em><em>(photo courir-lemonde.com)<\/em><\/p>\n<p style=\"text-align: center;\"><a href=\"http:\/\/courir-lemonde.com\/wp-content\/uploads\/2017\/04\/IMG_2008.jpg\"><img loading=\"lazy\" decoding=\"async\" class=\"aligncenter wp-image-3179\" src=\"http:\/\/courir-lemonde.com\/wp-content\/uploads\/2017\/04\/IMG_2008-1024x768.jpg\" alt=\"Dorgali \" width=\"500\" height=\"377\" \/><\/a><em>La ville de Dorgali (photo courir-lemonde.com)<\/em><\/p>\n<p style=\"text-align: justify;\"><strong>Euphorique \u00e0 la suite de la rencontre de P\u00e9p\u00e9<\/strong>, la fin de ma journ\u00e9e fut joyeuse. Peu avant Dorgali, je bifurquai sur la droite vers Cala Gonone. C&rsquo;est une tr\u00e8s abrupte descente en lacets qui permet de rejoindre la station baln\u00e9aire phare du secteur. J&rsquo;attaquai la descente avec l&rsquo;objectif de trouver un endroit calme o\u00f9 planter la tente. A environ trois kilom\u00e8tres de Cala Gonone, <strong>je m&rsquo;enfon\u00e7ai dans la pin\u00e8de via un chemin pierreux. Quelques instants plus tard, je tenais mon spot pour le bivouac du soir.<\/strong><\/p>\n<h2 style=\"text-align: center;\"><em>Journ\u00e9e de repos \u00e0 Cala Gonone\u00a0<\/em><\/h2>\n<p style=\"text-align: justify;\">C&rsquo;est de tr\u00e8s bonne heure que mon r\u00e9veil sonna ce dimanche 12 mars. A 5h30 pour \u00eatre exact ! Pourquoi si t\u00f4t ? En fait, <strong>je voulais assister au lever du soleil depuis Cala Gonone<\/strong>. Ma tente d\u00e9mont\u00e9e et mon mat\u00e9riel rang\u00e9, je quittai la pin\u00e8de o\u00f9 j&rsquo;avais \u00e9lu domicile pour rejoindre la station baln\u00e9aire situ\u00e9e quelques kilom\u00e8tres en contrebas. <strong>Dans la p\u00e9nombre du matin, les couleurs du ciel \u00e9taient magistrales. <\/strong>Quelques minutes plus tard,<strong> j&rsquo;assistai au lever du soleil depuis le front de mer. Un pur r\u00e9gal pour mes yeux qui s&rsquo;en\u00a0souviennent encore !<\/strong><\/p>\n<div style=\"width: 584px;\" class=\"wp-video\"><video class=\"wp-video-shortcode\" id=\"video-2945-3\" width=\"584\" height=\"329\" preload=\"metadata\" controls=\"controls\"><source type=\"video\/mp4\" src=\"http:\/\/courir-lemonde.com\/wp-content\/uploads\/2017\/04\/reveil-5h30.mp4?_=3\" \/><a href=\"http:\/\/courir-lemonde.com\/wp-content\/uploads\/2017\/04\/reveil-5h30.mp4\">http:\/\/courir-lemonde.com\/wp-content\/uploads\/2017\/04\/reveil-5h30.mp4<\/a><\/video><\/div>\n<p style=\"text-align: center;\"><em>Arriv\u00e9e tr\u00e8s matinale \u00e0 Cala Gonone (vid\u00e9o courir-lemonde.com)<\/em><\/p>\n<p style=\"text-align: center;\"><a href=\"http:\/\/courir-lemonde.com\/wp-content\/uploads\/2017\/04\/IMG_2016.jpg\"><img loading=\"lazy\" decoding=\"async\" class=\"aligncenter wp-image-3180\" src=\"http:\/\/courir-lemonde.com\/wp-content\/uploads\/2017\/04\/IMG_2016-1024x768.jpg\" alt=\"Cala Gonone lever de soleil\" width=\"500\" height=\"377\" \/><\/a><em>Lever du soleil \u00e0 Cala Gonone (photo courir-lemonde.com)<\/em><\/p>\n<p style=\"text-align: center;\"><a href=\"http:\/\/courir-lemonde.com\/wp-content\/uploads\/2017\/04\/IMG_2018.jpg\"><img loading=\"lazy\" decoding=\"async\" class=\"aligncenter wp-image-3181\" src=\"http:\/\/courir-lemonde.com\/wp-content\/uploads\/2017\/04\/IMG_2018-1024x768.jpg\" alt=\"Cala Gonone lever du soleil\" width=\"500\" height=\"377\" \/><\/a><em>Magnifique lever de soleil depuis Cala Gonone (photo courir-lemonde.com)<\/em><\/p>\n<p style=\"text-align: justify;\"><strong>La suite de cette journ\u00e9e fut tr\u00e8s \u00ab\u00a0dolce vita\u00a0\u00bb<\/strong>. Bronzette et lecture rythm\u00e8rent ma matin\u00e9e \u00e0 Cala Gonone. Puis, apr\u00e8s avoir d\u00e9jeun\u00e9 d&rsquo;un succulent panini m\u00ealant fromages et aubergines, <strong>j&rsquo;ai long\u00e9 le littoral cr\u00e9nel\u00e9 pour atteindre Cala Fuili, somptueuse crique aux eaux turquoises et limpides.\u00a0<\/strong><\/p>\n<p style=\"text-align: center;\"><a href=\"http:\/\/courir-lemonde.com\/wp-content\/uploads\/2017\/04\/IMG_2032.jpg\"><img loading=\"lazy\" decoding=\"async\" class=\"aligncenter wp-image-3182\" src=\"http:\/\/courir-lemonde.com\/wp-content\/uploads\/2017\/04\/IMG_2032-1024x768.jpg\" alt=\"Cala Gonone \" width=\"500\" height=\"377\" \/><\/a><em>Le littoral du Parc National du Golfe d&rsquo;Orosei &#8211; Genmaterdenu est jalonn\u00e9 de belles criques\u00a0comme la cala Luna ou la cala Goloritze (photo courir-lemonde.com)<\/em><\/p>\n<p style=\"text-align: center;\"><a href=\"http:\/\/courir-lemonde.com\/wp-content\/uploads\/2017\/04\/IMG_2036.jpg\"><img loading=\"lazy\" decoding=\"async\" class=\"aligncenter wp-image-3183\" src=\"http:\/\/courir-lemonde.com\/wp-content\/uploads\/2017\/04\/IMG_2036-1024x768.jpg\" alt=\"cala Fuili \" width=\"500\" height=\"377\" \/><\/a><em>Cala Fuili pr\u00e8s de Cala Gonone (photo courir-lemonde.com)<\/em><\/p>\n<p style=\"text-align: center;\"><a href=\"http:\/\/courir-lemonde.com\/wp-content\/uploads\/2017\/04\/IMG_2041.jpg\"><img loading=\"lazy\" decoding=\"async\" class=\"aligncenter wp-image-3184\" src=\"http:\/\/courir-lemonde.com\/wp-content\/uploads\/2017\/04\/IMG_2041-1024x768.jpg\" alt=\"\" width=\"500\" height=\"377\" \/><\/a><em>Camping sauvage dans la pin\u00e8de pr\u00e8s de Cala Gonone (photo courir-lemonde.com)<\/em><\/p>\n<p style=\"text-align: justify;\">La fin de journ\u00e9e fut consacr\u00e9e \u00e0 la recherche d&rsquo;un nouveau spot pour planter la tente. <strong>Comme la veille, c&rsquo;est dans la pin\u00e8de sur les hauteurs de Cala Gonone que j&rsquo;installai mon campement.<\/strong> En revanche, cette fois-ci, <strong>j&rsquo;\u00e9tais nettement mieux camoufl\u00e9 entre les broussailles et les arbustes.<\/strong> Hormis la faune locale, je ne voyais pas trop qui allait venir m&rsquo;enquiquiner ici. Une nouvelle fois, je rejoignis Morph\u00e9e de bonne heure pour attaquer ma remont\u00e9e vers le Nord de la Sardaigne en pleine forme \u00e0 partir de demain.<\/p>\n<p style=\"text-align: justify;\">Affaire \u00e0 suivre dans <strong>le prochain article \u00ab\u00a0<a href=\"http:\/\/courir-lemonde.com\/index.php\/2017\/05\/13\/la-sardaigne-en-velo-de-cala-gonone-a-palau-remontee-de-la-cote-est-sous-le-soleil\/\">de Cala Gonone \u00e0 Palau, remont\u00e9e de la c\u00f4te Est sous le soleil<\/a>\u00a0\u00bb<br \/>\n<\/strong><\/p>\n<p style=\"text-align: justify;\">Pour retrouver les articles pr\u00e9c\u00e9dents sur <strong>mon voyage \u00e0 v\u00e9lo en Sardaigne<\/strong> :<\/p>\n<ul>\n<li><a href=\"http:\/\/courir-lemonde.com\/index.php\/2017\/04\/10\/la-sardaigne-en-velo-de-porto-torres-a-alghero-en-passant-par-stintino-un-debut-de-periple-riche-en-experiences-nouvelles\/\">du 01\/03 au 03\/03 : de Porto Torres \u00e0 Alghero en passant par Stintino, un d\u00e9but de p\u00e9riple riche en nouvelles exp\u00e9riences <\/a><\/li>\n<\/ul>\n<ul>\n<li><a href=\"http:\/\/courir-lemonde.com\/index.php\/2017\/04\/15\/la-sardaigne-en-velo-de-alghero-a-zeppara-via-la-magnifique-ville-de-bosa-la-belle-aventure-se-poursuit\/\">du 04\/03 au 06\/03 : de Alghero \u00e0 Zeppara via la magnifique ville de Bosa, la belle aventure se poursuit<\/a><\/li>\n<\/ul>\n<ul>\n<li><a href=\"http:\/\/courir-lemonde.com\/index.php\/2017\/04\/22\/la-sardaigne-en-velo-de-zeppara-a-girasole-objectif-cote-est-via-les-montagnes-sardes\/\">du 07\/03 au 09\/03 : de Zeppara \u00e0 Girasole, objectif\u00a0c\u00f4te Est via les montagnes sardes<\/a><\/li>\n<\/ul>\n","protected":false},"excerpt":{"rendered":"<p>En compagnie de P\u00e9p\u00e9, chouette Sarde rencontr\u00e9 pr\u00e8s de Dorgali. Ensemble, nous avons trinqu\u00e9 avec du vin local et festoy\u00e9 de charcuteries et de fromages sardes (photo courir-lemonde.com) Du 10 au 12 mars, j\u2019ai pris le temps de parcourir le &hellip; <a href=\"https:\/\/courir-lemonde.com\/index.php\/2017\/04\/30\/la-sardaigne-a-velo-de-girasole-a-cala-gonone-dolce-vita-dans-le-parc-national-du-golfe-dorosei-gennargentu\/\">Continuer la lecture <span class=\"meta-nav\">&rarr;<\/span><\/a><\/p>\n","protected":false},"author":1,"featured_media":0,"comment_status":"open","ping_status":"open","sticky":false,"template":"","format":"standard","meta":{"footnotes":""},"categories":[283,266],"tags":[267,269,206,268],"yoast_head":"<!-- This site is optimized with the Yoast SEO plugin v21.8.1 - https:\/\/yoast.com\/wordpress\/plugins\/seo\/ -->\n<title>La Sardaigne \u00e0 v\u00e9lo : de Girasole \u00e0 Cala Gonone, dolce vita dans le Parc National du Golfe d&#039;Orosei - Gennargentu - Courir Le Monde<\/title>\n<meta name=\"robots\" content=\"index, follow, max-snippet:-1, max-image-preview:large, max-video-preview:-1\" \/>\n<link rel=\"canonical\" href=\"https:\/\/courir-lemonde.com\/index.php\/2017\/04\/30\/la-sardaigne-a-velo-de-girasole-a-cala-gonone-dolce-vita-dans-le-parc-national-du-golfe-dorosei-gennargentu\/\" \/>\n<meta property=\"og:locale\" content=\"fr_FR\" \/>\n<meta property=\"og:type\" content=\"article\" \/>\n<meta property=\"og:title\" content=\"La Sardaigne \u00e0 v\u00e9lo : de Girasole \u00e0 Cala Gonone, dolce vita dans le Parc National du Golfe d&#039;Orosei - Gennargentu - Courir Le Monde\" \/>\n<meta property=\"og:description\" content=\"En compagnie de P\u00e9p\u00e9, chouette Sarde rencontr\u00e9 pr\u00e8s de Dorgali. Ensemble, nous avons trinqu\u00e9 avec du vin local et festoy\u00e9 de charcuteries et de fromages sardes (photo courir-lemonde.com) Du 10 au 12 mars, j\u2019ai pris le temps de parcourir le &hellip; Continuer la lecture &rarr;\" \/>\n<meta property=\"og:url\" content=\"https:\/\/courir-lemonde.com\/index.php\/2017\/04\/30\/la-sardaigne-a-velo-de-girasole-a-cala-gonone-dolce-vita-dans-le-parc-national-du-golfe-dorosei-gennargentu\/\" \/>\n<meta property=\"og:site_name\" content=\"Courir Le Monde\" \/>\n<meta property=\"article:published_time\" content=\"2017-04-30T11:40:34+00:00\" \/>\n<meta property=\"article:modified_time\" content=\"2018-04-05T17:47:58+00:00\" \/>\n<meta property=\"og:image\" content=\"http:\/\/courir-lemonde.com\/wp-content\/uploads\/2017\/04\/IMG_2004-1024x768.jpg\" \/>\n<meta name=\"author\" content=\"Chap44\" \/>\n<meta name=\"twitter:card\" content=\"summary_large_image\" \/>\n<meta name=\"twitter:label1\" content=\"\u00c9crit par\" \/>\n\t<meta name=\"twitter:data1\" content=\"Chap44\" \/>\n\t<meta name=\"twitter:label2\" content=\"Dur\u00e9e de lecture estim\u00e9e\" \/>\n\t<meta name=\"twitter:data2\" content=\"11 minutes\" \/>\n<script type=\"application\/ld+json\" class=\"yoast-schema-graph\">{\"@context\":\"https:\/\/schema.org\",\"@graph\":[{\"@type\":\"WebPage\",\"@id\":\"https:\/\/courir-lemonde.com\/index.php\/2017\/04\/30\/la-sardaigne-a-velo-de-girasole-a-cala-gonone-dolce-vita-dans-le-parc-national-du-golfe-dorosei-gennargentu\/\",\"url\":\"https:\/\/courir-lemonde.com\/index.php\/2017\/04\/30\/la-sardaigne-a-velo-de-girasole-a-cala-gonone-dolce-vita-dans-le-parc-national-du-golfe-dorosei-gennargentu\/\",\"name\":\"La Sardaigne \u00e0 v\u00e9lo : de Girasole \u00e0 Cala Gonone, dolce vita dans le Parc National du Golfe d'Orosei - Gennargentu - Courir Le Monde\",\"isPartOf\":{\"@id\":\"https:\/\/courir-lemonde.com\/#website\"},\"datePublished\":\"2017-04-30T11:40:34+00:00\",\"dateModified\":\"2018-04-05T17:47:58+00:00\",\"author\":{\"@id\":\"https:\/\/courir-lemonde.com\/#\/schema\/person\/baaa624d701d53d176c763f85b3114e4\"},\"breadcrumb\":{\"@id\":\"https:\/\/courir-lemonde.com\/index.php\/2017\/04\/30\/la-sardaigne-a-velo-de-girasole-a-cala-gonone-dolce-vita-dans-le-parc-national-du-golfe-dorosei-gennargentu\/#breadcrumb\"},\"inLanguage\":\"fr-FR\",\"potentialAction\":[{\"@type\":\"ReadAction\",\"target\":[\"https:\/\/courir-lemonde.com\/index.php\/2017\/04\/30\/la-sardaigne-a-velo-de-girasole-a-cala-gonone-dolce-vita-dans-le-parc-national-du-golfe-dorosei-gennargentu\/\"]}]},{\"@type\":\"BreadcrumbList\",\"@id\":\"https:\/\/courir-lemonde.com\/index.php\/2017\/04\/30\/la-sardaigne-a-velo-de-girasole-a-cala-gonone-dolce-vita-dans-le-parc-national-du-golfe-dorosei-gennargentu\/#breadcrumb\",\"itemListElement\":[{\"@type\":\"ListItem\",\"position\":1,\"name\":\"Accueil\",\"item\":\"https:\/\/courir-lemonde.com\/\"},{\"@type\":\"ListItem\",\"position\":2,\"name\":\"La Sardaigne \u00e0 v\u00e9lo : de Girasole \u00e0 Cala Gonone, dolce vita dans le Parc National du Golfe d&rsquo;Orosei &#8211; Gennargentu\"}]},{\"@type\":\"WebSite\",\"@id\":\"https:\/\/courir-lemonde.com\/#website\",\"url\":\"https:\/\/courir-lemonde.com\/\",\"name\":\"Courir Le Monde\",\"description\":\"Le site de Valentin Chapalain, passionn\u00e9 d&#039;aventures et de voyages\",\"potentialAction\":[{\"@type\":\"SearchAction\",\"target\":{\"@type\":\"EntryPoint\",\"urlTemplate\":\"https:\/\/courir-lemonde.com\/?s={search_term_string}\"},\"query-input\":\"required name=search_term_string\"}],\"inLanguage\":\"fr-FR\"},{\"@type\":\"Person\",\"@id\":\"https:\/\/courir-lemonde.com\/#\/schema\/person\/baaa624d701d53d176c763f85b3114e4\",\"name\":\"Chap44\",\"image\":{\"@type\":\"ImageObject\",\"inLanguage\":\"fr-FR\",\"@id\":\"https:\/\/courir-lemonde.com\/#\/schema\/person\/image\/\",\"url\":\"https:\/\/secure.gravatar.com\/avatar\/f6a3fcbb365f597d6259be5c4dc6c05c?s=96&d=mm&r=g\",\"contentUrl\":\"https:\/\/secure.gravatar.com\/avatar\/f6a3fcbb365f597d6259be5c4dc6c05c?s=96&d=mm&r=g\",\"caption\":\"Chap44\"},\"url\":\"https:\/\/courir-lemonde.com\/index.php\/author\/chap331244\/\"}]}<\/script>\n<!-- \/ Yoast SEO plugin. -->","yoast_head_json":{"title":"La Sardaigne \u00e0 v\u00e9lo : de Girasole \u00e0 Cala Gonone, dolce vita dans le Parc National du Golfe d'Orosei - Gennargentu - Courir Le Monde","robots":{"index":"index","follow":"follow","max-snippet":"max-snippet:-1","max-image-preview":"max-image-preview:large","max-video-preview":"max-video-preview:-1"},"canonical":"https:\/\/courir-lemonde.com\/index.php\/2017\/04\/30\/la-sardaigne-a-velo-de-girasole-a-cala-gonone-dolce-vita-dans-le-parc-national-du-golfe-dorosei-gennargentu\/","og_locale":"fr_FR","og_type":"article","og_title":"La Sardaigne \u00e0 v\u00e9lo : de Girasole \u00e0 Cala Gonone, dolce vita dans le Parc National du Golfe d'Orosei - Gennargentu - Courir Le Monde","og_description":"En compagnie de P\u00e9p\u00e9, chouette Sarde rencontr\u00e9 pr\u00e8s de Dorgali. Ensemble, nous avons trinqu\u00e9 avec du vin local et festoy\u00e9 de charcuteries et de fromages sardes (photo courir-lemonde.com) Du 10 au 12 mars, j\u2019ai pris le temps de parcourir le &hellip; Continuer la lecture &rarr;","og_url":"https:\/\/courir-lemonde.com\/index.php\/2017\/04\/30\/la-sardaigne-a-velo-de-girasole-a-cala-gonone-dolce-vita-dans-le-parc-national-du-golfe-dorosei-gennargentu\/","og_site_name":"Courir Le Monde","article_published_time":"2017-04-30T11:40:34+00:00","article_modified_time":"2018-04-05T17:47:58+00:00","og_image":[{"url":"http:\/\/courir-lemonde.com\/wp-content\/uploads\/2017\/04\/IMG_2004-1024x768.jpg"}],"author":"Chap44","twitter_card":"summary_large_image","twitter_misc":{"\u00c9crit par":"Chap44","Dur\u00e9e de lecture estim\u00e9e":"11 minutes"},"schema":{"@context":"https:\/\/schema.org","@graph":[{"@type":"WebPage","@id":"https:\/\/courir-lemonde.com\/index.php\/2017\/04\/30\/la-sardaigne-a-velo-de-girasole-a-cala-gonone-dolce-vita-dans-le-parc-national-du-golfe-dorosei-gennargentu\/","url":"https:\/\/courir-lemonde.com\/index.php\/2017\/04\/30\/la-sardaigne-a-velo-de-girasole-a-cala-gonone-dolce-vita-dans-le-parc-national-du-golfe-dorosei-gennargentu\/","name":"La Sardaigne \u00e0 v\u00e9lo : de Girasole \u00e0 Cala Gonone, dolce vita dans le Parc National du Golfe d'Orosei - Gennargentu - Courir Le Monde","isPartOf":{"@id":"https:\/\/courir-lemonde.com\/#website"},"datePublished":"2017-04-30T11:40:34+00:00","dateModified":"2018-04-05T17:47:58+00:00","author":{"@id":"https:\/\/courir-lemonde.com\/#\/schema\/person\/baaa624d701d53d176c763f85b3114e4"},"breadcrumb":{"@id":"https:\/\/courir-lemonde.com\/index.php\/2017\/04\/30\/la-sardaigne-a-velo-de-girasole-a-cala-gonone-dolce-vita-dans-le-parc-national-du-golfe-dorosei-gennargentu\/#breadcrumb"},"inLanguage":"fr-FR","potentialAction":[{"@type":"ReadAction","target":["https:\/\/courir-lemonde.com\/index.php\/2017\/04\/30\/la-sardaigne-a-velo-de-girasole-a-cala-gonone-dolce-vita-dans-le-parc-national-du-golfe-dorosei-gennargentu\/"]}]},{"@type":"BreadcrumbList","@id":"https:\/\/courir-lemonde.com\/index.php\/2017\/04\/30\/la-sardaigne-a-velo-de-girasole-a-cala-gonone-dolce-vita-dans-le-parc-national-du-golfe-dorosei-gennargentu\/#breadcrumb","itemListElement":[{"@type":"ListItem","position":1,"name":"Accueil","item":"https:\/\/courir-lemonde.com\/"},{"@type":"ListItem","position":2,"name":"La Sardaigne \u00e0 v\u00e9lo : de Girasole \u00e0 Cala Gonone, dolce vita dans le Parc National du Golfe d&rsquo;Orosei &#8211; Gennargentu"}]},{"@type":"WebSite","@id":"https:\/\/courir-lemonde.com\/#website","url":"https:\/\/courir-lemonde.com\/","name":"Courir Le Monde","description":"Le site de Valentin Chapalain, passionn\u00e9 d&#039;aventures et de voyages","potentialAction":[{"@type":"SearchAction","target":{"@type":"EntryPoint","urlTemplate":"https:\/\/courir-lemonde.com\/?s={search_term_string}"},"query-input":"required name=search_term_string"}],"inLanguage":"fr-FR"},{"@type":"Person","@id":"https:\/\/courir-lemonde.com\/#\/schema\/person\/baaa624d701d53d176c763f85b3114e4","name":"Chap44","image":{"@type":"ImageObject","inLanguage":"fr-FR","@id":"https:\/\/courir-lemonde.com\/#\/schema\/person\/image\/","url":"https:\/\/secure.gravatar.com\/avatar\/f6a3fcbb365f597d6259be5c4dc6c05c?s=96&d=mm&r=g","contentUrl":"https:\/\/secure.gravatar.com\/avatar\/f6a3fcbb365f597d6259be5c4dc6c05c?s=96&d=mm&r=g","caption":"Chap44"},"url":"https:\/\/courir-lemonde.com\/index.php\/author\/chap331244\/"}]}},"_links":{"self":[{"href":"https:\/\/courir-lemonde.com\/index.php\/wp-json\/wp\/v2\/posts\/2945"}],"collection":[{"href":"https:\/\/courir-lemonde.com\/index.php\/wp-json\/wp\/v2\/posts"}],"about":[{"href":"https:\/\/courir-lemonde.com\/index.php\/wp-json\/wp\/v2\/types\/post"}],"author":[{"embeddable":true,"href":"https:\/\/courir-lemonde.com\/index.php\/wp-json\/wp\/v2\/users\/1"}],"replies":[{"embeddable":true,"href":"https:\/\/courir-lemonde.com\/index.php\/wp-json\/wp\/v2\/comments?post=2945"}],"version-history":[{"count":25,"href":"https:\/\/courir-lemonde.com\/index.php\/wp-json\/wp\/v2\/posts\/2945\/revisions"}],"predecessor-version":[{"id":3886,"href":"https:\/\/courir-lemonde.com\/index.php\/wp-json\/wp\/v2\/posts\/2945\/revisions\/3886"}],"wp:attachment":[{"href":"https:\/\/courir-lemonde.com\/index.php\/wp-json\/wp\/v2\/media?parent=2945"}],"wp:term":[{"taxonomy":"category","embeddable":true,"href":"https:\/\/courir-lemonde.com\/index.php\/wp-json\/wp\/v2\/categories?post=2945"},{"taxonomy":"post_tag","embeddable":true,"href":"https:\/\/courir-lemonde.com\/index.php\/wp-json\/wp\/v2\/tags?post=2945"}],"curies":[{"name":"wp","href":"https:\/\/api.w.org\/{rel}","templated":true}]}}