{"id":2947,"date":"2017-05-13T13:33:23","date_gmt":"2017-05-13T12:33:23","guid":{"rendered":"http:\/\/courir-lemonde.com\/?p=2947"},"modified":"2018-04-05T18:45:48","modified_gmt":"2018-04-05T17:45:48","slug":"la-sardaigne-a-velo-de-cala-gonone-a-palau-remontee-de-la-cote-est-sous-le-soleil","status":"publish","type":"post","link":"https:\/\/courir-lemonde.com\/index.php\/2017\/05\/13\/la-sardaigne-a-velo-de-cala-gonone-a-palau-remontee-de-la-cote-est-sous-le-soleil\/","title":{"rendered":"La Sardaigne \u00e0 v\u00e9lo : de Cala Gonone \u00e0 Palau, remont\u00e9e de la c\u00f4te Est sous le soleil"},"content":{"rendered":"<p style=\"text-align: center;\"><a href=\"http:\/\/courir-lemonde.com\/wp-content\/uploads\/2017\/04\/IMG_2114.jpg\"><img loading=\"lazy\" decoding=\"async\" class=\"aligncenter wp-image-3197\" src=\"http:\/\/courir-lemonde.com\/wp-content\/uploads\/2017\/04\/IMG_2114-1024x768.jpg\" alt=\"Isola Tavolara\" width=\"500\" height=\"378\" \/><\/a><em>L&rsquo;\u00eele de Tavolara depuis Porto Taverna (photo courir-lemonde.com)<\/em><\/p>\n<p style=\"text-align: justify;\"><em>Du 13 au 15 mars, j\u2019ai long\u00e9 la c\u00f4te orientale de la Sardaigne du Sud vers le Nord. De Cala Gonone \u00e0 Palau, j&rsquo;ai parcouru 170 kilom\u00e8tres sous un soleil \u00e9tincelant.\u00a0Si le littoral est davantage\u00a0b\u00e9tonn\u00e9 qu&rsquo;ailleurs sous l&rsquo;effet du tourisme de masse, il offre\u00a0tout de m\u00eame de belles plages et des criques aux eaux translucides et turquoises.\u00a0<\/em><\/p>\n<p style=\"text-align: justify;\"><em>Mes coups de c\u0153ur sur la c\u00f4te Est de la Sardaigne\u00a0&#x1f642;\u00a0<\/em><\/p>\n<ul>\n<li style=\"text-align: left;\"><em>le bivouac \u00e0 Capo Comino avec Sebastien, cyclovoyageur rencontr\u00e9 ce jour l\u00e0\u00a0<\/em><\/li>\n<li style=\"text-align: left;\"><em>l&rsquo;\u00eele rocheuse de Tavolara qui fait face \u00e0 Porto Taverna\u00a0<\/em><\/li>\n<li style=\"text-align: left;\"><em>se baigner et par la m\u00eame occasion se doucher dans la mer M\u00e9diterran\u00e9e \u00e0\u00a0Budoni<\/em><\/li>\n<\/ul>\n<p><!--more--><\/p>\n<p style=\"text-align: center;\"><a href=\"http:\/\/courir-lemonde.com\/wp-content\/uploads\/2017\/05\/parcours-Sardaigne-partie-5.jpg\"><img loading=\"lazy\" decoding=\"async\" class=\"aligncenter wp-image-3272\" src=\"http:\/\/courir-lemonde.com\/wp-content\/uploads\/2017\/05\/parcours-Sardaigne-partie-5.jpg\" alt=\"parcours Sardaigne c\u00f4te Est \" width=\"290\" height=\"425\" \/><\/a><em>Mon itin\u00e9raire sur la c\u00f4te orientale de la Sardaigne <\/em><br \/>\n<em>(r\u00e9alisation courir-lemonde.com sur openrunner)\u00a0<\/em><\/p>\n<h2 style=\"text-align: center;\"><em>Etape 12 : Cala Gonone &#8211; Capo Comino (55 kilom\u00e8tres)<\/em><\/h2>\n<p style=\"text-align: justify;\">Comme souvent ce sont les premi\u00e8res lueurs du jour\u00a0qui me sortirent de mon duvet vers\u00a07h00. <strong>La nuit avait \u00e9t\u00e9 qualitative seulement\u00a0perturb\u00e9e par l&rsquo;arriv\u00e9e soudaine d&rsquo;un robuste animal (probablement un sanglier) autour de ma tente en milieu de nuit.<\/strong> L&rsquo;espace d&rsquo;un instant, je crus presque \u00e0 un tremblement de terre tant son approche\u00a0avait \u00e9t\u00e9 violente. Pendant plusieurs secondes, <strong>je l&rsquo;entendis respirer tr\u00e8s fort avant qu&rsquo;il reparte\u00a0d&rsquo;un pas sourd dans les fourr\u00e9s &#8230;\u00a0<\/strong><\/p>\n<p style=\"text-align: justify;\"><strong>L&rsquo;escalade des raides lacets pour atteindre Dorgali<\/strong> fut\u00a0le premier temps fort de ma journ\u00e9e. <strong>Rien de tel qu&rsquo;une su\u00e9e de bon matin<\/strong> pour se mettre en jambes.\u00a0Une fois en haut, j&rsquo;ai pu profiter\u00a0de <strong>jolis panoramas sur Dorgali et son environnement calcaire<\/strong> avant d&rsquo;effectuer des courses tr\u00e8s fruit\u00e9es.<\/p>\n<p style=\"text-align: center;\"><a href=\"http:\/\/courir-lemonde.com\/wp-content\/uploads\/2017\/04\/IMG_2046.jpg\"><img loading=\"lazy\" decoding=\"async\" class=\"aligncenter wp-image-3188\" src=\"http:\/\/courir-lemonde.com\/wp-content\/uploads\/2017\/04\/IMG_2046-1024x768.jpg\" alt=\"Dorgali\" width=\"500\" height=\"377\" \/><\/a><em>La ville de Dorgali (photo courir-lemonde.com)<\/em><\/p>\n<p style=\"text-align: justify;\">Ensuite, je pris <strong>la direction de Galtelli,<\/strong> localit\u00e9 situ\u00e9e l\u00e9g\u00e8rement dans les terres au pied d&rsquo;un imposant piton rocheux. Je fl\u00e2nai un peu\u00a0dans<strong> les ruelles de ce pittoresque bourg h\u00e9rit\u00e9 du Moyen <span class=\"st\">\u00c2<\/span>ge.<\/strong> Dans cette m\u00eame bourgade <strong>un homme renfloua mes provisions de mandarines en m&rsquo;en offrant g\u00e9n\u00e9reusement une bonne poign\u00e9e.\u00a0<\/strong><br \/>\nUne petite dizaine de kilom\u00e8tres plus loin, <strong>j&rsquo;atteignis Orosei,<\/strong> o\u00f9 je fis une halte dans un caf\u00e9 pour d&rsquo;une part me d\u00e9salt\u00e9rer et d&rsquo;autre part recharger mes appareils \u00e9lectroniques qui montraient des signes de fatigue. A Orosei, j&rsquo;ai d\u00e9jeun\u00e9 d&rsquo;un panini et de fruits avant de poursuivre ma remont\u00e9e vers le Nord.<\/p>\n<p style=\"text-align: justify;\">En cours de route, j&rsquo;ai \u00e9vit\u00e9 de justesse une piq\u00fbre de gu\u00eape gr\u00e2ce \u00e0 un habile r\u00e9flexe. Plus de peur que de mal !<br \/>\n<strong>Relativement platoniques, les paysages travers\u00e9s n&rsquo;avaient pas le charme de ceux du Parc National du Golfe d&rsquo;Orosei &#8211; Gennargentu ou des \u00e9tendues vallonn\u00e9es de la r\u00e9gion de Bosa.<\/strong>\u00a0De plus, je ressentis grandement le caract\u00e8re saisonnier de ce secteur o\u00f9 la plupart des commerces\u00a0ouvrent uniquement durant la p\u00e9riode estivale lorsque les complexes h\u00f4teliers et les camping du coin affichent complet.<\/p>\n<p style=\"text-align: center;\"><a href=\"http:\/\/courir-lemonde.com\/wp-content\/uploads\/2017\/04\/IMG_2051.jpg\"><img loading=\"lazy\" decoding=\"async\" class=\"aligncenter wp-image-3189\" src=\"http:\/\/courir-lemonde.com\/wp-content\/uploads\/2017\/04\/IMG_2051-1024x768.jpg\" alt=\"\" width=\"500\" height=\"377\" \/><\/a><em>Kiwis, bananes et mandarines, le trio gagnant du s\u00e9jour (photo courir-lemonde.com)<\/em><\/p>\n<p style=\"text-align: center;\"><a href=\"http:\/\/courir-lemonde.com\/wp-content\/uploads\/2017\/04\/IMG_2053.jpg\"><img loading=\"lazy\" decoding=\"async\" class=\"aligncenter wp-image-3190\" src=\"http:\/\/courir-lemonde.com\/wp-content\/uploads\/2017\/04\/IMG_2053-1024x768.jpg\" alt=\"\" width=\"500\" height=\"378\" \/><\/a><em>Le bourg m\u00e9di\u00e9val de Galtelli est dot\u00e9 d&rsquo;\u00e9l\u00e9gantes ruelles pav\u00e9es<br \/>\n(photo courir-lemonde.com)<\/em><\/p>\n<p style=\"text-align: center;\"><a href=\"http:\/\/courir-lemonde.com\/wp-content\/uploads\/2017\/04\/IMG_2061.jpg\"><img loading=\"lazy\" decoding=\"async\" class=\"aligncenter wp-image-3191\" src=\"http:\/\/courir-lemonde.com\/wp-content\/uploads\/2017\/04\/IMG_2061-1024x768.jpg\" alt=\"orosei\" width=\"500\" height=\"377\" \/><\/a><em>Petite pause \u00e0 Orosei (photo courir-lemonde.com)<\/em><\/p>\n<p style=\"text-align: center;\"><a href=\"http:\/\/courir-lemonde.com\/wp-content\/uploads\/2017\/04\/IMG_2062.jpg\"><img loading=\"lazy\" decoding=\"async\" class=\"aligncenter wp-image-3192\" src=\"http:\/\/courir-lemonde.com\/wp-content\/uploads\/2017\/04\/IMG_2062-1024x768.jpg\" alt=\"\" width=\"500\" height=\"377\" \/><\/a><em>Paysages dans le secteur d&rsquo;Orosei (photo courir-lemonde.com)<\/em><\/p>\n<p style=\"text-align: center;\"><a href=\"http:\/\/courir-lemonde.com\/wp-content\/uploads\/2017\/05\/IMG_2068.jpg\"><img loading=\"lazy\" decoding=\"async\" class=\"aligncenter wp-image-3274\" src=\"http:\/\/courir-lemonde.com\/wp-content\/uploads\/2017\/05\/IMG_2068-1024x768.jpg\" alt=\"\" width=\"500\" height=\"377\" \/><\/a><em>\u00c9tendues sauvages pr\u00e8s de Capo Comino (photo courir-lemonde.com)<\/em><\/p>\n<p style=\"text-align: justify;\">La fin de journ\u00e9e approchant,<strong> je me mis en qu\u00eate d&rsquo;un lieu pour passer la nuit. J&rsquo;avais envie de renouer avec le camping dans le jardin d&rsquo;un local\u00a0<\/strong>apr\u00e8s deux nuits cons\u00e9cutives de bivouac sauvage.<strong> Le contact humain me manquait !<\/strong><br \/>\nSur la gauche de la route, <strong>j&rsquo;aper\u00e7us un corps de ferme. Mon instinct m\u2019incita \u00e0 le rejoindre.<\/strong> Via un chemin terreux et bossel\u00e9, j&rsquo;atteignis les quelques habitations. Malheureusement personne n&rsquo;\u00e9tait dehors ! Au bout de quelques minutes, une voiture pilot\u00e9e par une femme souriante s\u2019arr\u00eata devant moi. <strong>Je lui formulai ma demande dans un italien apparemment compr\u00e9hensible<\/strong>. En r\u00e9ponse, <strong>elle me conseilla de planter la tente au Capo Comino \u00e0 cinq kilom\u00e8tres de l\u00e0. Elle me d\u00e9crit \u00ab\u00a0un cadre sauvage <\/strong>o\u00f9 personne ne viendra me d\u00e9ranger\u00a0\u00bb.\u00a0<strong>Direction le Capo Comino !\u00a0<\/strong><\/p>\n<p style=\"text-align: justify;\">A peine deux\u00a0kilom\u00e8tres plus loin, <strong>je fis la rencontre de S\u00e9bastien, un Fran\u00e7ais qui se rendait en Sicile avec sa bicyclette.<\/strong>\u00a0C&rsquo;\u00e9tait le premier voyageur \u00e0 v\u00e9lo que je croisais en Sardaigne. Apr\u00e8s quelques mots \u00e9chang\u00e9s,\u00a0<strong>nous d\u00e9cid\u00e2mes de bivouaquer ensemble au Capo Comino<\/strong> comme me l&rsquo;avait sugg\u00e9r\u00e9\u00a0la sympathique Sarde rencontr\u00e9e quelques minutes auparavant.\u00a0<strong>Et elle\u00a0ne m&rsquo;avait pas menti, c&rsquo;\u00e9tait un spot r\u00eav\u00e9 pour\u00a0planter la tente.\u00a0<\/strong><\/p>\n<p style=\"text-align: justify;\">Tout en discutant, nous install\u00e2mes joyeusement notre campement\u00a0dans ce bel \u00e9crin de nature. <strong>Le cadre \u00e9tait paisible et propice \u00e0 la d\u00e9tente.<\/strong> Face \u00e0 la mer, <strong>nous trinqu\u00e2mes avec deux bi\u00e8res<\/strong>. Nous pass\u00e2mes <strong>une chouette soir\u00e9e \u00e0 \u00e9changer.<\/strong>\u00a0Nettement plus exp\u00e9riment\u00e9 que moi, il me conta notamment l&rsquo;\u00e9pop\u00e9e cyclonomade qui l&rsquo;avait conduit jusqu&rsquo;en Arm\u00e9nie, son pays d&rsquo;origine.<\/p>\n<p style=\"text-align: center;\"><a href=\"http:\/\/courir-lemonde.com\/wp-content\/uploads\/2017\/04\/IMG_2074.jpg\"><img loading=\"lazy\" decoding=\"async\" class=\"aligncenter wp-image-3193\" src=\"http:\/\/courir-lemonde.com\/wp-content\/uploads\/2017\/04\/IMG_2074-1024x768.jpg\" alt=\"\" width=\"500\" height=\"377\" \/><\/a><em>Bivouac de r\u00eave au Capo Comino entre cyclovoyageurs<\/em><br \/>\n<em>(photo courir-lemonde.com)<\/em><\/p>\n<p style=\"text-align: center;\"><a href=\"http:\/\/courir-lemonde.com\/wp-content\/uploads\/2017\/04\/IMG_2081.jpg\"><img loading=\"lazy\" decoding=\"async\" class=\"aligncenter wp-image-3194\" src=\"http:\/\/courir-lemonde.com\/wp-content\/uploads\/2017\/04\/IMG_2081-1024x768.jpg\" alt=\"Bivouac \u00e0 Capo Comino \" width=\"500\" height=\"377\" \/><\/a><em>Belle fin de journ\u00e9e avec S\u00e9bastien au Capo Comino (photo courir-lemonde.com)<\/em><\/p>\n<h2 style=\"text-align: center;\"><em>Etape 13 : Capo Comino &#8211; Porto Taverna (55 kilom\u00e8tres)<\/em><\/h2>\n<p style=\"text-align: justify;\">Berc\u00e9 par le clapotis des vaguelettes, j&rsquo;ai pass\u00e9 une nuit correcte au Capo Comino. Au r\u00e9veil,<strong> le soleil scintillait dans le ciel sarde pour la 7 \u00e8me journ\u00e9e de rang. <\/strong>Quel bonheur ! Apr\u00e8s le d\u00e9montage de nos tentes respectives, nous pr\u00eemes notre petit-d\u00e9jeuner face \u00e0 la mer avant de nous quitter. <strong>S\u00e9bastien poursuivit son chemin\u00a0vers Cagliari<\/strong> o\u00f9 le ferry\u00a0pour la Sicile l&rsquo;attendait. Quant \u00e0 moi, <strong>je repris mon errance en direction du Nord de la Sardaigne en vue d&rsquo;atteindre la Corse d&rsquo;ici la fin de semaine.\u00a0<\/strong><\/p>\n<p style=\"text-align: justify;\">Comme la veille, <strong>le parcours du jour fut\u00a0plut\u00f4t roulant<\/strong>. Malgr\u00e9 le profil favorable, c&rsquo;est \u00e0 une allure mod\u00e9r\u00e9e que je progressais le long d&rsquo;une c\u00f4te moins dentel\u00e9e que les jours pr\u00e9c\u00e9dents. En retrait du littoral de nombreuses zones de marais compl\u00e9taient le d\u00e9cor. En ce qui concerne<strong> les villes et villages du secteur, ils ne tiennent pas la comparaison avec les joyaux de la c\u00f4te occidentale<\/strong> que sont Alghero, Bosa et Stintino par exemple.<\/p>\n<p style=\"text-align: center;\"><a href=\"http:\/\/courir-lemonde.com\/wp-content\/uploads\/2017\/04\/IMG_2094.jpg\"><img loading=\"lazy\" decoding=\"async\" class=\"aligncenter wp-image-3195\" src=\"http:\/\/courir-lemonde.com\/wp-content\/uploads\/2017\/04\/IMG_2094-1024x768.jpg\" alt=\"plage de Caletta \" width=\"500\" height=\"377\" \/><\/a><em>Petite pause sur la plage pr\u00e8s de la Caletta (photo courir-lemonde.com)<\/em><\/p>\n<p style=\"text-align: center;\"><a href=\"http:\/\/courir-lemonde.com\/wp-content\/uploads\/2017\/04\/IMG_2107.jpg\"><img loading=\"lazy\" decoding=\"async\" class=\"aligncenter wp-image-3196\" src=\"http:\/\/courir-lemonde.com\/wp-content\/uploads\/2017\/04\/IMG_2107-1024x768.jpg\" alt=\"\" width=\"500\" height=\"377\" \/><\/a><em>Mar\u00e9cages en retrait du littoral (photo courir-lemonde.com)<\/em><\/p>\n<p style=\"text-align: justify;\"><strong>Je pris mon d\u00e9jeuner sur la grande plage de Budoni.<\/strong> En d\u00e9pit des conditions presque estivales, celle-ci \u00e9tait totalement d\u00e9serte. Ne m&rsquo;\u00e9tant pas douch\u00e9 depuis quatre jours, j&rsquo;\u00e9tais bien tent\u00e9 de faire un saut dans la mer pour me rincer. Quelques instants plus tard, <strong>je pataugeais, \u00e0 poil,\u00a0dans les eaux fra\u00eeches de la M\u00e9diterran\u00e9e. Revigorant et\u00a0exaltant !<br \/>\n<\/strong><br \/>\nApr\u00e8s ce vivifiant bain de mer, je poursuivis mon chemin vers le Nord, toujours en longeant le littoral. A San Teodoro, je fis une pause pour acheter et \u00e9crire <strong>des\u00a0cartes postales.<\/strong> Elles \u00e9taient <strong>destin\u00e9es \u00e0 deux adorables Sardes rencontr\u00e9s pendant mon p\u00e9riple : Giancarlo et P\u00e9p\u00e9 !<br \/>\n<\/strong><\/p>\n<p style=\"text-align: center;\"><a href=\"http:\/\/courir-lemonde.com\/wp-content\/uploads\/2017\/04\/IMAG0282.jpg\"><img loading=\"lazy\" decoding=\"async\" class=\"aligncenter wp-image-3199\" src=\"http:\/\/courir-lemonde.com\/wp-content\/uploads\/2017\/04\/IMAG0282-576x1024.jpg\" alt=\"\" width=\"287\" height=\"501\" \/><\/a><em>Baignade valid\u00e9e pr\u00e8s de Budoni (photo courir-lemonde.com)<\/em><\/p>\n<p style=\"text-align: justify;\">Comme de coutume, <strong>la fin de journ\u00e9e fut consacr\u00e9e \u00e0 la recherche d&rsquo;un lieu pour planter le bivouac<\/strong>. A la suite d&rsquo;un crochet par le Copa Coda Cavallo (colonis\u00e9 par des r\u00e9sidences touristiques) o\u00f9 je n&rsquo;avais pas trouv\u00e9 de spot idyllique,\u00a0<strong>j&rsquo;\u00e9lus domicile sur la plage de Porto Taverna<\/strong>.\u00a0<strong>Sublim\u00e9\u00a0par le ciel habill\u00e9\u00a0d&rsquo;une majestueuse palette de couleur, le site rev\u00eatait un caract\u00e8re magique.\u00a0<\/strong><\/p>\n<p style=\"text-align: justify;\"><strong>J&rsquo;installai ma tente sous un rudimentaire abri de plage.<\/strong>\u00a0Si le bivouac de la veille avec S\u00e9bastien au Capo Comino \u00e9tait magnifique, celui-l\u00e0 face \u00e0 l&rsquo;imposante et rocailleuse \u00eele de Tavolara \u00e9tait du m\u00eame acabit.<br \/>\nLa suite de la soir\u00e9e fut tr\u00e8s calme : <strong>repas, \u00e9criture du r\u00e9cit quotidien et lecture avant de me coucher<\/strong> sous le regard de la pleine lune.<\/p>\n<p style=\"text-align: center;\"><a href=\"http:\/\/courir-lemonde.com\/wp-content\/uploads\/2017\/04\/IMG_2115.jpg\"><img loading=\"lazy\" decoding=\"async\" class=\"aligncenter wp-image-3207\" src=\"http:\/\/courir-lemonde.com\/wp-content\/uploads\/2017\/04\/IMG_2115-1024x768.jpg\" alt=\"Isola Tavolara\" width=\"500\" height=\"377\" \/><\/a><em>L&rsquo;\u00eele de Tavolara depuis la plage de Porto Taverna (photo courir-lemonde.com)<\/em><\/p>\n<div style=\"width: 584px;\" class=\"wp-video\"><!--[if lt IE 9]><script>document.createElement('video');<\/script><![endif]-->\n<video class=\"wp-video-shortcode\" id=\"video-2947-1\" width=\"584\" height=\"329\" preload=\"metadata\" controls=\"controls\"><source type=\"video\/mp4\" src=\"http:\/\/courir-lemonde.com\/wp-content\/uploads\/2017\/04\/\u00e0-la-recherche-dun-spot-pour-planter-la-tente-1.mp4?_=1\" \/><a href=\"http:\/\/courir-lemonde.com\/wp-content\/uploads\/2017\/04\/\u00e0-la-recherche-dun-spot-pour-planter-la-tente-1.mp4\">http:\/\/courir-lemonde.com\/wp-content\/uploads\/2017\/04\/\u00e0-la-recherche-dun-spot-pour-planter-la-tente-1.mp4<\/a><\/video><\/div>\n<p style=\"text-align: center;\"><em>Recherche d&rsquo;un lieu pour bivouaquer \u00e0 Porto Taverna (vid\u00e9o courir-lemonde.com)<\/em><\/p>\n<p style=\"text-align: center;\"><a href=\"http:\/\/courir-lemonde.com\/wp-content\/uploads\/2017\/04\/IMG_2130.jpg\"><img loading=\"lazy\" decoding=\"async\" class=\"aligncenter wp-image-3200\" src=\"http:\/\/courir-lemonde.com\/wp-content\/uploads\/2017\/04\/IMG_2130-1024x768.jpg\" alt=\"Porto Taverna \/ Isola Tavolara \" width=\"500\" height=\"377\" \/><\/a><em>Heureux devant l&rsquo;\u00eele de Tavolara (photo courir-lemonde.com)\u00a0<\/em><\/p>\n<h2 style=\"text-align: center;\"><em>Etape 14 : Porto Taverna &#8211; Palau (60 kilom\u00e8tres)<\/em><\/h2>\n<p style=\"text-align: justify;\">Ma nuit sur la plage de Porto Taverna fut mitig\u00e9e. Cependant <strong>la pr\u00e9sence du soleil et les paysages magnifiques autour de moi att\u00e9nuaient la sensation de fatigue. Le d\u00e9but de cette nouvelle \u00e9tape ne fut gu\u00e8re int\u00e9ressant.<\/strong><\/p>\n<p style=\"text-align: justify;\">Pour atteindre l&rsquo;extr\u00eame Nord de la Sardaigne<strong>, je devais traverser Olbia, l&rsquo;un des principaux centres urbains de l&rsquo;\u00eele.<\/strong> Or, \u00e0 v\u00e9lo, les contournements d&rsquo;agglom\u00e9rations ne sont jamais une partie de plaisir car ils sont synonyme de cohabitation avec des v\u00e9hicules qui roulent \u00e0 tr\u00e8s vive allure.<br \/>\nMalgr\u00e9 le trafic assez dense et un passage oblig\u00e9 sur la rocade, l&rsquo;obstacle\u00a0Olbia fut pass\u00e9 sans encombre et sans trop de frayeur. En revanche, <strong>le franchissement d&rsquo;Olbia m&rsquo;obligea a maintenir un rythme tr\u00e8s soutenu pendant pr\u00e8s de 20 kilom\u00e8tres<\/strong>. De quoi me mettre en jambes pour la suite de la journ\u00e9e !<\/p>\n<p style=\"text-align: center;\"><a href=\"http:\/\/courir-lemonde.com\/wp-content\/uploads\/2017\/04\/IMG_2140.jpg\"><img loading=\"lazy\" decoding=\"async\" class=\"aligncenter wp-image-3201\" src=\"http:\/\/courir-lemonde.com\/wp-content\/uploads\/2017\/04\/IMG_2140-1024x768.jpg\" alt=\"\" width=\"500\" height=\"377\" \/><\/a><em>C&rsquo;est sous cet abri de plage que j&rsquo;avais plant\u00e9 ma tente (photo courir-lemonde.com)<\/em><\/p>\n<p style=\"text-align: justify;\">Une dizaine de kilom\u00e8tres <strong>au Nord de Olbia, j&rsquo;\u00e9tais bien content de retrouver une route plus calme, davantage plaisante pour le voyageur \u00e0 v\u00e9lo.<\/strong> A partir de la petite localit\u00e9 de Cugnana, j&rsquo;ai long\u00e9 une tr\u00e8s jolie c\u00f4te agr\u00e9ment\u00e9e de petites criques aux eaux limpides. <strong>Des paysages presque paradisiaques !<br \/>\n<\/strong><\/p>\n<p>Ensuite, je repris mon chemin<strong> en direction de San Pantalao<\/strong>. J&rsquo;avais lu dans mon guide, que ce bourg situ\u00e9 sur les hauteurs m\u00e9ritait un d\u00e9tour. J&rsquo;atteignis le pittoresque village au prix d&rsquo;un bel effort.\u00a0<strong>Cern\u00e9 d&rsquo;\u00e9perons granitiques, San Pantalao est en effet, de mon point de vue, le plus charmant village du secteur.<\/strong> A la terrasse d&rsquo;un snack, je d\u00e9jeunai d&rsquo;une pizza pendant que mon t\u00e9l\u00e9phone portable se rechargeait. Comme souvent,<strong> j\u2019attirai la curiosit\u00e9 des locaux avec mon v\u00e9lo lest\u00e9 de lourdes sacoches.<br \/>\n<\/strong><\/p>\n<p style=\"text-align: center;\"><a href=\"http:\/\/courir-lemonde.com\/wp-content\/uploads\/2017\/04\/IMG_2147.jpg\"><img loading=\"lazy\" decoding=\"async\" class=\"aligncenter wp-image-3202\" src=\"http:\/\/courir-lemonde.com\/wp-content\/uploads\/2017\/04\/IMG_2147-1024x768.jpg\" alt=\"\" width=\"500\" height=\"377\" \/><\/a><em>Massif montagneux pr\u00e8s de San Pantaleo au Nord de Olbia (photo courir-lemonde.com)<\/em><\/p>\n<p style=\"text-align: center;\"><a href=\"http:\/\/courir-lemonde.com\/wp-content\/uploads\/2017\/04\/IMG_2154.jpg\"><img loading=\"lazy\" decoding=\"async\" class=\"aligncenter wp-image-3203\" src=\"http:\/\/courir-lemonde.com\/wp-content\/uploads\/2017\/04\/IMG_2154-1024x768.jpg\" alt=\"\" width=\"500\" height=\"377\" \/><\/a><em>Rocher aux formes \u00e9tranges pr\u00e8s de San Pantaleo (photo courir-lemonde.com)<\/em><\/p>\n<p style=\"text-align: center;\"><a href=\"http:\/\/courir-lemonde.com\/wp-content\/uploads\/2017\/04\/IMG_2157.jpg\"><img loading=\"lazy\" decoding=\"async\" class=\"aligncenter wp-image-3204\" src=\"http:\/\/courir-lemonde.com\/wp-content\/uploads\/2017\/04\/IMG_2157-768x1024.jpg\" alt=\"San Pantalao\" width=\"377\" height=\"500\" \/><\/a><em>Petite halte \u00e0 San Pantaleo (photo courir-lemonde.com)<\/em><\/p>\n<p style=\"text-align: justify;\">Depuis San Pantalao, il me restait une petite trentaine de kilom\u00e8tres \u00e0 parcourir pour rallier Palau. Hormis quelques l\u00e9g\u00e8res d\u00e9clivit\u00e9s, mon parcours sur le littoral de la tr\u00e8s touristique Costa Smeralda fut plat.<br \/>\n<strong>La Costa Smeralda est de loin la c\u00f4te la plus b\u00e9tonn\u00e9e de Sardaigne.<\/strong> En \u00e9t\u00e9, les touristes y viennent par milliers, c&rsquo;est pourquoi les complexes h\u00f4teliers y sont pr\u00e9sents en masse. Les stations baln\u00e9aires de Porto Cervo ou Porto Rotondo sont des lieux tr\u00e8s fr\u00e9quent\u00e9s et pris\u00e9s de la jet set europ\u00e9enne. <strong>Ce secteur, je l&rsquo;ai surnomm\u00e9 \u00ab\u00a0la Sardaigne des vacances\u00a0\u00bb car il n&rsquo;a vraiment rien \u00e0 voir avec le reste de l&rsquo;\u00eele nettement plus authentique.<br \/>\n<\/strong><\/p>\n<p style=\"text-align: justify;\"><strong>A la suite d&rsquo;une belle promenade le long de la mer turquoise, j&rsquo;atteignis le Capo d&rsquo;Orso<\/strong>, <strong>un promontoire rocheux en forme d&rsquo;ours.<\/strong> J&rsquo;y fis <strong>la rencontre d&rsquo;un couple d&rsquo;Allemands<\/strong> qui, d&rsquo;un coup de bicyclette, \u00e9tait venu admirer ce rocher \u00e0 la forme surprenante. <strong>Roland est un professeur de fran\u00e7ais \u00e0 la retraite. Quand \u00e0 Christa, sa conjointe, elle avait enseign\u00e9 l&rsquo;anglais au coll\u00e8ge.<\/strong> <strong>Ensemble, nous pr\u00eemes la direction du camping de Palau,<\/strong> o\u00f9 ils avaient install\u00e9 leur camping-car et o\u00f9 je comptais passer la nuit. Encore une tr\u00e8s chouette rencontre \ud83d\ude42<\/p>\n<p style=\"text-align: center;\"><a href=\"http:\/\/courir-lemonde.com\/wp-content\/uploads\/2017\/04\/IMG_2164.jpg\"><img loading=\"lazy\" decoding=\"async\" class=\"aligncenter wp-image-3205\" src=\"http:\/\/courir-lemonde.com\/wp-content\/uploads\/2017\/04\/IMG_2164-1024x768.jpg\" alt=\"Costa Smeralda \" width=\"500\" height=\"377\" \/><\/a><em>Le littoral de la Costa Smeralda (photo courir-lemonde.com)<\/em><\/p>\n<div style=\"width: 584px;\" class=\"wp-video\"><video class=\"wp-video-shortcode\" id=\"video-2947-2\" width=\"584\" height=\"329\" preload=\"metadata\" controls=\"controls\"><source type=\"video\/mp4\" src=\"http:\/\/courir-lemonde.com\/wp-content\/uploads\/2017\/05\/camping-Palau.mp4?_=2\" \/><a href=\"http:\/\/courir-lemonde.com\/wp-content\/uploads\/2017\/05\/camping-Palau.mp4\">http:\/\/courir-lemonde.com\/wp-content\/uploads\/2017\/05\/camping-Palau.mp4<\/a><\/video><\/div>\n<p style=\"text-align: center;\"><em>Emplacement id\u00e9al au camping de Palau (vid\u00e9o courir-lemonde.com)<\/em><\/p>\n<p style=\"text-align: justify;\">Ma fin de journ\u00e9e au camping de Palau fut paisible. Bien install\u00e9s dans les confortables transats de mes nouveaux amis, <strong>nous discut\u00e2mes de nos aventures et de nos vies respectives autour d&rsquo;un verre.<\/strong> Apr\u00e8s \u00e7a, <strong>je partis jouir de ma premi\u00e8re v\u00e9ritable douche depuis cinq jours.<\/strong> Reconstituant \ud83d\ude42<br \/>\nPar la suite, <strong>j&rsquo;installai mon campement puis je d\u00eenai de d\u00e9licieuses p\u00e2tes face \u00e0 la mer et l&rsquo;archipel de Maddalena que j&rsquo;avais l&rsquo;intention d&rsquo;explorer le lendemain &#8230; <\/strong><\/p>\n<p style=\"text-align: justify;\">Affaire \u00e0 suivre<strong> dans le dernier article consacr\u00e9e \u00e0 la Sardaigne <a href=\"https:\/\/courir-lemonde.com\/index.php\/2017\/05\/25\/la-sardaigne-a-velo-larchipel-de-la-maddalena-et-derniers-tours-de-roues-entre-palau-et-santa-teresa-gallura\/\">l\u2019archipel de Maddalena et derniers tours de roues en Sardaigne entre Palau et Santa Teresa Gallura<\/a>.\u00a0<\/strong><\/p>\n<p>Pour retrouver les articles pr\u00e9c\u00e9dents sur <strong>mon voyage \u00e0 v\u00e9lo en Sardaigne<\/strong> :<\/p>\n<ul>\n<li><a href=\"http:\/\/courir-lemonde.com\/index.php\/2017\/04\/10\/la-sardaigne-en-velo-de-porto-torres-a-alghero-en-passant-par-stintino-un-debut-de-periple-riche-en-experiences-nouvelles\/\">du 01\/03 au 03\/03 : de Porto Torres \u00e0 Alghero en passant par Stintino, un d\u00e9but de p\u00e9riple riche en nouvelles exp\u00e9riences <\/a><\/li>\n<\/ul>\n<ul>\n<li><a href=\"http:\/\/courir-lemonde.com\/index.php\/2017\/04\/15\/la-sardaigne-en-velo-de-alghero-a-zeppara-via-la-magnifique-ville-de-bosa-la-belle-aventure-se-poursuit\/\">du 04\/03 au 06\/03 : de Alghero \u00e0 Zeppara via la magnifique ville de Bosa, la belle aventure se poursuit<\/a><\/li>\n<\/ul>\n<ul>\n<li><a href=\"http:\/\/courir-lemonde.com\/index.php\/2017\/04\/22\/la-sardaigne-en-velo-de-zeppara-a-girasole-objectif-cote-est-via-les-montagnes-sardes\/\">du 07\/03 au 09\/03 : de Zeppara \u00e0 Girasole, objectif\u00a0c\u00f4te Est via les montagnes sardes<\/a><\/li>\n<\/ul>\n<ul>\n<li><a href=\"http:\/\/courir-lemonde.com\/index.php\/2017\/04\/30\/la-sardaigne-en-velo-de-girasole-a-cala-gonone-dolce-vita-dans-le-parc-national-du-golfe-dorosei-gennargentu\/\">du 10\/03 au 12\/03 : de Girasole \u00e0 Cala Gonone, dolce vita dans le Parc National du\u00a0golfe de Orosei \u2013 Gennargentu<\/a><\/li>\n<\/ul>\n","protected":false},"excerpt":{"rendered":"<p>L&rsquo;\u00eele de Tavolara depuis Porto Taverna (photo courir-lemonde.com) Du 13 au 15 mars, j\u2019ai long\u00e9 la c\u00f4te orientale de la Sardaigne du Sud vers le Nord. De Cala Gonone \u00e0 Palau, j&rsquo;ai parcouru 170 kilom\u00e8tres sous un soleil \u00e9tincelant.\u00a0Si le &hellip; <a href=\"https:\/\/courir-lemonde.com\/index.php\/2017\/05\/13\/la-sardaigne-a-velo-de-cala-gonone-a-palau-remontee-de-la-cote-est-sous-le-soleil\/\">Continuer la lecture <span class=\"meta-nav\">&rarr;<\/span><\/a><\/p>\n","protected":false},"author":1,"featured_media":0,"comment_status":"open","ping_status":"open","sticky":false,"template":"","format":"standard","meta":{"footnotes":""},"categories":[283,266],"tags":[267,307,269,206,268],"yoast_head":"<!-- This site is optimized with the Yoast SEO plugin v21.8.1 - https:\/\/yoast.com\/wordpress\/plugins\/seo\/ -->\n<title>La Sardaigne \u00e0 v\u00e9lo : de Cala Gonone \u00e0 Palau, remont\u00e9e de la c\u00f4te Est sous le soleil - Courir Le Monde<\/title>\n<meta name=\"robots\" content=\"index, follow, max-snippet:-1, max-image-preview:large, max-video-preview:-1\" \/>\n<link rel=\"canonical\" href=\"https:\/\/courir-lemonde.com\/index.php\/2017\/05\/13\/la-sardaigne-a-velo-de-cala-gonone-a-palau-remontee-de-la-cote-est-sous-le-soleil\/\" \/>\n<meta property=\"og:locale\" content=\"fr_FR\" \/>\n<meta property=\"og:type\" content=\"article\" \/>\n<meta property=\"og:title\" content=\"La Sardaigne \u00e0 v\u00e9lo : de Cala Gonone \u00e0 Palau, remont\u00e9e de la c\u00f4te Est sous le soleil - Courir Le Monde\" \/>\n<meta property=\"og:description\" content=\"L&rsquo;\u00eele de Tavolara depuis Porto Taverna (photo courir-lemonde.com) Du 13 au 15 mars, j\u2019ai long\u00e9 la c\u00f4te orientale de la Sardaigne du Sud vers le Nord. De Cala Gonone \u00e0 Palau, j&rsquo;ai parcouru 170 kilom\u00e8tres sous un soleil \u00e9tincelant.\u00a0Si le &hellip; Continuer la lecture &rarr;\" \/>\n<meta property=\"og:url\" content=\"https:\/\/courir-lemonde.com\/index.php\/2017\/05\/13\/la-sardaigne-a-velo-de-cala-gonone-a-palau-remontee-de-la-cote-est-sous-le-soleil\/\" \/>\n<meta property=\"og:site_name\" content=\"Courir Le Monde\" \/>\n<meta property=\"article:published_time\" content=\"2017-05-13T12:33:23+00:00\" \/>\n<meta property=\"article:modified_time\" content=\"2018-04-05T17:45:48+00:00\" \/>\n<meta property=\"og:image\" content=\"http:\/\/courir-lemonde.com\/wp-content\/uploads\/2017\/04\/IMG_2114-1024x768.jpg\" \/>\n<meta name=\"author\" content=\"Chap44\" \/>\n<meta name=\"twitter:card\" content=\"summary_large_image\" \/>\n<meta name=\"twitter:label1\" content=\"\u00c9crit par\" \/>\n\t<meta name=\"twitter:data1\" content=\"Chap44\" \/>\n\t<meta name=\"twitter:label2\" content=\"Dur\u00e9e de lecture estim\u00e9e\" \/>\n\t<meta name=\"twitter:data2\" content=\"11 minutes\" \/>\n<script type=\"application\/ld+json\" class=\"yoast-schema-graph\">{\"@context\":\"https:\/\/schema.org\",\"@graph\":[{\"@type\":\"WebPage\",\"@id\":\"https:\/\/courir-lemonde.com\/index.php\/2017\/05\/13\/la-sardaigne-a-velo-de-cala-gonone-a-palau-remontee-de-la-cote-est-sous-le-soleil\/\",\"url\":\"https:\/\/courir-lemonde.com\/index.php\/2017\/05\/13\/la-sardaigne-a-velo-de-cala-gonone-a-palau-remontee-de-la-cote-est-sous-le-soleil\/\",\"name\":\"La Sardaigne \u00e0 v\u00e9lo : de Cala Gonone \u00e0 Palau, remont\u00e9e de la c\u00f4te Est sous le soleil - Courir Le Monde\",\"isPartOf\":{\"@id\":\"https:\/\/courir-lemonde.com\/#website\"},\"datePublished\":\"2017-05-13T12:33:23+00:00\",\"dateModified\":\"2018-04-05T17:45:48+00:00\",\"author\":{\"@id\":\"https:\/\/courir-lemonde.com\/#\/schema\/person\/baaa624d701d53d176c763f85b3114e4\"},\"breadcrumb\":{\"@id\":\"https:\/\/courir-lemonde.com\/index.php\/2017\/05\/13\/la-sardaigne-a-velo-de-cala-gonone-a-palau-remontee-de-la-cote-est-sous-le-soleil\/#breadcrumb\"},\"inLanguage\":\"fr-FR\",\"potentialAction\":[{\"@type\":\"ReadAction\",\"target\":[\"https:\/\/courir-lemonde.com\/index.php\/2017\/05\/13\/la-sardaigne-a-velo-de-cala-gonone-a-palau-remontee-de-la-cote-est-sous-le-soleil\/\"]}]},{\"@type\":\"BreadcrumbList\",\"@id\":\"https:\/\/courir-lemonde.com\/index.php\/2017\/05\/13\/la-sardaigne-a-velo-de-cala-gonone-a-palau-remontee-de-la-cote-est-sous-le-soleil\/#breadcrumb\",\"itemListElement\":[{\"@type\":\"ListItem\",\"position\":1,\"name\":\"Accueil\",\"item\":\"https:\/\/courir-lemonde.com\/\"},{\"@type\":\"ListItem\",\"position\":2,\"name\":\"La Sardaigne \u00e0 v\u00e9lo : de Cala Gonone \u00e0 Palau, remont\u00e9e de la c\u00f4te Est sous le soleil\"}]},{\"@type\":\"WebSite\",\"@id\":\"https:\/\/courir-lemonde.com\/#website\",\"url\":\"https:\/\/courir-lemonde.com\/\",\"name\":\"Courir Le Monde\",\"description\":\"Le site de Valentin Chapalain, passionn\u00e9 d&#039;aventures et de voyages\",\"potentialAction\":[{\"@type\":\"SearchAction\",\"target\":{\"@type\":\"EntryPoint\",\"urlTemplate\":\"https:\/\/courir-lemonde.com\/?s={search_term_string}\"},\"query-input\":\"required name=search_term_string\"}],\"inLanguage\":\"fr-FR\"},{\"@type\":\"Person\",\"@id\":\"https:\/\/courir-lemonde.com\/#\/schema\/person\/baaa624d701d53d176c763f85b3114e4\",\"name\":\"Chap44\",\"image\":{\"@type\":\"ImageObject\",\"inLanguage\":\"fr-FR\",\"@id\":\"https:\/\/courir-lemonde.com\/#\/schema\/person\/image\/\",\"url\":\"https:\/\/secure.gravatar.com\/avatar\/f6a3fcbb365f597d6259be5c4dc6c05c?s=96&d=mm&r=g\",\"contentUrl\":\"https:\/\/secure.gravatar.com\/avatar\/f6a3fcbb365f597d6259be5c4dc6c05c?s=96&d=mm&r=g\",\"caption\":\"Chap44\"},\"url\":\"https:\/\/courir-lemonde.com\/index.php\/author\/chap331244\/\"}]}<\/script>\n<!-- \/ Yoast SEO plugin. -->","yoast_head_json":{"title":"La Sardaigne \u00e0 v\u00e9lo : de Cala Gonone \u00e0 Palau, remont\u00e9e de la c\u00f4te Est sous le soleil - Courir Le Monde","robots":{"index":"index","follow":"follow","max-snippet":"max-snippet:-1","max-image-preview":"max-image-preview:large","max-video-preview":"max-video-preview:-1"},"canonical":"https:\/\/courir-lemonde.com\/index.php\/2017\/05\/13\/la-sardaigne-a-velo-de-cala-gonone-a-palau-remontee-de-la-cote-est-sous-le-soleil\/","og_locale":"fr_FR","og_type":"article","og_title":"La Sardaigne \u00e0 v\u00e9lo : de Cala Gonone \u00e0 Palau, remont\u00e9e de la c\u00f4te Est sous le soleil - Courir Le Monde","og_description":"L&rsquo;\u00eele de Tavolara depuis Porto Taverna (photo courir-lemonde.com) Du 13 au 15 mars, j\u2019ai long\u00e9 la c\u00f4te orientale de la Sardaigne du Sud vers le Nord. De Cala Gonone \u00e0 Palau, j&rsquo;ai parcouru 170 kilom\u00e8tres sous un soleil \u00e9tincelant.\u00a0Si le &hellip; Continuer la lecture &rarr;","og_url":"https:\/\/courir-lemonde.com\/index.php\/2017\/05\/13\/la-sardaigne-a-velo-de-cala-gonone-a-palau-remontee-de-la-cote-est-sous-le-soleil\/","og_site_name":"Courir Le Monde","article_published_time":"2017-05-13T12:33:23+00:00","article_modified_time":"2018-04-05T17:45:48+00:00","og_image":[{"url":"http:\/\/courir-lemonde.com\/wp-content\/uploads\/2017\/04\/IMG_2114-1024x768.jpg"}],"author":"Chap44","twitter_card":"summary_large_image","twitter_misc":{"\u00c9crit par":"Chap44","Dur\u00e9e de lecture estim\u00e9e":"11 minutes"},"schema":{"@context":"https:\/\/schema.org","@graph":[{"@type":"WebPage","@id":"https:\/\/courir-lemonde.com\/index.php\/2017\/05\/13\/la-sardaigne-a-velo-de-cala-gonone-a-palau-remontee-de-la-cote-est-sous-le-soleil\/","url":"https:\/\/courir-lemonde.com\/index.php\/2017\/05\/13\/la-sardaigne-a-velo-de-cala-gonone-a-palau-remontee-de-la-cote-est-sous-le-soleil\/","name":"La Sardaigne \u00e0 v\u00e9lo : de Cala Gonone \u00e0 Palau, remont\u00e9e de la c\u00f4te Est sous le soleil - Courir Le Monde","isPartOf":{"@id":"https:\/\/courir-lemonde.com\/#website"},"datePublished":"2017-05-13T12:33:23+00:00","dateModified":"2018-04-05T17:45:48+00:00","author":{"@id":"https:\/\/courir-lemonde.com\/#\/schema\/person\/baaa624d701d53d176c763f85b3114e4"},"breadcrumb":{"@id":"https:\/\/courir-lemonde.com\/index.php\/2017\/05\/13\/la-sardaigne-a-velo-de-cala-gonone-a-palau-remontee-de-la-cote-est-sous-le-soleil\/#breadcrumb"},"inLanguage":"fr-FR","potentialAction":[{"@type":"ReadAction","target":["https:\/\/courir-lemonde.com\/index.php\/2017\/05\/13\/la-sardaigne-a-velo-de-cala-gonone-a-palau-remontee-de-la-cote-est-sous-le-soleil\/"]}]},{"@type":"BreadcrumbList","@id":"https:\/\/courir-lemonde.com\/index.php\/2017\/05\/13\/la-sardaigne-a-velo-de-cala-gonone-a-palau-remontee-de-la-cote-est-sous-le-soleil\/#breadcrumb","itemListElement":[{"@type":"ListItem","position":1,"name":"Accueil","item":"https:\/\/courir-lemonde.com\/"},{"@type":"ListItem","position":2,"name":"La Sardaigne \u00e0 v\u00e9lo : de Cala Gonone \u00e0 Palau, remont\u00e9e de la c\u00f4te Est sous le soleil"}]},{"@type":"WebSite","@id":"https:\/\/courir-lemonde.com\/#website","url":"https:\/\/courir-lemonde.com\/","name":"Courir Le Monde","description":"Le site de Valentin Chapalain, passionn\u00e9 d&#039;aventures et de voyages","potentialAction":[{"@type":"SearchAction","target":{"@type":"EntryPoint","urlTemplate":"https:\/\/courir-lemonde.com\/?s={search_term_string}"},"query-input":"required name=search_term_string"}],"inLanguage":"fr-FR"},{"@type":"Person","@id":"https:\/\/courir-lemonde.com\/#\/schema\/person\/baaa624d701d53d176c763f85b3114e4","name":"Chap44","image":{"@type":"ImageObject","inLanguage":"fr-FR","@id":"https:\/\/courir-lemonde.com\/#\/schema\/person\/image\/","url":"https:\/\/secure.gravatar.com\/avatar\/f6a3fcbb365f597d6259be5c4dc6c05c?s=96&d=mm&r=g","contentUrl":"https:\/\/secure.gravatar.com\/avatar\/f6a3fcbb365f597d6259be5c4dc6c05c?s=96&d=mm&r=g","caption":"Chap44"},"url":"https:\/\/courir-lemonde.com\/index.php\/author\/chap331244\/"}]}},"_links":{"self":[{"href":"https:\/\/courir-lemonde.com\/index.php\/wp-json\/wp\/v2\/posts\/2947"}],"collection":[{"href":"https:\/\/courir-lemonde.com\/index.php\/wp-json\/wp\/v2\/posts"}],"about":[{"href":"https:\/\/courir-lemonde.com\/index.php\/wp-json\/wp\/v2\/types\/post"}],"author":[{"embeddable":true,"href":"https:\/\/courir-lemonde.com\/index.php\/wp-json\/wp\/v2\/users\/1"}],"replies":[{"embeddable":true,"href":"https:\/\/courir-lemonde.com\/index.php\/wp-json\/wp\/v2\/comments?post=2947"}],"version-history":[{"count":27,"href":"https:\/\/courir-lemonde.com\/index.php\/wp-json\/wp\/v2\/posts\/2947\/revisions"}],"predecessor-version":[{"id":3292,"href":"https:\/\/courir-lemonde.com\/index.php\/wp-json\/wp\/v2\/posts\/2947\/revisions\/3292"}],"wp:attachment":[{"href":"https:\/\/courir-lemonde.com\/index.php\/wp-json\/wp\/v2\/media?parent=2947"}],"wp:term":[{"taxonomy":"category","embeddable":true,"href":"https:\/\/courir-lemonde.com\/index.php\/wp-json\/wp\/v2\/categories?post=2947"},{"taxonomy":"post_tag","embeddable":true,"href":"https:\/\/courir-lemonde.com\/index.php\/wp-json\/wp\/v2\/tags?post=2947"}],"curies":[{"name":"wp","href":"https:\/\/api.w.org\/{rel}","templated":true}]}}