{"id":2949,"date":"2017-05-25T15:09:50","date_gmt":"2017-05-25T14:09:50","guid":{"rendered":"http:\/\/courir-lemonde.com\/?p=2949"},"modified":"2018-04-05T18:42:31","modified_gmt":"2018-04-05T17:42:31","slug":"la-sardaigne-a-velo-larchipel-de-la-maddalena-et-derniers-tours-de-roues-entre-palau-et-santa-teresa-gallura","status":"publish","type":"post","link":"https:\/\/courir-lemonde.com\/index.php\/2017\/05\/25\/la-sardaigne-a-velo-larchipel-de-la-maddalena-et-derniers-tours-de-roues-entre-palau-et-santa-teresa-gallura\/","title":{"rendered":"La Sardaigne \u00e0 v\u00e9lo : l&rsquo;archipel de La Maddalena et derniers tours de roues entre Palau et Santa Teresa Gallura"},"content":{"rendered":"<p style=\"text-align: center;\"><a href=\"http:\/\/courir-lemonde.com\/wp-content\/uploads\/2017\/04\/IMG_2273.jpg\"><img loading=\"lazy\" decoding=\"async\" class=\"aligncenter wp-image-3224\" src=\"http:\/\/courir-lemonde.com\/wp-content\/uploads\/2017\/04\/IMG_2273-1024x768.jpg\" alt=\"archipel de Maddalena \u00e0 v\u00e9lo\" width=\"500\" height=\"377\" \/><\/a><em>Accompagn\u00e9 de mon fid\u00e8le v\u00e9lo sur l&rsquo;archipel de La Maddalena<br \/>\n(photo courir-lemonde.com)<\/em><\/p>\n<p style=\"text-align: justify;\"><em>Du 16 au 19 mars, j\u2019ai arpent\u00e9 l&rsquo;extr\u00eame Nord de la Sardaigne. J&rsquo;ai notamment d\u00e9couvert l&rsquo;archipel de La Maddalena, o\u00f9 j&rsquo;ai pass\u00e9 deux jours \u00e0 \u00e9cumer son somptueux Parc National en jonglant entre les \u00eeles de La Maddalena et de Caprera. Ensuite, depuis Palau, j&rsquo;ai tranquillement ralli\u00e9 Santa Teresa Gallura pour prendre le ferry en direction de la Corse. <\/em><em>Au total, j\u2019ai parcouru 70 kilom\u00e8tres durant ces quatre courtes \u00e9tapes.\u00a0<\/em><\/p>\n<p><em>Mes coups de c\u0153ur dans l&rsquo;extr\u00eame Nord de la Sardaigne &#x1f642;\u00a0<\/em><\/p>\n<ul>\n<li><em>la rencontre de Roland et Christa avec qui j&rsquo;ai pass\u00e9 de tr\u00e8s bons moments au camping de Palau et sur l&rsquo;\u00eele de La Maddalena <\/em><\/li>\n<li><em>la nature pr\u00e9serv\u00e9e et mon bivouac sauvage sur l&rsquo;\u00eele de Caprera <\/em><\/li>\n<li><em>les plages paradisiaques sur l&rsquo;archipel de La Maddalena<\/em><\/li>\n<\/ul>\n<p><!--more--><\/p>\n<p><a href=\"http:\/\/courir-lemonde.com\/wp-content\/uploads\/2017\/05\/parcours-Sardaigne-partie-6.jpg\"><img loading=\"lazy\" decoding=\"async\" class=\"aligncenter wp-image-3312\" src=\"http:\/\/courir-lemonde.com\/wp-content\/uploads\/2017\/05\/parcours-Sardaigne-partie-6.jpg\" alt=\"parcours v\u00e9lo nord de la Sardaigne \" width=\"401\" height=\"273\" \/><\/a><\/p>\n<p style=\"text-align: center;\"><em>Mon itin\u00e9raire dans l&rsquo;extr\u00eame Nord de la Sardaigne. Il convient d&rsquo;ajouter une trentaine de kilom\u00e8tres sur les \u00eeles de La Maddalena et de Caprera <\/em><br \/>\n<em>(r\u00e9alisation courir-lemonde.com sur openrunner)<\/em><\/p>\n<h1 style=\"text-align: center;\">Etape 15 et 16 : deux journ\u00e9es sur l&rsquo;archipel de La Maddalena (30 kilom\u00e8tres)<\/h1>\n<p style=\"text-align: justify;\"><strong>Ma seizi\u00e8me journ\u00e9e en Sardaigne d\u00e9marra\u00a0calmement sous un soleil radieux.<\/strong> Vers 8h00, je m&rsquo;\u00e9veillai d&rsquo;une nuit reconstituante au camping de Palau. Je pris mon petit-d\u00e9jeuner en contemplant la mer turquoise, les sommets enneig\u00e9s de Corse et l&rsquo;archipel de La Maddalena o\u00f9 je comptais me rendre d\u00e8s aujourd&rsquo;hui. Une seconde douche en l&rsquo;espace de douze heures puis je retrouvais <strong>mes camarades\u00a0allemands Roland et Christa. Conjointement, nous d\u00e9cid\u00e2mes de nous rendre sur l&rsquo;\u00eele de La Maddalena <\/strong>pour le d\u00e9but de l&rsquo;apr\u00e8s-midi.<\/p>\n<p style=\"text-align: justify;\">Vers 12h30, nous pr\u00eemes, \u00e0 v\u00e9lo, la direction du <strong>port de Palau, d&rsquo;o\u00f9 part le ferry pour La Maddalena.<\/strong> Sur le chemin, je fis quelques courses alimentaires en pr\u00e9vision des repas du jour. Concernant<strong> le trajet en ferry, il dure environ 15 \u00e0 20 minutes et il n&rsquo;est pas n\u00e9cessaire de r\u00e9server en avance car il y a des liaisons\u00a0plusieurs fois par heure. Notez que l&rsquo;aller-retour avec mon v\u00e9lo m&rsquo;a co\u00fbt\u00e9 11 euros.\u00a0<\/strong><\/p>\n<p style=\"text-align: center;\"><a href=\"http:\/\/courir-lemonde.com\/wp-content\/uploads\/2017\/04\/IMG_2184.jpg\"><img loading=\"lazy\" decoding=\"async\" class=\"aligncenter wp-image-3209\" src=\"http:\/\/courir-lemonde.com\/wp-content\/uploads\/2017\/04\/IMG_2184-1024x768.jpg\" alt=\"L'archipel de Maddalena depuis Palau \" width=\"500\" height=\"377\" \/><\/a><em>Vue\u00a0sur l&rsquo;archipel de La Maddalena depuis Palau (photo courir-lemonde.com)<\/em><\/p>\n<p style=\"text-align: center;\"><a href=\"http:\/\/courir-lemonde.com\/wp-content\/uploads\/2017\/04\/IMG_2189.jpg\"><img loading=\"lazy\" decoding=\"async\" class=\"aligncenter wp-image-3210\" src=\"http:\/\/courir-lemonde.com\/wp-content\/uploads\/2017\/04\/IMG_2189-1024x768.jpg\" alt=\"dauphin \u00e0 Maddalena \" width=\"500\" height=\"377\" \/><\/a><em>Observation de dauphins avec Roland et Christa (photo courir-lemonde.com)<\/em><\/p>\n<p style=\"text-align: justify;\"><strong>La courte travers\u00e9e fut plaisante.<\/strong> Cependant, \u00e0 notre arriv\u00e9e sur l&rsquo;archipel, je fus \u00e9tonn\u00e9\u00a0par la taille de la bourgade\u00a0de La Maddalena. J&rsquo;imaginais un coquet et\u00a0paisible\u00a0village. Je d\u00e9couvris une ville anim\u00e9e et peupl\u00e9e d&rsquo;environ 10 000 habitants.<\/p>\n<p style=\"text-align: justify;\">Un peu de rep\u00e9rage puis nous entrepr\u00eemes de <strong>grimper sur les hauteurs de l&rsquo;\u00eele pour profiter du\u00a0sublime panorama que l&rsquo;on pouvait deviner.<\/strong><br \/>\n<strong>De\u00a0rudes pentes furent le seul prix \u00e0 payer pour jouir de la vue imprenable<\/strong>. Si Roland fut\u00a0plut\u00f4t \u00e0 l&rsquo;aise, Christa \u00e9tait\u00a0davantage \u00e0 la peine dans ces forts pourcentages. Mais n&rsquo;h\u00e9sitant pas \u00e0 poser le pied par terre quand c&rsquo;\u00e9tait n\u00e9cessaire, elle gravit comme nous l&rsquo;abrupte difficult\u00e9. A l&rsquo;arriv\u00e9e, <strong>nous ne regrettions pas les efforts consentis.<\/strong> Nous d\u00e9jeun\u00e2mes d&rsquo;un pique-nique <strong>avec en toile de fond les autres \u00eeles de l&rsquo;archipel de La Maddalena et la c\u00f4te de la\u00a0\u00ab\u00a0Sardaigne continentale\u00a0\u00bb. Magnifique !\u00a0<\/strong><\/p>\n<p style=\"text-align: justify;\">De retour dans le bourg de La Maddalena, <strong>Roland et Christa m&rsquo;invit\u00e8rent \u00e0 boire un verre \u00e0 la terrasse d&rsquo;un caf\u00e9.<\/strong> Nous pass\u00e2mes un plaisant moment \u00e0 discuter tous les trois. Puis vers 16h30, Roland et Christa d\u00e9cid\u00e8rent de reprendre le ferry vers Palau. Nous \u00e9change\u00e2mes nos coordonn\u00e9es m\u00eame si, \u00e0 priori, <strong>ce n&rsquo;\u00e9tait qu&rsquo;un au revoir car je comptais les retrouver d\u00e8s le lendemain apr\u00e8s avoir \u00e9cum\u00e9 le Parc National de l&rsquo;archipel de La Maddalena.<\/strong><\/p>\n<p style=\"text-align: center;\"><a href=\"http:\/\/courir-lemonde.com\/wp-content\/uploads\/2017\/04\/IMG_2202.jpg\"><img loading=\"lazy\" decoding=\"async\" class=\"aligncenter wp-image-3211\" src=\"http:\/\/courir-lemonde.com\/wp-content\/uploads\/2017\/04\/IMG_2202-1024x768.jpg\" alt=\"\" width=\"500\" height=\"377\" \/><\/a><em>Panorama depuis les hauteurs de l&rsquo;\u00eele de La Maddalena (photo courir-lemonde.com)<\/em><\/p>\n<p style=\"text-align: center;\"><a href=\"http:\/\/courir-lemonde.com\/wp-content\/uploads\/2017\/04\/IMG_2205.jpg\"><img loading=\"lazy\" decoding=\"async\" class=\"aligncenter wp-image-3212\" src=\"http:\/\/courir-lemonde.com\/wp-content\/uploads\/2017\/04\/IMG_2205-1024x768.jpg\" alt=\"\" width=\"500\" height=\"377\" \/><\/a><em>Pique-nique avec Roland et Christa sur l&rsquo;\u00eele de La Maddalena (photo courir-lemonde.com)<\/em><\/p>\n<p style=\"text-align: justify;\">Le d\u00e9part de mes camarades allemands annon\u00e7ait <strong>un nouveau t\u00eate-\u00e0-t\u00eate avec moi-m\u00eame.<\/strong> Lorsque je pars \u00e0 l&rsquo;aventure, j&rsquo;aime \u00e9changer avec d&rsquo;autres voyageurs et rencontrer des locaux. N\u00e9anmoins,<strong> j&rsquo;affectionne aussi ces pr\u00e9cieux moments de solitude qui me permettent de jouir d&rsquo;une libert\u00e9 totale et d&rsquo;\u00eatre l&rsquo;unique capitaine de mon aventure.<\/strong><\/p>\n<p style=\"text-align: justify;\">Motiv\u00e9, je pris <strong>le chemin de l&rsquo;\u00eele de Caprera<\/strong>, seconde \u00eele de l&rsquo;archipel en termes de superficie mais qui contrairement \u00e0 sa voisine n&rsquo;est pas habit\u00e9e. Sans plan pr\u00e9cis, je partis \u00e0 la conqu\u00eate de cette \u00eele que je supposais\u00a0<strong>plus sauvage que La Maddalena<\/strong>.<br \/>\nA la suite d&rsquo;une s\u00e9rie de c\u00f4tes, j&rsquo;atteignis <strong>un plateau d&rsquo;o\u00f9 la vue \u00e9tait absolument sublime. Je pus\u00a0me d\u00e9lecter, sans limite, des paysages intactes et brutes de l&rsquo;\u00eele de Caprera.<\/strong> Un vrai\u00a0r\u00e9gal pour les yeux !<\/p>\n<p style=\"text-align: justify;\">Je posai mon v\u00e9lo pour\u00a0<strong>contempler longuement la nature qui m&rsquo;entourait.<\/strong> Sans personne autour de moi et d\u00e9connect\u00e9 de l&rsquo;actualit\u00e9 anxiog\u00e8ne constamment v\u00e9hicul\u00e9e par les m\u00e9dias, j&rsquo;\u00e9tais bien.<br \/>\nProgressivement, les couleurs du ciel se magnifiaient signe que la fin de journ\u00e9e approchait.\u00a0<strong>J&rsquo;avais une seule certitude<\/strong><strong>. Celle de trouver un endroit\u00a0idyllique pour planter le bivouac car j&rsquo;avais l&#8217;embarras du choix.<\/strong><\/p>\n<p style=\"text-align: center;\"><a href=\"http:\/\/courir-lemonde.com\/wp-content\/uploads\/2017\/04\/IMG_2214.jpg\"><img loading=\"lazy\" decoding=\"async\" class=\"aligncenter wp-image-3213\" src=\"http:\/\/courir-lemonde.com\/wp-content\/uploads\/2017\/04\/IMG_2214-1024x768.jpg\" alt=\"isola Caprera \" width=\"500\" height=\"377\" \/><\/a><em>Depuis La Maddalena, direction la sauvage \u00eele de Caprera (photo courir-lemonde.com)<\/em><\/p>\n<p style=\"text-align: center;\"><a href=\"http:\/\/courir-lemonde.com\/wp-content\/uploads\/2017\/04\/IMG_2224.jpg\"><img loading=\"lazy\" decoding=\"async\" class=\"aligncenter wp-image-3214\" src=\"http:\/\/courir-lemonde.com\/wp-content\/uploads\/2017\/04\/IMG_2224-1024x768.jpg\" alt=\"isola Caprera \" width=\"500\" height=\"377\" \/><\/a><em>Paysages bois\u00e9s sur les hauteurs de l&rsquo;\u00eele de Caprera (photo courir-lemonde.com)<\/em><\/p>\n<p style=\"text-align: center;\"><a href=\"http:\/\/courir-lemonde.com\/wp-content\/uploads\/2017\/04\/IMG_2231.jpg\"><img loading=\"lazy\" decoding=\"async\" class=\"aligncenter wp-image-3215\" src=\"http:\/\/courir-lemonde.com\/wp-content\/uploads\/2017\/04\/IMG_2231-1024x768.jpg\" alt=\"Isola Caprera\" width=\"500\" height=\"377\" \/><\/a><em>Le point culminant de l&rsquo;\u00eele de Caprera du haut de ses 212 m\u00e8tres d&rsquo;altitude <\/em><br \/>\n<em>(photo courir-lemonde.com)<\/em><\/p>\n<p style=\"text-align: center;\"><a href=\"http:\/\/courir-lemonde.com\/wp-content\/uploads\/2017\/04\/IMG_2252.jpg\"><img loading=\"lazy\" decoding=\"async\" class=\"aligncenter wp-image-3219\" src=\"http:\/\/courir-lemonde.com\/wp-content\/uploads\/2017\/04\/IMG_2252-1024x768.jpg\" alt=\"\" width=\"501\" height=\"378\" \/><\/a><em>En charmante compagnie (photo courir-lemonde.com)<\/em><\/p>\n<p style=\"text-align: justify;\">Finalement, <strong>j&rsquo;installai mon campement \u00e0 l&rsquo;or\u00e9e d&rsquo;une for\u00eat de conif\u00e8res situ\u00e9e en contrebas du point culminant de l&rsquo;\u00eele.<\/strong> Une fois la tente mont\u00e9e, bien camoufl\u00e9e entre un rocher et des arbustes, la suite\u00a0de la soir\u00e9e fut particuli\u00e8rement\u00a0agr\u00e9able. En toute qui\u00e9tude, <strong>je d\u00eenai sur un rocher qui\u00a0offrait\u00a0une vue majestueuse sur l&rsquo;archipel de la Maddalena ! A lui seul, le coucher du soleil fut un v\u00e9ritable festin.\u00a0<\/strong><\/p>\n<p style=\"text-align: center;\"><a href=\"http:\/\/courir-lemonde.com\/wp-content\/uploads\/2017\/04\/IMG_2261.jpg\"><img loading=\"lazy\" decoding=\"async\" class=\"aligncenter wp-image-3216\" src=\"http:\/\/courir-lemonde.com\/wp-content\/uploads\/2017\/04\/IMG_2261-1024x768.jpg\" alt=\"bivouac en for\u00eat\" width=\"500\" height=\"378\" \/><\/a><em>Installation du bivouac \u00e0 l&rsquo;or\u00e9e d&rsquo;une for\u00eat (photo courir-lemonde.com)<\/em><\/p>\n<p style=\"text-align: center;\"><a href=\"http:\/\/courir-lemonde.com\/wp-content\/uploads\/2017\/04\/IMG_2260.jpg\"><img loading=\"lazy\" decoding=\"async\" class=\"aligncenter wp-image-3217\" src=\"http:\/\/courir-lemonde.com\/wp-content\/uploads\/2017\/04\/IMG_2260-1024x768.jpg\" alt=\"bivouac for\u00eat\" width=\"500\" height=\"377\" \/><\/a><em>La tente est bien camoufl\u00e9e (photo courir-lemonde.com)<\/em><\/p>\n<p style=\"text-align: center;\"><a href=\"http:\/\/courir-lemonde.com\/wp-content\/uploads\/2017\/04\/IMG_2256.jpg\"><img loading=\"lazy\" decoding=\"async\" class=\"aligncenter wp-image-3218\" src=\"http:\/\/courir-lemonde.com\/wp-content\/uploads\/2017\/04\/IMG_2256-1024x768.jpg\" alt=\"isola Caprera\" width=\"500\" height=\"377\" \/><\/a><em>Coucher de soleil depuis le bivouac (photo courir-lemonde.com)<\/em><\/p>\n<div style=\"width: 584px;\" class=\"wp-video\"><!--[if lt IE 9]><script>document.createElement('video');<\/script><![endif]-->\n<video class=\"wp-video-shortcode\" id=\"video-2949-1\" width=\"584\" height=\"329\" preload=\"metadata\" controls=\"controls\"><source type=\"video\/mp4\" src=\"http:\/\/courir-lemonde.com\/wp-content\/uploads\/2017\/04\/bivouac-\u00eele-de-Caprera.mp4?_=1\" \/><a href=\"http:\/\/courir-lemonde.com\/wp-content\/uploads\/2017\/04\/bivouac-\u00eele-de-Caprera.mp4\">http:\/\/courir-lemonde.com\/wp-content\/uploads\/2017\/04\/bivouac-\u00eele-de-Caprera.mp4<\/a><\/video><\/div>\n<p style=\"text-align: center;\"><em>Douce soir\u00e9e sur l&rsquo;\u00eele de Caprera (vid\u00e9o courir-lemonde.com)<\/em><\/p>\n<p style=\"text-align: justify;\">Ma nuit dans les bois se passa bien. Aucun\u00a0signalement de sangliers cette fois-ci. N\u00e9anmoins, <strong>c&rsquo;est une meute de cervid\u00e9s qui me fit sortir de la tente vers 6h45.<\/strong> <strong>Ces derniers gambadaient \u00e0 une quinzaine\u00a0de m\u00e8tres de ma guitoune.<\/strong> C&rsquo;est quand m\u00eame plus agr\u00e9able que d&rsquo;\u00eatre tir\u00e9 du sommeil par la sonnerie d&rsquo;un r\u00e9veil n&rsquo;est-ce pas ?!<br \/>\nJe pris mon petit-d\u00e9jeuner sur le rocher o\u00f9 j&rsquo;avais d\u00een\u00e9 la veille. <strong>Le panorama \u00e9tait toujours aussi \u00e9poustouflant. Un d\u00e9lice pour d\u00e9buter la journ\u00e9e.<\/strong><\/p>\n<p style=\"text-align: justify;\">De bonne heure et de bonne humeur, <strong>je poursuivis ma d\u00e9couverte de Caprera<\/strong>. Alors que la veille, j&rsquo;avais plut\u00f4t arpent\u00e9 le centre et le Nord de l&rsquo;\u00eele, <strong>ce matin je mis le cap sur sa partie m\u00e9ridionale.<\/strong> Via des paysages tr\u00e8s bois\u00e9s, j&rsquo;atteignis le Sud de l&rsquo;\u00eele. J&rsquo;y d\u00e9couvris <strong>une c\u00f4te d\u00e9coup\u00e9e et parsem\u00e9e de somptueuses criques aux eaux turquoises<\/strong> <strong>comme la Spiaggia I due Mari et la Playa Chula. <\/strong>Je me posai sur la premi\u00e8re pour \u00e9crire mes derniers comptes rendus et feuilleter mon guide de Sardaigne.<\/p>\n<p style=\"text-align: center;\"><a href=\"http:\/\/courir-lemonde.com\/wp-content\/uploads\/2017\/04\/IMG_2263.jpg\"><img loading=\"lazy\" decoding=\"async\" class=\"aligncenter wp-image-3220\" src=\"http:\/\/courir-lemonde.com\/wp-content\/uploads\/2017\/04\/IMG_2263-1024x768.jpg\" alt=\"isola Caprera\" width=\"500\" height=\"377\" \/><\/a><em>Panorama depuis les hauteurs de l&rsquo;\u00eele de Caprera (photo courir-lemonde.com)<\/em><\/p>\n<p style=\"text-align: center;\"><a href=\"http:\/\/courir-lemonde.com\/wp-content\/uploads\/2017\/04\/IMG_2292.jpg\"><img loading=\"lazy\" decoding=\"async\" class=\"aligncenter wp-image-3221\" src=\"http:\/\/courir-lemonde.com\/wp-content\/uploads\/2017\/04\/IMG_2292-1024x768.jpg\" alt=\"isola Caprera \" width=\"500\" height=\"377\" \/><\/a><em>Les eaux turquoises et translucides de la Spiaggia I due Mari sur l&rsquo;\u00eele de Caprera<br \/>\n(photo courir-lemonde.com)<\/em><\/p>\n<p style=\"text-align: center;\"><a href=\"http:\/\/courir-lemonde.com\/wp-content\/uploads\/2017\/04\/IMG_2293.jpg\"><img loading=\"lazy\" decoding=\"async\" class=\"aligncenter wp-image-3222\" src=\"http:\/\/courir-lemonde.com\/wp-content\/uploads\/2017\/04\/IMG_2293-1024x768.jpg\" alt=\"isola Caprera\" width=\"500\" height=\"377\" \/><\/a><em>Le Parc National de l&rsquo;archipel de La Maddalena regorge d&rsquo;\u00e9crins de nature et de spots paradisiaques (photo courir-lemonde.com)<\/em><\/p>\n<p style=\"text-align: justify;\"><strong>Ballott\u00e9 par des bourrasques de vent de plus en plus intenses, je repris la direction de La Maddalena un peu avant midi.\u00a0<\/strong><br \/>\nSeulement s\u00e9par\u00e9e par un pont de La Maddalena, <strong>l&rsquo;\u00eele de Caprera offre une nature plus g\u00e9n\u00e9reuse que sa voisine<\/strong>. <strong>Ses criques paradisiaques, sa v\u00e9g\u00e9tation abondante, ses \u00e9perons granitiques\u00a0et son caract\u00e8re sauvage font de Caprera le joyaux de l&rsquo;archipel \u00e0 mes yeux.<\/strong><br \/>\nSi vous venez d\u00e9couvrir l&rsquo;archipel de La Maddalena, ne vous contentez pas de l&rsquo;\u00eele principale et <strong>allez parcourir les chemins et sentiers de Caprera<\/strong>.<\/p>\n<p style=\"text-align: justify;\"><strong>De retour sur La Maddalena<\/strong>, je fis quelques courses au supermarch\u00e9 avant de d\u00e9jeuner. Malheureusement, <strong>le vent soufflait de plus en plus fort\u00a0ce qui annihila un peu mes vell\u00e9it\u00e9s\u00a0d&rsquo;exploration.<\/strong> Malgr\u00e9 tout, je parcourus l&rsquo;\u00e9l\u00e9gant centre-ville de la principale localit\u00e9 de l&rsquo;\u00eele \u00e0 la recherche d&rsquo;un cadeau pour Elisa et de nouvelles cartes postales.<br \/>\nDans le courant de l&rsquo;apr\u00e8s-midi, <strong>je repris le bateau\u00a0en direction de Palau.\u00a0<\/strong><\/p>\n<p style=\"text-align: center;\"><a href=\"http:\/\/courir-lemonde.com\/wp-content\/uploads\/2017\/04\/IMG_2298.jpg\"><img loading=\"lazy\" decoding=\"async\" class=\"aligncenter wp-image-3223\" src=\"http:\/\/courir-lemonde.com\/wp-content\/uploads\/2017\/04\/IMG_2298-768x1024.jpg\" alt=\"Maddalena \" width=\"377\" height=\"500\" \/><\/a><em>Ruelle color\u00e9e dans la ville de La Maddalena (photo courir-lemonde.com)<\/em><\/p>\n<p style=\"text-align: justify;\">De retour au camping de Palau, <strong>je retrouvai avec joie Roland et Christa<\/strong>. Je fis \u00e9galement la rencontre d&rsquo;un Fran\u00e7ais qui sillonnait le Sud de l&rsquo;Europe en campervan.<br \/>\nEn d\u00e9but de soir\u00e9e, <strong>mes amis allemands\u00a0m&rsquo;invit\u00e8rent dans leur camping-car pour discuter autour d&rsquo;une fra\u00eeche bi\u00e8re.<\/strong> Ils me cont\u00e8rent leur journ\u00e9e tandis que je relatai ma belle aventure sur l&rsquo;\u00eele de Caprera, \u00e9tay\u00e9e de quelques photos. Un agr\u00e9able moment !<br \/>\n<strong>L\u00e9g\u00e8rement euphorique, je rejoignis ma tente pour une nuit que j&rsquo;esp\u00e9rais reconstituante en d\u00e9pit des violentes rafales de vent.\u00a0<\/strong><\/p>\n<h1 style=\"text-align: center;\">Etape 17 : Palau &#8211; Rena Majore (30 kilom\u00e8tres)<\/h1>\n<p style=\"text-align: justify;\">Bien abrit\u00e9 derri\u00e8re une haie d&rsquo;arbustes, mon abri n&rsquo;avait pas trop boug\u00e9 durant la nuit. En cons\u00e9quence, j&rsquo;avais plut\u00f4t bien dormi. Apr\u00e8s avoir pris ma douche et pr\u00e9par\u00e9\u00a0mes affaires, <strong>je d\u00e9jeunai\u00a0avec mes adorables camarades allemands.<\/strong> <strong>Je passai ma matin\u00e9e au camping car j&rsquo;avais beaucoup de mal \u00e0 les quitter.\u00a0<\/strong>De plus\u00a0le vent soufflait toujours autant et je savais qu&rsquo;\u00e0 la sortie du camping <strong>ce cher \u00c9ole avait l&rsquo;intention de me mener la vie dure pour ma derni\u00e8re v\u00e9ritable \u00e9tape en Sardaigne.<\/strong><\/p>\n<p style=\"text-align: justify;\">Vers 12h30,<strong> \u00e9mu, je dis auf wiedersehen (au revoir en allemand) \u00e0 Roland et Christa.<\/strong> Comme pressenti, les vents d&rsquo;Ouest n&rsquo;avaient pas molli et c&rsquo;est de face qu&rsquo;ils me fouett\u00e8rent le visage durant une quinzaine de kilom\u00e8tres m&rsquo;obligeant \u00e0 progresser \u00e0\u00a0une allure modeste.<\/p>\n<p style=\"text-align: justify;\">Dans une portion descendante,<strong> je fis la rencontre d&rsquo;un second\u00a0voyageur \u00e0 v\u00e9lo<\/strong> apr\u00e8s S\u00e9bastien en d\u00e9but de semaine. <strong>Cornel, cyclovoyageur suisse se rendait \u00e0 Olbia<\/strong> pour rejoindre sa copine. Depuis son pays natal, <strong>il avait entrepris un p\u00e9riple qui l&rsquo;avait men\u00e9 dans le Nord de l&rsquo;Italie puis en Corse.<\/strong><br \/>\nA l&rsquo;aide de ma carte de plus en plus froiss\u00e9e, je le conseillai sur l&rsquo;itin\u00e9raire \u00e0 suivre jusqu&rsquo;\u00e0 Olbia et sur les plus beaux coins de Sardaigne. <strong>Joyeusement, nous discut\u00e2mes une vingtaine de minutes avant que chacun reprenne son errance solitaire.\u00a0<\/strong><\/p>\n<p style=\"text-align: center;\"><a href=\"http:\/\/courir-lemonde.com\/wp-content\/uploads\/2017\/04\/IMG_2302.jpg\"><img loading=\"lazy\" decoding=\"async\" class=\"aligncenter wp-image-3226\" src=\"http:\/\/courir-lemonde.com\/wp-content\/uploads\/2017\/04\/IMG_2302-1024x768.jpg\" alt=\"tortue en Sardaigne \" width=\"500\" height=\"377\" \/><\/a><em>Tortue sur le bord de la route pr\u00e8s de Palau. En difficult\u00e9, je l&rsquo;ai aid\u00e9 \u00e0 escalader le rebord pour gagner les broussailles (photo courir-lemonde.com)<\/em><\/p>\n<p style=\"text-align: center;\"><a href=\"http:\/\/courir-lemonde.com\/wp-content\/uploads\/2017\/04\/IMAG0314.jpg\"><img loading=\"lazy\" decoding=\"async\" class=\"aligncenter wp-image-3225\" src=\"http:\/\/courir-lemonde.com\/wp-content\/uploads\/2017\/04\/IMAG0314-1024x576.jpg\" alt=\"cyclovoyageurs\" width=\"500\" height=\"286\" \/><\/a><em>La rencontre de Cornel, cyclovoyageur venu de Suisse (photo courir-lemonde.com)<\/em><\/p>\n<p style=\"text-align: justify;\"><strong>Le parcours du jour traversait des zones rurales tr\u00e8s peu\u00a0habit\u00e9es.<\/strong> Des champs \u00e0 perte de vue et quelques\u00a0sommets arrondis composaient le paysage.<br \/>\nEn d\u00e9but d&rsquo;apr\u00e8s-midi, je d\u00e9jeunai d&rsquo;un pique-nique \u00e0\u00a0Bassacutena sous les regards \u00e9tonn\u00e9s de certains locaux.\u00a0Requinqu\u00e9, je repris mon chemin dans ce\u00a0d\u00e9cor agreste et champ\u00eatre.<\/p>\n<p style=\"text-align: justify;\">Apr\u00e8s la minuscule bourgade de Campovaglio, <strong>je naviguais\u00a0sur d&rsquo;\u00e9troites\u00a0routes zigzaguant \u00e0 travers le maquis sarde.<\/strong> <strong>D&rsquo;impitoyables murs mirent mes jambes \u00e0 rude \u00e9preuve<\/strong>. Ces ascensions tr\u00e8s pentues me rappel\u00e8rent la folle escalade d&rsquo;une c\u00f4te de trois kilom\u00e8tres \u00e0 plus de 12% avec un violent vent de face\u00a0dans le compt\u00e9 du Kerry en Irlande. Un souvenir m\u00e9morable !<\/p>\n<p style=\"text-align: center;\"><a href=\"http:\/\/courir-lemonde.com\/wp-content\/uploads\/2017\/04\/IMG_2306.jpg\"><img loading=\"lazy\" decoding=\"async\" class=\"aligncenter wp-image-3227\" src=\"http:\/\/courir-lemonde.com\/wp-content\/uploads\/2017\/04\/IMG_2306-1024x768.jpg\" alt=\"\" width=\"500\" height=\"377\" \/><\/a><em>Demeures color\u00e9s dans le village de Bassacutena (photo courir-lemonde.com)<\/em><\/p>\n<p style=\"text-align: center;\"><a href=\"http:\/\/courir-lemonde.com\/wp-content\/uploads\/2017\/04\/IMG_2313.jpg\"><img loading=\"lazy\" decoding=\"async\" class=\"aligncenter wp-image-3228\" src=\"http:\/\/courir-lemonde.com\/wp-content\/uploads\/2017\/04\/IMG_2313-1024x768.jpg\" alt=\"\" width=\"500\" height=\"377\" \/><\/a><em>Escapade dans le maquis sarde (photo courir-lemonde.com)<\/em><\/p>\n<p style=\"text-align: justify;\">A la suite d&rsquo;une longue descente, <strong>j&rsquo;atteignis la localit\u00e9 de Rena Majore, localis\u00e9e \u00e0 seulement dix kilom\u00e8tres de Santa Teresa Gallura, d&rsquo;o\u00f9 part le ferry pour la Corse.<\/strong> Initialement, je pensais utiliser une derni\u00e8re fois ma formule magique pour demander en italien si je peux planter ma tente dans le jardin de locaux mais je me ravisai car le village semblait principalement\u00a0constitu\u00e9e de r\u00e9sidences secondaires.<\/p>\n<p style=\"text-align: justify;\">Apr\u00e8s de nouvelles courses alimentaires, je me mis tranquillement <strong>en qu\u00eate<\/strong>\u00a0<strong>d&rsquo;un lieu pour planter le bivouac. Au fil des jours, j&rsquo;avais incontestablement gagn\u00e9 en exp\u00e9rience \u00e0 ce petit jeu.<\/strong> Pour ma derni\u00e8re nuit en Sardaigne, <strong>j&rsquo;\u00e9lus domicile \u00e0 la lisi\u00e8re d&rsquo;une for\u00eat de pins. \u00a0<\/strong><br \/>\nAvant d&rsquo;installer le campement, je fis un tour sur le littoral. <strong>La mer \u00e9tait d\u00e9cha\u00een\u00e9e.<\/strong> L&rsquo;inclinaison courb\u00e9e des arbres semblait confirmer que la c\u00f4te \u00e9tait souvent battue par de forts vents.<\/p>\n<p style=\"text-align: center;\"><a href=\"http:\/\/courir-lemonde.com\/wp-content\/uploads\/2017\/04\/IMG_2317.jpg\"><img loading=\"lazy\" decoding=\"async\" class=\"aligncenter wp-image-3229\" src=\"http:\/\/courir-lemonde.com\/wp-content\/uploads\/2017\/04\/IMG_2317-1024x768.jpg\" alt=\"la c\u00f4te Nord de la Sardaigne \" width=\"500\" height=\"377\" \/><\/a><em>La c\u00f4te Nord de la Sardaigne \u00e0 Rena Majore (photo courir-lemonde.com)<\/em><\/p>\n<p style=\"text-align: center;\"><a href=\"http:\/\/courir-lemonde.com\/wp-content\/uploads\/2017\/04\/IMG_2320.jpg\"><img loading=\"lazy\" decoding=\"async\" class=\"aligncenter wp-image-3230\" src=\"http:\/\/courir-lemonde.com\/wp-content\/uploads\/2017\/04\/IMG_2320-1024x768.jpg\" alt=\"\" width=\"500\" height=\"377\" \/><\/a><em>Comme vous pouvez le constater cette c\u00f4te est battue par de forts vents <\/em><br \/>\n<em>(photo courir-lemonde.com)<\/em><\/p>\n<p style=\"text-align: justify;\">Peu avant le coucher du soleil,<strong> j&rsquo;installai mon campement \u00e0 l&rsquo;endroit que j&rsquo;avais pr\u00e9alablement rep\u00e9r\u00e9<\/strong>. Le lieu semblait relativement bien abrit\u00e9 mais j&rsquo;avais quand m\u00eame quelques doutes \u00e0 ce sujet. Un peu de lecture \u00e0 la lueur de ma frontale puis <strong>j&rsquo;essayai de m&rsquo;endormir en d\u00e9pit des rafales de vent qui giflaient ma tente de plus en plus violemment &#8230; La nuit s&rsquo;annon\u00e7ait perturb\u00e9e !\u00a0<\/strong><\/p>\n<h1 style=\"text-align: center;\"><strong>Etape 18 (premi\u00e8re partie) : Rena Majore &#8211; Santa Teresa Gallura (10 kilom\u00e8tres)<\/strong><\/h1>\n<p>&nbsp;<\/p>\n<div style=\"width: 584px;\" class=\"wp-video\"><video class=\"wp-video-shortcode\" id=\"video-2949-2\" width=\"584\" height=\"329\" preload=\"metadata\" controls=\"controls\"><source type=\"video\/mp4\" src=\"http:\/\/courir-lemonde.com\/wp-content\/uploads\/2017\/05\/VIDEO0070_02.mp4?_=2\" \/><a href=\"http:\/\/courir-lemonde.com\/wp-content\/uploads\/2017\/05\/VIDEO0070_02.mp4\">http:\/\/courir-lemonde.com\/wp-content\/uploads\/2017\/05\/VIDEO0070_02.mp4<\/a><\/video><\/div>\n<p style=\"text-align: center;\"><em>Apr\u00e8s une nuit marqu\u00e9e par les bourrasques de vent, direction Santa Teresa Gallura afin de\u00a0prendre le ferry de 9h00 pour\u00a0la Corse (vid\u00e9o courir-lemonde.com)<\/em><\/p>\n<p style=\"text-align: center;\"><a href=\"http:\/\/courir-lemonde.com\/wp-content\/uploads\/2017\/04\/IMG_2330.jpg\"><img loading=\"lazy\" decoding=\"async\" class=\"aligncenter wp-image-3231\" src=\"http:\/\/courir-lemonde.com\/wp-content\/uploads\/2017\/04\/IMG_2330-1024x768.jpg\" alt=\"ferry mobylines Bonifacio - Santa Teresa\" width=\"500\" height=\"377\" \/><\/a><em>Direction la Corse avec la compagnie Moby qui assure la travers\u00e9e entre Santa Teresa Gallura et Bonifacio (photo courir-lemonde.com)<\/em><\/p>\n<p style=\"text-align: justify;\">Mon voyage \u00e0 v\u00e9lo en Sardaigne s&rsquo;est donc achev\u00e9 par une courte et matinale \u00e9tape entre Rena Majore et Santa Teresa Gallura. <strong>Vous pouvez retrouver <a href=\"http:\/\/courir-lemonde.com\/index.php\/2017\/04\/02\/voyage-a-velo-en-sardaigne-et-en-corse-a-velo-le-bilan\/\">le bilan g\u00e9n\u00e9ral de mon p\u00e9riple et mes impressions concernant le Sardaigne<\/a> en cliquant sur le lien.<\/strong><\/p>\n<p>N\u00e9anmoins, mon p\u00e9riple \u00e0 bicyclette en M\u00e9diterran\u00e9e n&rsquo;est pas termin\u00e9.<strong>\u00a0Retrouvez d\u00e8s \u00e0 pr\u00e9sent\u00a0<a href=\"https:\/\/courir-lemonde.com\/index.php\/2017\/05\/30\/la-corse-a-velo-entre-mer-et-montagne-de-bonifacio-a-ajaccio-via-le-col-de-bavella\/\">mes aventures cyclonomades en Corse<\/a> en cliquant sur le lien.\u00a0<\/strong><\/p>\n<p>Pour retrouver les articles pr\u00e9c\u00e9dents sur <strong>mon voyage \u00e0 v\u00e9lo en Sardaigne<\/strong> :<\/p>\n<ul>\n<li><a href=\"http:\/\/courir-lemonde.com\/index.php\/2017\/04\/10\/la-sardaigne-en-velo-de-porto-torres-a-alghero-en-passant-par-stintino-un-debut-de-periple-riche-en-experiences-nouvelles\/\">du 01\/03 au 03\/03 : de Porto Torres \u00e0 Alghero en passant par Stintino, un d\u00e9but de p\u00e9riple riche en nouvelles exp\u00e9riences<\/a><\/li>\n<\/ul>\n<ul>\n<li><a href=\"http:\/\/courir-lemonde.com\/index.php\/2017\/04\/15\/la-sardaigne-en-velo-de-alghero-a-zeppara-via-la-magnifique-ville-de-bosa-la-belle-aventure-se-poursuit\/\">du 04\/03 au 06\/03 : de Alghero \u00e0 Zeppara via la magnifique ville de Bosa, la belle aventure se poursuit<\/a><\/li>\n<\/ul>\n<ul>\n<li><a href=\"http:\/\/courir-lemonde.com\/index.php\/2017\/04\/22\/la-sardaigne-en-velo-de-zeppara-a-girasole-objectif-cote-est-via-les-montagnes-sardes\/\">du 07\/03 au 09\/03 : de Zeppara \u00e0 Girasole, objectif\u00a0c\u00f4te Est via les montagnes sardes<\/a><\/li>\n<\/ul>\n<ul>\n<li><a href=\"http:\/\/courir-lemonde.com\/index.php\/2017\/04\/30\/la-sardaigne-en-velo-de-girasole-a-cala-gonone-dolce-vita-dans-le-parc-national-du-golfe-dorosei-gennargentu\/\">du 10\/03 au 12\/03 : de Girasole \u00e0 Cala Gonone, dolce vita dans le Parc National du\u00a0golfe de Orosei \u2013 Gennargentu<\/a><\/li>\n<\/ul>\n<ul>\n<li><a href=\"http:\/\/courir-lemonde.com\/index.php\/2017\/05\/13\/la-sardaigne-en-velo-de-cala-gonone-a-palau-remontee-de-la-cote-est-sous-le-soleil\/\">du 13\/03 au 15\/03 : de Cala Gonone \u00e0 Palau, remont\u00e9e de la c\u00f4te Est sous le soleil<\/a><\/li>\n<\/ul>\n","protected":false},"excerpt":{"rendered":"<p>Accompagn\u00e9 de mon fid\u00e8le v\u00e9lo sur l&rsquo;archipel de La Maddalena (photo courir-lemonde.com) Du 16 au 19 mars, j\u2019ai arpent\u00e9 l&rsquo;extr\u00eame Nord de la Sardaigne. J&rsquo;ai notamment d\u00e9couvert l&rsquo;archipel de La Maddalena, o\u00f9 j&rsquo;ai pass\u00e9 deux jours \u00e0 \u00e9cumer son somptueux &hellip; <a href=\"https:\/\/courir-lemonde.com\/index.php\/2017\/05\/25\/la-sardaigne-a-velo-larchipel-de-la-maddalena-et-derniers-tours-de-roues-entre-palau-et-santa-teresa-gallura\/\">Continuer la lecture <span class=\"meta-nav\">&rarr;<\/span><\/a><\/p>\n","protected":false},"author":1,"featured_media":0,"comment_status":"open","ping_status":"open","sticky":false,"template":"","format":"standard","meta":{"footnotes":""},"categories":[283,266],"tags":[267,269,206,268],"yoast_head":"<!-- This site is optimized with the Yoast SEO plugin v21.8.1 - https:\/\/yoast.com\/wordpress\/plugins\/seo\/ -->\n<title>La Sardaigne \u00e0 v\u00e9lo : l&#039;archipel de La Maddalena et derniers tours de roues entre Palau et Santa Teresa Gallura - Courir Le Monde<\/title>\n<meta name=\"robots\" content=\"index, follow, max-snippet:-1, max-image-preview:large, max-video-preview:-1\" \/>\n<link rel=\"canonical\" href=\"https:\/\/courir-lemonde.com\/index.php\/2017\/05\/25\/la-sardaigne-a-velo-larchipel-de-la-maddalena-et-derniers-tours-de-roues-entre-palau-et-santa-teresa-gallura\/\" \/>\n<meta property=\"og:locale\" content=\"fr_FR\" \/>\n<meta property=\"og:type\" content=\"article\" \/>\n<meta property=\"og:title\" content=\"La Sardaigne \u00e0 v\u00e9lo : l&#039;archipel de La Maddalena et derniers tours de roues entre Palau et Santa Teresa Gallura - Courir Le Monde\" \/>\n<meta property=\"og:description\" content=\"Accompagn\u00e9 de mon fid\u00e8le v\u00e9lo sur l&rsquo;archipel de La Maddalena (photo courir-lemonde.com) Du 16 au 19 mars, j\u2019ai arpent\u00e9 l&rsquo;extr\u00eame Nord de la Sardaigne. J&rsquo;ai notamment d\u00e9couvert l&rsquo;archipel de La Maddalena, o\u00f9 j&rsquo;ai pass\u00e9 deux jours \u00e0 \u00e9cumer son somptueux &hellip; Continuer la lecture &rarr;\" \/>\n<meta property=\"og:url\" content=\"https:\/\/courir-lemonde.com\/index.php\/2017\/05\/25\/la-sardaigne-a-velo-larchipel-de-la-maddalena-et-derniers-tours-de-roues-entre-palau-et-santa-teresa-gallura\/\" \/>\n<meta property=\"og:site_name\" content=\"Courir Le Monde\" \/>\n<meta property=\"article:published_time\" content=\"2017-05-25T14:09:50+00:00\" \/>\n<meta property=\"article:modified_time\" content=\"2018-04-05T17:42:31+00:00\" \/>\n<meta property=\"og:image\" content=\"http:\/\/courir-lemonde.com\/wp-content\/uploads\/2017\/04\/IMG_2273-1024x768.jpg\" \/>\n<meta name=\"author\" content=\"Chap44\" \/>\n<meta name=\"twitter:card\" content=\"summary_large_image\" \/>\n<meta name=\"twitter:label1\" content=\"\u00c9crit par\" \/>\n\t<meta name=\"twitter:data1\" content=\"Chap44\" \/>\n\t<meta name=\"twitter:label2\" content=\"Dur\u00e9e de lecture estim\u00e9e\" \/>\n\t<meta name=\"twitter:data2\" content=\"12 minutes\" \/>\n<script type=\"application\/ld+json\" class=\"yoast-schema-graph\">{\"@context\":\"https:\/\/schema.org\",\"@graph\":[{\"@type\":\"WebPage\",\"@id\":\"https:\/\/courir-lemonde.com\/index.php\/2017\/05\/25\/la-sardaigne-a-velo-larchipel-de-la-maddalena-et-derniers-tours-de-roues-entre-palau-et-santa-teresa-gallura\/\",\"url\":\"https:\/\/courir-lemonde.com\/index.php\/2017\/05\/25\/la-sardaigne-a-velo-larchipel-de-la-maddalena-et-derniers-tours-de-roues-entre-palau-et-santa-teresa-gallura\/\",\"name\":\"La Sardaigne \u00e0 v\u00e9lo : l'archipel de La Maddalena et derniers tours de roues entre Palau et Santa Teresa Gallura - Courir Le Monde\",\"isPartOf\":{\"@id\":\"https:\/\/courir-lemonde.com\/#website\"},\"datePublished\":\"2017-05-25T14:09:50+00:00\",\"dateModified\":\"2018-04-05T17:42:31+00:00\",\"author\":{\"@id\":\"https:\/\/courir-lemonde.com\/#\/schema\/person\/baaa624d701d53d176c763f85b3114e4\"},\"breadcrumb\":{\"@id\":\"https:\/\/courir-lemonde.com\/index.php\/2017\/05\/25\/la-sardaigne-a-velo-larchipel-de-la-maddalena-et-derniers-tours-de-roues-entre-palau-et-santa-teresa-gallura\/#breadcrumb\"},\"inLanguage\":\"fr-FR\",\"potentialAction\":[{\"@type\":\"ReadAction\",\"target\":[\"https:\/\/courir-lemonde.com\/index.php\/2017\/05\/25\/la-sardaigne-a-velo-larchipel-de-la-maddalena-et-derniers-tours-de-roues-entre-palau-et-santa-teresa-gallura\/\"]}]},{\"@type\":\"BreadcrumbList\",\"@id\":\"https:\/\/courir-lemonde.com\/index.php\/2017\/05\/25\/la-sardaigne-a-velo-larchipel-de-la-maddalena-et-derniers-tours-de-roues-entre-palau-et-santa-teresa-gallura\/#breadcrumb\",\"itemListElement\":[{\"@type\":\"ListItem\",\"position\":1,\"name\":\"Accueil\",\"item\":\"https:\/\/courir-lemonde.com\/\"},{\"@type\":\"ListItem\",\"position\":2,\"name\":\"La Sardaigne \u00e0 v\u00e9lo : l&rsquo;archipel de La Maddalena et derniers tours de roues entre Palau et Santa Teresa Gallura\"}]},{\"@type\":\"WebSite\",\"@id\":\"https:\/\/courir-lemonde.com\/#website\",\"url\":\"https:\/\/courir-lemonde.com\/\",\"name\":\"Courir Le Monde\",\"description\":\"Le site de Valentin Chapalain, passionn\u00e9 d&#039;aventures et de voyages\",\"potentialAction\":[{\"@type\":\"SearchAction\",\"target\":{\"@type\":\"EntryPoint\",\"urlTemplate\":\"https:\/\/courir-lemonde.com\/?s={search_term_string}\"},\"query-input\":\"required name=search_term_string\"}],\"inLanguage\":\"fr-FR\"},{\"@type\":\"Person\",\"@id\":\"https:\/\/courir-lemonde.com\/#\/schema\/person\/baaa624d701d53d176c763f85b3114e4\",\"name\":\"Chap44\",\"image\":{\"@type\":\"ImageObject\",\"inLanguage\":\"fr-FR\",\"@id\":\"https:\/\/courir-lemonde.com\/#\/schema\/person\/image\/\",\"url\":\"https:\/\/secure.gravatar.com\/avatar\/f6a3fcbb365f597d6259be5c4dc6c05c?s=96&d=mm&r=g\",\"contentUrl\":\"https:\/\/secure.gravatar.com\/avatar\/f6a3fcbb365f597d6259be5c4dc6c05c?s=96&d=mm&r=g\",\"caption\":\"Chap44\"},\"url\":\"https:\/\/courir-lemonde.com\/index.php\/author\/chap331244\/\"}]}<\/script>\n<!-- \/ Yoast SEO plugin. -->","yoast_head_json":{"title":"La Sardaigne \u00e0 v\u00e9lo : l'archipel de La Maddalena et derniers tours de roues entre Palau et Santa Teresa Gallura - Courir Le Monde","robots":{"index":"index","follow":"follow","max-snippet":"max-snippet:-1","max-image-preview":"max-image-preview:large","max-video-preview":"max-video-preview:-1"},"canonical":"https:\/\/courir-lemonde.com\/index.php\/2017\/05\/25\/la-sardaigne-a-velo-larchipel-de-la-maddalena-et-derniers-tours-de-roues-entre-palau-et-santa-teresa-gallura\/","og_locale":"fr_FR","og_type":"article","og_title":"La Sardaigne \u00e0 v\u00e9lo : l'archipel de La Maddalena et derniers tours de roues entre Palau et Santa Teresa Gallura - Courir Le Monde","og_description":"Accompagn\u00e9 de mon fid\u00e8le v\u00e9lo sur l&rsquo;archipel de La Maddalena (photo courir-lemonde.com) Du 16 au 19 mars, j\u2019ai arpent\u00e9 l&rsquo;extr\u00eame Nord de la Sardaigne. J&rsquo;ai notamment d\u00e9couvert l&rsquo;archipel de La Maddalena, o\u00f9 j&rsquo;ai pass\u00e9 deux jours \u00e0 \u00e9cumer son somptueux &hellip; Continuer la lecture &rarr;","og_url":"https:\/\/courir-lemonde.com\/index.php\/2017\/05\/25\/la-sardaigne-a-velo-larchipel-de-la-maddalena-et-derniers-tours-de-roues-entre-palau-et-santa-teresa-gallura\/","og_site_name":"Courir Le Monde","article_published_time":"2017-05-25T14:09:50+00:00","article_modified_time":"2018-04-05T17:42:31+00:00","og_image":[{"url":"http:\/\/courir-lemonde.com\/wp-content\/uploads\/2017\/04\/IMG_2273-1024x768.jpg"}],"author":"Chap44","twitter_card":"summary_large_image","twitter_misc":{"\u00c9crit par":"Chap44","Dur\u00e9e de lecture estim\u00e9e":"12 minutes"},"schema":{"@context":"https:\/\/schema.org","@graph":[{"@type":"WebPage","@id":"https:\/\/courir-lemonde.com\/index.php\/2017\/05\/25\/la-sardaigne-a-velo-larchipel-de-la-maddalena-et-derniers-tours-de-roues-entre-palau-et-santa-teresa-gallura\/","url":"https:\/\/courir-lemonde.com\/index.php\/2017\/05\/25\/la-sardaigne-a-velo-larchipel-de-la-maddalena-et-derniers-tours-de-roues-entre-palau-et-santa-teresa-gallura\/","name":"La Sardaigne \u00e0 v\u00e9lo : l'archipel de La Maddalena et derniers tours de roues entre Palau et Santa Teresa Gallura - Courir Le Monde","isPartOf":{"@id":"https:\/\/courir-lemonde.com\/#website"},"datePublished":"2017-05-25T14:09:50+00:00","dateModified":"2018-04-05T17:42:31+00:00","author":{"@id":"https:\/\/courir-lemonde.com\/#\/schema\/person\/baaa624d701d53d176c763f85b3114e4"},"breadcrumb":{"@id":"https:\/\/courir-lemonde.com\/index.php\/2017\/05\/25\/la-sardaigne-a-velo-larchipel-de-la-maddalena-et-derniers-tours-de-roues-entre-palau-et-santa-teresa-gallura\/#breadcrumb"},"inLanguage":"fr-FR","potentialAction":[{"@type":"ReadAction","target":["https:\/\/courir-lemonde.com\/index.php\/2017\/05\/25\/la-sardaigne-a-velo-larchipel-de-la-maddalena-et-derniers-tours-de-roues-entre-palau-et-santa-teresa-gallura\/"]}]},{"@type":"BreadcrumbList","@id":"https:\/\/courir-lemonde.com\/index.php\/2017\/05\/25\/la-sardaigne-a-velo-larchipel-de-la-maddalena-et-derniers-tours-de-roues-entre-palau-et-santa-teresa-gallura\/#breadcrumb","itemListElement":[{"@type":"ListItem","position":1,"name":"Accueil","item":"https:\/\/courir-lemonde.com\/"},{"@type":"ListItem","position":2,"name":"La Sardaigne \u00e0 v\u00e9lo : l&rsquo;archipel de La Maddalena et derniers tours de roues entre Palau et Santa Teresa Gallura"}]},{"@type":"WebSite","@id":"https:\/\/courir-lemonde.com\/#website","url":"https:\/\/courir-lemonde.com\/","name":"Courir Le Monde","description":"Le site de Valentin Chapalain, passionn\u00e9 d&#039;aventures et de voyages","potentialAction":[{"@type":"SearchAction","target":{"@type":"EntryPoint","urlTemplate":"https:\/\/courir-lemonde.com\/?s={search_term_string}"},"query-input":"required name=search_term_string"}],"inLanguage":"fr-FR"},{"@type":"Person","@id":"https:\/\/courir-lemonde.com\/#\/schema\/person\/baaa624d701d53d176c763f85b3114e4","name":"Chap44","image":{"@type":"ImageObject","inLanguage":"fr-FR","@id":"https:\/\/courir-lemonde.com\/#\/schema\/person\/image\/","url":"https:\/\/secure.gravatar.com\/avatar\/f6a3fcbb365f597d6259be5c4dc6c05c?s=96&d=mm&r=g","contentUrl":"https:\/\/secure.gravatar.com\/avatar\/f6a3fcbb365f597d6259be5c4dc6c05c?s=96&d=mm&r=g","caption":"Chap44"},"url":"https:\/\/courir-lemonde.com\/index.php\/author\/chap331244\/"}]}},"_links":{"self":[{"href":"https:\/\/courir-lemonde.com\/index.php\/wp-json\/wp\/v2\/posts\/2949"}],"collection":[{"href":"https:\/\/courir-lemonde.com\/index.php\/wp-json\/wp\/v2\/posts"}],"about":[{"href":"https:\/\/courir-lemonde.com\/index.php\/wp-json\/wp\/v2\/types\/post"}],"author":[{"embeddable":true,"href":"https:\/\/courir-lemonde.com\/index.php\/wp-json\/wp\/v2\/users\/1"}],"replies":[{"embeddable":true,"href":"https:\/\/courir-lemonde.com\/index.php\/wp-json\/wp\/v2\/comments?post=2949"}],"version-history":[{"count":28,"href":"https:\/\/courir-lemonde.com\/index.php\/wp-json\/wp\/v2\/posts\/2949\/revisions"}],"predecessor-version":[{"id":3884,"href":"https:\/\/courir-lemonde.com\/index.php\/wp-json\/wp\/v2\/posts\/2949\/revisions\/3884"}],"wp:attachment":[{"href":"https:\/\/courir-lemonde.com\/index.php\/wp-json\/wp\/v2\/media?parent=2949"}],"wp:term":[{"taxonomy":"category","embeddable":true,"href":"https:\/\/courir-lemonde.com\/index.php\/wp-json\/wp\/v2\/categories?post=2949"},{"taxonomy":"post_tag","embeddable":true,"href":"https:\/\/courir-lemonde.com\/index.php\/wp-json\/wp\/v2\/tags?post=2949"}],"curies":[{"name":"wp","href":"https:\/\/api.w.org\/{rel}","templated":true}]}}