{"id":2951,"date":"2017-05-30T09:42:25","date_gmt":"2017-05-30T08:42:25","guid":{"rendered":"http:\/\/courir-lemonde.com\/?p=2951"},"modified":"2017-08-08T08:48:25","modified_gmt":"2017-08-08T07:48:25","slug":"la-corse-a-velo-entre-mer-et-montagne-de-bonifacio-a-ajaccio-via-le-col-de-bavella","status":"publish","type":"post","link":"https:\/\/courir-lemonde.com\/index.php\/2017\/05\/30\/la-corse-a-velo-entre-mer-et-montagne-de-bonifacio-a-ajaccio-via-le-col-de-bavella\/","title":{"rendered":"La Corse \u00e0 v\u00e9lo : entre mer et montagne de Bonifacio \u00e0 Ajaccio via le col de Bavella"},"content":{"rendered":"<p style=\"text-align: center;\"><a href=\"http:\/\/courir-lemonde.com\/wp-content\/uploads\/2017\/06\/IMG_2588.jpg\"><br \/>\n<img loading=\"lazy\" decoding=\"async\" class=\"aligncenter wp-image-3360\" src=\"http:\/\/courir-lemonde.com\/wp-content\/uploads\/2017\/06\/IMG_2588-1024x768.jpg\" alt=\"la Corse en v\u00e9lo\" width=\"500\" height=\"377\" \/><\/a><em>Apr\u00e8s 18 jours de dolce vita en Sardaigne, j&rsquo;ai arpent\u00e9 le Sud de la Corse pendant une semaine (photo courir-lemonde.com)\u00a0<\/em><\/p>\n<p style=\"text-align: justify;\"><em>Apr\u00e8s avoir parcouru <a href=\"http:\/\/courir-lemonde.com\/index.php\/2017\/04\/10\/la-sardaigne-en-velo-de-porto-torres-a-alghero-en-passant-par-stintino-un-debut-de-periple-riche-en-experiences-nouvelles\/\">la Sardaigne<\/a>, j&rsquo;ai achev\u00e9 mon voyage \u00e0 v\u00e9lo par une semaine en\u00a0Corse. Ainsi, j&rsquo;ai arpent\u00e9 la partie m\u00e9ridionale de l&rsquo;\u00eele de beaut\u00e9, de Bonifacio \u00e0 Ajaccio en passant notamment par Porto Vecchio et le rude col de Bavella puis en longeant le littoral\u00a0cr\u00e9nel\u00e9\u00a0des golfes de Valinco Propriano et d&rsquo;Ajaccio. En d\u00e9pit d&rsquo;une m\u00e9t\u00e9o plus changeante, j&rsquo;ai pu me d\u00e9lecter des magnifiques paysages du Sud de la Corse.\u00a0Si j\u2019y ai fait moins de rencontres qu\u2019en Sardaigne, les Corses\u00a0crois\u00e9s en chemin\u00a0furent souvent agr\u00e9ables\u00a0et de bons conseils. Au total, j&rsquo;ai parcouru 300 kilom\u00e8tres entre mer et montagne sur les routes escarp\u00e9es et sinueuses de la Corse.<br \/>\n<\/em><\/p>\n<p><em>Mes coups de c\u0153ur en Corse\u00a0&#x1f642;\u00a0<\/em><\/p>\n<ul>\n<li><em>l&rsquo;ascension du col de Bavella et ses 1 218 m\u00e8tres d\u2019altitude,\u00a0le toit de mon p\u00e9riple<\/em><\/li>\n<li><em>le secteur du golfe de Valinco Propriano : ses routes qui serpentent \u00e0 flanc de montagnes le long du littoral, ses belles plages et ses\u00a0magnifiques coins de nature<\/em><\/li>\n<li><em>le bivouac sur la plage de Santa Giulia au Sud de Porto Vecchio<\/em><\/li>\n<li><em>l\u2019accueil \u00e0 l\u2019Office du tourisme de Propriano\u00a0: professionnel et tr\u00e8s aimable<\/em><\/li>\n<\/ul>\n<p><!--more--><\/p>\n<p><a href=\"http:\/\/courir-lemonde.com\/wp-content\/uploads\/2017\/06\/parcours-Corse.jpg\"><img loading=\"lazy\" decoding=\"async\" class=\"aligncenter wp-image-3398\" src=\"http:\/\/courir-lemonde.com\/wp-content\/uploads\/2017\/06\/parcours-Corse.jpg\" alt=\"corse a v\u00e9lo\" width=\"436\" height=\"309\" \/><\/a><\/p>\n<p style=\"text-align: center;\"><em>Voici le trac\u00e9 de mes p\u00e9r\u00e9grinations dans le Sud de la Corse<br \/>\n(r\u00e9alisation courir-lemonde.com sur openrunner)<\/em><\/p>\n<h1 style=\"text-align: center;\"><strong>Etape 18 (seconde partie) : Bonifacio &#8211; plage de Santa Giulia (25 kilom\u00e8tres)\u00a0<\/strong><\/h1>\n<p style=\"text-align: justify;\">Mes retrouvailles avec la France ne furent pas tr\u00e8s enjou\u00e9es. Fourbu apr\u00e8s une nuit en tente marqu\u00e9e par d&rsquo;incessantes bourrasques de vent et une remuante travers\u00e9e en ferry, <strong>ma barre d&rsquo;\u00e9nergie \u00e9tait bien entam\u00e9e en accostant \u00e0 Bonifacio.\u00a0<\/strong><\/p>\n<p style=\"text-align: justify;\">Malgr\u00e9 tout, j&rsquo;entrepris une <strong>balade dans Bonifacio, la ville la plus m\u00e9ridionale de France m\u00e9tropolitaine<\/strong>. D&rsquo;abord <strong>la ville basse \u00e9tablie autour du port puis la ville haute constitu\u00e9e d&rsquo;une citadelle \u00e9rig\u00e9e sur des falaises calcaires.<\/strong> Le contraste avec les villages de Sardaigne fut saisissant. Termin\u00e9 les habitations aux couleurs vives et p\u00e9tillantes, place \u00e0 des constructions en pierre, sobres voire presque aust\u00e8res. N\u00e9anmoins <strong>Bonifacio, du fait de sa situation g\u00e9ographique exceptionnelle, n&rsquo;eut pas de mal \u00e0 me conqu\u00e9rir.<\/strong><\/p>\n<p style=\"text-align: justify;\">Avant de poursuivre mon voyage \u00e0 v\u00e9lo, je d\u00e9jeunai d&rsquo;un burger et de frites dans un restaurant implant\u00e9 \u00e0 quelques pas du port de Bonifacio. Requinquant !<\/p>\n<p style=\"text-align: center;\"><a href=\"http:\/\/courir-lemonde.com\/wp-content\/uploads\/2017\/06\/IMG_2347.jpg\"><img loading=\"lazy\" decoding=\"async\" class=\"aligncenter wp-image-3361\" src=\"http:\/\/courir-lemonde.com\/wp-content\/uploads\/2017\/06\/IMG_2347-1024x768.jpg\" alt=\"falaises calcaires de Bonifacio\" width=\"500\" height=\"377\" \/><\/a><em>Les falaises calcaires autour de Bonifacio (photo courir-lemonde.com)<\/em><\/p>\n<p style=\"text-align: center;\"><a href=\"http:\/\/courir-lemonde.com\/wp-content\/uploads\/2017\/06\/IMG_2350.jpg\"><img loading=\"lazy\" decoding=\"async\" class=\"aligncenter wp-image-3363\" src=\"http:\/\/courir-lemonde.com\/wp-content\/uploads\/2017\/06\/IMG_2350-1024x768.jpg\" alt=\"Bonifacio\" width=\"500\" height=\"377\" \/><\/a><em>Nich\u00e9 sur un promontoire rocheux, la citadelle de Bonifacio est tr\u00e8s appr\u00e9ci\u00e9 par les touristes\u00a0<\/em><em>(photo courir-lemonde.com)<\/em><\/p>\n<p style=\"text-align: justify;\">En d\u00e9but d&rsquo;apr\u00e8s-midi, <strong>je pris la direction de Porto Vecchio<\/strong> via la route T10 qui longe la c\u00f4te orientale de la Corse jusqu&rsquo;\u00e0 Bastia. Alors que la pluie mena\u00e7ait \u00e0 Bonifacio, plus je me dirigeais vers le Nord et plus le ciel s&rsquo;illuminait.<br \/>\nQuelques kilom\u00e8tres avant Porto Vecchio, <strong>je bifurquai vers la plage de Santa Giulia.<\/strong> Rapidement, je d\u00e9cidai que cette <strong>somptueuse anse serait mon domicile pour la nuit \u00e0 venir.<\/strong> Au fil des jours,<strong> j&rsquo;\u00e9tais de moins en moins h\u00e9sitant dans le choix de mes lieux de campement.<\/strong><\/p>\n<p style=\"text-align: justify;\">La fin d&rsquo;apr\u00e8s-midi fut paisible. Je savourais ce cadre paradisiaque magnifi\u00e9 par le retour du soleil. Je fis \u00e9galement <strong>la rencontre d&rsquo;une sympathique et jeune Corse : B\u00e9a.<\/strong> Avec grand plaisir, j&rsquo;\u00e9changeai avec cette passionn\u00e9e de sport et d&rsquo;alimentation saine. Avant la tomb\u00e9e de la nuit, <strong>j&rsquo;installai ma tente en retrait de la plage, camoufl\u00e9 sous un pin.\u00a0<\/strong><\/p>\n<p style=\"text-align: center;\"><a href=\"http:\/\/courir-lemonde.com\/wp-content\/uploads\/2017\/06\/IMG_2351.jpg\"><img loading=\"lazy\" decoding=\"async\" class=\"aligncenter wp-image-3364\" src=\"http:\/\/courir-lemonde.com\/wp-content\/uploads\/2017\/06\/IMG_2351-1024x768.jpg\" alt=\"la campagne corse\" width=\"500\" height=\"377\" \/><\/a><em>En Corse, la montagne n&rsquo;est jamais loin (photo courir-lemonde.com)\u00a0<\/em><\/p>\n<p style=\"text-align: center;\"><a href=\"http:\/\/courir-lemonde.com\/wp-content\/uploads\/2017\/06\/IMG_2359.jpg\"><img loading=\"lazy\" decoding=\"async\" class=\"aligncenter wp-image-3365\" src=\"http:\/\/courir-lemonde.com\/wp-content\/uploads\/2017\/06\/IMG_2359-1024x768.jpg\" alt=\"plage de Santa Giulia\" width=\"500\" height=\"377\" \/><\/a><em>Belle fin de journ\u00e9e sur la plage de Santa Giulia au Sud de Porto Vecchio <\/em><br \/>\n<em>(photo courir-lemonde.com)<\/em><\/p>\n<p style=\"text-align: center;\"><a href=\"http:\/\/courir-lemonde.com\/wp-content\/uploads\/2017\/06\/IMG_2361.jpg\"><img loading=\"lazy\" decoding=\"async\" class=\"aligncenter wp-image-3366\" src=\"http:\/\/courir-lemonde.com\/wp-content\/uploads\/2017\/06\/IMG_2361-1024x768.jpg\" alt=\"plage de Santa Giulia\" width=\"500\" height=\"377\" \/><\/a><em>Bivouac l\u00e9g\u00e8rement en retrait de la plage (photo courir-lemonde.com)<\/em><\/p>\n<h1 style=\"text-align: center;\">Etape 19 : plage de Santa Giulia &#8211; Solenzara (65 kilom\u00e8tres)<\/h1>\n<p style=\"text-align: justify;\"><strong>Cette nuit sur la plage de Santa Giulia me fit le plus grand bien.<\/strong> J&rsquo;avais bien r\u00e9cup\u00e9r\u00e9 et au r\u00e9veil, j&rsquo;\u00e9tais d&rsquo;attaque pour ma derni\u00e8re semaine d&rsquo;aventure. <strong>Objectif du jour : la ville de Solenzara,<\/strong> situ\u00e9e \u00e0 environ 50 kilom\u00e8tres de l\u00e0. Sous le soleil, je d\u00e9jeunai devant les eaux limpides du golfe de Santa Giulia avant d&rsquo;enfourcher mon v\u00e9lo.<\/p>\n<p style=\"text-align: justify;\">En tout d\u00e9but d&rsquo;\u00e9tape, <strong>je fis un crochet d&rsquo;une vingtaine de kilom\u00e8tres pour d\u00e9couvrir la p\u00e9ninsule localis\u00e9e au Sud-Est de Porto Vecchio.<\/strong> Sur le bord de la route, je rencontrai un sympathique policier \u00e0 la retraite habitant la Corse depuis les ann\u00e9es 1980. Nous discut\u00e2mes une bonne vingtaine de minutes.\u00a0<strong>J&rsquo;arpentai ce secteur de montagnes russes sans me presser et en faisant des pauses r\u00e9guli\u00e8rement.<\/strong><br \/>\nA Porto Vecchio, j&rsquo;effectuai quelques courses alimentaires et je postai plusieurs cartes postales destin\u00e9es \u00e0 mes proches et coll\u00e8gues de travail.<\/p>\n<p><a href=\"http:\/\/courir-lemonde.com\/wp-content\/uploads\/2017\/06\/IMG_2372.jpg\"><img loading=\"lazy\" decoding=\"async\" class=\"aligncenter wp-image-3368\" src=\"http:\/\/courir-lemonde.com\/wp-content\/uploads\/2017\/06\/IMG_2372-768x1024.jpg\" alt=\"sandwich camembert\" width=\"378\" height=\"500\" \/><\/a><\/p>\n<p style=\"text-align: center;\"><em>Le retour en France est bien marqu\u00e9. La baguette de pain et le camembert sont de retour. Le lonzo (charcuterie) incarne la touche corse (photo courir-lemonde.com)<\/em><\/p>\n<p style=\"text-align: justify;\">Depuis Porto Vecchio, <strong>j&rsquo;atteignis Solenzara sans difficult\u00e9 en d\u00e9pit de quelques grimpettes ardues.<\/strong>\u00a0Plut\u00f4t plaisant, <strong>le parcours longeait la M\u00e9diterran\u00e9e et me proposait de jolis points de vue sur la c\u00f4te l\u00e9g\u00e8rement \u00e9chancr\u00e9e.<\/strong> A Solenzara, je fis un d\u00e9tour par l&rsquo;Office de Tourisme afin de prendre quelques informations \u00e0 propos du col de Bavella que je comptais escalader le lendemain et pour recharger mes appareils \u00e9lectroniques.<\/p>\n<p style=\"text-align: justify;\">Ensuite, je me mis \u00e0 la recherche d&rsquo;un lieu pour planter le bivouac. <strong>Je fis deux vaines tentatives dans des campings ferm\u00e9s<\/strong>. Un peu ronchons, les g\u00e9rants ne souhaitaient pas m&rsquo;accueillir malgr\u00e9 l&rsquo;obole\u00a0que je leur promettais en \u00e9change du service rendu. Finalement, <strong>c&rsquo;est une nouvelle fois en retrait d&rsquo;une plage que je trouvai mon bonheur.<\/strong> J&rsquo;installai mon campement pr\u00e8s d&rsquo;un terrain de p\u00e9tanque \u00e0 l&rsquo;abandon. Ma seconde soir\u00e9e corse fut aussi calme que la premi\u00e8re. Seul fait marquant,<strong> ma cartouche de gaz me l\u00e2cha avant que mes p\u00e2tes soient totalement cuites &#8230; Vive l&rsquo;aventure !<\/strong><\/p>\n<p style=\"text-align: center;\"><a href=\"http:\/\/courir-lemonde.com\/wp-content\/uploads\/2017\/06\/IMG_2386.jpg\"><img loading=\"lazy\" decoding=\"async\" class=\"aligncenter wp-image-3369\" src=\"http:\/\/courir-lemonde.com\/wp-content\/uploads\/2017\/06\/IMG_2386-1024x768.jpg\" alt=\"cote est corse\" width=\"500\" height=\"377\" \/><\/a><em>La c\u00f4te orientale de la Corse est moins spectaculaire que la fa\u00e7ade occidentale <\/em><br \/>\n<em>(photo courir-lemonde.com)<\/em><\/p>\n<p style=\"text-align: center;\"><a href=\"http:\/\/courir-lemonde.com\/wp-content\/uploads\/2017\/06\/IMG_2388.jpg\"><img loading=\"lazy\" decoding=\"async\" class=\"aligncenter wp-image-3370\" src=\"http:\/\/courir-lemonde.com\/wp-content\/uploads\/2017\/06\/IMG_2388-1024x768.jpg\" alt=\"\" width=\"500\" height=\"377\" \/><\/a><em>Bivouac sauvage \u00e0 Solenzara (photo courir-lemonde.com)<\/em><\/p>\n<h1 style=\"text-align: center;\">Etape 20 : Solenzara &#8211; Propriano (75 kilom\u00e8tres)<\/h1>\n<p style=\"text-align: justify;\">Mardi 21 mars. <strong>Le jour de l&rsquo;ascension du toit de mon p\u00e9riple.<\/strong> Depuis Solenzara, <strong>30 kilom\u00e8tres d&rsquo;escalade m&rsquo;attendaient avant de venir \u00e0 bout du redout\u00e9 et redoutable col de Bavella (1218 m\u00e8tres d&rsquo;alt)<\/strong>, rendu c\u00e9l\u00e8bre par les aiguilles qui le surplombent.<br \/>\n<strong>Si je ne con\u00e7ois pas le voyage \u00e0 v\u00e9lo comme un encha\u00eenement de d\u00e9fis cyclistes mais plut\u00f4t comme une fa\u00e7on de voyager \u00e0 \u00ab\u00a0vitesse humaine\u00a0\u00bb en harmonie avec la nature, j&rsquo;aime bien de temps en temps me concocter des journ\u00e9es sportives.<\/strong> Incontestablement, ce mardi 21 mars 2017 en fut une.<\/p>\n<p style=\"text-align: justify;\">Lev\u00e9 vers 6h30, je pris mon petit-d\u00e9jeuner sous une fine bruine face \u00e0 la mer. En d\u00e9pit d&rsquo;une nuit une nouvelle fois mitig\u00e9e, <strong>c&rsquo;est avec motivation que j&rsquo;abordais l&rsquo;ascension du terrible col de Bavella.<\/strong> Cependant un brin d&rsquo;appr\u00e9hension et quelques interrogations trottaient dans mon esprit.<\/p>\n<p style=\"text-align: center;\"><em>\u00ab\u00a0Comment sera la pente ?\u00a0\u00bb<br \/>\n<\/em><em>\u00ab\u00a0Mes d\u00e9veloppements seront-ils adapt\u00e9s ?\u00a0\u00bb<br \/>\n\u00ab\u00a0Mon chargement n&rsquo;est-il pas trop lourd ?\u00a0\u00bb<br \/>\n\u00ab\u00a0Dans quel \u00e9tat serais-je en haut ?\u00a0\u00bb<\/em><\/p>\n<p style=\"text-align: justify;\">Les \u00e9tapes dans les montagnes sardes m&rsquo;avaient donn\u00e9 quelques garanties mais seule la r\u00e9alit\u00e9 du terrain pourrait y r\u00e9pondre.<br \/>\n<strong>Vers 8h30, j&rsquo;enfourchai mon v\u00e9lo lest\u00e9 de sacoches et je partis \u00e0 l&rsquo;assaut du col de Bavella<\/strong>. <strong>Je l&rsquo;atteindrais sur les coups de 13h00 au prix d&rsquo;un violent effort notamment dans les huit derniers kilom\u00e8tres o\u00f9 la pente fut comprise entre 7 et 11%<\/strong>. Retour en vid\u00e9os et en images sur cette \u00e9pique ascension !<\/p>\n<div style=\"width: 584px;\" class=\"wp-video\"><!--[if lt IE 9]><script>document.createElement('video');<\/script><![endif]-->\n<video class=\"wp-video-shortcode\" id=\"video-2951-1\" width=\"584\" height=\"329\" preload=\"metadata\" controls=\"controls\"><source type=\"video\/mp4\" src=\"http:\/\/courir-lemonde.com\/wp-content\/uploads\/2017\/06\/VIDEO0074_02.mp4?_=1\" \/><a href=\"http:\/\/courir-lemonde.com\/wp-content\/uploads\/2017\/06\/VIDEO0074_02.mp4\">http:\/\/courir-lemonde.com\/wp-content\/uploads\/2017\/06\/VIDEO0074_02.mp4<\/a><\/video><\/div>\n<p style=\"text-align: center;\"><em>C&rsquo;est parti pour l&rsquo;ascension du col de Bavella (vid\u00e9o courir-lemonde.com)<\/em><\/p>\n<p style=\"text-align: center;\"><a href=\"http:\/\/courir-lemonde.com\/wp-content\/uploads\/2017\/06\/IMG_2394.jpg\"><img loading=\"lazy\" decoding=\"async\" class=\"aligncenter wp-image-3372\" src=\"http:\/\/courir-lemonde.com\/wp-content\/uploads\/2017\/06\/IMG_2394-1024x768.jpg\" alt=\"col de bavella\" width=\"500\" height=\"377\" \/><\/a><em>La rivi\u00e8re Solenzara m&rsquo;a accompagn\u00e9 durant les premiers kilom\u00e8tres du col<\/em><br \/>\n<em>(photo courir-lemonde.com)<\/em><\/p>\n<div style=\"width: 584px;\" class=\"wp-video\"><video class=\"wp-video-shortcode\" id=\"video-2951-2\" width=\"584\" height=\"329\" preload=\"metadata\" controls=\"controls\"><source type=\"video\/mp4\" src=\"http:\/\/courir-lemonde.com\/wp-content\/uploads\/2017\/06\/VIDEO0076_03.mp4?_=2\" \/><a href=\"http:\/\/courir-lemonde.com\/wp-content\/uploads\/2017\/06\/VIDEO0076_03.mp4\">http:\/\/courir-lemonde.com\/wp-content\/uploads\/2017\/06\/VIDEO0076_03.mp4<\/a><\/video><\/div>\n<p style=\"text-align: center;\"><a href=\"http:\/\/courir-lemonde.com\/wp-content\/uploads\/2017\/06\/IMG_2401.jpg\"><br \/>\n<\/a><em>Portion tr\u00e8s abrupte dans le col de Larone qui pr\u00e9c\u00e8de le col de Bavella <\/em><br \/>\n<em>(vid\u00e9o courir-lemonde.com)<\/em><\/p>\n<p style=\"text-align: center;\"><a href=\"http:\/\/courir-lemonde.com\/wp-content\/uploads\/2017\/06\/IMG_2414.jpg\"><img loading=\"lazy\" decoding=\"async\" class=\"aligncenter wp-image-3374\" src=\"http:\/\/courir-lemonde.com\/wp-content\/uploads\/2017\/06\/IMG_2414-1024x768.jpg\" alt=\"col de bavella\" width=\"500\" height=\"377\" \/><\/a><em>La pente est tr\u00e8s rude dans les ultimes kilom\u00e8tres de l&rsquo;ascension du col de Bavella<br \/>\n(photo courir-lemonde.com)<\/em><\/p>\n<div style=\"width: 584px;\" class=\"wp-video\"><video class=\"wp-video-shortcode\" id=\"video-2951-3\" width=\"584\" height=\"329\" preload=\"metadata\" controls=\"controls\"><source type=\"video\/mp4\" src=\"http:\/\/courir-lemonde.com\/wp-content\/uploads\/2017\/06\/VIDEO0078_03.mp4?_=3\" \/><a href=\"http:\/\/courir-lemonde.com\/wp-content\/uploads\/2017\/06\/VIDEO0078_03.mp4\">http:\/\/courir-lemonde.com\/wp-content\/uploads\/2017\/06\/VIDEO0078_03.mp4<\/a><\/video><\/div>\n<p style=\"text-align: center;\"><em>Les derniers hectom\u00e8tres du col de Bavella. Euphorie et fatigue se m\u00e9langent dans le brouillard (vid\u00e9os courir-lemonde.com)<\/em><\/p>\n<div style=\"width: 584px;\" class=\"wp-video\"><video class=\"wp-video-shortcode\" id=\"video-2951-4\" width=\"584\" height=\"329\" preload=\"metadata\" controls=\"controls\"><source type=\"video\/mp4\" src=\"http:\/\/courir-lemonde.com\/wp-content\/uploads\/2017\/06\/VIDEO0078_03-1.mp4?_=4\" \/><a href=\"http:\/\/courir-lemonde.com\/wp-content\/uploads\/2017\/06\/VIDEO0078_03-1.mp4\">http:\/\/courir-lemonde.com\/wp-content\/uploads\/2017\/06\/VIDEO0078_03-1.mp4<\/a><\/video><\/div>\n<p style=\"text-align: center;\"><a href=\"http:\/\/courir-lemonde.com\/wp-content\/uploads\/2017\/06\/IMG_2429.jpg\"><img loading=\"lazy\" decoding=\"async\" class=\"aligncenter wp-image-3375\" src=\"http:\/\/courir-lemonde.com\/wp-content\/uploads\/2017\/06\/IMG_2429-1024x768.jpg\" alt=\"col de bavella\" width=\"500\" height=\"377\" \/><\/a><em>Heureux au col de Bavella (photo courir-lemonde.com)<\/em><\/p>\n<p style=\"text-align: justify;\">A la suite d&rsquo;une appr\u00e9ciable pause d\u00e9jeuner, <strong>je repris ma folle chevauch\u00e9e dans les montagnes corses<\/strong>. D\u00e9sormais<strong> mon objectif \u00e9tait d&rsquo;atteindre la c\u00f4te occidentale de la Corse pour r\u00e9aliser le \u00ab\u00a0coast to coast\u00a0\u00bb<\/strong> dans la m\u00eame journ\u00e9e. Malheureusement, avant de poursuivre mon chemin, je n&rsquo;eus pas le plaisir de contempler les somptueuses aiguilles de Bavella masqu\u00e9es par un \u00e9pais brouillard.<\/p>\n<p style=\"text-align: justify;\">L&rsquo;apr\u00e8s-midi fut plaisante. <strong>Quel bonheur de slalomer de lacets en lacets \u00e0 vive allure apr\u00e8s le labeur de l&rsquo;ascension matinale<\/strong>. Rapidement, je rejoignis les villages de Zonza puis de Levie. Malgr\u00e9 les efforts consentis durant la matin\u00e9e, <strong>je d\u00e9roulais \u00e0 une allure respectable tout en d\u00e9gustant les beaux paysages corses. <\/strong><\/p>\n<p style=\"text-align: justify;\">Entre Propriano et Sart\u00e8ne, je fis un stop dans une sup\u00e9rette pour faire le plein d&rsquo;eau. <strong>Une dame souriante m&rsquo;indiqua, carte \u00e0 l&rsquo;appui, les jolis spots \u00e0 d\u00e9couvrir dans le secteur.<\/strong> Sur ses conseils, je me dirigeai vers Belv\u00e9d\u00e8re-Campomoro. Finalement, c&rsquo;est l\u00e9g\u00e8rement avant cette localit\u00e9 que <strong>je m\u2019arr\u00eatai, pr\u00e9cis\u00e9ment sur la plage de Portigliolo<\/strong> que j&rsquo;atteignis via un \u00e9troit chemin de terre. Pendant que des jeunes amoureux batifolaient dans les vagues, je d\u00eenai paisiblement sur la plage. Une fois le bivouac mont\u00e9, je me faufilai dans mon abri pour ma <strong>11 \u00e8me nuit cons\u00e9cutive en tente.<\/strong><\/p>\n<p><a href=\"http:\/\/courir-lemonde.com\/wp-content\/uploads\/2017\/06\/IMG_2452.jpg\"><img loading=\"lazy\" decoding=\"async\" class=\"aligncenter wp-image-3377\" src=\"http:\/\/courir-lemonde.com\/wp-content\/uploads\/2017\/06\/IMG_2452-1024x768.jpg\" alt=\"village corse\" width=\"500\" height=\"377\" \/><\/a><\/p>\n<p style=\"text-align: center;\"><em>Le petit village de Mela se trouve entre Levie et Sart\u00e8ne (photo courir-lemonde.com)<\/em><\/p>\n<p style=\"text-align: center;\"><a href=\"http:\/\/courir-lemonde.com\/wp-content\/uploads\/2017\/06\/IMG_2472.jpg\"><img loading=\"lazy\" decoding=\"async\" class=\"aligncenter wp-image-3378\" src=\"http:\/\/courir-lemonde.com\/wp-content\/uploads\/2017\/06\/IMG_2472-1024x768.jpg\" alt=\"plage de portigliolo\" width=\"501\" height=\"378\" \/><\/a><em>Depuis Solenzara sur la c\u00f4te Est, j&rsquo;ai donc r\u00e9ussi \u00e0 atteindre la c\u00f4te Ouest de la Corse au terme d&rsquo;une rude \u00e9tape dans les montagnes corses. Ici la plage de Portigliolo, pr\u00e8s de Propriano, o\u00f9 j&rsquo;ai pass\u00e9 la nuit (photo courir-lemonde.com)<\/em><\/p>\n<h1 style=\"text-align: center;\">Etape 21 et 22 : Propriano &#8211; Coti-Chiavari (75 kilom\u00e8tres)<\/h1>\n<p style=\"text-align: justify;\">Fatigu\u00e9 par l&rsquo;\u00e9tape marathon de la veille,<strong> la journ\u00e9e 22 mars fut calme.<\/strong> Depuis la plage de Portigliolo, je gagnai le centre-ville de Propriano. Une petite vir\u00e9e sur le port puis je fis un<strong> stop \u00e0 l&rsquo;Office du Tourisme<\/strong>. Dans un b\u00e2timent flambant neuf, <strong>je fus chaleureusement accueilli et conseill\u00e9 par deux femmes dynamiques. <\/strong>Nous \u00e9change\u00e2mes pendant un bout de temps sur la Corse, mon p\u00e9riple \u00e0 v\u00e9lo et le travail de conseiller en s\u00e9jour touristique. Chouette ! Je pus aussi recharger mes appareils \u00e9lectroniques et <strong>r\u00e9server une nuit dans une aire naturelle de camping situ\u00e9e \u00e0 une trentaine de kilom\u00e8tres de Propriano.<\/strong><br \/>\nA la mi-journ\u00e9e, je d\u00e9jeunai d&rsquo;une succulente salade \u00e0 la terrasse d&rsquo;un restaurant avant d&rsquo;attaquer ma remont\u00e9e vers Ajaccio.<\/p>\n<p><a href=\"http:\/\/courir-lemonde.com\/wp-content\/uploads\/2017\/06\/IMG_2480.jpg\"><img loading=\"lazy\" decoding=\"async\" class=\"aligncenter wp-image-3379\" src=\"http:\/\/courir-lemonde.com\/wp-content\/uploads\/2017\/06\/IMG_2480-1024x768.jpg\" alt=\"restaurant propriano\" width=\"500\" height=\"377\" \/><\/a><\/p>\n<p style=\"text-align: center;\"><em>Voyager \u00e0 v\u00e9lo et avec un petit budget n&#8217;emp\u00eache pas de faire des restaurants comme ici \u00e0 Propriano (photo courir-lemonde.com)<\/em><\/p>\n<p style=\"text-align: center;\"><a href=\"http:\/\/courir-lemonde.com\/wp-content\/uploads\/2017\/06\/IMG_2501.jpg\"><br \/>\n<\/a><a href=\"http:\/\/courir-lemonde.com\/wp-content\/uploads\/2017\/06\/IMG_2488.jpg\"><img loading=\"lazy\" decoding=\"async\" class=\"aligncenter wp-image-3380\" src=\"http:\/\/courir-lemonde.com\/wp-content\/uploads\/2017\/06\/IMG_2488-1024x768.jpg\" alt=\"porto polo corse\" width=\"500\" height=\"377\" \/><\/a><em>Le littoral du golfe de Valinco pr\u00e8s de Propriano (photo courir-lemonde.com)<\/em><\/p>\n<p style=\"text-align: justify;\"><strong>La sortie de Propriano fut un poil dangereuse.<\/strong> Heureusement, quelques hectom\u00e8tres plus loin, je troquais la tr\u00e8s fr\u00e9quent\u00e9e nationale T40 pour une petite route bordant le golfe de Valinco Propriano. En d\u00e9pit de son profil sinueux, <strong>cette portion littorale parsem\u00e9e de criques fut plaisante.<\/strong><br \/>\nPour rejoindre <strong>l&rsquo;aire de camping naturelle de Kiesale<\/strong> situ\u00e9e sur la commune de Casalabriva, je traversai <strong>des paysages bucoliques compos\u00e9s d&rsquo;une large palette de vert et de nombreux arbres en fleurs<\/strong>. Cela sentait bon la campagne !<\/p>\n<p style=\"text-align: justify;\">Vers 17h00, j\u2019atteignis l&rsquo;aire de camping naturelle de Kiesale qui est tenue par les g\u00e9rants du domaine viticole de Comte Abbatucci. <strong>J&rsquo;installai ma tente dans un bel \u00e9crin de verdure<\/strong> <strong>et de nature<\/strong>. Ne m&rsquo;\u00e9tant pas lav\u00e9 depuis cinq jours,<strong> je courus sous la douche pour go\u00fbter de nouveau plaisir de l&rsquo;eau chaude et me d\u00e9barbouiller.<\/strong> Comme de coutume, la fin de journ\u00e9e fut calme et consacr\u00e9e au d\u00eener puis \u00e0 l&rsquo;\u00e9criture du compte-rendu quotidien et \u00e0 la lecture.<\/p>\n<p style=\"text-align: center;\"><a href=\"http:\/\/courir-lemonde.com\/wp-content\/uploads\/2017\/06\/IMG_2501.jpg\"><img loading=\"lazy\" decoding=\"async\" class=\"aligncenter wp-image-3381\" src=\"http:\/\/courir-lemonde.com\/wp-content\/uploads\/2017\/06\/IMG_2501-1024x768.jpg\" alt=\"campagne corse\" width=\"500\" height=\"377\" \/><\/a><em>Paysages de campagne entre Propriano et Ajaccio (photo courir-lemonde.com)<\/em><\/p>\n<p style=\"text-align: center;\"><a href=\"http:\/\/courir-lemonde.com\/wp-content\/uploads\/2017\/06\/IMG_2502.jpg\"><img loading=\"lazy\" decoding=\"async\" class=\"aligncenter wp-image-3382\" src=\"http:\/\/courir-lemonde.com\/wp-content\/uploads\/2017\/06\/IMG_2502-1024x768.jpg\" alt=\"moutons sur la route \" width=\"501\" height=\"378\" \/><\/a><em>Un troupeau de moutons guid\u00e9 par un berger depuis sa voiture. J&rsquo;affectionne tout particuli\u00e8rement ses images tr\u00e8s rurales\u00a0(photo courir-lemonde.com)<\/em><\/p>\n<p style=\"text-align: center;\"><a href=\"http:\/\/courir-lemonde.com\/wp-content\/uploads\/2017\/06\/IMG_2508.jpg\"><img loading=\"lazy\" decoding=\"async\" class=\"aligncenter wp-image-3383\" src=\"http:\/\/courir-lemonde.com\/wp-content\/uploads\/2017\/06\/IMG_2508-1024x768.jpg\" alt=\"bivouac nature\" width=\"500\" height=\"377\" \/><\/a><em>Bivouac dans l&rsquo;aire naturelle de camping de Kiesale situ\u00e9e sur la commune de Casalabriva au c\u0153ur de la vall\u00e9e du Tavaro (photo courir-lemonde.com)<\/em><\/p>\n<p style=\"text-align: justify;\">La nuit pass\u00e9e au milieu des oliviers fut reposante. Lev\u00e9 vers 8h00, je pris tout mon temps avant de quitter les lieux \u00e0 11h00. Dans un premier temps, <strong>je me dirigeai vers Porto Pollo.<\/strong> Les quinze kilom\u00e8tres pour rallier la station baln\u00e9aire se firent en moins d&rsquo;une heure. <strong>Sur la plage de Porto Pollo, je me posai pour d\u00e9jeuner puis bronzer au soleil avant de poursuivre mon chemin vers le Nord.<\/strong><\/p>\n<p style=\"text-align: center;\"><a href=\"http:\/\/courir-lemonde.com\/wp-content\/uploads\/2017\/06\/IMG_2515.jpg\"><img loading=\"lazy\" decoding=\"async\" class=\"aligncenter wp-image-3384\" src=\"http:\/\/courir-lemonde.com\/wp-content\/uploads\/2017\/06\/IMG_2515-1024x768.jpg\" alt=\"porto pollo\" width=\"500\" height=\"377\" \/><\/a><em>Session bronzage sur la plage de Porto Pollo par 25\u00b0C (photo courir-lemonde.com)<\/em><\/p>\n<p style=\"text-align: justify;\"><strong>Le menu de l&rsquo;apr\u00e8s-midi fut riche en montagnes russes et par cons\u00e9quent en d\u00e9nivel\u00e9. Mes jambes ont ador\u00e9 \ud83d\ude42<\/strong><br \/>\nTout d&rsquo;abord, depuis Porto Pollo, j&rsquo;atteignis le bourg de Serra di Ferro via une mont\u00e9e de quatre kilom\u00e8tres. Puis jusqu&rsquo;au hameau de Portigliolo, o\u00f9 j&rsquo;ai pass\u00e9 la nuit, <strong>d&rsquo;abruptes raidillons et de belles descentes se sont enchain\u00e9s.<\/strong> Magnifique,<strong> le parcours serpentait le long de la corniche et m&rsquo;offrait de beaux points de vue<\/strong> malgr\u00e9 le ciel un peu voil\u00e9. Les paysages et la v\u00e9g\u00e9tation du coin me rappelaient par moment ceux de l&rsquo;archipel des A\u00e7ores. Sur la route, <strong>je rencontrais quelques Corses mais globalement j&rsquo;attirais moins l&rsquo;attention qu&rsquo;en Sardaigne.<\/strong><\/p>\n<p style=\"text-align: justify;\">Dans le village de Portigliolo (commune de Coti-Chiavari),<strong> j&rsquo;\u00e9lus domicile en retrait de la plage sur un terrain vague<\/strong>, cach\u00e9 par quelques arbustes et broussailles.<strong> Alors qu&rsquo;en Sardaigne, j&rsquo;aimais demander \u00e0 des locaux la permission de planter ma tente dans leur jardin, en Corse je n&rsquo;avais pas le bon feeling pour cela<\/strong> et de fait presque chaque soir,<strong> le camping sauvage s&rsquo;imposait<\/strong> de lui m\u00eame.<\/p>\n<p style=\"text-align: center;\"><a href=\"http:\/\/courir-lemonde.com\/wp-content\/uploads\/2017\/06\/IMG_2521.jpg\"><img loading=\"lazy\" decoding=\"async\" class=\"aligncenter wp-image-3385\" src=\"http:\/\/courir-lemonde.com\/wp-content\/uploads\/2017\/06\/IMG_2521-1024x768.jpg\" alt=\"\" width=\"500\" height=\"377\" \/><\/a><em>Plantation d&rsquo;Alo\u00e9 Vera dans le village de Serra-di-Ferro (photo courir-lemonde.com)<\/em><\/p>\n<p><a href=\"http:\/\/courir-lemonde.com\/wp-content\/uploads\/2017\/06\/IMG_2542.jpg\"><img loading=\"lazy\" decoding=\"async\" class=\"aligncenter wp-image-3386\" src=\"http:\/\/courir-lemonde.com\/wp-content\/uploads\/2017\/06\/IMG_2542-1024x768.jpg\" alt=\"Capu Di Muru\" width=\"501\" height=\"378\" \/><\/a><\/p>\n<p style=\"text-align: center;\"><em>Le Capu di Muru marque la d\u00e9limitation entre les golfes de Valinco Propriano et d&rsquo;Ajaccio<br \/>\n(photo courir-lemonde.com)<\/em><\/p>\n<h1 style=\"text-align: center;\">Etape 23 et 24 : Coti-Chiavari &#8211; Ajaccio (60 kilom\u00e8tres)<\/h1>\n<p style=\"text-align: justify;\">Au matin de ce vendredi 24 mars,<strong> je sentis la fin de mon aventure poindre le bout de son nez.<\/strong> Ajaccio, terminus de mon voyage \u00e0 v\u00e9lo n&rsquo;\u00e9tait plus qu&rsquo;\u00e0 quelques coups de p\u00e9dale. D&rsquo;ailleurs, depuis la veille, j\u2019apercevais, au loin, la pr\u00e9fecture de la Corse du Sud.<\/p>\n<p style=\"text-align: justify;\">Sous le soleil, les premiers kilom\u00e8tres du jour furent <strong>une promenade de sant\u00e9 de plages en plages le long du golfe d&rsquo;Ajaccio.<\/strong> A la suite d&rsquo;un bon pique-nique sur la plage de Porticcio, <strong>la quinzaine de kilom\u00e8tres jusqu&rsquo;\u00e0 Ajaccio fut nettement plus sportive<\/strong> surtout lorsque je fus contraint d&#8217;emprunter la rocade de la ville en compagnie de bolides \u00e9voluant \u00e0 plus de 110 km\/h.<br \/>\n<strong>Conseil pour le franchissement des grandes villes : si possible, traversez les pendant les heures creuses.\u00a0<\/strong><\/p>\n<p style=\"text-align: center;\"><a href=\"http:\/\/courir-lemonde.com\/wp-content\/uploads\/2017\/06\/IMG_2563.jpg\"><img loading=\"lazy\" decoding=\"async\" class=\"aligncenter wp-image-3399\" src=\"http:\/\/courir-lemonde.com\/wp-content\/uploads\/2017\/06\/IMG_2563-1024x768.jpg\" alt=\"golfe ajaccio\" width=\"500\" height=\"377\" \/><\/a><em>Le littoral est d\u00e9coup\u00e9 dans le secteur de Coti-Chiavari (photo courir-lemonde.com)<\/em><\/p>\n<p style=\"text-align: center;\"><a href=\"http:\/\/courir-lemonde.com\/wp-content\/uploads\/2017\/06\/IMG_2587.jpg\"><img loading=\"lazy\" decoding=\"async\" class=\"aligncenter wp-image-3388\" src=\"http:\/\/courir-lemonde.com\/wp-content\/uploads\/2017\/06\/IMG_2587-1024x768.jpg\" alt=\"corse \u00e0 v\u00e9lo\" width=\"500\" height=\"377\" \/><\/a><em>Ajaccio n&rsquo;est plus tr\u00e8s loin. Mon p\u00e9riple m\u00e9diterann\u00e9en se termine en douceur de plages en plages (photo courir-lemonde.com)<\/em><\/p>\n<p style=\"text-align: justify;\">En d\u00e9but d&rsquo;apr\u00e8s-midi, <strong>j&rsquo;atteignis le terminus de mon p\u00e9riple cyclonomade. <\/strong>En d\u00e9ambulant dans les rues d&rsquo;Ajaccio, <strong>la satisfaction du \u00ab\u00a0voyage accompli\u00a0\u00bb triomphait<\/strong> de la d\u00e9ception li\u00e9e \u00e0 la fin de cette chouette \u00e9pop\u00e9e solitaire.<strong> La satisfaction d&rsquo;avoir v\u00e9cu mon p\u00e9riple \u00e0 100% <\/strong>depuis Porto Torres.<strong> Le bonheur associ\u00e9 aux belles rencontres effectu\u00e9es <\/strong>sur les routes de Sardaigne et de Corse. Et enfin,<strong> la jouissance d&rsquo;avoir pouss\u00e9 l&rsquo;aventure \u00e0 un seuil que je n&rsquo;avais jamais atteint jusqu&rsquo;alors.<\/strong><\/p>\n<p style=\"text-align: center;\"><a href=\"http:\/\/courir-lemonde.com\/wp-content\/uploads\/2017\/06\/IMG_2607.jpg\"><img loading=\"lazy\" decoding=\"async\" class=\"aligncenter wp-image-3389\" src=\"http:\/\/courir-lemonde.com\/wp-content\/uploads\/2017\/06\/IMG_2607-1024x768.jpg\" alt=\"ajaccio\" width=\"500\" height=\"377\" \/><\/a><em>Mon v\u00e9lo, d\u00e9sormais baptis\u00e9 Pep\u00e8te par mon ami Aur\u00e9lien, \u00e0 Ajaccio<br \/>\n(photo courir-lemonde.com)\u00a0<\/em><\/p>\n<p style=\"text-align: center;\"><a href=\"http:\/\/courir-lemonde.com\/wp-content\/uploads\/2017\/06\/IMG_2621.jpg\"><img loading=\"lazy\" decoding=\"async\" class=\"aligncenter wp-image-3390\" src=\"http:\/\/courir-lemonde.com\/wp-content\/uploads\/2017\/06\/IMG_2621-1024x768.jpg\" alt=\"iles sanguinaires\" width=\"500\" height=\"377\" \/><\/a><em>L&rsquo;archipel des Sanguinaires depuis la Pointe de la Parata. Ce chapelet d&rsquo;\u00eeles se trouve \u00e0 une dizaine de kilom\u00e8tres d&rsquo;Ajaccio (photo courir-lemonde.com)<\/em><\/p>\n<p style=\"text-align: center;\"><a href=\"http:\/\/courir-lemonde.com\/wp-content\/uploads\/2017\/06\/IMG_2623.jpg\"><img loading=\"lazy\" decoding=\"async\" class=\"aligncenter wp-image-3397\" src=\"http:\/\/courir-lemonde.com\/wp-content\/uploads\/2017\/06\/IMG_2623-768x1024.jpg\" alt=\"pietra ajaccio \" width=\"377\" height=\"500\" \/><\/a><em>Je ne pouvais pas quitter l&rsquo;\u00eele de beaut\u00e9 sans boire une Pietra, la c\u00e9l\u00e8bre bi\u00e8re corse<br \/>\n(photo courir-lemonde.com)<\/em><\/p>\n<p style=\"text-align: justify;\">N\u00e9anmoins, mon aventure n&rsquo;\u00e9tait pas compl\u00e8tement termin\u00e9e puisque je prenais le ferry pour Toulon le lendemain en d\u00e9but de soir\u00e9e. Apr\u00e8s plusieurs pauses dans le centre-ville d&rsquo;Ajaccio, <strong>je suivis la route des Sanguinaires jusqu&rsquo;\u00e0 la pointe de la Parata<\/strong>. Une dizaine de kilom\u00e8tres plus loin, j&rsquo;atteignis cette derni\u00e8re et<strong> je pus contempler l&rsquo;archipel des \u00eeles Sanguinaires,<\/strong> cher \u00e0 l&rsquo;\u00e9crivain Alphonse Daudet.<\/p>\n<p style=\"text-align: justify;\">Session bronzage, lecture, \u00e9criture, tri des photos, repas et installation du bivouac rythm\u00e8rent la fin de ma journ\u00e9e. Le coucher du soleil sur le golfe d&rsquo;Ajaccio fut joli mais un peu g\u00e2ch\u00e9 par l&rsquo;arriv\u00e9e des nuages.<br \/>\n<strong>Malgr\u00e9 le fort vent, je fis l&rsquo;erreur de planter la tente sur la plage.<\/strong> Emmitoufl\u00e9 dans mon duvet, j&rsquo;eus beaucoup de mal \u00e0 fermer l\u2019\u0153il \u00e0 cause des bourrasques frappant ma toile de tente. <strong>Cependant, je relativisais en pensant \u00e0 <a href=\"http:\/\/courir-lemonde.com\/index.php\/2017\/04\/02\/voyage-a-velo-en-sardaigne-et-en-corse-a-velo-le-bilan\/\">la formidable aventure que j&rsquo;avais v\u00e9cu pendant pr\u00e8s d&rsquo;un mois en Sardaigne et en Corse.<\/a><\/strong><\/p>\n<p>Pour retrouver les articles pr\u00e9c\u00e9dents sur <strong>mon voyage \u00e0 v\u00e9lo en Sardaigne<\/strong> :<\/p>\n<ul>\n<li><a href=\"http:\/\/courir-lemonde.com\/index.php\/2017\/04\/10\/la-sardaigne-en-velo-de-porto-torres-a-alghero-en-passant-par-stintino-un-debut-de-periple-riche-en-experiences-nouvelles\/\">du 01\/03 au 03\/03 : la Sardaigne \u00e0 v\u00e9lo : de Porto Torres \u00e0 Alghero en passant par Stintino, un d\u00e9but de p\u00e9riple riche en nouvelles exp\u00e9riences <\/a><\/li>\n<\/ul>\n<ul>\n<li><a href=\"http:\/\/courir-lemonde.com\/index.php\/2017\/04\/15\/la-sardaigne-en-velo-de-alghero-a-zeppara-via-la-magnifique-ville-de-bosa-la-belle-aventure-se-poursuit\/\">du 04\/03 au 06\/03 : la Sardaigne \u00e0 v\u00e9lo : de Alghero \u00e0 Zeppara via la magnifique ville de Bosa, la belle aventure se poursuit<\/a><\/li>\n<\/ul>\n<ul>\n<li><a href=\"http:\/\/courir-lemonde.com\/index.php\/2017\/04\/22\/la-sardaigne-en-velo-de-zeppara-a-girasole-objectif-cote-est-via-les-montagnes-sardes\/\">du 07\/03 au 09\/03 : la Sardaigne \u00e0 v\u00e9lo : de Zeppara \u00e0 Girasole, objectif\u00a0c\u00f4te Est via les montagnes sardes<\/a><\/li>\n<\/ul>\n<ul>\n<li><a href=\"http:\/\/courir-lemonde.com\/index.php\/2017\/04\/30\/la-sardaigne-en-velo-de-girasole-a-cala-gonone-dolce-vita-dans-le-parc-national-du-golfe-dorosei-gennargentu\/\">du 10\/03 au 12\/03 : la Sardaigne \u00e0 v\u00e9lo : de Girasole \u00e0 Cala Gonone, dolce vita dans le Parc National du\u00a0golfe de Orosei &#8211; Gennargentu<\/a><\/li>\n<\/ul>\n<ul>\n<li><a href=\"http:\/\/courir-lemonde.com\/index.php\/2017\/05\/13\/la-sardaigne-en-velo-de-cala-gonone-a-palau-remontee-de-la-cote-est-sous-le-soleil\/\">du 13\/03 au 15\/03 : la Sardaigne \u00e0 v\u00e9lo : de Cala Gonone \u00e0 Palau, remont\u00e9e de la c\u00f4te Est sous le soleil<\/a><\/li>\n<\/ul>\n<ul>\n<li><a href=\"http:\/\/courir-lemonde.com\/index.php\/2017\/05\/25\/la-sardaigne-en-velo-larchipel-de-la-maddalena-et-derniers-tours-de-roues-entre-palau-et-santa-teresa-gallura\/\">du 16\/03 au 18\/03 : la Sardaigne \u00e0 v\u00e9lo :\u00a0 l&rsquo;archipel de Maddalena et derniers tours de roues en Sardaigne entre Palau et Santa Teresa Gallura<\/a><\/li>\n<\/ul>\n","protected":false},"excerpt":{"rendered":"<p>Apr\u00e8s 18 jours de dolce vita en Sardaigne, j&rsquo;ai arpent\u00e9 le Sud de la Corse pendant une semaine (photo courir-lemonde.com)\u00a0 Apr\u00e8s avoir parcouru la Sardaigne, j&rsquo;ai achev\u00e9 mon voyage \u00e0 v\u00e9lo par une semaine en\u00a0Corse. Ainsi, j&rsquo;ai arpent\u00e9 la partie &hellip; <a href=\"https:\/\/courir-lemonde.com\/index.php\/2017\/05\/30\/la-corse-a-velo-entre-mer-et-montagne-de-bonifacio-a-ajaccio-via-le-col-de-bavella\/\">Continuer la lecture <span class=\"meta-nav\">&rarr;<\/span><\/a><\/p>\n","protected":false},"author":1,"featured_media":0,"comment_status":"open","ping_status":"open","sticky":false,"template":"","format":"standard","meta":{"footnotes":""},"categories":[265,283],"tags":[267,270,206,268],"yoast_head":"<!-- This site is optimized with the Yoast SEO plugin v21.8.1 - https:\/\/yoast.com\/wordpress\/plugins\/seo\/ -->\n<title>La Corse \u00e0 v\u00e9lo : entre mer et montagne de Bonifacio \u00e0 Ajaccio via le col de Bavella - Courir Le Monde<\/title>\n<meta name=\"robots\" content=\"index, follow, max-snippet:-1, max-image-preview:large, max-video-preview:-1\" \/>\n<link rel=\"canonical\" href=\"https:\/\/courir-lemonde.com\/index.php\/2017\/05\/30\/la-corse-a-velo-entre-mer-et-montagne-de-bonifacio-a-ajaccio-via-le-col-de-bavella\/\" \/>\n<meta property=\"og:locale\" content=\"fr_FR\" \/>\n<meta property=\"og:type\" content=\"article\" \/>\n<meta property=\"og:title\" content=\"La Corse \u00e0 v\u00e9lo : entre mer et montagne de Bonifacio \u00e0 Ajaccio via le col de Bavella - Courir Le Monde\" \/>\n<meta property=\"og:description\" content=\"Apr\u00e8s 18 jours de dolce vita en Sardaigne, j&rsquo;ai arpent\u00e9 le Sud de la Corse pendant une semaine (photo courir-lemonde.com)\u00a0 Apr\u00e8s avoir parcouru la Sardaigne, j&rsquo;ai achev\u00e9 mon voyage \u00e0 v\u00e9lo par une semaine en\u00a0Corse. Ainsi, j&rsquo;ai arpent\u00e9 la partie &hellip; Continuer la lecture &rarr;\" \/>\n<meta property=\"og:url\" content=\"https:\/\/courir-lemonde.com\/index.php\/2017\/05\/30\/la-corse-a-velo-entre-mer-et-montagne-de-bonifacio-a-ajaccio-via-le-col-de-bavella\/\" \/>\n<meta property=\"og:site_name\" content=\"Courir Le Monde\" \/>\n<meta property=\"article:published_time\" content=\"2017-05-30T08:42:25+00:00\" \/>\n<meta property=\"article:modified_time\" content=\"2017-08-08T07:48:25+00:00\" \/>\n<meta property=\"og:image\" content=\"http:\/\/courir-lemonde.com\/wp-content\/uploads\/2017\/06\/IMG_2588-1024x768.jpg\" \/>\n<meta name=\"author\" content=\"Chap44\" \/>\n<meta name=\"twitter:card\" content=\"summary_large_image\" \/>\n<meta name=\"twitter:label1\" content=\"\u00c9crit par\" \/>\n\t<meta name=\"twitter:data1\" content=\"Chap44\" \/>\n\t<meta name=\"twitter:label2\" content=\"Dur\u00e9e de lecture estim\u00e9e\" \/>\n\t<meta name=\"twitter:data2\" content=\"15 minutes\" \/>\n<script type=\"application\/ld+json\" class=\"yoast-schema-graph\">{\"@context\":\"https:\/\/schema.org\",\"@graph\":[{\"@type\":\"WebPage\",\"@id\":\"https:\/\/courir-lemonde.com\/index.php\/2017\/05\/30\/la-corse-a-velo-entre-mer-et-montagne-de-bonifacio-a-ajaccio-via-le-col-de-bavella\/\",\"url\":\"https:\/\/courir-lemonde.com\/index.php\/2017\/05\/30\/la-corse-a-velo-entre-mer-et-montagne-de-bonifacio-a-ajaccio-via-le-col-de-bavella\/\",\"name\":\"La Corse \u00e0 v\u00e9lo : entre mer et montagne de Bonifacio \u00e0 Ajaccio via le col de Bavella - Courir Le Monde\",\"isPartOf\":{\"@id\":\"https:\/\/courir-lemonde.com\/#website\"},\"datePublished\":\"2017-05-30T08:42:25+00:00\",\"dateModified\":\"2017-08-08T07:48:25+00:00\",\"author\":{\"@id\":\"https:\/\/courir-lemonde.com\/#\/schema\/person\/baaa624d701d53d176c763f85b3114e4\"},\"breadcrumb\":{\"@id\":\"https:\/\/courir-lemonde.com\/index.php\/2017\/05\/30\/la-corse-a-velo-entre-mer-et-montagne-de-bonifacio-a-ajaccio-via-le-col-de-bavella\/#breadcrumb\"},\"inLanguage\":\"fr-FR\",\"potentialAction\":[{\"@type\":\"ReadAction\",\"target\":[\"https:\/\/courir-lemonde.com\/index.php\/2017\/05\/30\/la-corse-a-velo-entre-mer-et-montagne-de-bonifacio-a-ajaccio-via-le-col-de-bavella\/\"]}]},{\"@type\":\"BreadcrumbList\",\"@id\":\"https:\/\/courir-lemonde.com\/index.php\/2017\/05\/30\/la-corse-a-velo-entre-mer-et-montagne-de-bonifacio-a-ajaccio-via-le-col-de-bavella\/#breadcrumb\",\"itemListElement\":[{\"@type\":\"ListItem\",\"position\":1,\"name\":\"Accueil\",\"item\":\"https:\/\/courir-lemonde.com\/\"},{\"@type\":\"ListItem\",\"position\":2,\"name\":\"La Corse \u00e0 v\u00e9lo : entre mer et montagne de Bonifacio \u00e0 Ajaccio via le col de Bavella\"}]},{\"@type\":\"WebSite\",\"@id\":\"https:\/\/courir-lemonde.com\/#website\",\"url\":\"https:\/\/courir-lemonde.com\/\",\"name\":\"Courir Le Monde\",\"description\":\"Le site de Valentin Chapalain, passionn\u00e9 d&#039;aventures et de voyages\",\"potentialAction\":[{\"@type\":\"SearchAction\",\"target\":{\"@type\":\"EntryPoint\",\"urlTemplate\":\"https:\/\/courir-lemonde.com\/?s={search_term_string}\"},\"query-input\":\"required name=search_term_string\"}],\"inLanguage\":\"fr-FR\"},{\"@type\":\"Person\",\"@id\":\"https:\/\/courir-lemonde.com\/#\/schema\/person\/baaa624d701d53d176c763f85b3114e4\",\"name\":\"Chap44\",\"image\":{\"@type\":\"ImageObject\",\"inLanguage\":\"fr-FR\",\"@id\":\"https:\/\/courir-lemonde.com\/#\/schema\/person\/image\/\",\"url\":\"https:\/\/secure.gravatar.com\/avatar\/f6a3fcbb365f597d6259be5c4dc6c05c?s=96&d=mm&r=g\",\"contentUrl\":\"https:\/\/secure.gravatar.com\/avatar\/f6a3fcbb365f597d6259be5c4dc6c05c?s=96&d=mm&r=g\",\"caption\":\"Chap44\"},\"url\":\"https:\/\/courir-lemonde.com\/index.php\/author\/chap331244\/\"}]}<\/script>\n<!-- \/ Yoast SEO plugin. -->","yoast_head_json":{"title":"La Corse \u00e0 v\u00e9lo : entre mer et montagne de Bonifacio \u00e0 Ajaccio via le col de Bavella - Courir Le Monde","robots":{"index":"index","follow":"follow","max-snippet":"max-snippet:-1","max-image-preview":"max-image-preview:large","max-video-preview":"max-video-preview:-1"},"canonical":"https:\/\/courir-lemonde.com\/index.php\/2017\/05\/30\/la-corse-a-velo-entre-mer-et-montagne-de-bonifacio-a-ajaccio-via-le-col-de-bavella\/","og_locale":"fr_FR","og_type":"article","og_title":"La Corse \u00e0 v\u00e9lo : entre mer et montagne de Bonifacio \u00e0 Ajaccio via le col de Bavella - Courir Le Monde","og_description":"Apr\u00e8s 18 jours de dolce vita en Sardaigne, j&rsquo;ai arpent\u00e9 le Sud de la Corse pendant une semaine (photo courir-lemonde.com)\u00a0 Apr\u00e8s avoir parcouru la Sardaigne, j&rsquo;ai achev\u00e9 mon voyage \u00e0 v\u00e9lo par une semaine en\u00a0Corse. Ainsi, j&rsquo;ai arpent\u00e9 la partie &hellip; Continuer la lecture &rarr;","og_url":"https:\/\/courir-lemonde.com\/index.php\/2017\/05\/30\/la-corse-a-velo-entre-mer-et-montagne-de-bonifacio-a-ajaccio-via-le-col-de-bavella\/","og_site_name":"Courir Le Monde","article_published_time":"2017-05-30T08:42:25+00:00","article_modified_time":"2017-08-08T07:48:25+00:00","og_image":[{"url":"http:\/\/courir-lemonde.com\/wp-content\/uploads\/2017\/06\/IMG_2588-1024x768.jpg"}],"author":"Chap44","twitter_card":"summary_large_image","twitter_misc":{"\u00c9crit par":"Chap44","Dur\u00e9e de lecture estim\u00e9e":"15 minutes"},"schema":{"@context":"https:\/\/schema.org","@graph":[{"@type":"WebPage","@id":"https:\/\/courir-lemonde.com\/index.php\/2017\/05\/30\/la-corse-a-velo-entre-mer-et-montagne-de-bonifacio-a-ajaccio-via-le-col-de-bavella\/","url":"https:\/\/courir-lemonde.com\/index.php\/2017\/05\/30\/la-corse-a-velo-entre-mer-et-montagne-de-bonifacio-a-ajaccio-via-le-col-de-bavella\/","name":"La Corse \u00e0 v\u00e9lo : entre mer et montagne de Bonifacio \u00e0 Ajaccio via le col de Bavella - Courir Le Monde","isPartOf":{"@id":"https:\/\/courir-lemonde.com\/#website"},"datePublished":"2017-05-30T08:42:25+00:00","dateModified":"2017-08-08T07:48:25+00:00","author":{"@id":"https:\/\/courir-lemonde.com\/#\/schema\/person\/baaa624d701d53d176c763f85b3114e4"},"breadcrumb":{"@id":"https:\/\/courir-lemonde.com\/index.php\/2017\/05\/30\/la-corse-a-velo-entre-mer-et-montagne-de-bonifacio-a-ajaccio-via-le-col-de-bavella\/#breadcrumb"},"inLanguage":"fr-FR","potentialAction":[{"@type":"ReadAction","target":["https:\/\/courir-lemonde.com\/index.php\/2017\/05\/30\/la-corse-a-velo-entre-mer-et-montagne-de-bonifacio-a-ajaccio-via-le-col-de-bavella\/"]}]},{"@type":"BreadcrumbList","@id":"https:\/\/courir-lemonde.com\/index.php\/2017\/05\/30\/la-corse-a-velo-entre-mer-et-montagne-de-bonifacio-a-ajaccio-via-le-col-de-bavella\/#breadcrumb","itemListElement":[{"@type":"ListItem","position":1,"name":"Accueil","item":"https:\/\/courir-lemonde.com\/"},{"@type":"ListItem","position":2,"name":"La Corse \u00e0 v\u00e9lo : entre mer et montagne de Bonifacio \u00e0 Ajaccio via le col de Bavella"}]},{"@type":"WebSite","@id":"https:\/\/courir-lemonde.com\/#website","url":"https:\/\/courir-lemonde.com\/","name":"Courir Le Monde","description":"Le site de Valentin Chapalain, passionn\u00e9 d&#039;aventures et de voyages","potentialAction":[{"@type":"SearchAction","target":{"@type":"EntryPoint","urlTemplate":"https:\/\/courir-lemonde.com\/?s={search_term_string}"},"query-input":"required name=search_term_string"}],"inLanguage":"fr-FR"},{"@type":"Person","@id":"https:\/\/courir-lemonde.com\/#\/schema\/person\/baaa624d701d53d176c763f85b3114e4","name":"Chap44","image":{"@type":"ImageObject","inLanguage":"fr-FR","@id":"https:\/\/courir-lemonde.com\/#\/schema\/person\/image\/","url":"https:\/\/secure.gravatar.com\/avatar\/f6a3fcbb365f597d6259be5c4dc6c05c?s=96&d=mm&r=g","contentUrl":"https:\/\/secure.gravatar.com\/avatar\/f6a3fcbb365f597d6259be5c4dc6c05c?s=96&d=mm&r=g","caption":"Chap44"},"url":"https:\/\/courir-lemonde.com\/index.php\/author\/chap331244\/"}]}},"_links":{"self":[{"href":"https:\/\/courir-lemonde.com\/index.php\/wp-json\/wp\/v2\/posts\/2951"}],"collection":[{"href":"https:\/\/courir-lemonde.com\/index.php\/wp-json\/wp\/v2\/posts"}],"about":[{"href":"https:\/\/courir-lemonde.com\/index.php\/wp-json\/wp\/v2\/types\/post"}],"author":[{"embeddable":true,"href":"https:\/\/courir-lemonde.com\/index.php\/wp-json\/wp\/v2\/users\/1"}],"replies":[{"embeddable":true,"href":"https:\/\/courir-lemonde.com\/index.php\/wp-json\/wp\/v2\/comments?post=2951"}],"version-history":[{"count":19,"href":"https:\/\/courir-lemonde.com\/index.php\/wp-json\/wp\/v2\/posts\/2951\/revisions"}],"predecessor-version":[{"id":3562,"href":"https:\/\/courir-lemonde.com\/index.php\/wp-json\/wp\/v2\/posts\/2951\/revisions\/3562"}],"wp:attachment":[{"href":"https:\/\/courir-lemonde.com\/index.php\/wp-json\/wp\/v2\/media?parent=2951"}],"wp:term":[{"taxonomy":"category","embeddable":true,"href":"https:\/\/courir-lemonde.com\/index.php\/wp-json\/wp\/v2\/categories?post=2951"},{"taxonomy":"post_tag","embeddable":true,"href":"https:\/\/courir-lemonde.com\/index.php\/wp-json\/wp\/v2\/tags?post=2951"}],"curies":[{"name":"wp","href":"https:\/\/api.w.org\/{rel}","templated":true}]}}