{"id":3713,"date":"2017-09-29T08:16:44","date_gmt":"2017-09-29T07:16:44","guid":{"rendered":"http:\/\/courir-lemonde.com\/?p=3713"},"modified":"2018-04-24T14:29:49","modified_gmt":"2018-04-24T13:29:49","slug":"voyage-en-islande-les-coups-de-coeur-daude-et-anthony","status":"publish","type":"post","link":"https:\/\/courir-lemonde.com\/index.php\/2017\/09\/29\/voyage-en-islande-les-coups-de-coeur-daude-et-anthony\/","title":{"rendered":"Voyage en Islande : les coups de c\u0153ur d&rsquo;Aude et Anthony"},"content":{"rendered":"<p style=\"text-align: center;\"><a href=\"http:\/\/courir-lemonde.com\/wp-content\/uploads\/2017\/09\/coups-coeur-islande.jpg\"><img loading=\"lazy\" decoding=\"async\" class=\"aligncenter wp-image-3759\" src=\"http:\/\/courir-lemonde.com\/wp-content\/uploads\/2017\/09\/coups-coeur-islande-1024x683.jpg\" alt=\"coups de coeur Islande \" width=\"551\" height=\"371\" \/><\/a><em>Anthony et Aude devant la cascade de Gullfoss en Islande (photo Anthony et Aude)<\/em><\/p>\n<p style=\"text-align: justify;\"><em>La sauvage Islande fascine, intrigue et attire de plus en plus de voyageurs qui viennent y d\u00e9couvrir sa belle et riche nature. Peupl\u00e9e par seulement 335 000 habitants, il faut dire que la \u00ab\u00a0terre de glace\u00a0\u00bb regorge de grands espaces et offre une large palette de ph\u00e9nom\u00e8nes et d&rsquo;\u00e9difices g\u00e9ologiques et g\u00e9ographiques \u00e0 observer. Des volcans explosifs (souvenez vous<span class=\"st\"> de l&rsquo;\u00e9ruption de l&rsquo;Eyjafj\u00f6l<\/span> qui avait paralys\u00e9 le trafic a\u00e9rien en Europe en 2010), de sinueux et profonds fjords, de virevoltants geysers, de puissantes cascades mais aussi des lacs et d&rsquo;immenses glaciers. Une indomptable nature que mon fr\u00e8re Anthony et sa copine Aude ont d\u00e9couvert lors d&rsquo;un road-trip d&rsquo;une quinzaine de jours en ao\u00fbt 2016.<br \/>\nForts de ce superbe voyage en terre nordique, ils vous livrent chacun en textes et en images leurs quatre coups de c\u0153ur islandais. De quoi vous donner envie d&rsquo;aller d\u00e9couvrir l&rsquo;Islande \u00e0 votre tour \ud83d\ude42<br \/>\n<\/em><!--more--><\/p>\n<h1 style=\"text-align: center;\">Prendre le pouls de la Terre \u00e0 Hverir (Aude)<\/h1>\n<p style=\"text-align: center;\"><a href=\"http:\/\/courir-lemonde.com\/wp-content\/uploads\/2017\/09\/hverir-islande.jpg\"><img loading=\"lazy\" decoding=\"async\" class=\"aligncenter wp-image-3740\" src=\"http:\/\/courir-lemonde.com\/wp-content\/uploads\/2017\/09\/hverir-islande-1024x683.jpg\" alt=\"Hverir Islande \" width=\"551\" height=\"371\" \/><\/a><em>Sur le site de Hverir, on prend totalement conscience de l&rsquo;importante activit\u00e9 qui anime le sous-sol (photo Anthony et Aude)<\/em><\/p>\n<p class=\"Standard\" style=\"text-align: justify;\">En France le sol semble fixe et malgr\u00e9 notre sensibilisation \u00e0 la g\u00e9ologie, au quotidien on s\u2019imagine difficilement que la Terre est mouvante.\u00a0<strong>A Hverir, cette Terre fougueuse laisse entrapercevoir son activit\u00e9 et on se retrouve plonger dans sa fascinante agitation.<\/strong> Les petites mares de boue luisantes fr\u00e9missent et forment des bulles au gr\u00e9 des variations de la temp\u00e9rature du sol. Des fumerolles enveloppent doucement les passants.<br \/>\n<span style=\"line-height: inherit;\">D\u2019un c\u00f4t\u00e9, on est au milieu des mares bouillonnantes, de l\u2019autre on se retrouve dans un paysage de d\u00e9sert o\u00f9 une pluie de petites roches m\u00e9t\u00e9orites semble s\u2019\u00eatre d\u00e9pos\u00e9e sur un sable rouge bordeaux. <strong>\u00c0 chaque pas on d\u00e9couvre une nouvelle couleur, une nouvelle roche, une nouvelle trace de la Terre fr\u00e9missante.<\/strong> Alors quel dommage de rester \u00e0 l\u2019impression commun\u00e9ment admise d\u2019Hverir\u00a0: \u00ab\u00a0\u00c7a pu l\u2019\u0153uf pourri\u00a0\u00bb.<\/span><\/p>\n<h1 style=\"text-align: center;\">Contempler la lagune glaciaire de Jokulsarlon et sa plage glac\u00e9e (Anthony)<\/h1>\n<p style=\"text-align: center;\"><a href=\"http:\/\/courir-lemonde.com\/wp-content\/uploads\/2017\/09\/jokulsarlon.jpg\"><img loading=\"lazy\" decoding=\"async\" class=\"aligncenter wp-image-3748\" src=\"http:\/\/courir-lemonde.com\/wp-content\/uploads\/2017\/09\/jokulsarlon-1024x768.jpg\" alt=\"jokulsarlon glacier Islande\" width=\"501\" height=\"379\" \/><\/a><em>Jokulsarlon est un lieu \u00e0 ne pas manquer en Islande (photo Anthony et Aude)\u00a0<\/em><\/p>\n<p style=\"text-align: justify;\">Situ\u00e9e dans la partie m\u00e9ridionale de l&rsquo;Islande, la lagune de Jokulsarlon m&rsquo;a beaucoup enthousiasm\u00e9. Ce site d&rsquo;une rare beaut\u00e9 est constitu\u00e9<strong> d&rsquo;un lagon et d&rsquo;une plage de sable noir o\u00f9 viennent s&rsquo;\u00e9chouer des blocs de glaces qui se d\u00e9tachent du glacier Vatnajokull, le plus grand d&rsquo;Europe<\/strong>. Avant de gagner la mer ces petits icebergs d\u00e9rivent dans le lagon. Plus leur couleur est bleut\u00e9e, plus la glace est dite dense. A Jokulsarlon, la lumi\u00e8re soit quasi inexistante (hiver) soit omnipr\u00e9sente (\u00e9t\u00e9) ainsi que le d\u00e9fil\u00e9 des blocs donnent <strong>une palette de couleurs et un caract\u00e8re changeant et unique \u00e0 ce paysage glaciaire.<\/strong>\u00a0 Le courant et les vagues font terminer leur chemin sur la plage. <strong>Le contraste entre le sable noir et la glace bleu cristalline y est stup\u00e9fiant.<\/strong><\/p>\n<h1 class=\"Standard\" style=\"text-align: center;\">Partir \u00e0 la recherche des sources d\u2019eau chaude et s&rsquo;y baigner (Aude)<\/h1>\n<p style=\"text-align: center;\"><a href=\"http:\/\/courir-lemonde.com\/wp-content\/uploads\/2017\/09\/rivi\u00e8re-chaude-hveragerdi.jpg\"><img loading=\"lazy\" decoding=\"async\" class=\"aligncenter wp-image-3747\" src=\"http:\/\/courir-lemonde.com\/wp-content\/uploads\/2017\/09\/rivi\u00e8re-chaude-hveragerdi-1024x683.jpg\" alt=\"rivi\u00e8re chaude hveragerdi source d'eau chaude Islande\" width=\"550\" height=\"371\" \/><\/a><em>Petite baignade dans les chaudes eaux d&rsquo;un ruisselet islandais (photo Anthony et Aude)\u00a0<\/em><\/p>\n<p class=\"Standard\" style=\"text-align: justify;\">Durant notre p\u00e9riple en Islande, <strong>notre objectif quotidien est vite devenu de trouver et de se baigner dans des sources d&rsquo;eau chaude ou des \u00ab\u00a0hot pots\u00a0\u00bb.<\/strong> En Islande, vous en trouverez une large palette de la piscine municipale (dans chaque commune) \u00e0 la rivi\u00e8re d&rsquo;eau chaude en passant par des petits bassins am\u00e9nag\u00e9s. Et <strong>quel bonheur de faire trempette apr\u00e8s une journ\u00e9e marqu\u00e9e par le froid ou la pluie.<\/strong> Outre le caract\u00e8re reconstituant d&rsquo;un bain chaud, ces piscines ont l\u2019avantage d\u2019obliger \u00e0 se doucher, enti\u00e8rement nu, avec savon fourni. Cette obligation a \u00e9t\u00e9 prise pour des mesures d\u2019hygi\u00e8ne. Nous en profitions pour se laver et m\u00eame se s\u00e9cher les cheveux (s\u00e8che-cheveux toujours \u00e0 disposition) apr\u00e8s le bain. <strong>Nous passions donc des heures dans les piscines \u00e0 profiter de la chaleur de l&rsquo;eau et des douches<\/strong> plut\u00f4t que de s\u2019installer dans un camping o\u00f9 la douche \u00e9tait souvent payante et moins agr\u00e9able.<\/p>\n<h1 class=\"Standard\" style=\"text-align: center;\"><strong>Randonner \u00e0 Landmanalaugar (Anthony)<\/strong><\/h1>\n<p style=\"text-align: center;\"><a href=\"http:\/\/courir-lemonde.com\/wp-content\/uploads\/2017\/09\/landmanalaugar-2.jpg\"><img loading=\"lazy\" decoding=\"async\" class=\"aligncenter wp-image-3745\" src=\"http:\/\/courir-lemonde.com\/wp-content\/uploads\/2017\/09\/landmanalaugar-2-1024x768.jpg\" alt=\"landmanalaugar coups de coeur en Islande\" width=\"500\" height=\"378\" \/><\/a><em>Les paysages ocres de Landmanalaugar sont tr\u00e8s pris\u00e9s des randonneurs<\/em><br \/>\n<em> (photo Anthony et Aude)\u00a0<\/em><\/p>\n<p class=\"Standard\" style=\"text-align: justify;\">Accessible uniquement par une route F (route gravillonn\u00e9e avec passage d&rsquo;une rivi\u00e8re \u00e0 la fin), <strong>c&rsquo;est une vall\u00e9e glaciaire marqu\u00e9e par des collines rhyolitiques de multiples couleurs comme l&rsquo;ocre et le jaune et des langues glaciaires<\/strong> o\u00f9 nous avons test\u00e9 la luge sur k-way sans grand succ\u00e8s. Des rivi\u00e8res et des coul\u00e9es d&rsquo;obsidiennes composent \u00e9galement le paysage. Le site de Landmanalaugar est\u00a0aussi le d\u00e9but d&rsquo;un trek r\u00e9put\u00e9 de 55 kilom\u00e8tres qui va jusqu&rsquo;\u00e0 Porsmorsk proche de Myrdalsjokull.<br \/>\nNous nous sommes content\u00e9s <strong>d&rsquo;une randonn\u00e9e de trois heures avec un point de vue sur le glacier Hofsjokull et sur les splendides versants multicolores dus au volcanisme.<\/strong><\/p>\n<h1 class=\"Standard\" style=\"text-align: center;\"><strong>Tester le t\u00f6lt sur la plage de sable noir de L\u00fdsuh\u00f3ll (Aude)\u00a0<\/strong><\/h1>\n<p style=\"text-align: center;\"><a href=\"http:\/\/courir-lemonde.com\/wp-content\/uploads\/2017\/09\/cheval-lysuhol.jpg\"><img loading=\"lazy\" decoding=\"async\" class=\"aligncenter wp-image-3741\" src=\"http:\/\/courir-lemonde.com\/wp-content\/uploads\/2017\/09\/cheval-lysuhol-1024x768.jpg\" alt=\"cheval lysuhol\" width=\"500\" height=\"378\" \/><\/a><em>A Cheval sur la plage de\u00a0L\u00fdsuh\u00f3ll\u00a0sur la p\u00e9ninsule de <span class=\"st\">Sn\u00e6fellsnes<\/span><br \/>\n(photo Anthony et Aude)<\/em><\/p>\n<p class=\"Standard\" style=\"text-align: justify;\"><strong>Passionn\u00e9e par l&rsquo;\u00e9quitation, d\u00e9couvrir les fameux chevaux islandais est leurs allures sp\u00e9cifiques le t\u00f6lt et l\u2019amble \u00e9tait un objectif important du voyage<\/strong> pour moi. Et je ne fus pas d\u00e9\u00e7ue\u00a0! <strong>Les chevaux sont partout<\/strong> et dans certaines r\u00e9gions ils sont m\u00eame plus nombreux que les moutons. Les troupeaux s\u2019\u00e9talent \u00e0 perte de vue dans les paysages. <strong>Ce sont des petits chevaux rustiques, qui ressemblent \u00e0 de grands shetlands<\/strong>, mais attention de ne pas dire que ce sont des poneys pour ne pas vexer les Islandais\u00a0!<br \/>\n<span style=\"line-height: inherit;\">Nous avons test\u00e9 <strong>le t\u00f6lt, allure aussi confortable que le pas et aussi rapide que le trot, dans la ferme de L\u00fdsuh\u00f3ll sur la p\u00e9ninsule de <span class=\"st\">Sn\u00e6fellsnes <\/span><\/strong>qui propose des randonn\u00e9es \u00e9questres et des chambres d\u2019h\u00f4tes. <strong>Tr\u00e8s bel endroit pour \u00ab\u00a0t\u00f6lter\u00a0\u00bb sur une grande plage de galets noirs avec en arri\u00e8re plan le volcan du c\u00e9l\u00e8bre \u00ab\u00a0<\/strong><\/span><i style=\"line-height: inherit;\"><strong>Voyage au centre de la terre\u00a0\u00bb<\/strong> <\/i>mis en avant par l&rsquo;ind\u00e9modable Jules Verne.<\/p>\n<h1 class=\"Standard\" style=\"text-align: center;\">Faire du land art sur la plage de Vik (Anthony)<\/h1>\n<p style=\"text-align: center;\"><a href=\"http:\/\/courir-lemonde.com\/wp-content\/uploads\/2017\/09\/land-art-vik.jpg\"><img loading=\"lazy\" decoding=\"async\" class=\"aligncenter wp-image-3742\" src=\"http:\/\/courir-lemonde.com\/wp-content\/uploads\/2017\/09\/land-art-vik-1024x768.jpg\" alt=\"land art Vik Islande\" width=\"500\" height=\"378\" \/><\/a><em>Agr\u00e9able session land art sur la plage de Vik (photo Anthony et Aude)\u00a0<\/em><\/p>\n<p class=\"Standard\" style=\"text-align: justify;\"><strong>Grand amateur de land art, je me suis r\u00e9gal\u00e9 en Islande avec de nombreux spots agr\u00e9ables pour le pratiquer.<\/strong> <strong>Coup de c\u0153ur pour la plage de Vik<\/strong> o\u00f9 les pierres volcaniques particuli\u00e8rement plates et l\u00e9g\u00e8res m&rsquo;ont permis de r\u00e9aliser de belles constructions. <strong>Cette activit\u00e9 est \u00e0 la fois physique car il faut porter les pierres, mais aussi apaisante du fait qu&rsquo;il faille trouver les pierres ad\u00e9quates et \u00ab\u00a0sentir\u00a0\u00bb l&rsquo;\u00e9quilibre de l\u2019\u0153uvre \u00e9ph\u00e9m\u00e8re.<\/strong> Cool les plages islandaise pour le land art.<\/p>\n<h1 class=\"Standard\" style=\"text-align: center;\">\u00c9couter le silence au sommet du Hj\u00f6rleifsh\u00f6f\u00f0i (Aude)<\/h1>\n<p style=\"text-align: center;\"><a href=\"http:\/\/courir-lemonde.com\/wp-content\/uploads\/2017\/09\/ile-des-premiers-hab-vik.jpg\"><img loading=\"lazy\" decoding=\"async\" class=\"aligncenter wp-image-3746\" src=\"http:\/\/courir-lemonde.com\/wp-content\/uploads\/2017\/09\/ile-des-premiers-hab-vik-1024x768.jpg\" alt=\"\" width=\"501\" height=\"379\" \/><\/a><em>Hj\u00f6rleifsh\u00f6f\u00f0i, un lieu mystique o\u00f9 savourer le silence (photo Anthony et Aude)<\/em><\/p>\n<p class=\"Standard\" style=\"text-align: justify;\">\u00c0 la sortie de Vik, un panneau touristique indique une route accident\u00e9e vers Hj\u00f6rleifsh\u00f6f\u00f0i. Celle-ci s\u2019arr\u00eate sur un petit parking. Au milieu de la plaine, une colline entour\u00e9e de falaises se dresse. <strong>Un panneau nous explique qu\u2019une aura \u00e9mane de cette ancienne \u00eele de l\u2019Atlantique.<\/strong>\u00a0 Sur les conseils pressants d\u2019une dame qui vient de finir la randonn\u00e9e, nous d\u00e9cidons d\u2019emprunter le chemin qui monte au sommet. La premi\u00e8re partie de la randonn\u00e9e est ennuyeuse et triste, tout \u00e7a pour arriver au tombeau de ce pauvre Hj\u00f6rleifr, un des premiers colons islandais, assassin\u00e9 par ses esclaves.<br \/>\n<strong>Puis nous passons de l\u2019autre c\u00f4t\u00e9 du sommet, et c\u2019est alors que le lieu devient fascinant. Devant nous s\u2019\u00e9tale l\u2019immense plaine de Vik, la plage infinie de sable noir et les \u00eeles Vestmann.<\/strong> Majestueux !\u00a0En bons cart\u00e9siens que nous sommes nous en d\u00e9duisons que Hj\u00f6rleifr n\u2019avait pas choisi de s\u2019y installer par hasard. <strong>N\u00e9anmoins, le plus enchanteur survient lorsque nous arr\u00eatons de parler et de marcher. Le silence, d\u00e9j\u00e0 impressionnant n\u2019importe o\u00f9 en Islande, est ici fulgurant.<\/strong> Nous passons du temps \u00e0 nous arr\u00eater et \u00e0 \u00e9couter. Tout voir mais ne rien entendre et \u00eatre en paix, tel est ce que l\u2019on peut d\u00e9couvrir \u00e0 Hj\u00f6rleifsh\u00f6f\u00f0i. <strong>Irr\u00e9m\u00e9diablement envo\u00fbtant.<\/strong><\/p>\n<h1 style=\"text-align: center;\">Appr\u00e9cier la force de la cascade de Dettifoss (Anthony)<\/h1>\n<p style=\"text-align: center;\"><a href=\"http:\/\/courir-lemonde.com\/wp-content\/uploads\/2017\/09\/dettifoss-islande.jpg\"><img loading=\"lazy\" decoding=\"async\" class=\"aligncenter wp-image-3760\" src=\"http:\/\/courir-lemonde.com\/wp-content\/uploads\/2017\/09\/dettifoss-islande-1024x683.jpg\" alt=\"cascade de Dettifoss Islande la plus puissante d'Europe\" width=\"549\" height=\"370\" \/><\/a><em>Dettifoss est la cascade la plus puissante d&rsquo;Europe (photo Anthony et Aude)\u00a0<\/em><\/p>\n<p style=\"text-align: justify;\">Gullfoss, Seljalandsfoss, Sk\u00f3gafoss, Sellfoss, Go\u00f0afoss, Svartifoss, <strong>l&rsquo;Islande compte beaucoup de tr\u00e8s belles cascades.\u00a0<\/strong>Durant notre p\u00e9riple aux confins du cercle polaire, nous en avons vu de nombreuses. Cependant,<strong> j&rsquo;ai pr\u00e9f\u00e9r\u00e9 celle de Dettifoss localis\u00e9e dans la partie Nord-Est du pays.<\/strong> Ses eaux se jettent d&rsquo;une falaise d&rsquo;une quarantaine de m\u00e8tres compos\u00e9e d&rsquo;orgues basaltiques.<strong> Avec un d\u00e9bit de 200m3\/s, c&rsquo;est la cascade la plus puissante d&rsquo;Europe !!!<\/strong> Avec cette force,\u00a0le\u00a0bruit de l&rsquo;eau est tr\u00e8s assourdissant, le tout dans un d\u00e9cor assez monochrome. \u00c9poustouflant !<\/p>\n<p>Alors l&rsquo;Islande \u00e7a vous tente ?<\/p>\n<p>Valentin<\/p>\n","protected":false},"excerpt":{"rendered":"<p>Anthony et Aude devant la cascade de Gullfoss en Islande (photo Anthony et Aude) La sauvage Islande fascine, intrigue et attire de plus en plus de voyageurs qui viennent y d\u00e9couvrir sa belle et riche nature. Peupl\u00e9e par seulement 335 &hellip; <a href=\"https:\/\/courir-lemonde.com\/index.php\/2017\/09\/29\/voyage-en-islande-les-coups-de-coeur-daude-et-anthony\/\">Continuer la lecture <span class=\"meta-nav\">&rarr;<\/span><\/a><\/p>\n","protected":false},"author":1,"featured_media":0,"comment_status":"open","ping_status":"open","sticky":false,"template":"","format":"standard","meta":{"footnotes":""},"categories":[351],"tags":[217,184,47,313,340,50],"yoast_head":"<!-- This site is optimized with the Yoast SEO plugin v21.8.1 - https:\/\/yoast.com\/wordpress\/plugins\/seo\/ -->\n<title>Voyage en Islande : les coups de c\u0153ur d&#039;Aude et Anthony - Courir Le Monde<\/title>\n<meta name=\"robots\" content=\"index, follow, max-snippet:-1, max-image-preview:large, max-video-preview:-1\" \/>\n<link rel=\"canonical\" href=\"https:\/\/courir-lemonde.com\/index.php\/2017\/09\/29\/voyage-en-islande-les-coups-de-coeur-daude-et-anthony\/\" \/>\n<meta property=\"og:locale\" content=\"fr_FR\" \/>\n<meta property=\"og:type\" content=\"article\" \/>\n<meta property=\"og:title\" content=\"Voyage en Islande : les coups de c\u0153ur d&#039;Aude et Anthony - Courir Le Monde\" \/>\n<meta property=\"og:description\" content=\"Anthony et Aude devant la cascade de Gullfoss en Islande (photo Anthony et Aude) La sauvage Islande fascine, intrigue et attire de plus en plus de voyageurs qui viennent y d\u00e9couvrir sa belle et riche nature. Peupl\u00e9e par seulement 335 &hellip; Continuer la lecture &rarr;\" \/>\n<meta property=\"og:url\" content=\"https:\/\/courir-lemonde.com\/index.php\/2017\/09\/29\/voyage-en-islande-les-coups-de-coeur-daude-et-anthony\/\" \/>\n<meta property=\"og:site_name\" content=\"Courir Le Monde\" \/>\n<meta property=\"article:published_time\" content=\"2017-09-29T07:16:44+00:00\" \/>\n<meta property=\"article:modified_time\" content=\"2018-04-24T13:29:49+00:00\" \/>\n<meta property=\"og:image\" content=\"http:\/\/courir-lemonde.com\/wp-content\/uploads\/2017\/09\/coups-coeur-islande-1024x683.jpg\" \/>\n<meta name=\"author\" content=\"Chap44\" \/>\n<meta name=\"twitter:card\" content=\"summary_large_image\" \/>\n<meta name=\"twitter:label1\" content=\"\u00c9crit par\" \/>\n\t<meta name=\"twitter:data1\" content=\"Chap44\" \/>\n\t<meta name=\"twitter:label2\" content=\"Dur\u00e9e de lecture estim\u00e9e\" \/>\n\t<meta name=\"twitter:data2\" content=\"8 minutes\" \/>\n<script type=\"application\/ld+json\" class=\"yoast-schema-graph\">{\"@context\":\"https:\/\/schema.org\",\"@graph\":[{\"@type\":\"WebPage\",\"@id\":\"https:\/\/courir-lemonde.com\/index.php\/2017\/09\/29\/voyage-en-islande-les-coups-de-coeur-daude-et-anthony\/\",\"url\":\"https:\/\/courir-lemonde.com\/index.php\/2017\/09\/29\/voyage-en-islande-les-coups-de-coeur-daude-et-anthony\/\",\"name\":\"Voyage en Islande : les coups de c\u0153ur d'Aude et Anthony - Courir Le Monde\",\"isPartOf\":{\"@id\":\"https:\/\/courir-lemonde.com\/#website\"},\"datePublished\":\"2017-09-29T07:16:44+00:00\",\"dateModified\":\"2018-04-24T13:29:49+00:00\",\"author\":{\"@id\":\"https:\/\/courir-lemonde.com\/#\/schema\/person\/baaa624d701d53d176c763f85b3114e4\"},\"breadcrumb\":{\"@id\":\"https:\/\/courir-lemonde.com\/index.php\/2017\/09\/29\/voyage-en-islande-les-coups-de-coeur-daude-et-anthony\/#breadcrumb\"},\"inLanguage\":\"fr-FR\",\"potentialAction\":[{\"@type\":\"ReadAction\",\"target\":[\"https:\/\/courir-lemonde.com\/index.php\/2017\/09\/29\/voyage-en-islande-les-coups-de-coeur-daude-et-anthony\/\"]}]},{\"@type\":\"BreadcrumbList\",\"@id\":\"https:\/\/courir-lemonde.com\/index.php\/2017\/09\/29\/voyage-en-islande-les-coups-de-coeur-daude-et-anthony\/#breadcrumb\",\"itemListElement\":[{\"@type\":\"ListItem\",\"position\":1,\"name\":\"Accueil\",\"item\":\"https:\/\/courir-lemonde.com\/\"},{\"@type\":\"ListItem\",\"position\":2,\"name\":\"Voyage en Islande : les coups de c\u0153ur d&rsquo;Aude et Anthony\"}]},{\"@type\":\"WebSite\",\"@id\":\"https:\/\/courir-lemonde.com\/#website\",\"url\":\"https:\/\/courir-lemonde.com\/\",\"name\":\"Courir Le Monde\",\"description\":\"Le site de Valentin Chapalain, passionn\u00e9 d&#039;aventures et de voyages\",\"potentialAction\":[{\"@type\":\"SearchAction\",\"target\":{\"@type\":\"EntryPoint\",\"urlTemplate\":\"https:\/\/courir-lemonde.com\/?s={search_term_string}\"},\"query-input\":\"required name=search_term_string\"}],\"inLanguage\":\"fr-FR\"},{\"@type\":\"Person\",\"@id\":\"https:\/\/courir-lemonde.com\/#\/schema\/person\/baaa624d701d53d176c763f85b3114e4\",\"name\":\"Chap44\",\"image\":{\"@type\":\"ImageObject\",\"inLanguage\":\"fr-FR\",\"@id\":\"https:\/\/courir-lemonde.com\/#\/schema\/person\/image\/\",\"url\":\"https:\/\/secure.gravatar.com\/avatar\/f6a3fcbb365f597d6259be5c4dc6c05c?s=96&d=mm&r=g\",\"contentUrl\":\"https:\/\/secure.gravatar.com\/avatar\/f6a3fcbb365f597d6259be5c4dc6c05c?s=96&d=mm&r=g\",\"caption\":\"Chap44\"},\"url\":\"https:\/\/courir-lemonde.com\/index.php\/author\/chap331244\/\"}]}<\/script>\n<!-- \/ Yoast SEO plugin. -->","yoast_head_json":{"title":"Voyage en Islande : les coups de c\u0153ur d'Aude et Anthony - Courir Le Monde","robots":{"index":"index","follow":"follow","max-snippet":"max-snippet:-1","max-image-preview":"max-image-preview:large","max-video-preview":"max-video-preview:-1"},"canonical":"https:\/\/courir-lemonde.com\/index.php\/2017\/09\/29\/voyage-en-islande-les-coups-de-coeur-daude-et-anthony\/","og_locale":"fr_FR","og_type":"article","og_title":"Voyage en Islande : les coups de c\u0153ur d'Aude et Anthony - Courir Le Monde","og_description":"Anthony et Aude devant la cascade de Gullfoss en Islande (photo Anthony et Aude) La sauvage Islande fascine, intrigue et attire de plus en plus de voyageurs qui viennent y d\u00e9couvrir sa belle et riche nature. Peupl\u00e9e par seulement 335 &hellip; Continuer la lecture &rarr;","og_url":"https:\/\/courir-lemonde.com\/index.php\/2017\/09\/29\/voyage-en-islande-les-coups-de-coeur-daude-et-anthony\/","og_site_name":"Courir Le Monde","article_published_time":"2017-09-29T07:16:44+00:00","article_modified_time":"2018-04-24T13:29:49+00:00","og_image":[{"url":"http:\/\/courir-lemonde.com\/wp-content\/uploads\/2017\/09\/coups-coeur-islande-1024x683.jpg"}],"author":"Chap44","twitter_card":"summary_large_image","twitter_misc":{"\u00c9crit par":"Chap44","Dur\u00e9e de lecture estim\u00e9e":"8 minutes"},"schema":{"@context":"https:\/\/schema.org","@graph":[{"@type":"WebPage","@id":"https:\/\/courir-lemonde.com\/index.php\/2017\/09\/29\/voyage-en-islande-les-coups-de-coeur-daude-et-anthony\/","url":"https:\/\/courir-lemonde.com\/index.php\/2017\/09\/29\/voyage-en-islande-les-coups-de-coeur-daude-et-anthony\/","name":"Voyage en Islande : les coups de c\u0153ur d'Aude et Anthony - Courir Le Monde","isPartOf":{"@id":"https:\/\/courir-lemonde.com\/#website"},"datePublished":"2017-09-29T07:16:44+00:00","dateModified":"2018-04-24T13:29:49+00:00","author":{"@id":"https:\/\/courir-lemonde.com\/#\/schema\/person\/baaa624d701d53d176c763f85b3114e4"},"breadcrumb":{"@id":"https:\/\/courir-lemonde.com\/index.php\/2017\/09\/29\/voyage-en-islande-les-coups-de-coeur-daude-et-anthony\/#breadcrumb"},"inLanguage":"fr-FR","potentialAction":[{"@type":"ReadAction","target":["https:\/\/courir-lemonde.com\/index.php\/2017\/09\/29\/voyage-en-islande-les-coups-de-coeur-daude-et-anthony\/"]}]},{"@type":"BreadcrumbList","@id":"https:\/\/courir-lemonde.com\/index.php\/2017\/09\/29\/voyage-en-islande-les-coups-de-coeur-daude-et-anthony\/#breadcrumb","itemListElement":[{"@type":"ListItem","position":1,"name":"Accueil","item":"https:\/\/courir-lemonde.com\/"},{"@type":"ListItem","position":2,"name":"Voyage en Islande : les coups de c\u0153ur d&rsquo;Aude et Anthony"}]},{"@type":"WebSite","@id":"https:\/\/courir-lemonde.com\/#website","url":"https:\/\/courir-lemonde.com\/","name":"Courir Le Monde","description":"Le site de Valentin Chapalain, passionn\u00e9 d&#039;aventures et de voyages","potentialAction":[{"@type":"SearchAction","target":{"@type":"EntryPoint","urlTemplate":"https:\/\/courir-lemonde.com\/?s={search_term_string}"},"query-input":"required name=search_term_string"}],"inLanguage":"fr-FR"},{"@type":"Person","@id":"https:\/\/courir-lemonde.com\/#\/schema\/person\/baaa624d701d53d176c763f85b3114e4","name":"Chap44","image":{"@type":"ImageObject","inLanguage":"fr-FR","@id":"https:\/\/courir-lemonde.com\/#\/schema\/person\/image\/","url":"https:\/\/secure.gravatar.com\/avatar\/f6a3fcbb365f597d6259be5c4dc6c05c?s=96&d=mm&r=g","contentUrl":"https:\/\/secure.gravatar.com\/avatar\/f6a3fcbb365f597d6259be5c4dc6c05c?s=96&d=mm&r=g","caption":"Chap44"},"url":"https:\/\/courir-lemonde.com\/index.php\/author\/chap331244\/"}]}},"_links":{"self":[{"href":"https:\/\/courir-lemonde.com\/index.php\/wp-json\/wp\/v2\/posts\/3713"}],"collection":[{"href":"https:\/\/courir-lemonde.com\/index.php\/wp-json\/wp\/v2\/posts"}],"about":[{"href":"https:\/\/courir-lemonde.com\/index.php\/wp-json\/wp\/v2\/types\/post"}],"author":[{"embeddable":true,"href":"https:\/\/courir-lemonde.com\/index.php\/wp-json\/wp\/v2\/users\/1"}],"replies":[{"embeddable":true,"href":"https:\/\/courir-lemonde.com\/index.php\/wp-json\/wp\/v2\/comments?post=3713"}],"version-history":[{"count":16,"href":"https:\/\/courir-lemonde.com\/index.php\/wp-json\/wp\/v2\/posts\/3713\/revisions"}],"predecessor-version":[{"id":4115,"href":"https:\/\/courir-lemonde.com\/index.php\/wp-json\/wp\/v2\/posts\/3713\/revisions\/4115"}],"wp:attachment":[{"href":"https:\/\/courir-lemonde.com\/index.php\/wp-json\/wp\/v2\/media?parent=3713"}],"wp:term":[{"taxonomy":"category","embeddable":true,"href":"https:\/\/courir-lemonde.com\/index.php\/wp-json\/wp\/v2\/categories?post=3713"},{"taxonomy":"post_tag","embeddable":true,"href":"https:\/\/courir-lemonde.com\/index.php\/wp-json\/wp\/v2\/tags?post=3713"}],"curies":[{"name":"wp","href":"https:\/\/api.w.org\/{rel}","templated":true}]}}