{"id":3735,"date":"2018-05-13T05:48:06","date_gmt":"2018-05-13T04:48:06","guid":{"rendered":"http:\/\/courir-lemonde.com\/?p=3735"},"modified":"2018-05-14T18:22:03","modified_gmt":"2018-05-14T17:22:03","slug":"voyage-a-velo-en-scandinavie-une-aventure-sportive-ecocitoyenne-et-pedagogique","status":"publish","type":"post","link":"https:\/\/courir-lemonde.com\/index.php\/2018\/05\/13\/voyage-a-velo-en-scandinavie-une-aventure-sportive-ecocitoyenne-et-pedagogique\/","title":{"rendered":"Voyage \u00e0 v\u00e9lo en Scandinavie : une aventure sportive, \u00e9cocitoyenne et p\u00e9dagogique"},"content":{"rendered":"<h1 style=\"text-align: center;\"><\/h1>\n<p style=\"text-align: center;\"><a href=\"https:\/\/courir-lemonde.com\/wp-content\/uploads\/2017\/10\/midnight-sun-in-lofoten-norway-by-christian-bothner-42495.png\"><img loading=\"lazy\" decoding=\"async\" class=\"aligncenter wp-image-3774\" src=\"https:\/\/courir-lemonde.com\/wp-content\/uploads\/2017\/10\/midnight-sun-in-lofoten-norway-by-christian-bothner-42495.png\" alt=\"Soleil de minuit Lofoten\" width=\"551\" height=\"372\" \/><\/a><em>L&rsquo;archipel des Lofoten dans le Nord de la Norv\u00e8ge sera l&rsquo;un des temps forts de cette exp\u00e9dition cyclonomade en Scandinavie (photo\u00a0Christian Bothner \/ www.photorator.com)<\/em><\/p>\n<p style=\"text-align: justify;\"><em>Depuis mon plus jeune \u00e2ge, la Scandinavie m&rsquo;attire et me fascine. B\u00e9n\u00e9ficiant d&rsquo;une nature exceptionnelle et de paysages grandioses, cette contr\u00e9e qui occupe le Nord du continent europ\u00e9en me fait r\u00eaver. Rien qu&rsquo;\u00e0 l&rsquo;\u00e9vocation de lieux comme les \u00eeles Lofoten, l&rsquo;archipel de \u00c5land, la Laponie finlandaise ou des villes comme Stockholm et Troms\u00f8, je m&rsquo;imagine des endroits f\u00e9eriques et majestueux. Comme en 2012 avec la r\u00e9alisation du tour du Danemark \u00e0 v\u00e9lo gr\u00e2ce \u00e0 l&rsquo;aide de mes compagnons de route Charles-Henry et Dimitri, j&rsquo;ai bien l&rsquo;intention de transformer l&rsquo;un des <a href=\"https:\/\/courir-lemonde.com\/index.php\/2016\/09\/28\/les-10-voyages-de-mes-reves\/\">mes r\u00eaves de voyages<\/a> \u00e0 l&rsquo;\u00e9tat r\u00e9el. Apr\u00e8s le Danemark donc mais aussi l&rsquo;Irlande en 2014 et la Sardaigne et la Corse en 2017, ce tour de Scandinavie sera mon quatri\u00e8me p\u00e9riple cyclonomade, le troisi\u00e8me en solitaire. Une aventure de 80 jours de la mi-juin au d\u00e9but du mois de septembre qui sera \u00e0 la fois sportive, \u00e9cocitoyenne et p\u00e9dagogique car cette fois-ci je voyagerai avec l&rsquo;id\u00e9e de v\u00e9hiculer un message en faveur de la protection de l&rsquo;environnement, cause qui m&rsquo;est particuli\u00e8rement ch\u00e8re. Je vous explique tout cela ci-apr\u00e8s.\u00a0<\/em><\/p>\n<p><!--more--><\/p>\n<h1 style=\"text-align: center;\"><em>Voyage \u00e0 v\u00e9lo en Scandinavie : environ 4500 kilom\u00e8tre en 80 jours<br \/>\n<\/em><em>au Danemark, en Norv\u00e8ge, en Su\u00e8de et en Finlande\u00a0<\/em><\/h1>\n<p style=\"text-align: justify;\">Comme tout voyage \u00e0 v\u00e9lo, ce p\u00e9riple \u00e0 bicyclette promet d&rsquo;\u00eatre une formidable aventure humaine et sportive. <strong>En 80 jours, je pr\u00e9vois de parcourir les quatre pays g\u00e9n\u00e9ralement englob\u00e9s sous le terme de Scandinavie.<\/strong>\u00a0Entre le <strong>Danemark et la Su\u00e8de<\/strong> que je connais d\u00e9j\u00e0 en partie et la <strong>Finlande et la Norv\u00e8ge<\/strong> qui me sont totalement inconnues, c&rsquo;est <strong>environ 4 500 kilom\u00e8tres<\/strong> qui m&rsquo;attendent sur les routes et chemins de ces pays nordiques. Ainsi, je table sur <strong>une moyenne de 50 \u00e0 60 kilom\u00e8tres par jour. <\/strong>Pendant mon errance, j&rsquo;irai aussi <strong>au contact des populations<\/strong>, notamment les Samis, peuple autochtone qui vit au del\u00e0 du cercle polaire. Je dormirai majoritairement en tente et chez l&rsquo;habitant.<strong>\u00a0<\/strong>De somptueux bivouacs en pleine nature sont \u00e0 pr\u00e9voir !<strong>\u00a0<\/strong>Qu&rsquo;en au<strong>\u00a0<\/strong>profil topographique des \u00e9tapes, il sera vari\u00e9 en fonction des pays. <strong>Plut\u00f4t plat au Danemark, vallonn\u00e9 et Su\u00e8de et en Finlande et davantage escarp\u00e9 en Norv\u00e8ge.\u00a0<\/strong><\/p>\n<p style=\"text-align: center;\"><a href=\"https:\/\/courir-lemonde.com\/wp-content\/uploads\/2017\/06\/IMG_2429.jpg\"><img loading=\"lazy\" decoding=\"async\" class=\"aligncenter wp-image-3375\" src=\"https:\/\/courir-lemonde.com\/wp-content\/uploads\/2017\/06\/IMG_2429-1024x768.jpg\" alt=\"col de bavella voyage \u00e0 v\u00e9lo\" width=\"500\" height=\"377\" \/><\/a><em>De belles grimpettes m&rsquo;attendent notamment en Norv\u00e8ge (\u00a9 courir-lemonde.com)<\/em><\/p>\n<h1 style=\"text-align: center;\"><em><strong>Pas d&rsquo;itin\u00e9raire pr\u00e9cis pour jouir d\u2019un maximum<br \/>\nde libert\u00e9 et de flexibilit\u00e9 dans mes choix<\/strong><\/em><\/h1>\n<p style=\"text-align: justify;\">A l&rsquo;heure actuelle, <strong>plusieurs id\u00e9es de parcours trottent dans ma t\u00eate.<\/strong> Ce qui est s\u00fbr, c&rsquo;est que <strong>je d\u00e9buterai et terminerai par le Danemark.<\/strong> Ensuite, j\u2019encha\u00eenerai soit par la Norv\u00e8ge et ses somptueux fjords soit par la partie m\u00e9ridionale de la Su\u00e8de constitu\u00e9e de nombreux lacs et d&rsquo;une campagne verdoyante. Une autre chose est \u00e0 peu pr\u00e8s certaine, <strong>l&rsquo;itin\u00e9raire me fera arpenter des lieux qui me font fantasmer comme les \u00eeles Lofoten, la Laponie ou encore la r\u00e9gion des lacs finlandais.\u00a0<\/strong><br \/>\nSi il sera <strong>essentiel d&rsquo;avoir une feuille de route globale pour mener \u00e0 bien mon projet<\/strong>, <strong>je ne pr\u00e9voirai pas d&rsquo;itin\u00e9raire pr\u00e9cis pour garder une grande flexibilit\u00e9 et une libert\u00e9 dans mes choix<\/strong> exactement comme j&rsquo;avais proc\u00e9d\u00e9 en Sardaigne et en Corse en mars 2017.<\/p>\n<p style=\"text-align: center;\"><a href=\"https:\/\/courir-lemonde.com\/wp-content\/uploads\/2016\/09\/laponie.jpg\"><img loading=\"lazy\" decoding=\"async\" class=\"aligncenter wp-image-2523\" src=\"https:\/\/courir-lemonde.com\/wp-content\/uploads\/2016\/09\/laponie.jpg\" alt=\"\" width=\"500\" height=\"343\" \/><\/a><em>Paysages typiques de la Laponie dans le Nord de la Scandinavie (photo pixabay.com)<\/em><\/p>\n<h1 style=\"text-align: center;\"><em>Un voyage \u00e9cocitoyen durant lequel je ramasserai<\/em><br \/>\n<em> quotidiennement des d\u00e9chets sur mon chemin<\/em><\/h1>\n<p style=\"text-align: justify;\">Souhaitant faire passer <strong>un message fort pour la protection de notre plan\u00e8te<\/strong>, j&rsquo;ai d\u00e9cid\u00e9 que durant mon voyage, <strong>je ramasserai quotidiennement des d\u00e9chets sur mon chemin.<\/strong><br \/>\nSi les pays scandinaves sont d&rsquo;excellents \u00e9l\u00e8ves en mati\u00e8re d&rsquo;\u00e9cologie et de d\u00e9veloppement durable, je suis malheureusement persuad\u00e9 que je trouverai de quoi remplir mes sacs pr\u00e9vus pour cela. <strong>Je d\u00e9finirai certainement un objectif \u00e0 atteindre dans les semaines qui pr\u00e9c\u00e9deront mon d\u00e9part<\/strong> pour le grand Nord. De temps en temps, je posterai mes collectes de d\u00e9tritus sur les r\u00e9seaux sociaux.<\/p>\n<h1 style=\"text-align: center;\"><em>Un projet p\u00e9dagogique autour de l&rsquo;environnement et de l&rsquo;ouverture sur le monde men\u00e9 avec deux \u00e9coles\u00a0<\/em><em>de Carquefou\u00a0<\/em><\/h1>\n<p style=\"text-align: justify;\">Vous l&rsquo;avez compris, je souhaite transmettre un message pour la pr\u00e9servation et la protection de l&rsquo;environnement en ramassant des d\u00e9chets tout au long de mon parcours. Cependant ce n&rsquo;est pas tout et <strong>je veux aller plus loin en intervenant dans des \u00e9coles pour sensibiliser tout particuli\u00e8rement le jeune public \u00e0 cette cause plan\u00e9taire<\/strong>. Je souhaite \u00e9galement partager mon aventure avec des jeunes et leur enseigner l&rsquo;importance de l&rsquo;ouverture sur le monde et sur nos voisins europ\u00e9ens.<br \/>\nDe fait, <strong>j&rsquo;ai nou\u00e9 des partenariats avec deux \u00e9coles de Carquefou, la ville d&rsquo;o\u00f9 je suis originaire. L&rsquo;\u00e9cole Anne Frank o\u00f9 j&rsquo;interviendrai dans deux classes (CE1 et CM1) et l&rsquo;\u00e9cole Saint Joseph, o\u00f9 j&rsquo;ai effectu\u00e9 mon cycle primaire (CM1). \u00a0<\/strong><\/p>\n<p style=\"text-align: justify;\">Concr\u00e8tement, \u00e0 partir du 15 mai et ce jusqu&rsquo;\u00e0 mon d\u00e9part pour la Scandinavie,\u00a0<strong>j&rsquo;interviendrai dans ces classes pour sensibiliser les jeunes \u00e0 la protection de l&rsquo;environnement et l&rsquo;ouverture sur le monde par des \u00ab\u00a0conf\u00e9rences\u00a0\u00bb, des petits ateliers, des jeux et des sorties ramassage de d\u00e9chets.\u00a0<\/strong><\/p>\n<p style=\"text-align: justify;\">Durant mon voyage, <strong>les enfants pourront suivre mon p\u00e9riple via les photos et publications qui alimenteront de temps en temps<a href=\"https:\/\/www.facebook.com\/Courir-Le-Monde-Blog-Voyage-et-Sport-341401379527702\/\"> ma page facebook<\/a> et <a href=\"https:\/\/courir-lemonde.com\">mon blog\u00a0<\/a><\/strong>. Avant leur d\u00e9part pour les grandes vacances, j&rsquo;envisage aussi d&rsquo;envoyer des mails et des photos depuis la Scandinavie pour partager avec eux les premi\u00e8res joies et gal\u00e8res du voyage. Enfin tout au long de mon aventure, <strong>j&rsquo;enverrai aux \u00e9coles partenaires des cartes postales des diff\u00e9rents pays travers\u00e9s.<\/strong><\/p>\n<p style=\"text-align: justify;\">A mon retour de Scandinavie en septembre, <strong>je souhaite organiser une grande exposition photo pour retracer mon errance cyclonomade en Scandinavie.<\/strong> Naturellement, je compte intervenir de nouveau aupr\u00e8s des classes qui auront suivi mon projet depuis le printemps pour leur relater mon aventure. Des \u00e9changes, ateliers et jeux autour du voyage et de l&rsquo;environnement pourront l\u00e0 aussi \u00eatre envisag\u00e9s.<\/p>\n<p style=\"text-align: center;\"><a href=\"https:\/\/courir-lemonde.com\/wp-content\/uploads\/2017\/10\/dkr-carq-mag.jpg\"><img loading=\"lazy\" decoding=\"async\" class=\"aligncenter wp-image-3777\" src=\"https:\/\/courir-lemonde.com\/wp-content\/uploads\/2017\/10\/dkr-carq-mag.jpg\" alt=\"\" width=\"395\" height=\"550\" \/><\/a><em>Comme en 2012 avec le projet Danmark Rundt 2012, la mairie de Carquefou<br \/>\nsera d&rsquo;un pr\u00e9cieux soutien. Pour l&rsquo;agrandir, cliquez sur l&rsquo;article<br \/>\n(article Carquefou&rsquo;Mag, le magazine de la commune)<\/em><\/p>\n<h1 style=\"text-align: center;\">Vous souhaitez participer \u00e0 mon aventure et soutenir mon initiative ?<\/h1>\n<p style=\"text-align: justify;\"><strong>Vous \u00eates enseignants ou directeurs d&rsquo;\u00e9cole et mon projet p\u00e9dagogique autour du voyage et de l&rsquo;environnement vous int\u00e9resse ?<\/strong> N&rsquo;h\u00e9sitez pas \u00e0 prendre contact avec moi en laissant un commentaire ou en me me contactant directement via <a href=\"https:\/\/www.facebook.com\/Courir-Le-Monde-Blog-Voyage-et-Sport-341401379527702\/\">ma page facebook<\/a>.<\/p>\n<p style=\"text-align: justify;\"><strong>Vous \u00eates une entreprise, une association ou tout simplement une personne sensible \u00e0 ma d\u00e9marche et vous souhaitez soutenir mon projet par du sponsoring ou du m\u00e9c\u00e9nat ?<\/strong> N&rsquo;h\u00e9sitez pas \u00e0 prendre contact avec moi en laissant un commentaire, ou en me me contactant directement via <a href=\"https:\/\/www.facebook.com\/Courir-Le-Monde-Blog-Voyage-et-Sport-341401379527702\/\">ma page facebook<\/a>.<\/p>\n<p style=\"text-align: justify;\">Vous trouverez de plus amples informations \u00e0 propos de mon projet en consultant <strong>mon dossier de pr\u00e9sentation\u00a0<a href=\"https:\/\/courir-lemonde.com\/wp-content\/uploads\/2017\/10\/dossier-pr\u00e9sentation-Scandinavie-v\u00e9lo-2018.pdf\">dossier-pr\u00e9sentation-Scandinavie-v\u00e9lo-2018<\/a>.<\/strong><\/p>\n<p style=\"text-align: center;\"><a href=\"https:\/\/courir-lemonde.com\/wp-content\/uploads\/2016\/02\/IMGP0378-1.jpg\"><img loading=\"lazy\" decoding=\"async\" class=\"aligncenter wp-image-3688\" src=\"https:\/\/courir-lemonde.com\/wp-content\/uploads\/2016\/02\/IMGP0378-1-1024x768.jpg\" alt=\"Voyager \u00e0 v\u00e9lo belle exp\u00e9rience\" width=\"500\" height=\"377\" \/><\/a><em>Ce projet qui lie voyage et sensibilisation \u00e0 la protection de l&rsquo;environnement promet d&rsquo;\u00eatre particuli\u00e8rement formateur (\u00a9 courir-lemonde.com)<\/em><\/p>\n<p style=\"text-align: justify;\">Le d\u00e9cor est plant\u00e9. <strong>Pour suivre les derni\u00e8res avanc\u00e9es du projet, rendez-vous sur <a href=\"https:\/\/www.facebook.com\/Courir-Le-Monde-Blog-Voyage-et-Sport-341401379527702\/\">ma page facebook<\/a> et sur <a href=\"https:\/\/courir-lemonde.com\/\">mon blog<\/a>.\u00a0<\/strong><\/p>\n<p style=\"text-align: justify;\">Affaire \u00e0 suivre,<\/p>\n<p>Valentin<\/p>\n","protected":false},"excerpt":{"rendered":"<p>L&rsquo;archipel des Lofoten dans le Nord de la Norv\u00e8ge sera l&rsquo;un des temps forts de cette exp\u00e9dition cyclonomade en Scandinavie (photo\u00a0Christian Bothner \/ www.photorator.com) Depuis mon plus jeune \u00e2ge, la Scandinavie m&rsquo;attire et me fascine. B\u00e9n\u00e9ficiant d&rsquo;une nature exceptionnelle et &hellip; <a href=\"https:\/\/courir-lemonde.com\/index.php\/2018\/05\/13\/voyage-a-velo-en-scandinavie-une-aventure-sportive-ecocitoyenne-et-pedagogique\/\">Continuer la lecture <span class=\"meta-nav\">&rarr;<\/span><\/a><\/p>\n","protected":false},"author":1,"featured_media":0,"comment_status":"open","ping_status":"open","sticky":false,"template":"","format":"standard","meta":{"footnotes":""},"categories":[347],"tags":[145,346,345,342,344,340,146,206,343],"yoast_head":"<!-- This site is optimized with the Yoast SEO plugin v21.8.1 - https:\/\/yoast.com\/wordpress\/plugins\/seo\/ -->\n<title>Voyage \u00e0 v\u00e9lo en Scandinavie : une aventure sportive, \u00e9cocitoyenne et p\u00e9dagogique - Courir Le Monde<\/title>\n<meta name=\"robots\" content=\"index, follow, max-snippet:-1, max-image-preview:large, max-video-preview:-1\" \/>\n<link rel=\"canonical\" href=\"https:\/\/courir-lemonde.com\/index.php\/2018\/05\/13\/voyage-a-velo-en-scandinavie-une-aventure-sportive-ecocitoyenne-et-pedagogique\/\" \/>\n<meta property=\"og:locale\" content=\"fr_FR\" \/>\n<meta property=\"og:type\" content=\"article\" \/>\n<meta property=\"og:title\" content=\"Voyage \u00e0 v\u00e9lo en Scandinavie : une aventure sportive, \u00e9cocitoyenne et p\u00e9dagogique - Courir Le Monde\" \/>\n<meta property=\"og:description\" content=\"L&rsquo;archipel des Lofoten dans le Nord de la Norv\u00e8ge sera l&rsquo;un des temps forts de cette exp\u00e9dition cyclonomade en Scandinavie (photo\u00a0Christian Bothner \/ www.photorator.com) Depuis mon plus jeune \u00e2ge, la Scandinavie m&rsquo;attire et me fascine. B\u00e9n\u00e9ficiant d&rsquo;une nature exceptionnelle et &hellip; Continuer la lecture &rarr;\" \/>\n<meta property=\"og:url\" content=\"https:\/\/courir-lemonde.com\/index.php\/2018\/05\/13\/voyage-a-velo-en-scandinavie-une-aventure-sportive-ecocitoyenne-et-pedagogique\/\" \/>\n<meta property=\"og:site_name\" content=\"Courir Le Monde\" \/>\n<meta property=\"article:published_time\" content=\"2018-05-13T04:48:06+00:00\" \/>\n<meta property=\"article:modified_time\" content=\"2018-05-14T17:22:03+00:00\" \/>\n<meta property=\"og:image\" content=\"https:\/\/courir-lemonde.com\/wp-content\/uploads\/2017\/10\/midnight-sun-in-lofoten-norway-by-christian-bothner-42495.png\" \/>\n<meta name=\"author\" content=\"Chap44\" \/>\n<meta name=\"twitter:card\" content=\"summary_large_image\" \/>\n<meta name=\"twitter:label1\" content=\"\u00c9crit par\" \/>\n\t<meta name=\"twitter:data1\" content=\"Chap44\" \/>\n\t<meta name=\"twitter:label2\" content=\"Dur\u00e9e de lecture estim\u00e9e\" \/>\n\t<meta name=\"twitter:data2\" content=\"6 minutes\" \/>\n<script type=\"application\/ld+json\" class=\"yoast-schema-graph\">{\"@context\":\"https:\/\/schema.org\",\"@graph\":[{\"@type\":\"WebPage\",\"@id\":\"https:\/\/courir-lemonde.com\/index.php\/2018\/05\/13\/voyage-a-velo-en-scandinavie-une-aventure-sportive-ecocitoyenne-et-pedagogique\/\",\"url\":\"https:\/\/courir-lemonde.com\/index.php\/2018\/05\/13\/voyage-a-velo-en-scandinavie-une-aventure-sportive-ecocitoyenne-et-pedagogique\/\",\"name\":\"Voyage \u00e0 v\u00e9lo en Scandinavie : une aventure sportive, \u00e9cocitoyenne et p\u00e9dagogique - Courir Le Monde\",\"isPartOf\":{\"@id\":\"https:\/\/courir-lemonde.com\/#website\"},\"datePublished\":\"2018-05-13T04:48:06+00:00\",\"dateModified\":\"2018-05-14T17:22:03+00:00\",\"author\":{\"@id\":\"https:\/\/courir-lemonde.com\/#\/schema\/person\/baaa624d701d53d176c763f85b3114e4\"},\"breadcrumb\":{\"@id\":\"https:\/\/courir-lemonde.com\/index.php\/2018\/05\/13\/voyage-a-velo-en-scandinavie-une-aventure-sportive-ecocitoyenne-et-pedagogique\/#breadcrumb\"},\"inLanguage\":\"fr-FR\",\"potentialAction\":[{\"@type\":\"ReadAction\",\"target\":[\"https:\/\/courir-lemonde.com\/index.php\/2018\/05\/13\/voyage-a-velo-en-scandinavie-une-aventure-sportive-ecocitoyenne-et-pedagogique\/\"]}]},{\"@type\":\"BreadcrumbList\",\"@id\":\"https:\/\/courir-lemonde.com\/index.php\/2018\/05\/13\/voyage-a-velo-en-scandinavie-une-aventure-sportive-ecocitoyenne-et-pedagogique\/#breadcrumb\",\"itemListElement\":[{\"@type\":\"ListItem\",\"position\":1,\"name\":\"Accueil\",\"item\":\"https:\/\/courir-lemonde.com\/\"},{\"@type\":\"ListItem\",\"position\":2,\"name\":\"Voyage \u00e0 v\u00e9lo en Scandinavie : une aventure sportive, \u00e9cocitoyenne et p\u00e9dagogique\"}]},{\"@type\":\"WebSite\",\"@id\":\"https:\/\/courir-lemonde.com\/#website\",\"url\":\"https:\/\/courir-lemonde.com\/\",\"name\":\"Courir Le Monde\",\"description\":\"Le site de Valentin Chapalain, passionn\u00e9 d&#039;aventures et de voyages\",\"potentialAction\":[{\"@type\":\"SearchAction\",\"target\":{\"@type\":\"EntryPoint\",\"urlTemplate\":\"https:\/\/courir-lemonde.com\/?s={search_term_string}\"},\"query-input\":\"required name=search_term_string\"}],\"inLanguage\":\"fr-FR\"},{\"@type\":\"Person\",\"@id\":\"https:\/\/courir-lemonde.com\/#\/schema\/person\/baaa624d701d53d176c763f85b3114e4\",\"name\":\"Chap44\",\"image\":{\"@type\":\"ImageObject\",\"inLanguage\":\"fr-FR\",\"@id\":\"https:\/\/courir-lemonde.com\/#\/schema\/person\/image\/\",\"url\":\"https:\/\/secure.gravatar.com\/avatar\/f6a3fcbb365f597d6259be5c4dc6c05c?s=96&d=mm&r=g\",\"contentUrl\":\"https:\/\/secure.gravatar.com\/avatar\/f6a3fcbb365f597d6259be5c4dc6c05c?s=96&d=mm&r=g\",\"caption\":\"Chap44\"},\"url\":\"https:\/\/courir-lemonde.com\/index.php\/author\/chap331244\/\"}]}<\/script>\n<!-- \/ Yoast SEO plugin. -->","yoast_head_json":{"title":"Voyage \u00e0 v\u00e9lo en Scandinavie : une aventure sportive, \u00e9cocitoyenne et p\u00e9dagogique - Courir Le Monde","robots":{"index":"index","follow":"follow","max-snippet":"max-snippet:-1","max-image-preview":"max-image-preview:large","max-video-preview":"max-video-preview:-1"},"canonical":"https:\/\/courir-lemonde.com\/index.php\/2018\/05\/13\/voyage-a-velo-en-scandinavie-une-aventure-sportive-ecocitoyenne-et-pedagogique\/","og_locale":"fr_FR","og_type":"article","og_title":"Voyage \u00e0 v\u00e9lo en Scandinavie : une aventure sportive, \u00e9cocitoyenne et p\u00e9dagogique - Courir Le Monde","og_description":"L&rsquo;archipel des Lofoten dans le Nord de la Norv\u00e8ge sera l&rsquo;un des temps forts de cette exp\u00e9dition cyclonomade en Scandinavie (photo\u00a0Christian Bothner \/ www.photorator.com) Depuis mon plus jeune \u00e2ge, la Scandinavie m&rsquo;attire et me fascine. B\u00e9n\u00e9ficiant d&rsquo;une nature exceptionnelle et &hellip; Continuer la lecture &rarr;","og_url":"https:\/\/courir-lemonde.com\/index.php\/2018\/05\/13\/voyage-a-velo-en-scandinavie-une-aventure-sportive-ecocitoyenne-et-pedagogique\/","og_site_name":"Courir Le Monde","article_published_time":"2018-05-13T04:48:06+00:00","article_modified_time":"2018-05-14T17:22:03+00:00","og_image":[{"url":"https:\/\/courir-lemonde.com\/wp-content\/uploads\/2017\/10\/midnight-sun-in-lofoten-norway-by-christian-bothner-42495.png"}],"author":"Chap44","twitter_card":"summary_large_image","twitter_misc":{"\u00c9crit par":"Chap44","Dur\u00e9e de lecture estim\u00e9e":"6 minutes"},"schema":{"@context":"https:\/\/schema.org","@graph":[{"@type":"WebPage","@id":"https:\/\/courir-lemonde.com\/index.php\/2018\/05\/13\/voyage-a-velo-en-scandinavie-une-aventure-sportive-ecocitoyenne-et-pedagogique\/","url":"https:\/\/courir-lemonde.com\/index.php\/2018\/05\/13\/voyage-a-velo-en-scandinavie-une-aventure-sportive-ecocitoyenne-et-pedagogique\/","name":"Voyage \u00e0 v\u00e9lo en Scandinavie : une aventure sportive, \u00e9cocitoyenne et p\u00e9dagogique - Courir Le Monde","isPartOf":{"@id":"https:\/\/courir-lemonde.com\/#website"},"datePublished":"2018-05-13T04:48:06+00:00","dateModified":"2018-05-14T17:22:03+00:00","author":{"@id":"https:\/\/courir-lemonde.com\/#\/schema\/person\/baaa624d701d53d176c763f85b3114e4"},"breadcrumb":{"@id":"https:\/\/courir-lemonde.com\/index.php\/2018\/05\/13\/voyage-a-velo-en-scandinavie-une-aventure-sportive-ecocitoyenne-et-pedagogique\/#breadcrumb"},"inLanguage":"fr-FR","potentialAction":[{"@type":"ReadAction","target":["https:\/\/courir-lemonde.com\/index.php\/2018\/05\/13\/voyage-a-velo-en-scandinavie-une-aventure-sportive-ecocitoyenne-et-pedagogique\/"]}]},{"@type":"BreadcrumbList","@id":"https:\/\/courir-lemonde.com\/index.php\/2018\/05\/13\/voyage-a-velo-en-scandinavie-une-aventure-sportive-ecocitoyenne-et-pedagogique\/#breadcrumb","itemListElement":[{"@type":"ListItem","position":1,"name":"Accueil","item":"https:\/\/courir-lemonde.com\/"},{"@type":"ListItem","position":2,"name":"Voyage \u00e0 v\u00e9lo en Scandinavie : une aventure sportive, \u00e9cocitoyenne et p\u00e9dagogique"}]},{"@type":"WebSite","@id":"https:\/\/courir-lemonde.com\/#website","url":"https:\/\/courir-lemonde.com\/","name":"Courir Le Monde","description":"Le site de Valentin Chapalain, passionn\u00e9 d&#039;aventures et de voyages","potentialAction":[{"@type":"SearchAction","target":{"@type":"EntryPoint","urlTemplate":"https:\/\/courir-lemonde.com\/?s={search_term_string}"},"query-input":"required name=search_term_string"}],"inLanguage":"fr-FR"},{"@type":"Person","@id":"https:\/\/courir-lemonde.com\/#\/schema\/person\/baaa624d701d53d176c763f85b3114e4","name":"Chap44","image":{"@type":"ImageObject","inLanguage":"fr-FR","@id":"https:\/\/courir-lemonde.com\/#\/schema\/person\/image\/","url":"https:\/\/secure.gravatar.com\/avatar\/f6a3fcbb365f597d6259be5c4dc6c05c?s=96&d=mm&r=g","contentUrl":"https:\/\/secure.gravatar.com\/avatar\/f6a3fcbb365f597d6259be5c4dc6c05c?s=96&d=mm&r=g","caption":"Chap44"},"url":"https:\/\/courir-lemonde.com\/index.php\/author\/chap331244\/"}]}},"_links":{"self":[{"href":"https:\/\/courir-lemonde.com\/index.php\/wp-json\/wp\/v2\/posts\/3735"}],"collection":[{"href":"https:\/\/courir-lemonde.com\/index.php\/wp-json\/wp\/v2\/posts"}],"about":[{"href":"https:\/\/courir-lemonde.com\/index.php\/wp-json\/wp\/v2\/types\/post"}],"author":[{"embeddable":true,"href":"https:\/\/courir-lemonde.com\/index.php\/wp-json\/wp\/v2\/users\/1"}],"replies":[{"embeddable":true,"href":"https:\/\/courir-lemonde.com\/index.php\/wp-json\/wp\/v2\/comments?post=3735"}],"version-history":[{"count":9,"href":"https:\/\/courir-lemonde.com\/index.php\/wp-json\/wp\/v2\/posts\/3735\/revisions"}],"predecessor-version":[{"id":4222,"href":"https:\/\/courir-lemonde.com\/index.php\/wp-json\/wp\/v2\/posts\/3735\/revisions\/4222"}],"wp:attachment":[{"href":"https:\/\/courir-lemonde.com\/index.php\/wp-json\/wp\/v2\/media?parent=3735"}],"wp:term":[{"taxonomy":"category","embeddable":true,"href":"https:\/\/courir-lemonde.com\/index.php\/wp-json\/wp\/v2\/categories?post=3735"},{"taxonomy":"post_tag","embeddable":true,"href":"https:\/\/courir-lemonde.com\/index.php\/wp-json\/wp\/v2\/tags?post=3735"}],"curies":[{"name":"wp","href":"https:\/\/api.w.org\/{rel}","templated":true}]}}