{"id":3783,"date":"2017-10-24T18:18:35","date_gmt":"2017-10-24T17:18:35","guid":{"rendered":"https:\/\/courir-lemonde.com\/?p=3783"},"modified":"2017-10-25T13:45:47","modified_gmt":"2017-10-25T12:45:47","slug":"3-eme-episode-saison-2017-les-foulees-nantaises-142-km","status":"publish","type":"post","link":"https:\/\/courir-lemonde.com\/index.php\/2017\/10\/24\/3-eme-episode-saison-2017-les-foulees-nantaises-142-km\/","title":{"rendered":"3 \u00e8me \u00e9pisode saison 2017 : les Foul\u00e9es du Tram (14,2 km)"},"content":{"rendered":"<h1 style=\"text-align: center;\">6 \u00e8me participation aux Foul\u00e9es du Tram entre Basse Goulaine et Nantes<\/h1>\n<p style=\"text-align: center;\"><a href=\"https:\/\/courir-lemonde.com\/wp-content\/uploads\/2017\/10\/foul\u00e9es-tram-nantes-2007-depart.jpg\"><img loading=\"lazy\" decoding=\"async\" class=\"aligncenter wp-image-3833\" src=\"https:\/\/courir-lemonde.com\/wp-content\/uploads\/2017\/10\/foul\u00e9es-tram-nantes-2007-depart.jpg\" alt=\"foul\u00e9es du tram 2017\" width=\"501\" height=\"364\" \/><\/a><em>Les Foul\u00e9es du Tram partaient cette ann\u00e9e de la commune de Basse Goulaine<br \/>\n(photo www.lesfouleesnantaises.fr\/)<\/em><\/p>\n<p style=\"text-align: justify;\"><em>Les Foul\u00e9es du Tram, c&rsquo;est la\u00a0course populaire par excellence dans la r\u00e9gion nantaise. Une \u00e9preuve gratuite et festive qui attire des masses de coureurs, du simple joggeur du dimanche aux athl\u00e8tes les mieux r\u00e9f\u00e9renc\u00e9s du d\u00e9partement.\u00a0Pour cette nouvelle \u00e9dition environ 7 000 coureurs \u00e9taient attendus sur la ligne de d\u00e9part \u00e0 Basse Goulaine pour partir \u00e0 l\u2019assaut d\u2019un parcours de 14,2 kilom\u00e8tres jusque au cours Saint Pierre \u00e0 Nantes. La saison pass\u00e9e, j&rsquo;avais sign\u00e9 mon meilleur r\u00e9sultat sur cette \u00e9preuve, terminant \u00e0 la 162 \u00e8me place. Cette ann\u00e9e, j\u2019abordais cette nouvelle \u00e9ch\u00e9ance avec une forme correcte mais un entrainement plut\u00f4t faible en course \u00e0 pied. Malgr\u00e9 tout, j&rsquo;\u00e9tais motiv\u00e9 et j&rsquo;avais l&rsquo;intention de figurer au mieux dans la\u00a0hi\u00e9rarchie. C&rsquo;est avec une bonne ribambelle de camarades que j&rsquo;ai couru mes sixi\u00e8mes Foul\u00e9es du Tram.\u00a0<\/em><!--more--><\/p>\n<h2 style=\"text-align: center;\">Avant-course<\/h2>\n<p><strong>La course se d\u00e9roulant en ligne entre Basse Goulaine, commune p\u00e9riurbaine de l\u2019Est de l\u2019agglom\u00e9ration nantaise et Nantes,<\/strong> c\u2019est en voiture que j\u2019ai ralli\u00e9 le site de d\u00e9part avec Tom, Charly et Nicolas.<\/p>\n<p style=\"text-align: justify;\">En ce jour de comp\u00e9tition, <strong>les conditions m\u00e9t\u00e9orologiques \u00e9taient pluvieuses et il ne faisait pas chaud<\/strong>, une quinzaine de degr\u00e9s tout au plus.\u00a0Pour cette 38 \u00e8me \u00e9dition, <strong>plus de 7 000 coureurs avaient r\u00e9pondu pr\u00e9sents<\/strong> et les inscriptions \u00e9taient boucl\u00e9es depuis d\u00e9but septembre. <b>Une popularit\u00e9 qui ne cesse de cro\u00eetre pour la plus c\u00e9l\u00e8bre des courses du d\u00e9partement.\u00a0<\/b><\/p>\n<h2 style=\"text-align: center;\">Pas dans le rythme d\u00e8s le d\u00e9but de course<\/h2>\n<p style=\"text-align: justify;\"><strong>Bien plac\u00e9 sur la ligne de d\u00e9part en compagnie de Charly, je pris un d\u00e9part assez prudent<\/strong> car je savais d&rsquo;une part que le profil des premiers hectom\u00e8tres \u00e9tait exigeant et que d&rsquo;autre part ma forme \u00e9tait pr\u00e9caire et incertaine.<\/p>\n<p style=\"text-align: justify;\">Rapidement, <strong>Charly, de retour \u00e0 un bon niveau depuis plusieurs semaines, me distan\u00e7a.<\/strong> Si j&rsquo;eus de bonnes sensations dans la premi\u00e8re grimpette, <strong>les kilom\u00e8tres suivants dans Basse Goulaine furent nettement plus complexes.\u00a0<\/strong><br \/>\nPas en jambes, je me fis beaucoup d\u00e9passer par des flots de coureurs. Tant bien que mal, <strong>je maintenais une allure autour de 13,5\/14 km\/h mais je n&rsquo;arrivais pas \u00e0 accrocher le bon wagon<\/strong>. Sans aucun doute, je payais mon manque d&rsquo;entrainement durant les derniers mois. Je m&rsquo;\u00e9tais simplement content\u00e9 de footing, d\u00e9laissant les s\u00e9ances de fractionn\u00e9s.<\/p>\n<p style=\"text-align: justify;\">En difficult\u00e9 mentalement et physiquement, <strong>j&rsquo;atteignis le 5 \u00e8me kilom\u00e8tre apr\u00e8s 22&prime; d&rsquo;effort soit 13,9 km\/h.<\/strong> En difficult\u00e9, c&rsquo;est vraiment le mot juste !<\/p>\n<p><a href=\"https:\/\/courir-lemonde.com\/wp-content\/uploads\/2017\/10\/foul\u00e9es-tram-nantes-2017.jpg\"><img loading=\"lazy\" decoding=\"async\" class=\"aligncenter wp-image-3835\" src=\"https:\/\/courir-lemonde.com\/wp-content\/uploads\/2017\/10\/foul\u00e9es-tram-nantes-2017.jpg\" alt=\"foul\u00e9es du tram 2017\" width=\"501\" height=\"364\" \/><\/a><\/p>\n<p style=\"text-align: center;\"><em>La t\u00eate de la course apr\u00e8s environ trois kilom\u00e8tres de course<br \/>\n(photo www.lesfouleesnantaises.fr\/)<\/em><\/p>\n<h2 style=\"text-align: center;\">Un rythme de croisi\u00e8re entre 13 et 13,5 km\/h<br \/>\nsoit 2 \u00e0 3 km\/h moins vite que l&rsquo;ann\u00e9e pass\u00e9e<\/h2>\n<p style=\"text-align: justify;\">Via le bourg de Saint S\u00e9bastien sur Loire, nous r\u00e9cup\u00e9r\u00e2mes les bords de Loire en empruntant l&rsquo;interminable et rectiligne boulevard des Pas Enchant\u00e9s. <strong>Toujours en difficult\u00e9, je d\u00e9roulais p\u00e9niblement \u00e0 une allure comprise entre 13 et 13,5 km\/h.<\/strong> Loin, tr\u00e8s loin de ma vitesse de croisi\u00e8re de l&rsquo;ann\u00e9e pass\u00e9e entre Coueron et Nantes.<\/p>\n<p style=\"text-align: justify;\"><strong>Mon passage sur l&rsquo;\u00eele de Nantes fut l\u00e9g\u00e8rement mieux.<\/strong> Depuis le pont L\u00e9opold Sedar Senghor, <strong>j&rsquo;avais pris en rep\u00e8re une f\u00e9minine<\/strong> qui \u00e9tait revenue sur moi. <strong>Je m&rsquo;\u00e9tais fix\u00e9 comme objectif de ne pas me faire distancer par elle<\/strong> et si possible de la d\u00e9passer avant la ligne d&rsquo;arriv\u00e9e. Il restait encore 5 kilom\u00e8tres \u00e0 tenir et c&rsquo;\u00e9tait tr\u00e8s loin d&rsquo;\u00eatre gagn\u00e9 !<\/p>\n<h2 style=\"text-align: center;\">Timide r\u00e9action dans les quatre derniers kilom\u00e8tres<\/h2>\n<p style=\"text-align: justify;\"><strong>Apr\u00e8s le stade Marcel Saupin, je tentai d&#8217;embrayer un peu.<\/strong> Je manquai de jus mais <strong>je pus quand m\u00eame d\u00e9passer quelques coureurs sur le Quai Andr\u00e9 Morice.<\/strong> Enfin !!<br \/>\nDans la portion escarp\u00e9e du centre-ville de Nantes, je poursuivis \u00e0 une allure honorable mais <strong>les forces me manquaient.<\/strong><br \/>\nEn d\u00e9pit de la foule motivante et de mes qualit\u00e9s de grimpeur, <strong>je peinais \u00e0 prendre mon envol<\/strong>. N\u00e9anmoins, je restais sur les talons de la f\u00e9minine qui maintenait une allure soutenue. J&rsquo;esp\u00e9rais la d\u00e9passer dans les derniers hectom\u00e8tres.<\/p>\n<p style=\"text-align: justify;\">Finalement, <strong>la derni\u00e8re mont\u00e9e vers la Cath\u00e9drale eut raison de mes ambitions car je fus incapable d&rsquo;acc\u00e9l\u00e9rer la cadence.<\/strong>\u00a0<strong>Je franchis la ligne d&rsquo;arriv\u00e9e dans un chrono d\u00e9cevant mais logique de 1h02&rsquo;53 (13,5 km\/h de moyenne) \u00e0 la 456 \u00e8me place<\/strong>, loin de Charly qui se classa 178 \u00e8me en 57&rsquo;26. Quant \u00e0 mes camarades Lysois, ils ont bien g\u00e9r\u00e9 puisqu&rsquo;ils ont tous atteint leur objectif.<\/p>\n<p style=\"text-align: center;\"><a href=\"https:\/\/courir-lemonde.com\/wp-content\/uploads\/2017\/10\/foul\u00e9es-tram-nantes-2017-course-populaire.jpg\"><img loading=\"lazy\" decoding=\"async\" class=\"aligncenter wp-image-3836\" src=\"https:\/\/courir-lemonde.com\/wp-content\/uploads\/2017\/10\/foul\u00e9es-tram-nantes-2017-course-populaire.jpg\" alt=\"\" width=\"501\" height=\"364\" \/><\/a><em>Toujours une course tr\u00e8s populaire\u00a0(photo www.lesfouleesnantaises.fr\/)<\/em><\/p>\n<h2 style=\"text-align: center;\"><em>Classement\u00a0<\/em><\/h2>\n<p style=\"text-align: center;\">1 EL AARABI Reda Optic 2000 45\u201909<\/p>\n<p style=\"text-align: center;\">2 MOREAU Julien Nantes 45\u201937<\/p>\n<p style=\"text-align: center;\">3 THIRE Jordan CE TAN 45\u201951<\/p>\n<p style=\"text-align: center;\">\u2026<\/p>\n<p style=\"text-align: center;\">6 MARTIN Kevin Team Sobhi Sport 47\u201924<\/p>\n<p style=\"text-align: center;\">178 DU BOISLOUVEAU Charles-Henry Danmark Rundt 2012 57&rsquo;26<\/p>\n<p style=\"text-align: center;\"><strong>456 CHAPALAIN Valentin Run Eco Team 1h02\u201953<\/strong><\/p>\n<p style=\"text-align: center;\">2 255 COUEDEL Tom Carquefou 1h17&rsquo;14 (chrono r\u00e9el environ 1h10)<\/p>\n<p style=\"text-align: center;\">3221 MARTIN Dimitri Don Bosco Football Ga\u00e9lique 1h22&rsquo;32 (chrono r\u00e9el environ 1h15)<\/p>\n<p style=\"text-align: center;\">3 869 BRANGEON Nicolas Carquefou 1h26&rsquo;04 (chrono r\u00e9el environ 1h19)<\/p>\n<p style=\"text-align: center;\">4 744 RIALLAND Quentin Carquefou 1h31&rsquo;09 (chrono r\u00e9el environ 1h20)<\/p>\n<p style=\"text-align: center;\">6 294 arrivants<\/p>\n","protected":false},"excerpt":{"rendered":"<p>6 \u00e8me participation aux Foul\u00e9es du Tram entre Basse Goulaine et Nantes Les Foul\u00e9es du Tram partaient cette ann\u00e9e de la commune de Basse Goulaine (photo www.lesfouleesnantaises.fr\/) Les Foul\u00e9es du Tram, c&rsquo;est la\u00a0course populaire par excellence dans la r\u00e9gion nantaise. &hellip; <a href=\"https:\/\/courir-lemonde.com\/index.php\/2017\/10\/24\/3-eme-episode-saison-2017-les-foulees-nantaises-142-km\/\">Continuer la lecture <span class=\"meta-nav\">&rarr;<\/span><\/a><\/p>\n","protected":false},"author":1,"featured_media":0,"comment_status":"open","ping_status":"open","sticky":false,"template":"","format":"standard","meta":{"footnotes":""},"categories":[317],"tags":[74,93,76,235,32],"yoast_head":"<!-- This site is optimized with the Yoast SEO plugin v21.8.1 - https:\/\/yoast.com\/wordpress\/plugins\/seo\/ -->\n<title>3 \u00e8me \u00e9pisode saison 2017 : les Foul\u00e9es du Tram (14,2 km) - Courir Le Monde<\/title>\n<meta name=\"robots\" content=\"index, follow, max-snippet:-1, max-image-preview:large, max-video-preview:-1\" \/>\n<link rel=\"canonical\" href=\"https:\/\/courir-lemonde.com\/index.php\/2017\/10\/24\/3-eme-episode-saison-2017-les-foulees-nantaises-142-km\/\" \/>\n<meta property=\"og:locale\" content=\"fr_FR\" \/>\n<meta property=\"og:type\" content=\"article\" \/>\n<meta property=\"og:title\" content=\"3 \u00e8me \u00e9pisode saison 2017 : les Foul\u00e9es du Tram (14,2 km) - Courir Le Monde\" \/>\n<meta property=\"og:description\" content=\"6 \u00e8me participation aux Foul\u00e9es du Tram entre Basse Goulaine et Nantes Les Foul\u00e9es du Tram partaient cette ann\u00e9e de la commune de Basse Goulaine (photo www.lesfouleesnantaises.fr\/) Les Foul\u00e9es du Tram, c&rsquo;est la\u00a0course populaire par excellence dans la r\u00e9gion nantaise. &hellip; Continuer la lecture &rarr;\" \/>\n<meta property=\"og:url\" content=\"https:\/\/courir-lemonde.com\/index.php\/2017\/10\/24\/3-eme-episode-saison-2017-les-foulees-nantaises-142-km\/\" \/>\n<meta property=\"og:site_name\" content=\"Courir Le Monde\" \/>\n<meta property=\"article:published_time\" content=\"2017-10-24T17:18:35+00:00\" \/>\n<meta property=\"article:modified_time\" content=\"2017-10-25T12:45:47+00:00\" \/>\n<meta property=\"og:image\" content=\"https:\/\/courir-lemonde.com\/wp-content\/uploads\/2017\/10\/foul\u00e9es-tram-nantes-2007-depart.jpg\" \/>\n<meta name=\"author\" content=\"Chap44\" \/>\n<meta name=\"twitter:card\" content=\"summary_large_image\" \/>\n<meta name=\"twitter:label1\" content=\"\u00c9crit par\" \/>\n\t<meta name=\"twitter:data1\" content=\"Chap44\" \/>\n\t<meta name=\"twitter:label2\" content=\"Dur\u00e9e de lecture estim\u00e9e\" \/>\n\t<meta name=\"twitter:data2\" content=\"4 minutes\" \/>\n<script type=\"application\/ld+json\" class=\"yoast-schema-graph\">{\"@context\":\"https:\/\/schema.org\",\"@graph\":[{\"@type\":\"WebPage\",\"@id\":\"https:\/\/courir-lemonde.com\/index.php\/2017\/10\/24\/3-eme-episode-saison-2017-les-foulees-nantaises-142-km\/\",\"url\":\"https:\/\/courir-lemonde.com\/index.php\/2017\/10\/24\/3-eme-episode-saison-2017-les-foulees-nantaises-142-km\/\",\"name\":\"3 \u00e8me \u00e9pisode saison 2017 : les Foul\u00e9es du Tram (14,2 km) - Courir Le Monde\",\"isPartOf\":{\"@id\":\"https:\/\/courir-lemonde.com\/#website\"},\"datePublished\":\"2017-10-24T17:18:35+00:00\",\"dateModified\":\"2017-10-25T12:45:47+00:00\",\"author\":{\"@id\":\"https:\/\/courir-lemonde.com\/#\/schema\/person\/baaa624d701d53d176c763f85b3114e4\"},\"breadcrumb\":{\"@id\":\"https:\/\/courir-lemonde.com\/index.php\/2017\/10\/24\/3-eme-episode-saison-2017-les-foulees-nantaises-142-km\/#breadcrumb\"},\"inLanguage\":\"fr-FR\",\"potentialAction\":[{\"@type\":\"ReadAction\",\"target\":[\"https:\/\/courir-lemonde.com\/index.php\/2017\/10\/24\/3-eme-episode-saison-2017-les-foulees-nantaises-142-km\/\"]}]},{\"@type\":\"BreadcrumbList\",\"@id\":\"https:\/\/courir-lemonde.com\/index.php\/2017\/10\/24\/3-eme-episode-saison-2017-les-foulees-nantaises-142-km\/#breadcrumb\",\"itemListElement\":[{\"@type\":\"ListItem\",\"position\":1,\"name\":\"Accueil\",\"item\":\"https:\/\/courir-lemonde.com\/\"},{\"@type\":\"ListItem\",\"position\":2,\"name\":\"3 \u00e8me \u00e9pisode saison 2017 : les Foul\u00e9es du Tram (14,2 km)\"}]},{\"@type\":\"WebSite\",\"@id\":\"https:\/\/courir-lemonde.com\/#website\",\"url\":\"https:\/\/courir-lemonde.com\/\",\"name\":\"Courir Le Monde\",\"description\":\"Le site de Valentin Chapalain, passionn\u00e9 d&#039;aventures et de voyages\",\"potentialAction\":[{\"@type\":\"SearchAction\",\"target\":{\"@type\":\"EntryPoint\",\"urlTemplate\":\"https:\/\/courir-lemonde.com\/?s={search_term_string}\"},\"query-input\":\"required name=search_term_string\"}],\"inLanguage\":\"fr-FR\"},{\"@type\":\"Person\",\"@id\":\"https:\/\/courir-lemonde.com\/#\/schema\/person\/baaa624d701d53d176c763f85b3114e4\",\"name\":\"Chap44\",\"image\":{\"@type\":\"ImageObject\",\"inLanguage\":\"fr-FR\",\"@id\":\"https:\/\/courir-lemonde.com\/#\/schema\/person\/image\/\",\"url\":\"https:\/\/secure.gravatar.com\/avatar\/f6a3fcbb365f597d6259be5c4dc6c05c?s=96&d=mm&r=g\",\"contentUrl\":\"https:\/\/secure.gravatar.com\/avatar\/f6a3fcbb365f597d6259be5c4dc6c05c?s=96&d=mm&r=g\",\"caption\":\"Chap44\"},\"url\":\"https:\/\/courir-lemonde.com\/index.php\/author\/chap331244\/\"}]}<\/script>\n<!-- \/ Yoast SEO plugin. -->","yoast_head_json":{"title":"3 \u00e8me \u00e9pisode saison 2017 : les Foul\u00e9es du Tram (14,2 km) - Courir Le Monde","robots":{"index":"index","follow":"follow","max-snippet":"max-snippet:-1","max-image-preview":"max-image-preview:large","max-video-preview":"max-video-preview:-1"},"canonical":"https:\/\/courir-lemonde.com\/index.php\/2017\/10\/24\/3-eme-episode-saison-2017-les-foulees-nantaises-142-km\/","og_locale":"fr_FR","og_type":"article","og_title":"3 \u00e8me \u00e9pisode saison 2017 : les Foul\u00e9es du Tram (14,2 km) - Courir Le Monde","og_description":"6 \u00e8me participation aux Foul\u00e9es du Tram entre Basse Goulaine et Nantes Les Foul\u00e9es du Tram partaient cette ann\u00e9e de la commune de Basse Goulaine (photo www.lesfouleesnantaises.fr\/) Les Foul\u00e9es du Tram, c&rsquo;est la\u00a0course populaire par excellence dans la r\u00e9gion nantaise. &hellip; Continuer la lecture &rarr;","og_url":"https:\/\/courir-lemonde.com\/index.php\/2017\/10\/24\/3-eme-episode-saison-2017-les-foulees-nantaises-142-km\/","og_site_name":"Courir Le Monde","article_published_time":"2017-10-24T17:18:35+00:00","article_modified_time":"2017-10-25T12:45:47+00:00","og_image":[{"url":"https:\/\/courir-lemonde.com\/wp-content\/uploads\/2017\/10\/foul\u00e9es-tram-nantes-2007-depart.jpg"}],"author":"Chap44","twitter_card":"summary_large_image","twitter_misc":{"\u00c9crit par":"Chap44","Dur\u00e9e de lecture estim\u00e9e":"4 minutes"},"schema":{"@context":"https:\/\/schema.org","@graph":[{"@type":"WebPage","@id":"https:\/\/courir-lemonde.com\/index.php\/2017\/10\/24\/3-eme-episode-saison-2017-les-foulees-nantaises-142-km\/","url":"https:\/\/courir-lemonde.com\/index.php\/2017\/10\/24\/3-eme-episode-saison-2017-les-foulees-nantaises-142-km\/","name":"3 \u00e8me \u00e9pisode saison 2017 : les Foul\u00e9es du Tram (14,2 km) - Courir Le Monde","isPartOf":{"@id":"https:\/\/courir-lemonde.com\/#website"},"datePublished":"2017-10-24T17:18:35+00:00","dateModified":"2017-10-25T12:45:47+00:00","author":{"@id":"https:\/\/courir-lemonde.com\/#\/schema\/person\/baaa624d701d53d176c763f85b3114e4"},"breadcrumb":{"@id":"https:\/\/courir-lemonde.com\/index.php\/2017\/10\/24\/3-eme-episode-saison-2017-les-foulees-nantaises-142-km\/#breadcrumb"},"inLanguage":"fr-FR","potentialAction":[{"@type":"ReadAction","target":["https:\/\/courir-lemonde.com\/index.php\/2017\/10\/24\/3-eme-episode-saison-2017-les-foulees-nantaises-142-km\/"]}]},{"@type":"BreadcrumbList","@id":"https:\/\/courir-lemonde.com\/index.php\/2017\/10\/24\/3-eme-episode-saison-2017-les-foulees-nantaises-142-km\/#breadcrumb","itemListElement":[{"@type":"ListItem","position":1,"name":"Accueil","item":"https:\/\/courir-lemonde.com\/"},{"@type":"ListItem","position":2,"name":"3 \u00e8me \u00e9pisode saison 2017 : les Foul\u00e9es du Tram (14,2 km)"}]},{"@type":"WebSite","@id":"https:\/\/courir-lemonde.com\/#website","url":"https:\/\/courir-lemonde.com\/","name":"Courir Le Monde","description":"Le site de Valentin Chapalain, passionn\u00e9 d&#039;aventures et de voyages","potentialAction":[{"@type":"SearchAction","target":{"@type":"EntryPoint","urlTemplate":"https:\/\/courir-lemonde.com\/?s={search_term_string}"},"query-input":"required name=search_term_string"}],"inLanguage":"fr-FR"},{"@type":"Person","@id":"https:\/\/courir-lemonde.com\/#\/schema\/person\/baaa624d701d53d176c763f85b3114e4","name":"Chap44","image":{"@type":"ImageObject","inLanguage":"fr-FR","@id":"https:\/\/courir-lemonde.com\/#\/schema\/person\/image\/","url":"https:\/\/secure.gravatar.com\/avatar\/f6a3fcbb365f597d6259be5c4dc6c05c?s=96&d=mm&r=g","contentUrl":"https:\/\/secure.gravatar.com\/avatar\/f6a3fcbb365f597d6259be5c4dc6c05c?s=96&d=mm&r=g","caption":"Chap44"},"url":"https:\/\/courir-lemonde.com\/index.php\/author\/chap331244\/"}]}},"_links":{"self":[{"href":"https:\/\/courir-lemonde.com\/index.php\/wp-json\/wp\/v2\/posts\/3783"}],"collection":[{"href":"https:\/\/courir-lemonde.com\/index.php\/wp-json\/wp\/v2\/posts"}],"about":[{"href":"https:\/\/courir-lemonde.com\/index.php\/wp-json\/wp\/v2\/types\/post"}],"author":[{"embeddable":true,"href":"https:\/\/courir-lemonde.com\/index.php\/wp-json\/wp\/v2\/users\/1"}],"replies":[{"embeddable":true,"href":"https:\/\/courir-lemonde.com\/index.php\/wp-json\/wp\/v2\/comments?post=3783"}],"version-history":[{"count":7,"href":"https:\/\/courir-lemonde.com\/index.php\/wp-json\/wp\/v2\/posts\/3783\/revisions"}],"predecessor-version":[{"id":3848,"href":"https:\/\/courir-lemonde.com\/index.php\/wp-json\/wp\/v2\/posts\/3783\/revisions\/3848"}],"wp:attachment":[{"href":"https:\/\/courir-lemonde.com\/index.php\/wp-json\/wp\/v2\/media?parent=3783"}],"wp:term":[{"taxonomy":"category","embeddable":true,"href":"https:\/\/courir-lemonde.com\/index.php\/wp-json\/wp\/v2\/categories?post=3783"},{"taxonomy":"post_tag","embeddable":true,"href":"https:\/\/courir-lemonde.com\/index.php\/wp-json\/wp\/v2\/tags?post=3783"}],"curies":[{"name":"wp","href":"https:\/\/api.w.org\/{rel}","templated":true}]}}