{"id":392,"date":"2013-12-20T08:51:25","date_gmt":"2013-12-20T07:51:25","guid":{"rendered":"http:\/\/courir-lemonde.com\/?p=392"},"modified":"2015-11-09T11:22:30","modified_gmt":"2015-11-09T10:22:30","slug":"7-eme-episode-saison-2013-la-cambrousse-du-menestrail-de-moncontour-33-km-1200-metres-d","status":"publish","type":"post","link":"https:\/\/courir-lemonde.com\/index.php\/2013\/12\/20\/7-eme-episode-saison-2013-la-cambrousse-du-menestrail-de-moncontour-33-km-1200-metres-d\/","title":{"rendered":"7 \u00e8me \u00e9pisode saison 2013 : \u00ab\u00a0La Cambrousse\u00a0\u00bb du Menestrail de Moncontour (33 km ; 1200 m\u00e8tres D+)"},"content":{"rendered":"<h1 style=\"text-align: center;\"><strong>Quand courir devient un calvaire :\u00a0<\/strong><strong>souffrance et douleur dans la cambrousse costarmoricaine \u00e0 Moncontour<\/strong><\/h1>\n<p><a href=\"http:\/\/courir-lemonde.com\/wp-content\/uploads\/2015\/11\/Menestrail-image.png\"><img loading=\"lazy\" decoding=\"async\" class=\"size-full wp-image-393 aligncenter\" src=\"http:\/\/courir-lemonde.com\/wp-content\/uploads\/2015\/11\/Menestrail-image.png\" alt=\"Menestrail image\" width=\"374\" height=\"252\" srcset=\"https:\/\/courir-lemonde.com\/wp-content\/uploads\/2015\/11\/Menestrail-image.png 374w, https:\/\/courir-lemonde.com\/wp-content\/uploads\/2015\/11\/Menestrail-image-300x202.png 300w\" sizes=\"(max-width: 374px) 100vw, 374px\" \/><\/a><\/p>\n<p style=\"text-align: justify;\"><em>Il y a trois ans, souvenez-vous, je m&rsquo;\u00e9tais d\u00e9j\u00e0 rendu dans la petite cit\u00e9 m\u00e9di\u00e9vale costarmoricaine de Moncontour pour participer au redoutable Menestrail. J&rsquo;avais alors pris part \u00e0 l&rsquo;\u00e9preuve de 24 kilom\u00e8tres comportant 800 m\u00e8tres de d\u00e9nivel\u00e9 positif. Malgr\u00e9 quatre derniers kilom\u00e8tres atroces la faute \u00e0 une fringale, je gardais un bon souvenir de cette \u00e9preuve de part son parcours s\u00e9lectif, son cadre rustique, et de son atmosph\u00e8re\u00a0conviviale notamment \u00e0 l&rsquo;arriv\u00e9e. Voil\u00e0 pourquoi cette ann\u00e9e, en compagnie d&rsquo;Aur\u00e9lien, je m&rsquo;\u00e9tais engag\u00e9 sur une distance sup\u00e9rieure (33 km) et davantage cors\u00e9e (1 200 m\u00e8tres de D+) avec comme objectifs de r\u00e9aliser une meilleure performance qu&rsquo;il y a trois ans et \u00e9galement de prendre ma revanche sur mon acolyte qui m&rsquo;avait devanc\u00e9 sur le cross Nantes R\u00e9alit\u00e9s de la Chantrerie.\u00a0<\/em><em>Malheureusement, je n&rsquo;abordais pas ce d\u00e9fi dans\u00a0les meilleures dispositions. En d\u00e9pit d&rsquo;une forme croissante jusqu&rsquo;\u00e0 la mi-novembre, j&rsquo;ai du baisser le pied ces derniers jours la faute \u00e0 une douleur au genou intervenue au lendemain d&rsquo;une sortie longue. Lors du cross Nantes R\u00e9alit\u00e9s, je n&rsquo;avais pas tellement \u00e9t\u00e9 g\u00ean\u00e9 mais je craignais que la longueur et la rudesse du Menestrail r\u00e9veillent cette g\u00eane tendineuse.\u00a0<\/em><!--more--><\/p>\n<h2 style=\"text-align: center;\"><em>D\u00e9but de week-end costarmoricain et avant course\u00a0<\/em><\/h2>\n<p style=\"text-align: justify;\">Il \u00e9tait un peu plus de 15h00 lorsque je pris la route au volant de ma Peugeot 207. Apr\u00e8s un arr\u00eat du c\u00f4t\u00e9 de Saint Joseph de Porterie pour prendre Aur\u00e9lien, nous avons mis le cap sur les C\u00f4tes d&rsquo;Armor. <strong>Le trajet se d\u00e9roula sans aucun soucis notable<\/strong>, le trafic \u00e9tant fluide et la m\u00e9t\u00e9o assez cl\u00e9mente. Nous sommes arriv\u00e9s dans la zone h\u00f4teli\u00e8re de la Hazaie, o\u00f9 se trouvait notre pied-\u00e0-terre, vers 17h15. Nous l&rsquo;avons trouv\u00e9 sans aucune difficult\u00e9 puisque c&rsquo;\u00e9tait tout de m\u00eame la quatri\u00e8me fois que je posais mes valises dans cet h\u00f4tel formule 1 jouxtant la nationale 12 pr\u00e8s de Saint Brieuc.<\/p>\n<p style=\"text-align: justify;\">Une fois nos affaires d\u00e9pos\u00e9es, nous avons \u00e9t\u00e9 faire quelques provisions alimentaires en vue de la soir\u00e9e et du petit d\u00e9jeuner du lendemain.\u00a0<strong>La fin de journ\u00e9e fut calme dans une ambiance joviale.<\/strong> Au menu : le d\u00e9but de la saison 1 de Californication, en guise d&rsquo;amuse bouche suivi d&rsquo;un divin repas \u00e0 base de p\u00e2tes avant de passer aux pr\u00e9paratifs de nos affaires pour le Menestrail. <strong>Vers 23h30, il fut grand temps de se coucher puisque le r\u00e9veil \u00e9tait pr\u00e9vu pour 5h15 le lendemain matin.<\/strong> Cependant, le bruit ext\u00e9rieur coupl\u00e9 \u00e0 l&rsquo;adr\u00e9naline de la course et \u00e0 l&rsquo;heure relativement peu tardive pour un samedi soir firent qu&rsquo;il fut difficile de trouver le sommeil imm\u00e9diatement.<\/p>\n<p><a href=\"http:\/\/courir-lemonde.com\/wp-content\/uploads\/2015\/11\/IMGP1777.jpg\"><img loading=\"lazy\" decoding=\"async\" class=\"wp-image-394 aligncenter\" src=\"http:\/\/courir-lemonde.com\/wp-content\/uploads\/2015\/11\/IMGP1777-1024x768.jpg\" alt=\"IMGP1777\" width=\"500\" height=\"378\" \/><\/a><\/p>\n<p style=\"text-align: center;\"><em>Aur\u00e9lien et moi-m\u00eame \u00e0 une dizaine de minutes du d\u00e9part (photo perso)<\/em><\/p>\n<p style=\"text-align: justify;\">Comme convenu, le r\u00e9veil sonna aux aurores en ce premier jour du mois de d\u00e9cembre. Malgr\u00e9 une courte nuit, je n&rsquo;avais pas la sensation d&rsquo;\u00eatre fatigu\u00e9. Malgr\u00e9 un r\u00e9veil un peu plus d\u00e9licat, Aur\u00e9lien \u00e9tait \u00e9galement d&rsquo;attaque pour en d\u00e9coudre avec le Menestrail.\u00a0<strong>Vers 6h10, nous pr\u00eemes la route en direction de Moncontour dans l&rsquo;obscurit\u00e9 la plus totale. Il faisait assez froid (2\u00b0C)<\/strong> mais le pare-brise de la voiture n&rsquo;\u00e9tait pas gel\u00e9, heureusement car nous \u00e9tions un peu juste au niveau du timing.\u00a0A 6h35, nous arriv\u00e2mes sur le site du d\u00e9part. Les voitures \u00e9taient d\u00e9j\u00e0 tr\u00e8s nombreuses tout comme les coureurs munis de frontales. De suite, nous avons pris la direction du lieu du retrait des dossards car le temps pressait un peu.<\/p>\n<p style=\"text-align: justify;\">Petit point concernant l&rsquo;\u00e9quipement pour cette \u00e9preuve. <strong>Au vu de la fra\u00eecheur ambiante, j&rsquo;avais opt\u00e9 pour un collant long ainsi qu&rsquo;un t-shirt \u00e0 manche longue en plus de l&rsquo;indispensable paire de gants et d&rsquo;un bonnet.<\/strong>\u00a0Du fait de la longueur du trail, j&rsquo;avais \u00e9galement emport\u00e9 avec moi un petit sac \u00e0 dos avec <strong>une r\u00e9serve d&rsquo;eau de 1 litre et de multiples provisions solides<\/strong> (barres de c\u00e9r\u00e9ales, p\u00e2tes de fruits et gels \u00e9nerg\u00e9tiques) afin de pallier tout risque de fringale.<br \/>\nCe point mat\u00e9riel fait, revenons \u00e0 la course. Apr\u00e8s un rapide briefing dans la salle de sport, les coureurs furent invit\u00e9s \u00e0 rejoindre la ligne de d\u00e9part situ\u00e9e \u00e0 l&rsquo;ext\u00e9rieur du gymnase sur la v\u00e9tuste piste d&rsquo;athl\u00e9tisme de Moncontour : le d\u00e9part \u00e9tait alors imminent !!<\/p>\n<h2 style=\"text-align: center;\"><em>Un d\u00e9but de course relativement prudent<\/em><\/h2>\n<p><a href=\"http:\/\/courir-lemonde.com\/wp-content\/uploads\/2015\/11\/profile-cambrousse.jpg\"><img loading=\"lazy\" decoding=\"async\" class=\"size-full wp-image-395 aligncenter\" src=\"http:\/\/courir-lemonde.com\/wp-content\/uploads\/2015\/11\/profile-cambrousse.jpg\" alt=\"profile-cambrousse\" width=\"690\" height=\"248\" srcset=\"https:\/\/courir-lemonde.com\/wp-content\/uploads\/2015\/11\/profile-cambrousse.jpg 690w, https:\/\/courir-lemonde.com\/wp-content\/uploads\/2015\/11\/profile-cambrousse-300x108.jpg 300w, https:\/\/courir-lemonde.com\/wp-content\/uploads\/2015\/11\/profile-cambrousse-500x180.jpg 500w\" sizes=\"(max-width: 690px) 100vw, 690px\" \/><\/a><\/p>\n<p style=\"text-align: center;\"><em>Le profil tr\u00e8s escarp\u00e9 de la Cambrousse (photo\u00a0https:\/\/menestrail.wordpress.com\/)<\/em><\/p>\n<p style=\"text-align: justify;\"><strong>Avec Aur\u00e9lien, nous \u00e9tions plac\u00e9s dans le premier quart d&rsquo;un peloton<\/strong> <strong>constitu\u00e9 d&rsquo;un peu plus de 400 \u00e2mes\u00a0.<\/strong>\u00a0Petite d\u00e9ception personnelle en ce qui concerne l&rsquo;animation au d\u00e9part puisqu&rsquo;il n&rsquo;y eut absolument rien, m\u00eame pas un peu de musique ou des jeux de lumi\u00e8re comme l&rsquo;on en retrouve r\u00e9guli\u00e8rement sur les trails. Cela \u00e9tant dit, c&rsquo;est peut-\u00eatre d\u00fb au fait que le Menestrail souhaite rester fid\u00e8le \u00e0 sa r\u00e9putation de trail tr\u00e8s rude sans trop de fantaisie.\u00a0Bref, <strong>c&rsquo;\u00e9tait parti pour quelques heures d&rsquo;effort.<\/strong> Au fond de moi, <strong>j&rsquo;esp\u00e9rai faire autour de 3h30 bien qu&rsquo;il soit toujours complexe d&rsquo;estimer un chrono sur une \u00e9preuve nature comportant autant de d\u00e9nivel\u00e9.<\/strong><\/p>\n<p style=\"text-align: justify;\">Comme convenu, nous pr\u00eemes un d\u00e9part assez tranquille malgr\u00e9 le profil descendant qui nous conduisit dans les typiques ruelles du village. Apr\u00e8s une dizaine de minutes \u00ab\u00a0d&rsquo;\u00e9chauffement\u00a0\u00bb dans Moncontour, <strong>on entra subitement dans le vif du sujet<\/strong> : \u00e0 la sortie du village, une zone herbeuse tr\u00e8s humide suivie d&rsquo;un abrupte coteau bois\u00e9 \u00e9taient au menu. Du fait de l&rsquo;\u00e9troitesse du chemin, cela bouchonna quelques minutes avant de se fluidifier. En termes de sensations, je n&rsquo;\u00e9tais pas trop mal, mon genou ne me g\u00eanait pas encore et de fait dans un autre passage escarp\u00e9 <strong>je d\u00e9cidai de hausser un peu l&rsquo;allure<\/strong> qui me semblait trop lente \u00e0 ce stade de la course. Cons\u00e9quence de cette l\u00e9g\u00e8re acc\u00e9l\u00e9ration, je perdu Aur\u00e9lien dans l&rsquo;obscure for\u00eat que nous traversions:\u00a0<strong>ma course \u00e9tait v\u00e9ritablement lanc\u00e9e<\/strong>.<\/p>\n<h2 style=\"text-align: center;\"><em>Un bon rythme jusqu&rsquo;aux environs de la mi-course\u00a0<\/em><\/h2>\n<p style=\"text-align: justify;\">Si les hectom\u00e8tres suivants furent relativement roulants voire m\u00eame descendants, <strong>de nouvelles<\/strong>\u00a0<strong>difficult\u00e9s ne tard\u00e8rent pas \u00e0 se profiler<\/strong>. Vers le quatri\u00e8me kilom\u00e8tre une longue c\u00f4te que je gravis en alternant marche rapide et course \u00e9tait au programme. <strong>Le parcours \u00e9tait tr\u00e8s cassant avec de v\u00e9ritables montagnes russes \u00e0 escalader et \u00e0 descendre<\/strong> : ce n&rsquo;\u00e9tait pas de tout repos qui plus est de nuit. En d\u00e9pit du temps sec de ce dimanche, la boue et les flaques d&rsquo;eau \u00e9taient l\u00e9gions rendant les appuis plus pr\u00e9caires et l&rsquo;on \u00e9tait pas \u00e0 l&rsquo;abris d&rsquo;une glissade. La vigilance \u00e9tait donc de mise ! <strong>Toujours dans la p\u00e9nombre, je maintenais une allure raisonnable tout en prenant le soin de m&rsquo;alimenter et de m&rsquo;hydrater<\/strong> de mani\u00e8re r\u00e9guli\u00e8re. Cependant en d\u00e9pit de ces efforts, je craignais que mon genou soit un trop grand handicap car progressivement <strong>je sentais la douleur cro\u00eetre.<\/strong> J&rsquo;avais v\u00e9ritablement l&rsquo;impression de courir avec une \u00e9p\u00e9e de Damocl\u00e8s au dessus de la t\u00eate.<\/p>\n<p style=\"text-align: justify;\"><strong>Vers 8h15, le soleil se levait paisiblement.<\/strong> <strong>Pour ma part, ce fut l&rsquo;un des moments les plus agr\u00e9ables de la course<\/strong>. Dans un cadre bucolique de collines bois\u00e9es et de landes, je vis l&rsquo;astre solaire pointer le bout de son nez au travers de fines nappes de brouillard qui annon\u00e7aient une journ\u00e9e ensoleill\u00e9e. Quelques minutes plus tard, <strong>j&rsquo;atteignis le premier ravitaillement (kilom\u00e8tre 11)<\/strong>, o\u00f9 je coupai compl\u00e8tement mon effort afin d&rsquo;enlever mon bonnet et ma frontale et aussi de prendre quelques provisions solides et liquides fournies par l&rsquo;organisation. En repartant, <strong>mon chronom\u00e8tre indiquait 1h25.<\/strong> \u00c7a me paraissait lent mais au niveau du classement je devais bien me situer probablement <strong>autour de la 50 \u00e8me place. \u00a0<\/strong><\/p>\n<p style=\"text-align: justify;\">Une chose est certaine ce ravitaillement me fit beaucoup de bien. J&rsquo;avais moins mal au genou et ces quelques victuailles m&rsquo;avaient redonn\u00e9 de l&rsquo;\u00e9nergie. \u00a0De fait, <strong>durant les quatre ou cinq kilom\u00e8tres suivants, mon rythme fut plut\u00f4t bon<\/strong> ce qui me permis de revenir sur un groupe de trois coureurs avec lesquels j&rsquo;ai couru jusqu&rsquo;aux environs du 18 \u00e8me kilom\u00e8tre. Le parcours tr\u00e8s vallonn\u00e9 dessin\u00e9 en plein c\u0153ur du Massif Armoricain \u00e9tait toujours aussi agr\u00e9able et selectif. Mais malheureusement plus les kilom\u00e8tres avan\u00e7aient, moins je profitais de ce trac\u00e9 la faute \u00e0 une douleur qui ne cessait de progresser &#8230;<\/p>\n<p style=\"text-align: justify;\"><a href=\"http:\/\/courir-lemonde.com\/wp-content\/uploads\/2015\/11\/Moncontour-c\u00f4te.jpg\"><img loading=\"lazy\" decoding=\"async\" class=\"wp-image-396 aligncenter\" src=\"http:\/\/courir-lemonde.com\/wp-content\/uploads\/2015\/11\/Moncontour-c\u00f4te.jpg\" alt=\"Moncontour c\u00f4te\" width=\"500\" height=\"378\" \/><\/a><\/p>\n<p style=\"text-align: center;\"><em>L&rsquo;une des nombreuses c\u00f4tes du parcours (photo\u00a0https:\/\/menestrail.wordpress.com\/)<\/em><\/p>\n<h2 style=\"text-align: center;\"><em>Les premiers signes du d\u00e9clin\u00a0<\/em><\/h2>\n<p style=\"text-align: justify;\">Les deux heures de course \u00e9taient pass\u00e9es depuis d\u00e9j\u00e0 quelques minutes. <strong>Tant bien que mal, je parvenais encore \u00e0 limiter la casse malgr\u00e9 mon genou douloureux.<\/strong> Je commen\u00e7ais \u00e0 me faire d\u00e9passer mais je maintenais une allure relativement honorable. Dans les c\u00f4tes, portions dans lesquelles j&rsquo;avais moins mal, j&rsquo;\u00e9tais m\u00eame bien meilleur que la plupart de mes compagnons de route \u00a0mais d\u00e8s lors que le profil \u00e9tait plat ou descendant, je peinais et luttais contre la douleur. N\u00e9anmoins, je me demandais combien de temps j&rsquo;allais tenir comme \u00e7a. <strong>Allais-je pouvoir aller au bout de l&rsquo;\u00e9preuve ?\u00a0<\/strong><\/p>\n<h2 style=\"text-align: center;\"><em>Courir (ou plut\u00f4t marcher) contre la douleur : un interminable calvaire de plus d&rsquo;une heure et demi\u00a0<\/em><\/h2>\n<p style=\"text-align: justify;\">Bien sur dans ma t\u00eate, il \u00e9tait impensable d&rsquo;abandonner car ce n&rsquo;est pas dans ma nature de laisser tomber.<strong>Et puis malgr\u00e9 la douleur, j&rsquo;\u00e9tais toujours devant Aur\u00e9lien<\/strong> ce qui me motivait quand m\u00eame un peu. Enfin j&rsquo;esp\u00e9rais, au fond de moi, que mon genou me laisse tranquille sur le dernier tiers de la course.\u00a0En tout cas, j<strong>&lsquo;attendais avec une tr\u00e8s grande h\u00e2te le second ravitaillement situ\u00e9 au kilom\u00e8tre 24.<\/strong> Je l&rsquo;attendais car \u00e0 son emplacement il ne resterait que neuf kilom\u00e8tres d&rsquo;effort et surtout de gal\u00e8re. <strong>J&rsquo;atteignis ce dernier apr\u00e8s 2h55 de course.<\/strong> Ce fut un premier grand soulagement et je pris trois minutes de pause pour refaire le plein d&rsquo;\u00e9nergie et ainsi que quelques \u00e9tirements qui n&rsquo;eurent aucun effet.<\/p>\n<p style=\"text-align: justify;\"><strong>J&rsquo;eus beaucoup de mal \u00e0 repartir pour ce qui risquait d&rsquo;\u00eatre les neuf kilom\u00e8tres les plus longs de ma modeste \u00ab\u00a0carri\u00e8re\u00a0\u00bb.<\/strong> Le fait de m&rsquo;arr\u00eater avait du refroidir le genou et la douleur \u00e9tait insoutenable. Heureusement un passage dans la boue eut le m\u00e9rite de diminuer temporairement la douleur me permettant de retrouver un peu d&rsquo;allant durant un kilom\u00e8tre environ. <strong>Mais d\u00e9sormais, c&rsquo;\u00e9tait un v\u00e9ritable calvaire je ne courais quasiment plus.<\/strong> Et je me faisais d\u00e9passer de toute part. Heureusement il y avait encore quelques c\u00f4tes tr\u00e8s raides dans lesquelles je parvenais \u00e0 limiter les d\u00e9g\u00e2ts. Mais ces quelques ascensions ne masquaient pas le torture que je vivais. Je subissais les \u00e9v\u00e9nements ! D\u00e8s que j&rsquo;apercevais des b\u00e9n\u00e9voles de l&rsquo;organisation, je demandai des informations sur le kilom\u00e9trage restant. A l&rsquo;exception d&rsquo;une petite portion descendante dans laquelle je suis parvenu \u00e0 courir \u00e0 une allure tr\u00e8s lente, je n&rsquo;ai fait que marcher sur les six derniers kilom\u00e8tres. <strong>Et le pire, c&rsquo;est que m\u00eame marcher \u00e9tait devenu un supplice sur les derniers kilom\u00e8tres tant mon genou me tiraillait.<\/strong> Pour passer le temps et garder le moral dans cet enfer, j&rsquo;essayais de penser \u00e0 choses positives et \u00e0 mes amis proches. J&rsquo;eus m\u00eame l&rsquo;envie d&rsquo;appeler Tom durant l&rsquo;espace d&rsquo;un instant.<\/p>\n<p style=\"text-align: justify;\"><strong>Malgr\u00e9 tout, une chose me turlupinait : je n&rsquo;avais toujours pas vu Aur\u00e9lien me d\u00e9passer<\/strong> ! Pourtant, je passais mon temps \u00e0 me retourner pour voir si sa silhouette ne revenait pas dans mon sillage. Mais rien ! Peut \u00eatre \u00e9tait-il devant ?<\/p>\n<h2 style=\"text-align: center;\"><em>Un dernier kilom\u00e8tre \u00e9pique\u00a0<\/em><\/h2>\n<p style=\"text-align: justify;\">Enfin ! On y arrive, je l&rsquo;aurai attendu ce \u00ab\u00a0putain de village\u00a0\u00bb !!! <strong>Au pied de Moncontour, il me restait encore un kilom\u00e8tre accident\u00e9 \u00e0 parcourir mais j&rsquo;y \u00e9tais presque et ce malgr\u00e9 mon genou douloureux.<\/strong> Alors que je m&rsquo;appr\u00eatais \u00e0 finir \u00ab\u00a0tranquillement\u00a0\u00bb, un \u00e9v\u00e9nement changea subitement la donne. Alors que j&rsquo;avais attaqu\u00e9 la mont\u00e9e finale en marchant, tout \u00e0 coup, <strong>j&rsquo;aper\u00e7u Aur\u00e9lien en train de trottiner en contre bas.<\/strong> Tout au plus, il devait y avoir une minute entre nous deux. <strong>D\u00e8s lors, deux sons de cloche r\u00e9sonn\u00e8rent simultan\u00e9ment dans ma t\u00eate : l&rsquo;un me disait de finir tranquillement sans se pr\u00e9occuper d&rsquo;Aur\u00e9lien tandis que l&rsquo;autre clamait qu&rsquo;il serait frustrant de se faire doubler sur le fil par mon acolyte. \u00a0<\/strong><br \/>\nSans vraiment r\u00e9fl\u00e9chir, j&rsquo;optai pour la seconde option. C&rsquo;est vrai qu&rsquo;en d\u00e9pit de cette \u00ab\u00a0course-calvaire\u00a0\u00bb c&rsquo;\u00e9tait vraiment dommage de se faire reprendre in-extremis surtout que j&rsquo;avais une revanche \u00e0 prendre apr\u00e8s sa victoire pour quelques secondes sur le cross Nantes R\u00e9alit\u00e9s le week-end pr\u00e9c\u00e9dent.<\/p>\n<p style=\"text-align: justify;\"><strong>D\u00e8s lors, je donnais les derni\u00e8res forces qui me restaient et je tentais d&rsquo;oublier la douleur qui \u00e9tait toujours abominable.<\/strong>\u00a0R\u00e9sultat, je marchais comme je pouvais et je trottinais \u00ab\u00a0en canard\u00a0\u00bb car \u00e7a me faisait moins mal. Je n&rsquo;avais aucune allure mais peut importe j&rsquo;avan\u00e7ais tant bien que mal.\u00a0<strong>A 250 m\u00e8tres de l&rsquo;arriv\u00e9e, dans l&rsquo;ultime portion difficile, Aur\u00e9lien \u00e9tait presque revenu sur mes talons et il m&rsquo;aper\u00e7u pour la premi\u00e8re fois depuis pr\u00e8s de quatre heures.<\/strong> Quel final !!! Alors que nous avions seulement couru dix minutes ensemble, nous \u00e9tions au coude \u00e0 coude dans les derniers m\u00e8tres de cette \u00e9preuve de 33 kilom\u00e8tres. Le mano \u00e0 mano \u00e9tait \u00e0 son comble et se poursuivit sur la piste du champ\u00eatre stade de Moncontour. <strong>A bout physiquement mais surtout mentalement, je d\u00e9tallais comme je pouvais devant Aur\u00e9lien tel un lapin tentant d&rsquo;\u00e9chapper \u00e0 un chasseur.<\/strong> Aux forceps et non sans mal, je parvins \u00e0 conserver trois petites secondes d&rsquo;avance sur mon acolyte. OUF !!!<\/p>\n<p style=\"text-align: justify;\"><strong>Je termine finalement cette cambrousse en 4h08&rsquo;57\u00a0\u00bb \u00e0 la 171 \u00e8me place<\/strong> apr\u00e8s avoir perdu une centaine de places sur les quinze derniers kilom\u00e8tres. <strong>Aur\u00e9lien se classe 172 \u00e8me en 4h09&rsquo;00\u00a0\u00bb<\/strong> au terme d&rsquo;une course qu&rsquo;il a \u00ab\u00a0bien g\u00e9r\u00e9\u00a0\u00bb pour reprendre ses termes. Toutes mes f\u00e9licitations \u00e0 Aur\u00e9lien qui termine \u00e0 Moncontour la plus longue course de sa jeune carri\u00e8re !\u00a0<strong>Petit clin d&rsquo;\u0153il \u00e9galement \u00e0 notre ami Mika qui s&rsquo;\u00e9tait engag\u00e9 sur l&rsquo;\u00e9preuve du 53 km.<\/strong> Au terme d&rsquo;une course tr\u00e8s rude, <strong>il termine apr\u00e8s 8h33&rsquo;54\u00a0\u00bb<\/strong> d&rsquo;effort \u00e0 l&rsquo;anecdotique 370 \u00e8me place. Un r\u00e9sultat certes modestes mais qui prouve une fois de plus son fort mental. Bravo Mika !<\/p>\n<p style=\"text-align: justify;\"><a href=\"http:\/\/courir-lemonde.com\/wp-content\/uploads\/2015\/11\/IMGP1780.jpg\"><img loading=\"lazy\" decoding=\"async\" class=\"wp-image-397 aligncenter\" src=\"http:\/\/courir-lemonde.com\/wp-content\/uploads\/2015\/11\/IMGP1780-1024x768.jpg\" alt=\"IMGP1780\" width=\"500\" height=\"378\" \/><\/a><\/p>\n<p style=\"text-align: center;\"><em>Aur\u00e9lien et moi-m\u00eame quelques instants apr\u00e8s l&rsquo;arriv\u00e9e (photo perso)<\/em><\/p>\n<h2 style=\"text-align: center;\"><em>Classement\u00a0<\/em><\/h2>\n<p style=\"text-align: center;\">1 POLIGNE Sylvain 2h53&rsquo;52<\/p>\n<p style=\"text-align: center;\">2 PIERRE Sebastien 2h56&rsquo;58<\/p>\n<p style=\"text-align: center;\">3 BERNARD Damien 3h03&rsquo;51<\/p>\n<p style=\"text-align: center;\">&#8230;<\/p>\n<p style=\"text-align: center;\"><strong>171 CHAPALAN Valentin 4h08&rsquo;57<\/strong><\/p>\n<p style=\"text-align: center;\">172 BREGEON Aur\u00e9lien 4h09&rsquo;00<\/p>\n<p style=\"text-align: center;\">368 coureurs class\u00e9s \/ 425 inscrits<\/p>\n<p style=\"text-align: center;\">\n","protected":false},"excerpt":{"rendered":"<p>Quand courir devient un calvaire :\u00a0souffrance et douleur dans la cambrousse costarmoricaine \u00e0 Moncontour Il y a trois ans, souvenez-vous, je m&rsquo;\u00e9tais d\u00e9j\u00e0 rendu dans la petite cit\u00e9 m\u00e9di\u00e9vale costarmoricaine de Moncontour pour participer au redoutable Menestrail. J&rsquo;avais alors pris &hellip; <a href=\"https:\/\/courir-lemonde.com\/index.php\/2013\/12\/20\/7-eme-episode-saison-2013-la-cambrousse-du-menestrail-de-moncontour-33-km-1200-metres-d\/\">Continuer la lecture <span class=\"meta-nav\">&rarr;<\/span><\/a><\/p>\n","protected":false},"author":1,"featured_media":0,"comment_status":"open","ping_status":"open","sticky":false,"template":"","format":"standard","meta":{"footnotes":""},"categories":[106],"tags":[80,81,52,54],"yoast_head":"<!-- This site is optimized with the Yoast SEO plugin v21.8.1 - https:\/\/yoast.com\/wordpress\/plugins\/seo\/ -->\n<title>7 \u00e8me \u00e9pisode saison 2013 : &quot;La Cambrousse&quot; du Menestrail de Moncontour (33 km ; 1200 m\u00e8tres D+) - Courir Le Monde<\/title>\n<meta name=\"robots\" content=\"index, follow, max-snippet:-1, max-image-preview:large, max-video-preview:-1\" \/>\n<link rel=\"canonical\" href=\"https:\/\/courir-lemonde.com\/index.php\/2013\/12\/20\/7-eme-episode-saison-2013-la-cambrousse-du-menestrail-de-moncontour-33-km-1200-metres-d\/\" \/>\n<meta property=\"og:locale\" content=\"fr_FR\" \/>\n<meta property=\"og:type\" content=\"article\" \/>\n<meta property=\"og:title\" content=\"7 \u00e8me \u00e9pisode saison 2013 : &quot;La Cambrousse&quot; du Menestrail de Moncontour (33 km ; 1200 m\u00e8tres D+) - Courir Le Monde\" \/>\n<meta property=\"og:description\" content=\"Quand courir devient un calvaire :\u00a0souffrance et douleur dans la cambrousse costarmoricaine \u00e0 Moncontour Il y a trois ans, souvenez-vous, je m&rsquo;\u00e9tais d\u00e9j\u00e0 rendu dans la petite cit\u00e9 m\u00e9di\u00e9vale costarmoricaine de Moncontour pour participer au redoutable Menestrail. J&rsquo;avais alors pris &hellip; Continuer la lecture &rarr;\" \/>\n<meta property=\"og:url\" content=\"https:\/\/courir-lemonde.com\/index.php\/2013\/12\/20\/7-eme-episode-saison-2013-la-cambrousse-du-menestrail-de-moncontour-33-km-1200-metres-d\/\" \/>\n<meta property=\"og:site_name\" content=\"Courir Le Monde\" \/>\n<meta property=\"article:published_time\" content=\"2013-12-20T07:51:25+00:00\" \/>\n<meta property=\"article:modified_time\" content=\"2015-11-09T10:22:30+00:00\" \/>\n<meta property=\"og:image\" content=\"http:\/\/courir-lemonde.com\/wp-content\/uploads\/2015\/11\/Menestrail-image.png\" \/>\n<meta name=\"author\" content=\"Chap44\" \/>\n<meta name=\"twitter:card\" content=\"summary_large_image\" \/>\n<meta name=\"twitter:label1\" content=\"\u00c9crit par\" \/>\n\t<meta name=\"twitter:data1\" content=\"Chap44\" \/>\n\t<meta name=\"twitter:label2\" content=\"Dur\u00e9e de lecture estim\u00e9e\" \/>\n\t<meta name=\"twitter:data2\" content=\"13 minutes\" \/>\n<script type=\"application\/ld+json\" class=\"yoast-schema-graph\">{\"@context\":\"https:\/\/schema.org\",\"@graph\":[{\"@type\":\"WebPage\",\"@id\":\"https:\/\/courir-lemonde.com\/index.php\/2013\/12\/20\/7-eme-episode-saison-2013-la-cambrousse-du-menestrail-de-moncontour-33-km-1200-metres-d\/\",\"url\":\"https:\/\/courir-lemonde.com\/index.php\/2013\/12\/20\/7-eme-episode-saison-2013-la-cambrousse-du-menestrail-de-moncontour-33-km-1200-metres-d\/\",\"name\":\"7 \u00e8me \u00e9pisode saison 2013 : \\\"La Cambrousse\\\" du Menestrail de Moncontour (33 km ; 1200 m\u00e8tres D+) - Courir Le Monde\",\"isPartOf\":{\"@id\":\"https:\/\/courir-lemonde.com\/#website\"},\"datePublished\":\"2013-12-20T07:51:25+00:00\",\"dateModified\":\"2015-11-09T10:22:30+00:00\",\"author\":{\"@id\":\"https:\/\/courir-lemonde.com\/#\/schema\/person\/baaa624d701d53d176c763f85b3114e4\"},\"breadcrumb\":{\"@id\":\"https:\/\/courir-lemonde.com\/index.php\/2013\/12\/20\/7-eme-episode-saison-2013-la-cambrousse-du-menestrail-de-moncontour-33-km-1200-metres-d\/#breadcrumb\"},\"inLanguage\":\"fr-FR\",\"potentialAction\":[{\"@type\":\"ReadAction\",\"target\":[\"https:\/\/courir-lemonde.com\/index.php\/2013\/12\/20\/7-eme-episode-saison-2013-la-cambrousse-du-menestrail-de-moncontour-33-km-1200-metres-d\/\"]}]},{\"@type\":\"BreadcrumbList\",\"@id\":\"https:\/\/courir-lemonde.com\/index.php\/2013\/12\/20\/7-eme-episode-saison-2013-la-cambrousse-du-menestrail-de-moncontour-33-km-1200-metres-d\/#breadcrumb\",\"itemListElement\":[{\"@type\":\"ListItem\",\"position\":1,\"name\":\"Accueil\",\"item\":\"https:\/\/courir-lemonde.com\/\"},{\"@type\":\"ListItem\",\"position\":2,\"name\":\"7 \u00e8me \u00e9pisode saison 2013 : \u00ab\u00a0La Cambrousse\u00a0\u00bb du Menestrail de Moncontour (33 km ; 1200 m\u00e8tres D+)\"}]},{\"@type\":\"WebSite\",\"@id\":\"https:\/\/courir-lemonde.com\/#website\",\"url\":\"https:\/\/courir-lemonde.com\/\",\"name\":\"Courir Le Monde\",\"description\":\"Le site de Valentin Chapalain, passionn\u00e9 d&#039;aventures et de voyages\",\"potentialAction\":[{\"@type\":\"SearchAction\",\"target\":{\"@type\":\"EntryPoint\",\"urlTemplate\":\"https:\/\/courir-lemonde.com\/?s={search_term_string}\"},\"query-input\":\"required name=search_term_string\"}],\"inLanguage\":\"fr-FR\"},{\"@type\":\"Person\",\"@id\":\"https:\/\/courir-lemonde.com\/#\/schema\/person\/baaa624d701d53d176c763f85b3114e4\",\"name\":\"Chap44\",\"image\":{\"@type\":\"ImageObject\",\"inLanguage\":\"fr-FR\",\"@id\":\"https:\/\/courir-lemonde.com\/#\/schema\/person\/image\/\",\"url\":\"https:\/\/secure.gravatar.com\/avatar\/f6a3fcbb365f597d6259be5c4dc6c05c?s=96&d=mm&r=g\",\"contentUrl\":\"https:\/\/secure.gravatar.com\/avatar\/f6a3fcbb365f597d6259be5c4dc6c05c?s=96&d=mm&r=g\",\"caption\":\"Chap44\"},\"url\":\"https:\/\/courir-lemonde.com\/index.php\/author\/chap331244\/\"}]}<\/script>\n<!-- \/ Yoast SEO plugin. -->","yoast_head_json":{"title":"7 \u00e8me \u00e9pisode saison 2013 : \"La Cambrousse\" du Menestrail de Moncontour (33 km ; 1200 m\u00e8tres D+) - Courir Le Monde","robots":{"index":"index","follow":"follow","max-snippet":"max-snippet:-1","max-image-preview":"max-image-preview:large","max-video-preview":"max-video-preview:-1"},"canonical":"https:\/\/courir-lemonde.com\/index.php\/2013\/12\/20\/7-eme-episode-saison-2013-la-cambrousse-du-menestrail-de-moncontour-33-km-1200-metres-d\/","og_locale":"fr_FR","og_type":"article","og_title":"7 \u00e8me \u00e9pisode saison 2013 : \"La Cambrousse\" du Menestrail de Moncontour (33 km ; 1200 m\u00e8tres D+) - Courir Le Monde","og_description":"Quand courir devient un calvaire :\u00a0souffrance et douleur dans la cambrousse costarmoricaine \u00e0 Moncontour Il y a trois ans, souvenez-vous, je m&rsquo;\u00e9tais d\u00e9j\u00e0 rendu dans la petite cit\u00e9 m\u00e9di\u00e9vale costarmoricaine de Moncontour pour participer au redoutable Menestrail. J&rsquo;avais alors pris &hellip; Continuer la lecture &rarr;","og_url":"https:\/\/courir-lemonde.com\/index.php\/2013\/12\/20\/7-eme-episode-saison-2013-la-cambrousse-du-menestrail-de-moncontour-33-km-1200-metres-d\/","og_site_name":"Courir Le Monde","article_published_time":"2013-12-20T07:51:25+00:00","article_modified_time":"2015-11-09T10:22:30+00:00","og_image":[{"url":"http:\/\/courir-lemonde.com\/wp-content\/uploads\/2015\/11\/Menestrail-image.png"}],"author":"Chap44","twitter_card":"summary_large_image","twitter_misc":{"\u00c9crit par":"Chap44","Dur\u00e9e de lecture estim\u00e9e":"13 minutes"},"schema":{"@context":"https:\/\/schema.org","@graph":[{"@type":"WebPage","@id":"https:\/\/courir-lemonde.com\/index.php\/2013\/12\/20\/7-eme-episode-saison-2013-la-cambrousse-du-menestrail-de-moncontour-33-km-1200-metres-d\/","url":"https:\/\/courir-lemonde.com\/index.php\/2013\/12\/20\/7-eme-episode-saison-2013-la-cambrousse-du-menestrail-de-moncontour-33-km-1200-metres-d\/","name":"7 \u00e8me \u00e9pisode saison 2013 : \"La Cambrousse\" du Menestrail de Moncontour (33 km ; 1200 m\u00e8tres D+) - Courir Le Monde","isPartOf":{"@id":"https:\/\/courir-lemonde.com\/#website"},"datePublished":"2013-12-20T07:51:25+00:00","dateModified":"2015-11-09T10:22:30+00:00","author":{"@id":"https:\/\/courir-lemonde.com\/#\/schema\/person\/baaa624d701d53d176c763f85b3114e4"},"breadcrumb":{"@id":"https:\/\/courir-lemonde.com\/index.php\/2013\/12\/20\/7-eme-episode-saison-2013-la-cambrousse-du-menestrail-de-moncontour-33-km-1200-metres-d\/#breadcrumb"},"inLanguage":"fr-FR","potentialAction":[{"@type":"ReadAction","target":["https:\/\/courir-lemonde.com\/index.php\/2013\/12\/20\/7-eme-episode-saison-2013-la-cambrousse-du-menestrail-de-moncontour-33-km-1200-metres-d\/"]}]},{"@type":"BreadcrumbList","@id":"https:\/\/courir-lemonde.com\/index.php\/2013\/12\/20\/7-eme-episode-saison-2013-la-cambrousse-du-menestrail-de-moncontour-33-km-1200-metres-d\/#breadcrumb","itemListElement":[{"@type":"ListItem","position":1,"name":"Accueil","item":"https:\/\/courir-lemonde.com\/"},{"@type":"ListItem","position":2,"name":"7 \u00e8me \u00e9pisode saison 2013 : \u00ab\u00a0La Cambrousse\u00a0\u00bb du Menestrail de Moncontour (33 km ; 1200 m\u00e8tres D+)"}]},{"@type":"WebSite","@id":"https:\/\/courir-lemonde.com\/#website","url":"https:\/\/courir-lemonde.com\/","name":"Courir Le Monde","description":"Le site de Valentin Chapalain, passionn\u00e9 d&#039;aventures et de voyages","potentialAction":[{"@type":"SearchAction","target":{"@type":"EntryPoint","urlTemplate":"https:\/\/courir-lemonde.com\/?s={search_term_string}"},"query-input":"required name=search_term_string"}],"inLanguage":"fr-FR"},{"@type":"Person","@id":"https:\/\/courir-lemonde.com\/#\/schema\/person\/baaa624d701d53d176c763f85b3114e4","name":"Chap44","image":{"@type":"ImageObject","inLanguage":"fr-FR","@id":"https:\/\/courir-lemonde.com\/#\/schema\/person\/image\/","url":"https:\/\/secure.gravatar.com\/avatar\/f6a3fcbb365f597d6259be5c4dc6c05c?s=96&d=mm&r=g","contentUrl":"https:\/\/secure.gravatar.com\/avatar\/f6a3fcbb365f597d6259be5c4dc6c05c?s=96&d=mm&r=g","caption":"Chap44"},"url":"https:\/\/courir-lemonde.com\/index.php\/author\/chap331244\/"}]}},"_links":{"self":[{"href":"https:\/\/courir-lemonde.com\/index.php\/wp-json\/wp\/v2\/posts\/392"}],"collection":[{"href":"https:\/\/courir-lemonde.com\/index.php\/wp-json\/wp\/v2\/posts"}],"about":[{"href":"https:\/\/courir-lemonde.com\/index.php\/wp-json\/wp\/v2\/types\/post"}],"author":[{"embeddable":true,"href":"https:\/\/courir-lemonde.com\/index.php\/wp-json\/wp\/v2\/users\/1"}],"replies":[{"embeddable":true,"href":"https:\/\/courir-lemonde.com\/index.php\/wp-json\/wp\/v2\/comments?post=392"}],"version-history":[{"count":3,"href":"https:\/\/courir-lemonde.com\/index.php\/wp-json\/wp\/v2\/posts\/392\/revisions"}],"predecessor-version":[{"id":400,"href":"https:\/\/courir-lemonde.com\/index.php\/wp-json\/wp\/v2\/posts\/392\/revisions\/400"}],"wp:attachment":[{"href":"https:\/\/courir-lemonde.com\/index.php\/wp-json\/wp\/v2\/media?parent=392"}],"wp:term":[{"taxonomy":"category","embeddable":true,"href":"https:\/\/courir-lemonde.com\/index.php\/wp-json\/wp\/v2\/categories?post=392"},{"taxonomy":"post_tag","embeddable":true,"href":"https:\/\/courir-lemonde.com\/index.php\/wp-json\/wp\/v2\/tags?post=392"}],"curies":[{"name":"wp","href":"https:\/\/api.w.org\/{rel}","templated":true}]}}