{"id":4421,"date":"2018-06-07T09:47:24","date_gmt":"2018-06-07T08:47:24","guid":{"rendered":"https:\/\/courir-lemonde.com\/?p=4421"},"modified":"2018-06-08T08:57:37","modified_gmt":"2018-06-08T07:57:37","slug":"voyage-a-velo-en-scandinavie-mon-parcours","status":"publish","type":"post","link":"https:\/\/courir-lemonde.com\/index.php\/2018\/06\/07\/voyage-a-velo-en-scandinavie-mon-parcours\/","title":{"rendered":"Voyage \u00e0 v\u00e9lo en Scandinavie : mon parcours entre le Danemark, la Norv\u00e8ge, la Su\u00e8de et la Finlande"},"content":{"rendered":"<p style=\"text-align: center;\"><a href=\"https:\/\/courir-lemonde.com\/wp-content\/uploads\/2018\/05\/carte-scandinavie.jpg\"><img loading=\"lazy\" decoding=\"async\" class=\"aligncenter wp-image-4425\" src=\"https:\/\/courir-lemonde.com\/wp-content\/uploads\/2018\/05\/carte-scandinavie.jpg\" alt=\"\" width=\"500\" height=\"480\" srcset=\"https:\/\/courir-lemonde.com\/wp-content\/uploads\/2018\/05\/carte-scandinavie.jpg 487w, https:\/\/courir-lemonde.com\/wp-content\/uploads\/2018\/05\/carte-scandinavie-300x288.jpg 300w, https:\/\/courir-lemonde.com\/wp-content\/uploads\/2018\/05\/carte-scandinavie-313x300.jpg 313w\" sizes=\"(max-width: 500px) 100vw, 500px\" \/><\/a><em>Le trajet approximatif de mon prochain p\u00e9riple en Scandinavie. Sans compter les portions en ferry et en train, le trac\u00e9 fait \u00e0 peu pr\u00e8s 4500 kilom\u00e8tres (capture d&rsquo;\u00e9cran gmaps)<\/em><\/p>\n<p style=\"text-align: justify;\"><em>Le 19 juin prochain, je partirai, accompagn\u00e9 de ma bicyclette Pepete, r\u00e9aliser l&rsquo;un de mes plus grands r\u00eaves : parcourir la Scandinavie \u00e0 v\u00e9lo.<br \/>\nEn solitaire, durant pr\u00e8s de trois mois, j&rsquo;arpenterai le venteux Danemark, la montagneuse Norv\u00e8ge, la tr\u00e8s vaste Su\u00e8de et la lacustre Finlande. Quatre pays pour un kilom\u00e9trage pr\u00e9visionnel d&rsquo;environ 4 500 kilom\u00e8tres.<br \/>\nPour rallier l&rsquo;extr\u00eame Nord de l&rsquo;Allemagne depuis Nantes, j&rsquo;ai opt\u00e9 pour deux modes de transport. Le train entre Nantes et Paris puis entre Hambourg et Flensbourg et le bus entre Paris et Hambourg car la compagnie Flixbus assure pour seulement 9 euros le transport du v\u00e9lo. Pour le retour, je proc\u00e9derais probablement de la m\u00eame mani\u00e8re.<br \/>\nDans cet article, je vous pr\u00e9sente mon parcours provisoire qui n&rsquo;est pas fig\u00e9 et qui pourra \u00e9voluer au gr\u00e9 de mes envies et des rencontres.\u00a0<\/em><!--more--><\/p>\n<h1 style=\"text-align: center;\"><em>Le parcours de mon tour de Scandinavie \u00e0 v\u00e9lo\u00a0: environ 4500 kilom\u00e8tres<br \/>\nau Danemark, en Norv\u00e8ge, en Su\u00e8de et en Finlande\u00a0<\/em><\/h1>\n<p style=\"text-align: center;\"><a href=\"https:\/\/courir-lemonde.com\/wp-content\/uploads\/2018\/05\/irlande-v\u00e9lo.jpg\"><img loading=\"lazy\" decoding=\"async\" class=\"aligncenter wp-image-4426\" src=\"https:\/\/courir-lemonde.com\/wp-content\/uploads\/2018\/05\/irlande-v\u00e9lo-1024x768.jpg\" alt=\"\" width=\"500\" height=\"377\" \/><\/a><em>Comme en Irlande (photo), en Sardaigne et en Corse, Pepete sera<br \/>\nmon fid\u00e8le compagnon de route (@courir-lemonde)<\/em><\/p>\n<h2 style=\"text-align: center;\"><em>Tron\u00e7on 1 : le Danemark, la p\u00e9ninsule du Jutland du Sud vers le Nord\u00a0<\/em><\/h2>\n<p style=\"text-align: center;\"><a href=\"https:\/\/courir-lemonde.com\/wp-content\/uploads\/2018\/05\/rudbjerg-knude.jpg\"><img loading=\"lazy\" decoding=\"async\" class=\"aligncenter wp-image-4422\" src=\"https:\/\/courir-lemonde.com\/wp-content\/uploads\/2018\/05\/rudbjerg-knude.jpg\" alt=\"Phare Rudbjerg Knude Danemark Jutland\" width=\"500\" height=\"378\" \/><\/a><em>Le phare de Rudbjerg Knude veille sur la mer du Nord (@courir-lemonde)<\/em><\/p>\n<p style=\"text-align: justify;\">Depuis la ville allemande de Flensbourg, tout pr\u00e8s de la fronti\u00e8re danoise, <strong>mon premier objectif sera d&rsquo;atteindre le Nord de la p\u00e9ninsule du Jutland<\/strong>, la partie continentale du Danemark.<br \/>\nSur ce tron\u00e7on, <strong>je d\u00e9couvrirai notamment la c\u00f4te occidentale du Jutland que je connais peu avant de prendre le ferry pour Oslo<\/strong>, la capitale norv\u00e9gienne.<\/p>\n<h2 style=\"text-align: center;\"><em>Tron\u00e7on 2 : la Norv\u00e8ge, de Oslo \u00e0 Trondheim\u00a0<\/em><\/h2>\n<p style=\"text-align: center;\"><a href=\"https:\/\/courir-lemonde.com\/wp-content\/uploads\/2018\/06\/trondheim.jpg\"><img loading=\"lazy\" decoding=\"async\" class=\"aligncenter wp-image-4438\" src=\"https:\/\/courir-lemonde.com\/wp-content\/uploads\/2018\/06\/trondheim.jpg\" alt=\"\" width=\"500\" height=\"343\" \/><\/a><em>Trondheim et ses maisons color\u00e9es (www.heartmybackpack.com)<\/em><\/p>\n<p style=\"text-align: justify;\">Entre Oslo et la ville de Trondheim, <strong>j&rsquo;aurai fort \u00e0 faire avec un parcours tr\u00e8s escarp\u00e9 voire montagneux par endroit.<\/strong> Cependant, ce tron\u00e7on d&rsquo;un peu plus de <strong>500 kilom\u00e8tres me permettra de d\u00e9couvrir une r\u00e9gion de Norv\u00e8ge m\u00e9connue<\/strong> et parait-il d\u00e9j\u00e0 tr\u00e8s sauvage.<\/p>\n<h2 style=\"text-align: center;\"><em>Tron\u00e7on 3 : la Su\u00e8de, avec un premier passage en Laponie\u00a0<\/em><\/h2>\n<p style=\"text-align: center;\"><a href=\"https:\/\/courir-lemonde.com\/wp-content\/uploads\/2018\/06\/laponie-suedoise.jpg\"><img loading=\"lazy\" decoding=\"async\" class=\"aligncenter wp-image-4437\" src=\"https:\/\/courir-lemonde.com\/wp-content\/uploads\/2018\/06\/laponie-suedoise.jpg\" alt=\"\" width=\"501\" height=\"339\" \/><\/a><em>En Laponie, je m&rsquo;attends \u00e0 parcourir des paysages tr\u00e8s sauvages (www.aventurelapone.com)<\/em><\/p>\n<p style=\"text-align: justify;\">Apr\u00e8s Trondheim, <strong>je traverserai une premi\u00e8re fois le massif des Alpes Scandinaves pour atteindre la Su\u00e8de<\/strong>. Paisiblement, <strong>\u00e0 travers lacs, for\u00eats et grands espaces, je poursuivrai mon ascension vers le grand Nord. <\/strong>C&rsquo;est durant ce tron\u00e7on que <strong>je passerai le tr\u00e8s symbolique cercle polaire Arctique.<\/strong> Puis, je bifurquerai de nouveau vers la Norv\u00e8ge pour atteindre la ville de Bod\u00f8, d&rsquo;o\u00f9 je prendrai un ferry pour les \u00eeles Lofoten.<br \/>\n<strong>J&rsquo;attends beaucoup de cette partie o\u00f9 le terme sauvage prendra tout son sens.\u00a0<\/strong><\/p>\n<h2 style=\"text-align: center;\"><em>Tron\u00e7on 4 : retour en Norv\u00e8ge et d\u00e9couverte des splendides \u00eeles Lofoten\u00a0<\/em><\/h2>\n<p style=\"text-align: center;\"><a href=\"https:\/\/courir-lemonde.com\/wp-content\/uploads\/2018\/06\/lofoten-norvege-fjord.jpg\"><img loading=\"lazy\" decoding=\"async\" class=\"aligncenter size-full wp-image-4436\" src=\"https:\/\/courir-lemonde.com\/wp-content\/uploads\/2018\/06\/lofoten-norvege-fjord.jpg\" alt=\"\" width=\"458\" height=\"306\" srcset=\"https:\/\/courir-lemonde.com\/wp-content\/uploads\/2018\/06\/lofoten-norvege-fjord.jpg 458w, https:\/\/courir-lemonde.com\/wp-content\/uploads\/2018\/06\/lofoten-norvege-fjord-300x200.jpg 300w, https:\/\/courir-lemonde.com\/wp-content\/uploads\/2018\/06\/lofoten-norvege-fjord-449x300.jpg 449w\" sizes=\"(max-width: 458px) 100vw, 458px\" \/><\/a><em>Aper\u00e7u de l&rsquo;archipel des \u00eeles Lofoten, localis\u00e9 dans le Nord de la Norv\u00e8ge<br \/>\n(photo www.shop.combedouzou.fr\/)<\/em><\/p>\n<p style=\"text-align: justify;\"><strong>Enfin, \u00e0 l&rsquo;occasion de ce p\u00e9riple, je vais d\u00e9couvrir l&rsquo;archipel des Lofoten<\/strong> \ud83d\ude42 En effet, durant environ une semaine, j&rsquo;arpenterai les sublimes et majestueuses \u00eeles Lofoten.\u00a0Cette portion tr\u00e8s septentrionale promet <strong>du spectacle et des face-\u00e0-face avec des paysages fascinants.\u00a0<\/strong><\/p>\n<h2 style=\"text-align: center;\"><em>Tron\u00e7on 5 : de la Norv\u00e8ge \u00e0 la Finlande, la grande travers\u00e9e de la Laponie<\/em><\/h2>\n<p><a href=\"https:\/\/courir-lemonde.com\/wp-content\/uploads\/2018\/06\/abisko-national-park-suede.jpg\"><img loading=\"lazy\" decoding=\"async\" class=\"aligncenter wp-image-4441\" src=\"https:\/\/courir-lemonde.com\/wp-content\/uploads\/2018\/06\/abisko-national-park-suede.jpg\" alt=\"\" width=\"500\" height=\"354\" \/><\/a><\/p>\n<p style=\"text-align: center;\"><em>Vastes \u00e9tendues dans le Parc National d&rsquo;Abisko en Laponie su\u00e9doise (www.matsjonssonfoto.se\/)<\/em><\/p>\n<p style=\"text-align: justify;\">De Narvik, en Norv\u00e8ge, \u00e0 Inari, en Finlande, <strong>c&rsquo;est une sacr\u00e9e chevauch\u00e9e d&rsquo;environ 800 kilom\u00e8tres qui m&rsquo;attend dans l&rsquo;extr\u00eame Nord de la Scandinavie.<\/strong><br \/>\n<strong>Un tron\u00e7on tr\u00e8s excitant \u00e0 travers la Laponie<\/strong> mais qui je dois le dire me fait \u00e9galement un peu peur. <strong>La gestion des ressources alimentaires sera cruciale dans ce vide humain.<\/strong><\/p>\n<h2 style=\"text-align: center;\"><em>Tron\u00e7on 6 : la Finlande, du Nord du Sud<\/em><\/h2>\n<h2 style=\"text-align: center;\"><a href=\"https:\/\/courir-lemonde.com\/wp-content\/uploads\/2018\/06\/finlande-bivouac-sauvage.jpg\"><img loading=\"lazy\" decoding=\"async\" class=\"aligncenter wp-image-4439\" src=\"https:\/\/courir-lemonde.com\/wp-content\/uploads\/2018\/06\/finlande-bivouac-sauvage-1024x576.jpg\" alt=\"\" width=\"500\" height=\"286\" \/><\/a><\/h2>\n<p style=\"text-align: center;\"><em>Mon amie Amandine lors d&rsquo;un bivouac sauvage en Finlande (photo Amandine)<\/em><\/p>\n<p style=\"text-align: justify;\">Apr\u00e8s cette longue travers\u00e9e de la Laponie, c&rsquo;est <strong>la descente de la Finlande qui se profilera<\/strong>. Rovaniemi, la capitale du P\u00e8re Noel, sera certainement sur mon parcours avant de rallier la grande r\u00e9gion des lacs dans la partie m\u00e9ridionale du pays.<br \/>\nA la fin du mois d&rsquo;ao\u00fbt, <strong>\u00e0 Tampere, je retrouverai mon pote Charles-Henry qui participera au tr\u00e8s r\u00e9put\u00e9 marathon de la ville.<\/strong><\/p>\n<h2 style=\"text-align: center;\"><em>Tron\u00e7on 7 : l&rsquo;archipel de\u00a0\u00c5land\u00a0<\/em><\/h2>\n<p><a href=\"https:\/\/courir-lemonde.com\/wp-content\/uploads\/2018\/06\/aland-archipel.jpg\"><img loading=\"lazy\" decoding=\"async\" class=\"aligncenter wp-image-4440\" src=\"https:\/\/courir-lemonde.com\/wp-content\/uploads\/2018\/06\/aland-archipel.jpg\" alt=\"\" width=\"500\" height=\"293\" \/><\/a><\/p>\n<p style=\"text-align: center;\"><em>L&rsquo;archipel de \u00c5land, entre la Finlande et la Su\u00e8de (www.footage.framepool.com)<\/em><\/p>\n<p style=\"text-align: justify;\"><strong>Archipel situ\u00e9 entre la Finlande et la Su\u00e8de,\u00a0\u00c5land<\/strong> est un chapelet d&rsquo;\u00eeles que je souhaite d\u00e9couvrir depuis de longues ann\u00e9es. De fait, entre Helsinki et Stockholm, <strong>j&rsquo;y ferai tr\u00e8s certainement une halte de quelques jours, <\/strong>avant d&rsquo;attaquer la partie finale de mon aventure nordique.<\/p>\n<h2 style=\"text-align: center;\"><em>Tron\u00e7on 8 : retour en Su\u00e8de, \u00e9chapp\u00e9e bucolique de Stockholm \u00e0 Helsingborg\u00a0<\/em><\/h2>\n<p style=\"text-align: center;\"><a href=\"https:\/\/courir-lemonde.com\/wp-content\/uploads\/2018\/05\/fjallbacka-suede.jpg\"><img loading=\"lazy\" decoding=\"async\" class=\"aligncenter wp-image-4424\" src=\"https:\/\/courir-lemonde.com\/wp-content\/uploads\/2018\/05\/fjallbacka-suede.jpg\" alt=\"Fjallbacka en Su\u00e8de\" width=\"500\" height=\"334\" \/><\/a><em>Petite village c\u00f4tier mis en sc\u00e8ne dans les palpitants romans policiers de Camilla L\u00e4ckberg, Fj\u00e4llbacka sera sur mon parcours dans la partie m\u00e9ridionale de la Su\u00e8de (www.flickr.com\/photos\/agnieszka)<\/em><\/p>\n<p style=\"text-align: justify;\">A Stockholm, je commencerai probablement \u00e0 sentir le parfum du retour vers la France. <strong>Depuis la capitale su\u00e9doise, je sillonnerai entre les immenses lacs de la partie m\u00e9ridionale du pays afin d&rsquo;atteindre la c\u00f4te Ouest<\/strong>. Puis je longerai cette c\u00f4te cr\u00e9nel\u00e9e <strong>en direction d&rsquo;Helsingborg, d&rsquo;o\u00f9 je rallierai le Danemark et la ville jumelle d&rsquo;Helsing\u00f8r.<\/strong><br \/>\nSur ce tron\u00e7on, <strong>j&rsquo;esp\u00e8re retrouver <a href=\"http:\/\/corentin-auteur-et-aventurier.over-blog.com\/\">Corentin<\/a>, un acolyte aventurier qui entreprendra, \u00e0 partir du 3 juin, un p\u00e9riple en direction du Nord de l&rsquo;Europe au d\u00e9part de la r\u00e9gion nantaise.\u00a0<\/strong><\/p>\n<h2 style=\"text-align: center;\"><em>Tron\u00e7on 9 : derniers tours de roues au Danemark et arriv\u00e9e \u00e0 Copenhague\u00a0<\/em><\/h2>\n<p style=\"text-align: center;\"><a href=\"https:\/\/courir-lemonde.com\/wp-content\/uploads\/2018\/05\/v\u00e9lo-\u00e9t\u00e9-kbh.jpg\"><img loading=\"lazy\" decoding=\"async\" class=\"aligncenter wp-image-4423\" src=\"https:\/\/courir-lemonde.com\/wp-content\/uploads\/2018\/05\/v\u00e9lo-\u00e9t\u00e9-kbh.jpg\" alt=\"v\u00e9lo copenhague\" width=\"500\" height=\"378\" \/><\/a><em>A la fin de mon p\u00e9riple, j&rsquo;esp\u00e8re retrouver la belle et<br \/>\nagr\u00e9able capitale danoise : Copenhague (@courir-lemonde)<\/em><\/p>\n<p style=\"text-align: justify;\">Dernier segment de mon aventure, le tron\u00e7on Helsing\u00f8r &#8211; Copenhague ne sera certainement pas le plus \u00e9prouvant avec sa soixantaine de kilom\u00e8tres tout plat et en front de mer. <strong>En revanche, l&rsquo;arriv\u00e9e \u00e0 Copenhague, ma capitale de\u00a0c\u0153ur, promet d&rsquo;\u00eatre tr\u00e8s\u00a0\u00e9mouvante car j&rsquo;aurai accompli mon r\u00eave : parcourir la Scandinavie \u00e0 v\u00e9lo !<\/strong><\/p>\n<p style=\"text-align: justify;\">Pour retrouver<strong> <a href=\"https:\/\/courir-lemonde.com\/index.php\/2018\/05\/24\/la-scandinavie-a-velo-en-80-jours-le-projet-pedagogique-avec-deux-ecoles-de-carquefou\/\">le projet p\u00e9dagogique associ\u00e9 \u00e0 mon voyage \u00e0 v\u00e9lo en Scandinavie, cliquez sur ce lien.<\/a><\/strong><\/p>\n<p style=\"text-align: justify;\">Pour retrouver<strong><a href=\"https:\/\/courir-lemonde.com\/index.php\/2018\/05\/13\/voyage-a-velo-en-scandinavie-une-aventure-sportive-ecocitoyenne-et-pedagogique\/\"> l\u2019article complet qui pr\u00e9sente mon projet de voyage \u00e0 v\u00e9lo, cliquez sur le lien.<\/a><\/strong><\/p>\n","protected":false},"excerpt":{"rendered":"<p>Le trajet approximatif de mon prochain p\u00e9riple en Scandinavie. Sans compter les portions en ferry et en train, le trac\u00e9 fait \u00e0 peu pr\u00e8s 4500 kilom\u00e8tres (capture d&rsquo;\u00e9cran gmaps) Le 19 juin prochain, je partirai, accompagn\u00e9 de ma bicyclette Pepete, &hellip; <a href=\"https:\/\/courir-lemonde.com\/index.php\/2018\/06\/07\/voyage-a-velo-en-scandinavie-mon-parcours\/\">Continuer la lecture <span class=\"meta-nav\">&rarr;<\/span><\/a><\/p>\n","protected":false},"author":1,"featured_media":0,"comment_status":"open","ping_status":"open","sticky":false,"template":"","format":"standard","meta":{"footnotes":""},"categories":[347],"tags":[145,346,345,392,340,386,146,206],"yoast_head":"<!-- This site is optimized with the Yoast SEO plugin v21.8.1 - https:\/\/yoast.com\/wordpress\/plugins\/seo\/ -->\n<title>Voyage \u00e0 v\u00e9lo en Scandinavie : mon parcours entre le Danemark, la Norv\u00e8ge, la Su\u00e8de et la Finlande - Courir Le Monde<\/title>\n<meta name=\"robots\" content=\"index, follow, max-snippet:-1, max-image-preview:large, max-video-preview:-1\" \/>\n<link rel=\"canonical\" href=\"https:\/\/courir-lemonde.com\/index.php\/2018\/06\/07\/voyage-a-velo-en-scandinavie-mon-parcours\/\" \/>\n<meta property=\"og:locale\" content=\"fr_FR\" \/>\n<meta property=\"og:type\" content=\"article\" \/>\n<meta property=\"og:title\" content=\"Voyage \u00e0 v\u00e9lo en Scandinavie : mon parcours entre le Danemark, la Norv\u00e8ge, la Su\u00e8de et la Finlande - Courir Le Monde\" \/>\n<meta property=\"og:description\" content=\"Le trajet approximatif de mon prochain p\u00e9riple en Scandinavie. Sans compter les portions en ferry et en train, le trac\u00e9 fait \u00e0 peu pr\u00e8s 4500 kilom\u00e8tres (capture d&rsquo;\u00e9cran gmaps) Le 19 juin prochain, je partirai, accompagn\u00e9 de ma bicyclette Pepete, &hellip; Continuer la lecture &rarr;\" \/>\n<meta property=\"og:url\" content=\"https:\/\/courir-lemonde.com\/index.php\/2018\/06\/07\/voyage-a-velo-en-scandinavie-mon-parcours\/\" \/>\n<meta property=\"og:site_name\" content=\"Courir Le Monde\" \/>\n<meta property=\"article:published_time\" content=\"2018-06-07T08:47:24+00:00\" \/>\n<meta property=\"article:modified_time\" content=\"2018-06-08T07:57:37+00:00\" \/>\n<meta property=\"og:image\" content=\"https:\/\/courir-lemonde.com\/wp-content\/uploads\/2018\/05\/carte-scandinavie.jpg\" \/>\n<meta name=\"author\" content=\"Chap44\" \/>\n<meta name=\"twitter:card\" content=\"summary_large_image\" \/>\n<meta name=\"twitter:label1\" content=\"\u00c9crit par\" \/>\n\t<meta name=\"twitter:data1\" content=\"Chap44\" \/>\n\t<meta name=\"twitter:label2\" content=\"Dur\u00e9e de lecture estim\u00e9e\" \/>\n\t<meta name=\"twitter:data2\" content=\"5 minutes\" \/>\n<script type=\"application\/ld+json\" class=\"yoast-schema-graph\">{\"@context\":\"https:\/\/schema.org\",\"@graph\":[{\"@type\":\"WebPage\",\"@id\":\"https:\/\/courir-lemonde.com\/index.php\/2018\/06\/07\/voyage-a-velo-en-scandinavie-mon-parcours\/\",\"url\":\"https:\/\/courir-lemonde.com\/index.php\/2018\/06\/07\/voyage-a-velo-en-scandinavie-mon-parcours\/\",\"name\":\"Voyage \u00e0 v\u00e9lo en Scandinavie : mon parcours entre le Danemark, la Norv\u00e8ge, la Su\u00e8de et la Finlande - Courir Le Monde\",\"isPartOf\":{\"@id\":\"https:\/\/courir-lemonde.com\/#website\"},\"datePublished\":\"2018-06-07T08:47:24+00:00\",\"dateModified\":\"2018-06-08T07:57:37+00:00\",\"author\":{\"@id\":\"https:\/\/courir-lemonde.com\/#\/schema\/person\/baaa624d701d53d176c763f85b3114e4\"},\"breadcrumb\":{\"@id\":\"https:\/\/courir-lemonde.com\/index.php\/2018\/06\/07\/voyage-a-velo-en-scandinavie-mon-parcours\/#breadcrumb\"},\"inLanguage\":\"fr-FR\",\"potentialAction\":[{\"@type\":\"ReadAction\",\"target\":[\"https:\/\/courir-lemonde.com\/index.php\/2018\/06\/07\/voyage-a-velo-en-scandinavie-mon-parcours\/\"]}]},{\"@type\":\"BreadcrumbList\",\"@id\":\"https:\/\/courir-lemonde.com\/index.php\/2018\/06\/07\/voyage-a-velo-en-scandinavie-mon-parcours\/#breadcrumb\",\"itemListElement\":[{\"@type\":\"ListItem\",\"position\":1,\"name\":\"Accueil\",\"item\":\"https:\/\/courir-lemonde.com\/\"},{\"@type\":\"ListItem\",\"position\":2,\"name\":\"Voyage \u00e0 v\u00e9lo en Scandinavie : mon parcours entre le Danemark, la Norv\u00e8ge, la Su\u00e8de et la Finlande\"}]},{\"@type\":\"WebSite\",\"@id\":\"https:\/\/courir-lemonde.com\/#website\",\"url\":\"https:\/\/courir-lemonde.com\/\",\"name\":\"Courir Le Monde\",\"description\":\"Le site de Valentin Chapalain, passionn\u00e9 d&#039;aventures et de voyages\",\"potentialAction\":[{\"@type\":\"SearchAction\",\"target\":{\"@type\":\"EntryPoint\",\"urlTemplate\":\"https:\/\/courir-lemonde.com\/?s={search_term_string}\"},\"query-input\":\"required name=search_term_string\"}],\"inLanguage\":\"fr-FR\"},{\"@type\":\"Person\",\"@id\":\"https:\/\/courir-lemonde.com\/#\/schema\/person\/baaa624d701d53d176c763f85b3114e4\",\"name\":\"Chap44\",\"image\":{\"@type\":\"ImageObject\",\"inLanguage\":\"fr-FR\",\"@id\":\"https:\/\/courir-lemonde.com\/#\/schema\/person\/image\/\",\"url\":\"https:\/\/secure.gravatar.com\/avatar\/f6a3fcbb365f597d6259be5c4dc6c05c?s=96&d=mm&r=g\",\"contentUrl\":\"https:\/\/secure.gravatar.com\/avatar\/f6a3fcbb365f597d6259be5c4dc6c05c?s=96&d=mm&r=g\",\"caption\":\"Chap44\"},\"url\":\"https:\/\/courir-lemonde.com\/index.php\/author\/chap331244\/\"}]}<\/script>\n<!-- \/ Yoast SEO plugin. -->","yoast_head_json":{"title":"Voyage \u00e0 v\u00e9lo en Scandinavie : mon parcours entre le Danemark, la Norv\u00e8ge, la Su\u00e8de et la Finlande - Courir Le Monde","robots":{"index":"index","follow":"follow","max-snippet":"max-snippet:-1","max-image-preview":"max-image-preview:large","max-video-preview":"max-video-preview:-1"},"canonical":"https:\/\/courir-lemonde.com\/index.php\/2018\/06\/07\/voyage-a-velo-en-scandinavie-mon-parcours\/","og_locale":"fr_FR","og_type":"article","og_title":"Voyage \u00e0 v\u00e9lo en Scandinavie : mon parcours entre le Danemark, la Norv\u00e8ge, la Su\u00e8de et la Finlande - Courir Le Monde","og_description":"Le trajet approximatif de mon prochain p\u00e9riple en Scandinavie. Sans compter les portions en ferry et en train, le trac\u00e9 fait \u00e0 peu pr\u00e8s 4500 kilom\u00e8tres (capture d&rsquo;\u00e9cran gmaps) Le 19 juin prochain, je partirai, accompagn\u00e9 de ma bicyclette Pepete, &hellip; Continuer la lecture &rarr;","og_url":"https:\/\/courir-lemonde.com\/index.php\/2018\/06\/07\/voyage-a-velo-en-scandinavie-mon-parcours\/","og_site_name":"Courir Le Monde","article_published_time":"2018-06-07T08:47:24+00:00","article_modified_time":"2018-06-08T07:57:37+00:00","og_image":[{"url":"https:\/\/courir-lemonde.com\/wp-content\/uploads\/2018\/05\/carte-scandinavie.jpg"}],"author":"Chap44","twitter_card":"summary_large_image","twitter_misc":{"\u00c9crit par":"Chap44","Dur\u00e9e de lecture estim\u00e9e":"5 minutes"},"schema":{"@context":"https:\/\/schema.org","@graph":[{"@type":"WebPage","@id":"https:\/\/courir-lemonde.com\/index.php\/2018\/06\/07\/voyage-a-velo-en-scandinavie-mon-parcours\/","url":"https:\/\/courir-lemonde.com\/index.php\/2018\/06\/07\/voyage-a-velo-en-scandinavie-mon-parcours\/","name":"Voyage \u00e0 v\u00e9lo en Scandinavie : mon parcours entre le Danemark, la Norv\u00e8ge, la Su\u00e8de et la Finlande - Courir Le Monde","isPartOf":{"@id":"https:\/\/courir-lemonde.com\/#website"},"datePublished":"2018-06-07T08:47:24+00:00","dateModified":"2018-06-08T07:57:37+00:00","author":{"@id":"https:\/\/courir-lemonde.com\/#\/schema\/person\/baaa624d701d53d176c763f85b3114e4"},"breadcrumb":{"@id":"https:\/\/courir-lemonde.com\/index.php\/2018\/06\/07\/voyage-a-velo-en-scandinavie-mon-parcours\/#breadcrumb"},"inLanguage":"fr-FR","potentialAction":[{"@type":"ReadAction","target":["https:\/\/courir-lemonde.com\/index.php\/2018\/06\/07\/voyage-a-velo-en-scandinavie-mon-parcours\/"]}]},{"@type":"BreadcrumbList","@id":"https:\/\/courir-lemonde.com\/index.php\/2018\/06\/07\/voyage-a-velo-en-scandinavie-mon-parcours\/#breadcrumb","itemListElement":[{"@type":"ListItem","position":1,"name":"Accueil","item":"https:\/\/courir-lemonde.com\/"},{"@type":"ListItem","position":2,"name":"Voyage \u00e0 v\u00e9lo en Scandinavie : mon parcours entre le Danemark, la Norv\u00e8ge, la Su\u00e8de et la Finlande"}]},{"@type":"WebSite","@id":"https:\/\/courir-lemonde.com\/#website","url":"https:\/\/courir-lemonde.com\/","name":"Courir Le Monde","description":"Le site de Valentin Chapalain, passionn\u00e9 d&#039;aventures et de voyages","potentialAction":[{"@type":"SearchAction","target":{"@type":"EntryPoint","urlTemplate":"https:\/\/courir-lemonde.com\/?s={search_term_string}"},"query-input":"required name=search_term_string"}],"inLanguage":"fr-FR"},{"@type":"Person","@id":"https:\/\/courir-lemonde.com\/#\/schema\/person\/baaa624d701d53d176c763f85b3114e4","name":"Chap44","image":{"@type":"ImageObject","inLanguage":"fr-FR","@id":"https:\/\/courir-lemonde.com\/#\/schema\/person\/image\/","url":"https:\/\/secure.gravatar.com\/avatar\/f6a3fcbb365f597d6259be5c4dc6c05c?s=96&d=mm&r=g","contentUrl":"https:\/\/secure.gravatar.com\/avatar\/f6a3fcbb365f597d6259be5c4dc6c05c?s=96&d=mm&r=g","caption":"Chap44"},"url":"https:\/\/courir-lemonde.com\/index.php\/author\/chap331244\/"}]}},"_links":{"self":[{"href":"https:\/\/courir-lemonde.com\/index.php\/wp-json\/wp\/v2\/posts\/4421"}],"collection":[{"href":"https:\/\/courir-lemonde.com\/index.php\/wp-json\/wp\/v2\/posts"}],"about":[{"href":"https:\/\/courir-lemonde.com\/index.php\/wp-json\/wp\/v2\/types\/post"}],"author":[{"embeddable":true,"href":"https:\/\/courir-lemonde.com\/index.php\/wp-json\/wp\/v2\/users\/1"}],"replies":[{"embeddable":true,"href":"https:\/\/courir-lemonde.com\/index.php\/wp-json\/wp\/v2\/comments?post=4421"}],"version-history":[{"count":7,"href":"https:\/\/courir-lemonde.com\/index.php\/wp-json\/wp\/v2\/posts\/4421\/revisions"}],"predecessor-version":[{"id":4444,"href":"https:\/\/courir-lemonde.com\/index.php\/wp-json\/wp\/v2\/posts\/4421\/revisions\/4444"}],"wp:attachment":[{"href":"https:\/\/courir-lemonde.com\/index.php\/wp-json\/wp\/v2\/media?parent=4421"}],"wp:term":[{"taxonomy":"category","embeddable":true,"href":"https:\/\/courir-lemonde.com\/index.php\/wp-json\/wp\/v2\/categories?post=4421"},{"taxonomy":"post_tag","embeddable":true,"href":"https:\/\/courir-lemonde.com\/index.php\/wp-json\/wp\/v2\/tags?post=4421"}],"curies":[{"name":"wp","href":"https:\/\/api.w.org\/{rel}","templated":true}]}}