{"id":467,"date":"2012-09-12T12:18:52","date_gmt":"2012-09-12T11:18:52","guid":{"rendered":"http:\/\/courir-lemonde.com\/?p=467"},"modified":"2015-11-09T11:32:11","modified_gmt":"2015-11-09T10:32:11","slug":"10-eme-episode-saison-2012-le-trail-du-sancy-mont-dore-18-km-1-090-m-d","status":"publish","type":"post","link":"https:\/\/courir-lemonde.com\/index.php\/2012\/09\/12\/10-eme-episode-saison-2012-le-trail-du-sancy-mont-dore-18-km-1-090-m-d\/","title":{"rendered":"10 \u00e8me \u00e9pisode saison 2012 : le trail du Sancy Mont Dore (18 km ; 1 090 m D+)"},"content":{"rendered":"<h1 style=\"text-align: center;\">Les Lysois au sommet sur le trail du Sancy<\/h1>\n<p style=\"text-align: justify;\"><em>A l&rsquo;occasion de notre mini-p\u00e9riple auvergnat, Aur\u00e9lien et moi m\u00eame avons pris part le dimanche 8 septembre \u00e0 un trail de 18 km brillamment organis\u00e9 entre la cit\u00e9 thermale du Mont Dore et le point culminant du Massif Central, le puy de Sancy (1886 m\u00e8tres d&rsquo;altitude). Depuis longtemps, j&rsquo;avais coch\u00e9 cette course comme potentiellement int\u00e9ressante;\u00a0cette escapade \u00e9tait l&rsquo;occasion\u00a0r\u00eav\u00e9e\u00a0pour y prendre part avec mon\u00a0acolyte.\u00a0Bien que l&rsquo;effort soit\u00a0compl\u00e8tement\u00a0diff\u00e9rent du marathon, cette \u00e9preuve <strong>consistait une excellente pr\u00e9paration notamment sur le plan mental pour le marathon d&rsquo;Amsterdam<\/strong> auquel je participerai dans moins de 40 jours. Et surtout cette \u00e9preuve \u00e9tait l&rsquo;occasion pour nous deux de v\u00e9ritablement d\u00e9couvrir les joies des courses de montagne dans un cadre exceptionnel, celui du massif du Sancy.\u00a0<\/em><\/p>\n<p style=\"text-align: justify;\"><a href=\"http:\/\/courir-lemonde.com\/wp-content\/uploads\/2012\/09\/photo-bro-d\u00e9part.jpg\"><img loading=\"lazy\" decoding=\"async\" class=\"aligncenter wp-image-470\" src=\"http:\/\/courir-lemonde.com\/wp-content\/uploads\/2012\/09\/photo-bro-d\u00e9part.jpg\" alt=\"photo bro d\u00e9part\" width=\"500\" height=\"378\" \/><\/a><\/p>\n<p style=\"text-align: center;\"><em>Aur\u00e9lien et moi au d\u00e9part de ce trail (photo perso)<\/em><\/p>\n<p style=\"text-align: center;\"><!--more--><\/p>\n<p style=\"text-align: justify;\"><a href=\"http:\/\/courir-lemonde.com\/wp-content\/uploads\/2015\/11\/profil.jpg\"><img loading=\"lazy\" decoding=\"async\" class=\" wp-image-468 aligncenter\" src=\"http:\/\/courir-lemonde.com\/wp-content\/uploads\/2015\/11\/profil.jpg\" alt=\"profil\" width=\"684\" height=\"134\" \/><\/a><\/p>\n<p style=\"text-align: center;\"><em>Le profil topographique de ce trail de 18 kilom\u00e8tres comportant plus de 1000 m\u00e8tres de d\u00e9nivel\u00e9 positif (photo\u00a0http:\/\/www.cplvr.com\/)<\/em><\/p>\n<h2 style=\"text-align: center;\"><em>L&rsquo;avant course\u00a0<\/em><\/h2>\n<p style=\"text-align: justify;\">Arriv\u00e9s sur place la veille au Mont Dore, nous avons pass\u00e9 une calme nuit au camping\u00a0Esquiladou afin de r\u00e9cup\u00e9rer au mieux des efforts consentis depuis le milieu de semaine (randonn\u00e9e). Etant situ\u00e9s \u00e0 proximit\u00e9 du d\u00e9part, nous nous sommes tranquillement lev\u00e9s vers 7h30 pour d\u00e9jeuner et nous pr\u00e9parer. Le d\u00e9part du trail \u00e9tant pr\u00e9vu pour 10h00, le timing \u00e9tait excellent.<\/p>\n<p style=\"text-align: justify;\">Nous avons ralli\u00e9 le centre-bourg du Mont Dore un peu avant 9h30 pour prendre la temp\u00e9rature sur le village de l&rsquo;\u00e9preuve. L&rsquo;ambiance \u00e9tait d\u00e9j\u00e0 assez festive et la musique de Pirates des Caraibes retentissait annon\u00e7ant le d\u00e9part imminent du trail de 34 km.\u00a0A une vingtaine de minutes du d\u00e9part, nous sommes partis faire quelques \u00e9tirements. J&rsquo;en ai \u00e9galement profit\u00e9 pour courir un peu histoire de ne pas partir compl\u00e8tement \u00e0 froid.\u00a0Vers 9h45, le sympathique speaker \u00e0 appeler les concurrents \u00e0 rejoindre la ligne de d\u00e9part. On s&rsquo;\u00e9tait correctement plac\u00e9 dans la premi\u00e8re partie du peloton sans toutefois \u00eatre aux avants postes.\u00a0La motivation \u00e9tait \u00e0 son comble et pour notre plus grand bonheur et celui des organisateurs, <strong>les conditions m\u00e9t\u00e9orologiques \u00e9taient exceptionnelles<\/strong> avec un soleil radieux sur le massif du Sancy.\u00a0Puis comme pour la course pr\u00e9c\u00e9dente, le musique annon\u00e7a le d\u00e9part de l&rsquo;\u00e9preuve, <strong>une course sublime qui \u00e0 coup sur restera dans nos m\u00e9moires.\u00a0<\/strong><\/p>\n<h2 style=\"text-align: center;\"><em>D\u00e9but de course en fanfare : l&rsquo;escalade de la Croix St Robert sur un rythme \u00e9lev\u00e9\u00a0<\/em><\/h2>\n<p style=\"text-align: justify;\">Comme je l&rsquo;avais fait deux semaines plus t\u00f4t \u00e0 Savenay, j<strong>e souhaitais assez partir vite pour entrer de suite dans ma course<\/strong>. Les premiers hectom\u00e8tres, dans le bourg du Mont Dore, \u00e9taient propices \u00e0 une vitesse \u00e9lev\u00e9e. N\u00e9anmoins <strong>apr\u00e8s moins de 500 m\u00e8tres de course, l&rsquo;ascension du redout\u00e9 col de la Croix St Robert d\u00e9buta,<\/strong> marquant le d\u00e9but des choses s\u00e9rieuses. Aur\u00e9lien qui avait pris ma foul\u00e9e jusque l\u00e0, me laissa partir de peur d&rsquo;exploser dans l&rsquo;ascension du Sancy.<\/p>\n<p style=\"text-align: justify;\">Nous n&rsquo;avons pas escalad\u00e9 le col de la Croix St Robert par la route mais par des sentiers sinueux et escarp\u00e9s. Dans ces premi\u00e8res difficult\u00e9s, <strong>je m&rsquo;effor\u00e7ai \u00e0 marcher le moins possible<\/strong> pour rester dans l&rsquo;allure. De fait, je pris l&rsquo;avantage l&rsquo;avantage sur bon nombre de coureurs qui alternaient d\u00e9j\u00e0 marche et course. <strong>Les paysages \u00e9taient somptueux<\/strong> \u00e0 travers la for\u00eat ; en passant devant la grande cascade du Mont Dore, on apercevait, plus bas, la cit\u00e9 thermale nich\u00e9e dans sa vall\u00e9e.\u00a0Par moment, la pente \u00e9tait tr\u00e8s raide et plut\u00f4t que de courir, j&rsquo;adoptais une marche rapide en m&rsquo;aidant des bras pour rester efficace. Je continuais de d\u00e9passer des coureurs quand tout \u00e0 coup une impressionnante f\u00e9minine me d\u00e9passa. Visiblement tr\u00e8s forte, j<strong>e pris l&rsquo;inspiration de cette jolie blonde \u00e0 l&rsquo;instar de trois ou quatre autres coureurs<\/strong>. Jusqu&rsquo;au col de la Croix St Robert, c&rsquo;est elle qui mena le groupe de quatre \u00e0 cinq coureurs dans lequel je figurais. <strong>Apr\u00e8s environ 34 minutes, le col de la Croix St Robert fut atteint.<\/strong><\/p>\n<p style=\"text-align: justify;\"><a href=\"http:\/\/courir-lemonde.com\/wp-content\/uploads\/2012\/09\/col-croix-st-robert.jpg\"><img loading=\"lazy\" decoding=\"async\" class=\"aligncenter wp-image-471\" src=\"http:\/\/courir-lemonde.com\/wp-content\/uploads\/2012\/09\/col-croix-st-robert.jpg\" alt=\"col croix st robert\" width=\"500\" height=\"379\" \/><\/a><\/p>\n<p style=\"text-align: center;\"><em>Le col de la Croix Saint Robert escalad\u00e9 durant la course (photo perso)<\/em><\/p>\n<h2 style=\"text-align: center;\"><strong><em>De la Croix St Robert au \u00a0sommet du Sancy :\u00a0<\/em><\/strong><strong><em>bonne allure avant de flancher un peu avant le sommet<\/em><\/strong><\/h2>\n<p style=\"text-align: justify;\">Apr\u00e8s cette abrupte mise en bouche, <strong>les jambes commen\u00e7aient d\u00e9j\u00e0 \u00e0 tirer.<\/strong> N\u00e9anmoins, j&rsquo;\u00e9tais extr\u00eamement motiv\u00e9 et sur ma lanc\u00e9e je zappa le\u00a0ravitaillement pour partir \u00e0 l&rsquo;assaut du Puy du Sancy, le plat de\u00a0r\u00e9sistance de ce trail auvergnat.\u00a0Mon \u00e9claireuse de circonstance n&rsquo;ayant pas fait l&rsquo;impasse sur le\u00a0ravitaillement, je galopais d\u00e9sormais seul \u00e0 travers les vastes et verdoyantes prairies d&rsquo;altitude avoisinants le col de la Croix St Robert. <strong>Profitant des rares portions roulantes depuis le d\u00e9part, j&rsquo;imprimais un rythme assez soutenu<\/strong> qui me permis de rattraper de nouveau quelques coureurs.<\/p>\n<p style=\"text-align: justify;\"><a href=\"http:\/\/courir-lemonde.com\/wp-content\/uploads\/2012\/09\/chap-effort.jpg\"><img loading=\"lazy\" decoding=\"async\" class=\"aligncenter wp-image-472\" src=\"http:\/\/courir-lemonde.com\/wp-content\/uploads\/2012\/09\/chap-effort.jpg\" alt=\"chap effort\" width=\"335\" height=\"499\" \/><\/a><\/p>\n<p style=\"text-align: center;\"><em>C&rsquo;est moi vers le 7 ou 8 \u00e8me kilom\u00e8tre en train de me ravitailler (photo cplvr.com)<\/em><\/p>\n<p style=\"text-align: justify;\">Toutefois, <strong>le parcours allait tr\u00e8s s\u00e9rieusement se corser<\/strong> obligeant la majorit\u00e9 des coureurs \u00e0 alterner marche et course. Diff\u00e9rentes ascensions se pr\u00e9sentaient aux participants tandis qu&rsquo;on apercevait \u00e0 peine le sommet du Sancy. Pour ma part, <strong>je maintenais une allure raisonnable<\/strong> et m&rsquo;effor\u00e7ait \u00e0 \u00ab\u00a0garde les roues\u00a0\u00bb de mes camarades de gal\u00e8re. <strong>Je n&rsquo;oubliais pas non plus de me ravitailler<\/strong> r\u00e9guli\u00e8rement en eau et en solide. Vers la mi-course, je pris aussi mon premier gel car j&rsquo;avais encore en t\u00eate le\u00a0syndrome du Menestrail de Moncontour, cette fois-ci\u00a0 je voulais \u00e0 tout prix <strong>\u00e9viter la fringale<\/strong>.<\/p>\n<p style=\"text-align: justify;\"><a href=\"http:\/\/courir-lemonde.com\/wp-content\/uploads\/2012\/09\/ABj-effort.jpg\"><img loading=\"lazy\" decoding=\"async\" class=\"aligncenter wp-image-473\" src=\"http:\/\/courir-lemonde.com\/wp-content\/uploads\/2012\/09\/ABj-effort.jpg\" alt=\"ABj effort\" width=\"337\" height=\"501\" \/><\/a><\/p>\n<p style=\"text-align: center;\"><em>Voici Aur\u00e9lien dans la m\u00eame ascension (photo cplvr.com)<\/em><\/p>\n<p style=\"text-align: justify;\">Plus on se dirigeait vers le Puy de Sancy et plus le cadre \u00e9tait d\u00e9sertique ; progressivement, les verts alpages laissaient place aux sommets rocailleux . <strong>Au niveau des sensations, cela commen\u00e7ait vraiment \u00e0 \u00eatre terrible et j&rsquo;avais d\u00e9sormais du mal \u00e0 suivre l&rsquo;allure de mon groupe<\/strong>. Comme beaucoup, j&rsquo;\u00e9tais quasi syst\u00e9matiquement contraint de marcher dans les rudes ascensions au programme. Les quelques descentes techniques \u00e9taient les bienvenues car elles permettaient de se refaire la cerise m\u00eame si elles\u00a0sollicitaient\u00a0pareillement\u00a0les cuisses.\u00a0Symbole de mon petit coup de mou, quelques coureurs revenaient de l&rsquo;arri\u00e8re alors que le Sancy se dressait juste devant moi. C&rsquo;\u00e9tait vraiment tr\u00e8s impressionnant. Malgr\u00e9 mes qualit\u00e9s de grimpeurs, je redoutais grandement cette derni\u00e8re portion menant au point culminant du Massif Central (1886 m\u00e8tres d&rsquo;altitude).<\/p>\n<p style=\"text-align: justify;\"><strong>Avec les tripes et un mental d&rsquo;acier, j&rsquo;ai atteint le sommet du Sancy en 1h27<\/strong> apr\u00e8s avoir d\u00e9passer plusieurs coureurs dans les derniers hectom\u00e8tres de cette redoutable ascension.\u00a0D\u00e8s lors, je savais que le plus dur \u00e9tait derri\u00e8re moi ! Toutefois il restait \u00e0 rallier le Mont Dore par une p\u00e9rilleuse descente d&rsquo;environ sept kilom\u00e8tres.<\/p>\n<h2 style=\"text-align: center;\"><em>Une descente technique bien ma\u00eetris\u00e9e &#8230;<\/em><\/h2>\n<p><a href=\"http:\/\/courir-lemonde.com\/wp-content\/uploads\/2012\/09\/descente-sancy.jpg\"><img loading=\"lazy\" decoding=\"async\" class=\"aligncenter wp-image-474\" src=\"http:\/\/courir-lemonde.com\/wp-content\/uploads\/2012\/09\/descente-sancy.jpg\" alt=\"descente sancy\" width=\"449\" height=\"340\" \/><\/a><\/p>\n<p style=\"text-align: center;\"><em>Les escaliers du Sancy que nous avons emprunt\u00e9 dans le sens de la descente. La suite de la descente jusqu&rsquo;\u00e0 la station du Mont Dore fut tr\u00e8s\u00a0technique (photo bivouak.net)<\/em><\/p>\n<p style=\"text-align: justify;\">Bien que d\u00e9j\u00e0 tr\u00e8s pr\u00e9sents tout au long du parcours, <strong>les spectateurs \u00e9taient encore plus nombreux au sommet.<\/strong> Coureurs apr\u00e8s coureurs <strong>le flot de leurs encouragements ne se tarissait pas pour la plus grande joie des traileurs \u00e9prouv\u00e9s.\u00a0<\/strong>Apr\u00e8s une \u00e9reintante\u00a0escalade, c&rsquo;est la technique et rocailleuse descente du Sancy qui se pr\u00e9senta. <strong>N&rsquo;\u00e9tant pas un grand descendeur, je redoutais un peu ces sept derniers kilom\u00e8tres<\/strong> sur le plan chronom\u00e9trique et je craignais de voir d\u00e9valer sur moi une avalanche de coureurs.<\/p>\n<p style=\"text-align: justify;\"><strong>A ma grande satisfaction, j&rsquo;ai admirablement bien g\u00e9r\u00e9 cette portion descendante jusqu&rsquo;\u00e0 la station du Mont Dore.<\/strong> Alors que certains coureurs ont eu la malchance de chuter, je n&rsquo;ai pas connu la moindre\u00a0frayeur sur ces chemins pierreux et glissants gr\u00e2ce \u00e0 <strong>une concentration maximale<\/strong>. Vigilant sur chaque appui, je suis m\u00eame parvenu \u00e0 d\u00e9passer deux coureurs. Une fois, la station du Mont Dore pass\u00e9e, il restait encore environ quatre kilom\u00e8tres avant de rejoindre la ligne d&rsquo;arriv\u00e9e dans la cit\u00e9 thermale.<\/p>\n<p style=\"text-align: center;\"><strong><em>&#8230; avant quatre derniers kilom\u00e8tres interminables<\/em><\/strong><\/p>\n<p style=\"text-align: justify;\"><strong>Apr\u00e8s 1h45 d&rsquo;effort, je commen\u00e7ais \u00e0 ressentir la fatigue<\/strong> alors qu&rsquo;il restait encore approximativement quatre kilom\u00e8tres. Heureusement, je savais que le profil \u00e9tait descendant. Tant bien que mal j&rsquo;essayais de d\u00e9rouler au mieux sur cette portion. Mais <strong>j&rsquo;\u00e9tais beaucoup moins efficace<\/strong> que sur la caillouteuse descente du Sancy. Sans surprise, j&rsquo;apercevais d\u00e9sormais quelques coureurs dans mon\u00a0r\u00e9troviseur. <strong>Incapable de prendre leur inspiration, j&rsquo;\u00e9tais un peu en p\u00e9ril sur les derniers kilom\u00e8tres.<\/strong> Pour me motiver et faire passer le temps, je chantais dans ma t\u00eate Vi To de Medina, une c\u00e9l\u00e8bre artiste danoise.<\/p>\n<p style=\"text-align: justify;\">A environ un kilom\u00e8tre de la ligne d&rsquo;arriv\u00e9e deux nouveaux coureurs \u00e9taient revenus sur moi. Cette fois-ci, malgr\u00e9 la grande fatigue, il n&rsquo;\u00e9tait pas question de les laisser filer. Je parvins \u00e0 m&rsquo;accrocher \u00e0 l&rsquo;un d&rsquo;entre eux dans les derniers m\u00e8tres d&rsquo;une descente extr\u00eamement pentue qui faisait br\u00fbler les cuisses.\u00a0Cela\u00a0commen\u00e7ait\u00a0\u00e0 sentir bon, \u00e0 quelques encablures de la ligne d&rsquo;arriv\u00e9e, je saluai de jeunes\u00a0supporteurs mass\u00e9s sur le bord du chemin\u00a0en\u00a0tapant\u00a0la main dans leurs bras joyeusement tendus. <strong>Au prix d&rsquo;un dernier effort, c&rsquo;est au sprint que je franchis la ligne en 2h09&rsquo;33 \u00e0 la 56 \u00e8me place.<\/strong> <strong>8&rsquo;30 plus tard, c&rsquo;est Aur\u00e9lien qui passa la ligne \u00e0 vive allure se classant 94 \u00e8me au g\u00e9n\u00e9ral.<\/strong><\/p>\n<p style=\"text-align: justify;\">Quelques minutes apr\u00e8s son arriv\u00e9e, <strong>ce fut l&rsquo;extase pour nous deux!<\/strong> Le sentiment de jouissance se lisait\u00a0ais\u00e9ment\u00a0sur nos visages et l&rsquo;on \u00e9tait enchant\u00e9 de trinquer \u00e0 nos belles performances sur ce sublime trail du Sancy, couronnant un sympathique p\u00e9riple au \u00ab\u00a0pays des volcans\u00a0\u00bb. <strong>Une belle aventure collective qui j&rsquo;esp\u00e8re en appellera \u00a0d&rsquo;autres dans les ann\u00e9es \u00e0 venir.\u00a0<\/strong><\/p>\n<p style=\"text-align: justify;\"><a href=\"http:\/\/courir-lemonde.com\/wp-content\/uploads\/2012\/09\/photo-arriv\u00e9e-bi\u00e8re.jpg\"><img loading=\"lazy\" decoding=\"async\" class=\"aligncenter wp-image-478\" src=\"http:\/\/courir-lemonde.com\/wp-content\/uploads\/2012\/09\/photo-arriv\u00e9e-bi\u00e8re.jpg\" alt=\"photo arriv\u00e9e bi\u00e8re\" width=\"500\" height=\"378\" \/><\/a><\/p>\n<p style=\"text-align: center;\"><em>Aur\u00e9lien et moi-m\u00eame trinquant \u00e0 l&rsquo;arriv\u00e9e de ce magnifique trail auvergnat (photo perso)<\/em><\/p>\n<h2 style=\"text-align: center;\"><em>Classement\u00a0<\/em><\/h2>\n<div style=\"text-align: center;\">1 MEUDEC YOAN \u00a0SEM 01:41:53 TEAM SIGVARIS TRAIL<br \/>\n2 LORBLANCHET THOMAS SEM 01:41:54 CLERMONT ATHLE<br \/>\n3 DAUMAS ROMAIN SEM 01:44:33 VICHY TRIATHLON<\/div>\n<div style=\"text-align: center;\">&#8230;.<\/div>\n<div style=\"text-align: center;\"><strong>56 CHAPALAIN VALENTIN \u00a002:09:33 NON LICENCIE (3 \u00e8me espoir \/ 10)<\/strong><\/div>\n<div style=\"text-align: center;\">94 BREGEON AURELIEN 02:18:03 CAC (8 \u00e8me espoir \/ 10)<\/div>\n<div style=\"text-align: center;\"><\/div>\n<p style=\"text-align: center;\">\u00a0537 coureurs class\u00e9s<\/p>\n<p style=\"text-align: center;\"><a href=\"http:\/\/courir-lemonde.com\/wp-content\/uploads\/2012\/09\/truffade-after.jpg\"><img loading=\"lazy\" decoding=\"async\" class=\"aligncenter wp-image-476\" src=\"http:\/\/courir-lemonde.com\/wp-content\/uploads\/2012\/09\/truffade-after.jpg\" alt=\"truffade after\" width=\"500\" height=\"378\" \/><\/a><\/p>\n<p style=\"text-align: center;\"><em>Apr\u00e8s l&rsquo;effort ,le\u00a0r\u00e9confort;\u00a0rien de tel qu&rsquo;une bonne truffade auvergnate pour se remettre d&rsquo;aplomb\u00a0<\/em><em>(photo perso)<\/em><\/p>\n<p>&nbsp;<\/p>\n","protected":false},"excerpt":{"rendered":"<p>Les Lysois au sommet sur le trail du Sancy A l&rsquo;occasion de notre mini-p\u00e9riple auvergnat, Aur\u00e9lien et moi m\u00eame avons pris part le dimanche 8 septembre \u00e0 un trail de 18 km brillamment organis\u00e9 entre la cit\u00e9 thermale du Mont &hellip; <a href=\"https:\/\/courir-lemonde.com\/index.php\/2012\/09\/12\/10-eme-episode-saison-2012-le-trail-du-sancy-mont-dore-18-km-1-090-m-d\/\">Continuer la lecture <span class=\"meta-nav\">&rarr;<\/span><\/a><\/p>\n","protected":false},"author":1,"featured_media":0,"comment_status":"open","ping_status":"open","sticky":false,"template":"","format":"standard","meta":{"footnotes":""},"categories":[107],"tags":[82,91,52,54],"yoast_head":"<!-- This site is optimized with the Yoast SEO plugin v21.8.1 - https:\/\/yoast.com\/wordpress\/plugins\/seo\/ -->\n<title>10 \u00e8me \u00e9pisode saison 2012 : le trail du Sancy Mont Dore (18 km ; 1 090 m D+) - Courir Le Monde<\/title>\n<meta name=\"robots\" content=\"index, follow, max-snippet:-1, max-image-preview:large, max-video-preview:-1\" \/>\n<link rel=\"canonical\" href=\"https:\/\/courir-lemonde.com\/index.php\/2012\/09\/12\/10-eme-episode-saison-2012-le-trail-du-sancy-mont-dore-18-km-1-090-m-d\/\" \/>\n<meta property=\"og:locale\" content=\"fr_FR\" \/>\n<meta property=\"og:type\" content=\"article\" \/>\n<meta property=\"og:title\" content=\"10 \u00e8me \u00e9pisode saison 2012 : le trail du Sancy Mont Dore (18 km ; 1 090 m D+) - Courir Le Monde\" \/>\n<meta property=\"og:description\" content=\"Les Lysois au sommet sur le trail du Sancy A l&rsquo;occasion de notre mini-p\u00e9riple auvergnat, Aur\u00e9lien et moi m\u00eame avons pris part le dimanche 8 septembre \u00e0 un trail de 18 km brillamment organis\u00e9 entre la cit\u00e9 thermale du Mont &hellip; Continuer la lecture &rarr;\" \/>\n<meta property=\"og:url\" content=\"https:\/\/courir-lemonde.com\/index.php\/2012\/09\/12\/10-eme-episode-saison-2012-le-trail-du-sancy-mont-dore-18-km-1-090-m-d\/\" \/>\n<meta property=\"og:site_name\" content=\"Courir Le Monde\" \/>\n<meta property=\"article:published_time\" content=\"2012-09-12T11:18:52+00:00\" \/>\n<meta property=\"article:modified_time\" content=\"2015-11-09T10:32:11+00:00\" \/>\n<meta property=\"og:image\" content=\"http:\/\/courir-lemonde.com\/wp-content\/uploads\/2012\/09\/photo-bro-d\u00e9part.jpg\" \/>\n<meta name=\"author\" content=\"Chap44\" \/>\n<meta name=\"twitter:card\" content=\"summary_large_image\" \/>\n<meta name=\"twitter:label1\" content=\"\u00c9crit par\" \/>\n\t<meta name=\"twitter:data1\" content=\"Chap44\" \/>\n\t<meta name=\"twitter:label2\" content=\"Dur\u00e9e de lecture estim\u00e9e\" \/>\n\t<meta name=\"twitter:data2\" content=\"9 minutes\" \/>\n<script type=\"application\/ld+json\" class=\"yoast-schema-graph\">{\"@context\":\"https:\/\/schema.org\",\"@graph\":[{\"@type\":\"WebPage\",\"@id\":\"https:\/\/courir-lemonde.com\/index.php\/2012\/09\/12\/10-eme-episode-saison-2012-le-trail-du-sancy-mont-dore-18-km-1-090-m-d\/\",\"url\":\"https:\/\/courir-lemonde.com\/index.php\/2012\/09\/12\/10-eme-episode-saison-2012-le-trail-du-sancy-mont-dore-18-km-1-090-m-d\/\",\"name\":\"10 \u00e8me \u00e9pisode saison 2012 : le trail du Sancy Mont Dore (18 km ; 1 090 m D+) - Courir Le Monde\",\"isPartOf\":{\"@id\":\"https:\/\/courir-lemonde.com\/#website\"},\"datePublished\":\"2012-09-12T11:18:52+00:00\",\"dateModified\":\"2015-11-09T10:32:11+00:00\",\"author\":{\"@id\":\"https:\/\/courir-lemonde.com\/#\/schema\/person\/baaa624d701d53d176c763f85b3114e4\"},\"breadcrumb\":{\"@id\":\"https:\/\/courir-lemonde.com\/index.php\/2012\/09\/12\/10-eme-episode-saison-2012-le-trail-du-sancy-mont-dore-18-km-1-090-m-d\/#breadcrumb\"},\"inLanguage\":\"fr-FR\",\"potentialAction\":[{\"@type\":\"ReadAction\",\"target\":[\"https:\/\/courir-lemonde.com\/index.php\/2012\/09\/12\/10-eme-episode-saison-2012-le-trail-du-sancy-mont-dore-18-km-1-090-m-d\/\"]}]},{\"@type\":\"BreadcrumbList\",\"@id\":\"https:\/\/courir-lemonde.com\/index.php\/2012\/09\/12\/10-eme-episode-saison-2012-le-trail-du-sancy-mont-dore-18-km-1-090-m-d\/#breadcrumb\",\"itemListElement\":[{\"@type\":\"ListItem\",\"position\":1,\"name\":\"Accueil\",\"item\":\"https:\/\/courir-lemonde.com\/\"},{\"@type\":\"ListItem\",\"position\":2,\"name\":\"10 \u00e8me \u00e9pisode saison 2012 : le trail du Sancy Mont Dore (18 km ; 1 090 m D+)\"}]},{\"@type\":\"WebSite\",\"@id\":\"https:\/\/courir-lemonde.com\/#website\",\"url\":\"https:\/\/courir-lemonde.com\/\",\"name\":\"Courir Le Monde\",\"description\":\"Le site de Valentin Chapalain, passionn\u00e9 d&#039;aventures et de voyages\",\"potentialAction\":[{\"@type\":\"SearchAction\",\"target\":{\"@type\":\"EntryPoint\",\"urlTemplate\":\"https:\/\/courir-lemonde.com\/?s={search_term_string}\"},\"query-input\":\"required name=search_term_string\"}],\"inLanguage\":\"fr-FR\"},{\"@type\":\"Person\",\"@id\":\"https:\/\/courir-lemonde.com\/#\/schema\/person\/baaa624d701d53d176c763f85b3114e4\",\"name\":\"Chap44\",\"image\":{\"@type\":\"ImageObject\",\"inLanguage\":\"fr-FR\",\"@id\":\"https:\/\/courir-lemonde.com\/#\/schema\/person\/image\/\",\"url\":\"https:\/\/secure.gravatar.com\/avatar\/f6a3fcbb365f597d6259be5c4dc6c05c?s=96&d=mm&r=g\",\"contentUrl\":\"https:\/\/secure.gravatar.com\/avatar\/f6a3fcbb365f597d6259be5c4dc6c05c?s=96&d=mm&r=g\",\"caption\":\"Chap44\"},\"url\":\"https:\/\/courir-lemonde.com\/index.php\/author\/chap331244\/\"}]}<\/script>\n<!-- \/ Yoast SEO plugin. -->","yoast_head_json":{"title":"10 \u00e8me \u00e9pisode saison 2012 : le trail du Sancy Mont Dore (18 km ; 1 090 m D+) - Courir Le Monde","robots":{"index":"index","follow":"follow","max-snippet":"max-snippet:-1","max-image-preview":"max-image-preview:large","max-video-preview":"max-video-preview:-1"},"canonical":"https:\/\/courir-lemonde.com\/index.php\/2012\/09\/12\/10-eme-episode-saison-2012-le-trail-du-sancy-mont-dore-18-km-1-090-m-d\/","og_locale":"fr_FR","og_type":"article","og_title":"10 \u00e8me \u00e9pisode saison 2012 : le trail du Sancy Mont Dore (18 km ; 1 090 m D+) - Courir Le Monde","og_description":"Les Lysois au sommet sur le trail du Sancy A l&rsquo;occasion de notre mini-p\u00e9riple auvergnat, Aur\u00e9lien et moi m\u00eame avons pris part le dimanche 8 septembre \u00e0 un trail de 18 km brillamment organis\u00e9 entre la cit\u00e9 thermale du Mont &hellip; Continuer la lecture &rarr;","og_url":"https:\/\/courir-lemonde.com\/index.php\/2012\/09\/12\/10-eme-episode-saison-2012-le-trail-du-sancy-mont-dore-18-km-1-090-m-d\/","og_site_name":"Courir Le Monde","article_published_time":"2012-09-12T11:18:52+00:00","article_modified_time":"2015-11-09T10:32:11+00:00","og_image":[{"url":"http:\/\/courir-lemonde.com\/wp-content\/uploads\/2012\/09\/photo-bro-d\u00e9part.jpg"}],"author":"Chap44","twitter_card":"summary_large_image","twitter_misc":{"\u00c9crit par":"Chap44","Dur\u00e9e de lecture estim\u00e9e":"9 minutes"},"schema":{"@context":"https:\/\/schema.org","@graph":[{"@type":"WebPage","@id":"https:\/\/courir-lemonde.com\/index.php\/2012\/09\/12\/10-eme-episode-saison-2012-le-trail-du-sancy-mont-dore-18-km-1-090-m-d\/","url":"https:\/\/courir-lemonde.com\/index.php\/2012\/09\/12\/10-eme-episode-saison-2012-le-trail-du-sancy-mont-dore-18-km-1-090-m-d\/","name":"10 \u00e8me \u00e9pisode saison 2012 : le trail du Sancy Mont Dore (18 km ; 1 090 m D+) - Courir Le Monde","isPartOf":{"@id":"https:\/\/courir-lemonde.com\/#website"},"datePublished":"2012-09-12T11:18:52+00:00","dateModified":"2015-11-09T10:32:11+00:00","author":{"@id":"https:\/\/courir-lemonde.com\/#\/schema\/person\/baaa624d701d53d176c763f85b3114e4"},"breadcrumb":{"@id":"https:\/\/courir-lemonde.com\/index.php\/2012\/09\/12\/10-eme-episode-saison-2012-le-trail-du-sancy-mont-dore-18-km-1-090-m-d\/#breadcrumb"},"inLanguage":"fr-FR","potentialAction":[{"@type":"ReadAction","target":["https:\/\/courir-lemonde.com\/index.php\/2012\/09\/12\/10-eme-episode-saison-2012-le-trail-du-sancy-mont-dore-18-km-1-090-m-d\/"]}]},{"@type":"BreadcrumbList","@id":"https:\/\/courir-lemonde.com\/index.php\/2012\/09\/12\/10-eme-episode-saison-2012-le-trail-du-sancy-mont-dore-18-km-1-090-m-d\/#breadcrumb","itemListElement":[{"@type":"ListItem","position":1,"name":"Accueil","item":"https:\/\/courir-lemonde.com\/"},{"@type":"ListItem","position":2,"name":"10 \u00e8me \u00e9pisode saison 2012 : le trail du Sancy Mont Dore (18 km ; 1 090 m D+)"}]},{"@type":"WebSite","@id":"https:\/\/courir-lemonde.com\/#website","url":"https:\/\/courir-lemonde.com\/","name":"Courir Le Monde","description":"Le site de Valentin Chapalain, passionn\u00e9 d&#039;aventures et de voyages","potentialAction":[{"@type":"SearchAction","target":{"@type":"EntryPoint","urlTemplate":"https:\/\/courir-lemonde.com\/?s={search_term_string}"},"query-input":"required name=search_term_string"}],"inLanguage":"fr-FR"},{"@type":"Person","@id":"https:\/\/courir-lemonde.com\/#\/schema\/person\/baaa624d701d53d176c763f85b3114e4","name":"Chap44","image":{"@type":"ImageObject","inLanguage":"fr-FR","@id":"https:\/\/courir-lemonde.com\/#\/schema\/person\/image\/","url":"https:\/\/secure.gravatar.com\/avatar\/f6a3fcbb365f597d6259be5c4dc6c05c?s=96&d=mm&r=g","contentUrl":"https:\/\/secure.gravatar.com\/avatar\/f6a3fcbb365f597d6259be5c4dc6c05c?s=96&d=mm&r=g","caption":"Chap44"},"url":"https:\/\/courir-lemonde.com\/index.php\/author\/chap331244\/"}]}},"_links":{"self":[{"href":"https:\/\/courir-lemonde.com\/index.php\/wp-json\/wp\/v2\/posts\/467"}],"collection":[{"href":"https:\/\/courir-lemonde.com\/index.php\/wp-json\/wp\/v2\/posts"}],"about":[{"href":"https:\/\/courir-lemonde.com\/index.php\/wp-json\/wp\/v2\/types\/post"}],"author":[{"embeddable":true,"href":"https:\/\/courir-lemonde.com\/index.php\/wp-json\/wp\/v2\/users\/1"}],"replies":[{"embeddable":true,"href":"https:\/\/courir-lemonde.com\/index.php\/wp-json\/wp\/v2\/comments?post=467"}],"version-history":[{"count":5,"href":"https:\/\/courir-lemonde.com\/index.php\/wp-json\/wp\/v2\/posts\/467\/revisions"}],"predecessor-version":[{"id":480,"href":"https:\/\/courir-lemonde.com\/index.php\/wp-json\/wp\/v2\/posts\/467\/revisions\/480"}],"wp:attachment":[{"href":"https:\/\/courir-lemonde.com\/index.php\/wp-json\/wp\/v2\/media?parent=467"}],"wp:term":[{"taxonomy":"category","embeddable":true,"href":"https:\/\/courir-lemonde.com\/index.php\/wp-json\/wp\/v2\/categories?post=467"},{"taxonomy":"post_tag","embeddable":true,"href":"https:\/\/courir-lemonde.com\/index.php\/wp-json\/wp\/v2\/tags?post=467"}],"curies":[{"name":"wp","href":"https:\/\/api.w.org\/{rel}","templated":true}]}}