{"id":508,"date":"2012-04-28T18:27:13","date_gmt":"2012-04-28T17:27:13","guid":{"rendered":"http:\/\/courir-lemonde.com\/?p=508"},"modified":"2015-11-09T11:29:24","modified_gmt":"2015-11-09T10:29:24","slug":"5-eme-episode-saison-2012-noz-trail-de-la-vallee-du-scorff-93-km-275-m-d","status":"publish","type":"post","link":"https:\/\/courir-lemonde.com\/index.php\/2012\/04\/28\/5-eme-episode-saison-2012-noz-trail-de-la-vallee-du-scorff-93-km-275-m-d\/","title":{"rendered":"5 \u00e8me \u00e9pisode saison 2012 : Noz Trail de la vall\u00e9e du Scorff (9,3 km ; 275 m D+)"},"content":{"rendered":"<h1 style=\"text-align: center;\">Bonne performance sur le Noz Trail \u00e0 Cl\u00e9guer<\/h1>\n<p style=\"text-align: justify;\"><em>En ce week-end printanier, j&rsquo;avais concoct\u00e9 avec ma camarade Marion, un week-end trail dans le Morbihan. Nous avions cibl\u00e9 deux courses organis\u00e9es dans le cadre du trail de la vall\u00e9e du Scorff du c\u00f4t\u00e9 de la petite bourgade de Cl\u00e9guer. Le samedi soir, un parcours escarp\u00e9 de 9,3 kilom\u00e8tre nous attendait tandis que le lendemain matin c&rsquo;\u00e9tait 12 kilom\u00e8tres qui \u00e9tait au programme. Un copieux menu qui visait \u00e0 tester notre endurance.\u00a0<\/em><\/p>\n<p style=\"text-align: justify;\"><a href=\"http:\/\/courir-lemonde.com\/wp-content\/uploads\/2015\/11\/nocturne-chap.jpg\"><img loading=\"lazy\" decoding=\"async\" class=\"aligncenter wp-image-522\" src=\"http:\/\/courir-lemonde.com\/wp-content\/uploads\/2015\/11\/nocturne-chap.jpg\" alt=\"nocturne chap\" width=\"331\" height=\"500\" \/><\/a><\/p>\n<p style=\"text-align: center;\"><em>30 minutes avant le d\u00e9part, pr\u00eat \u00e0 en d\u00e9coudre (photo Marion)<\/em><!--more--><\/p>\n<h2 style=\"text-align: center;\"><em>Avant course\u00a0<\/em><\/h2>\n<p style=\"text-align: justify;\">Apr\u00e8s avoir sillonn\u00e9 le littoral morbihannais dans le courant de l&rsquo;apr\u00e8s-midi, nous avons ralli\u00e9 la petite ville de Cleguer, situ\u00e9e \u00e0 une quinzaine de kilom\u00e8tre de Lorient un peu avant 20h30 soit environ une heure avant le d\u00e9part du Noz Trail. Un timing suffisant pour r\u00e9cup\u00e9rer nos dossards dans la salle des f\u00eates de Cleguer avant de troquer nos\u00a0v\u00eatements\u00a0de civils pour nos tenues de traileurs.\u00a0Par la suite nous sommes partis nous \u00e9chauffer,\u00a0en rep\u00e9rage des derniers hectom\u00e8tres du parcours dans la p\u00e9nombre qui progressivement s&rsquo;installait nous signifiant ainsi que le d\u00e9part approchait.<\/p>\n<p style=\"text-align: justify;\"><strong>Quant eux conditions m\u00e9t\u00e9orologiques, elles \u00e9taient plut\u00f4t cl\u00e9mentes<\/strong> : pas de pluie et une temp\u00e9rature comprise entre 6 et 8\u00b0C. Des conditions quasi id\u00e9ales et bien diff\u00e9rentes de mes deux premi\u00e8res exp\u00e9riences nocturnes particuli\u00e8rement glaciales.<\/p>\n<h2 style=\"text-align: center;\"><em>Un d\u00e9part ultra rapide\u00a0<\/em><\/h2>\n<p style=\"text-align: justify;\">Vers 21h30, le d\u00e9part fut donn\u00e9 \u00e0 un <strong>peloton de 220 coureurs<\/strong> environ. Un pack sans v\u00e9ritable t\u00eate d&rsquo;affiche mais toutefois compos\u00e9 de quelques traileurs\u00a0aguerris. Un d\u00e9part typiquement breton, <strong>lanc\u00e9 sur fond de cornemuse et avec des lampes torches plac\u00e9es sur le bord de la route.\u00a0<\/strong>Pour ma part, je me suis \u00e9lanc\u00e9 \u00e0 <strong>tr\u00e8s vive allure<\/strong> comme ma strat\u00e9gie de course le pr\u00e9voyait. En effet si je voulais faire un bon r\u00e9sultat je savais que sur un trail nocturne aussi court, il fallait que je parte fort, ce que je n&rsquo;avais pas su faire \u00e0 Ecuill\u00e9. Quant \u00e0 Marion elle prit aussi un d\u00e9part rapide dans mon sillage.<\/p>\n<p style=\"text-align: justify;\">Les premiers hectom\u00e8tres \u00e9taient constitu\u00e9s <strong>de portions roulantes<\/strong> majoritairement <strong>en bitume<\/strong>. Ce n&rsquo;\u00e9tait qu&rsquo;apr\u00e8s environ 1 kilom\u00e8tre que le parcours p\u00e9n\u00e9trait dans les sombres bois jouxtant la vall\u00e9e du Scorff. \u00a0<strong>Les sensations \u00e9taient assez correctes m\u00eame si je me savais en sur-r\u00e9gime<\/strong> et je me doutais que je ne resterais plus tr\u00e8s longtemps en 5 \u00e8me position.<\/p>\n<h2 style=\"text-align: center;\"><em>A la recherche du second souffle\u00a0<\/em><\/h2>\n<p style=\"text-align: justify;\">Progressivement j&rsquo;ai \u00e9t\u00e9 <strong>contraint de baisser de rythme<\/strong>. Je commen\u00e7ais m\u00eame \u00e0 peiner pour respirer correctement et il \u00e9tait urgent de r\u00e9duire le cadence \u00e0 la <strong>recherche du second souffle<\/strong>. Cons\u00e9quence logique, quelques coureurs prirent l&rsquo;avantage sur moi. Quant au parcours, il se complexifiait progressivement. D\u00e8s lors, il <strong>empruntait des passages herbeux dans les champs et passait par des chemins forestiers avec des portions techniques et sinueuses entre les arbres<\/strong>. De plus par moment, l&rsquo;orientation \u00e9tait loin d&rsquo;\u00eatre \u00e9vidente m\u00eame si le parcours \u00e9tait tr\u00e8s correctement balis\u00e9.\u00a0Apr\u00e8s 5 kilom\u00e8tres, je devais \u00eatre class\u00e9 autour de la 16 \u00e8me place mais j&rsquo;avais bon espoir de remonter un peu au classement car <strong>je savais que la seconde partie de course serait plus escarp\u00e9e et donc davantage pour moi.\u00a0<\/strong><\/p>\n<p style=\"text-align: justify;\"><a href=\"http:\/\/courir-lemonde.com\/wp-content\/uploads\/2015\/11\/MP-nocturne.jpg\"><img loading=\"lazy\" decoding=\"async\" class=\"aligncenter wp-image-523\" src=\"http:\/\/courir-lemonde.com\/wp-content\/uploads\/2015\/11\/MP-nocturne.jpg\" alt=\"MP nocturne\" width=\"380\" height=\"501\" \/><\/a><\/p>\n<p style=\"text-align: center;\"><em>Marion dans une partie technique (photo\u00a0www.foulees-de-cleguer.fr\/)<\/em><\/p>\n<h2 style=\"text-align: center;\"><em>Une fin de course tr\u00e8s escarp\u00e9e conclue de belle mani\u00e8re\u00a0<\/em><\/h2>\n<p style=\"text-align: justify;\">Apr\u00e8s une longue partie rectiligne effectu\u00e9e en solo, le parcours prenait enfin de la hauteur et de belles c\u00f4tes se profilaient. Cette fin de parcours <strong>beaucoup plus complexe d&rsquo;un point de vue topographique<\/strong> n&rsquo;\u00e9tait vraiment pas pour me d\u00e9plaire. D&rsquo;ailleurs je commen\u00e7ais \u00e0 apercevoir au loin les sillons lumineux des frontales de mes adversaires sur lesquels je revenais progressivement.\u00a0La motivation \u00e9tait au rendez-vous et c&rsquo;est avec un tr\u00e8s bon mental que j&rsquo;attaquais les derni\u00e8res difficult\u00e9s de ce Noz Trail.\u00a0\u00a0<strong>A environ 2 kilom\u00e8tres de l&rsquo;arriv\u00e9e, une c\u00f4te monstrueuse se profila devant nous.<\/strong> Une escalade dans laquelle il n&rsquo;\u00e9tait pas possible de courir. Une marche \u00e9nergique me permit de d\u00e9passer un ou deux coureurs.<\/p>\n<p style=\"text-align: justify;\">D\u00e9sormais j&rsquo;\u00e9tais en compagnie d&rsquo;un coureur avec lequel je gambadais depuis d\u00e9j\u00e0 quelques kilom\u00e8tres. Nous avons effectu\u00e9 la fin de parcours ensemble avant de se tirer la bourre sur le sprint.\u00a0A ce jeu l\u00e0, c&rsquo;est mon camarade de course qui l&#8217;emporta de peu. <strong>Au final j&rsquo;\u00e9chouai dans ma qu\u00eate du top 10 me classant \u00e0 une honorable 13 \u00e8me place (1 er espoir) en 46&rsquo;29.<\/strong> Il me restait \u00e0 r\u00e9cup\u00e9rer pour \u00eatre en mesure de remettre le couvert le lendemain matin en allant cette fois chercher une place dans les 10 premiers.\u00a0<strong>Quant \u00e0 Marion, sa tr\u00e8s belle course (37 \u00e8me en 49&rsquo;47) fut r\u00e9compens\u00e9e par une premi\u00e8re place chez les f\u00e9minines<\/strong>. Une performance qu&rsquo;elle esp\u00e9rait naturellement r\u00e9\u00e9diter le lendemain sur le trail diurne de 12 kilom\u00e8tres.<\/p>\n<h2 style=\"text-align: center;\"><em>Classement\u00a0<\/em><\/h2>\n<p style=\"text-align: center;\"><strong>1 GUILLAMET Raphael &#8211; 1 Se h. &#8211;\u00a0INDIVIDUEL 00:42:11<\/strong><\/p>\n<p style=\"text-align: center;\">2 SUPPI Jerome &#8211; 2 Se h. &#8211; QUEVEN 00:42:11<\/p>\n<p style=\"text-align: center;\">3 PASQUIO Christophe &#8211; 1 V1 h. &#8211;\u00a0QUEVEN ATHLE 00:43:43<\/p>\n<p style=\"text-align: center;\">&#8230;<\/p>\n<p style=\"text-align: center;\"><strong>13 CHAPALAIN Valentin &#8211; 1 Es h. &#8211; CARQUEFOU 00:46:29<\/strong><\/p>\n<p style=\"text-align: center;\">37 PELE Marion &#8211; 1 Se F &#8211;\u00a0CARQUEFOU AC 00:49:47<\/p>\n<p style=\"text-align: center;\">211 class\u00e9s<\/p>\n","protected":false},"excerpt":{"rendered":"<p>Bonne performance sur le Noz Trail \u00e0 Cl\u00e9guer En ce week-end printanier, j&rsquo;avais concoct\u00e9 avec ma camarade Marion, un week-end trail dans le Morbihan. Nous avions cibl\u00e9 deux courses organis\u00e9es dans le cadre du trail de la vall\u00e9e du Scorff &hellip; <a href=\"https:\/\/courir-lemonde.com\/index.php\/2012\/04\/28\/5-eme-episode-saison-2012-noz-trail-de-la-vallee-du-scorff-93-km-275-m-d\/\">Continuer la lecture <span class=\"meta-nav\">&rarr;<\/span><\/a><\/p>\n","protected":false},"author":1,"featured_media":0,"comment_status":"open","ping_status":"open","sticky":false,"template":"","format":"standard","meta":{"footnotes":""},"categories":[107],"tags":[61,97,52,54],"yoast_head":"<!-- This site is optimized with the Yoast SEO plugin v21.8.1 - https:\/\/yoast.com\/wordpress\/plugins\/seo\/ -->\n<title>5 \u00e8me \u00e9pisode saison 2012 : Noz Trail de la vall\u00e9e du Scorff (9,3 km ; 275 m D+) - Courir Le Monde<\/title>\n<meta name=\"robots\" content=\"index, follow, max-snippet:-1, max-image-preview:large, max-video-preview:-1\" \/>\n<link rel=\"canonical\" href=\"https:\/\/courir-lemonde.com\/index.php\/2012\/04\/28\/5-eme-episode-saison-2012-noz-trail-de-la-vallee-du-scorff-93-km-275-m-d\/\" \/>\n<meta property=\"og:locale\" content=\"fr_FR\" \/>\n<meta property=\"og:type\" content=\"article\" \/>\n<meta property=\"og:title\" content=\"5 \u00e8me \u00e9pisode saison 2012 : Noz Trail de la vall\u00e9e du Scorff (9,3 km ; 275 m D+) - Courir Le Monde\" \/>\n<meta property=\"og:description\" content=\"Bonne performance sur le Noz Trail \u00e0 Cl\u00e9guer En ce week-end printanier, j&rsquo;avais concoct\u00e9 avec ma camarade Marion, un week-end trail dans le Morbihan. Nous avions cibl\u00e9 deux courses organis\u00e9es dans le cadre du trail de la vall\u00e9e du Scorff &hellip; Continuer la lecture &rarr;\" \/>\n<meta property=\"og:url\" content=\"https:\/\/courir-lemonde.com\/index.php\/2012\/04\/28\/5-eme-episode-saison-2012-noz-trail-de-la-vallee-du-scorff-93-km-275-m-d\/\" \/>\n<meta property=\"og:site_name\" content=\"Courir Le Monde\" \/>\n<meta property=\"article:published_time\" content=\"2012-04-28T17:27:13+00:00\" \/>\n<meta property=\"article:modified_time\" content=\"2015-11-09T10:29:24+00:00\" \/>\n<meta property=\"og:image\" content=\"http:\/\/courir-lemonde.com\/wp-content\/uploads\/2015\/11\/nocturne-chap.jpg\" \/>\n<meta name=\"author\" content=\"Chap44\" \/>\n<meta name=\"twitter:card\" content=\"summary_large_image\" \/>\n<meta name=\"twitter:label1\" content=\"\u00c9crit par\" \/>\n\t<meta name=\"twitter:data1\" content=\"Chap44\" \/>\n\t<meta name=\"twitter:label2\" content=\"Dur\u00e9e de lecture estim\u00e9e\" \/>\n\t<meta name=\"twitter:data2\" content=\"4 minutes\" \/>\n<script type=\"application\/ld+json\" class=\"yoast-schema-graph\">{\"@context\":\"https:\/\/schema.org\",\"@graph\":[{\"@type\":\"WebPage\",\"@id\":\"https:\/\/courir-lemonde.com\/index.php\/2012\/04\/28\/5-eme-episode-saison-2012-noz-trail-de-la-vallee-du-scorff-93-km-275-m-d\/\",\"url\":\"https:\/\/courir-lemonde.com\/index.php\/2012\/04\/28\/5-eme-episode-saison-2012-noz-trail-de-la-vallee-du-scorff-93-km-275-m-d\/\",\"name\":\"5 \u00e8me \u00e9pisode saison 2012 : Noz Trail de la vall\u00e9e du Scorff (9,3 km ; 275 m D+) - Courir Le Monde\",\"isPartOf\":{\"@id\":\"https:\/\/courir-lemonde.com\/#website\"},\"datePublished\":\"2012-04-28T17:27:13+00:00\",\"dateModified\":\"2015-11-09T10:29:24+00:00\",\"author\":{\"@id\":\"https:\/\/courir-lemonde.com\/#\/schema\/person\/baaa624d701d53d176c763f85b3114e4\"},\"breadcrumb\":{\"@id\":\"https:\/\/courir-lemonde.com\/index.php\/2012\/04\/28\/5-eme-episode-saison-2012-noz-trail-de-la-vallee-du-scorff-93-km-275-m-d\/#breadcrumb\"},\"inLanguage\":\"fr-FR\",\"potentialAction\":[{\"@type\":\"ReadAction\",\"target\":[\"https:\/\/courir-lemonde.com\/index.php\/2012\/04\/28\/5-eme-episode-saison-2012-noz-trail-de-la-vallee-du-scorff-93-km-275-m-d\/\"]}]},{\"@type\":\"BreadcrumbList\",\"@id\":\"https:\/\/courir-lemonde.com\/index.php\/2012\/04\/28\/5-eme-episode-saison-2012-noz-trail-de-la-vallee-du-scorff-93-km-275-m-d\/#breadcrumb\",\"itemListElement\":[{\"@type\":\"ListItem\",\"position\":1,\"name\":\"Accueil\",\"item\":\"https:\/\/courir-lemonde.com\/\"},{\"@type\":\"ListItem\",\"position\":2,\"name\":\"5 \u00e8me \u00e9pisode saison 2012 : Noz Trail de la vall\u00e9e du Scorff (9,3 km ; 275 m D+)\"}]},{\"@type\":\"WebSite\",\"@id\":\"https:\/\/courir-lemonde.com\/#website\",\"url\":\"https:\/\/courir-lemonde.com\/\",\"name\":\"Courir Le Monde\",\"description\":\"Le site de Valentin Chapalain, passionn\u00e9 d&#039;aventures et de voyages\",\"potentialAction\":[{\"@type\":\"SearchAction\",\"target\":{\"@type\":\"EntryPoint\",\"urlTemplate\":\"https:\/\/courir-lemonde.com\/?s={search_term_string}\"},\"query-input\":\"required name=search_term_string\"}],\"inLanguage\":\"fr-FR\"},{\"@type\":\"Person\",\"@id\":\"https:\/\/courir-lemonde.com\/#\/schema\/person\/baaa624d701d53d176c763f85b3114e4\",\"name\":\"Chap44\",\"image\":{\"@type\":\"ImageObject\",\"inLanguage\":\"fr-FR\",\"@id\":\"https:\/\/courir-lemonde.com\/#\/schema\/person\/image\/\",\"url\":\"https:\/\/secure.gravatar.com\/avatar\/f6a3fcbb365f597d6259be5c4dc6c05c?s=96&d=mm&r=g\",\"contentUrl\":\"https:\/\/secure.gravatar.com\/avatar\/f6a3fcbb365f597d6259be5c4dc6c05c?s=96&d=mm&r=g\",\"caption\":\"Chap44\"},\"url\":\"https:\/\/courir-lemonde.com\/index.php\/author\/chap331244\/\"}]}<\/script>\n<!-- \/ Yoast SEO plugin. -->","yoast_head_json":{"title":"5 \u00e8me \u00e9pisode saison 2012 : Noz Trail de la vall\u00e9e du Scorff (9,3 km ; 275 m D+) - Courir Le Monde","robots":{"index":"index","follow":"follow","max-snippet":"max-snippet:-1","max-image-preview":"max-image-preview:large","max-video-preview":"max-video-preview:-1"},"canonical":"https:\/\/courir-lemonde.com\/index.php\/2012\/04\/28\/5-eme-episode-saison-2012-noz-trail-de-la-vallee-du-scorff-93-km-275-m-d\/","og_locale":"fr_FR","og_type":"article","og_title":"5 \u00e8me \u00e9pisode saison 2012 : Noz Trail de la vall\u00e9e du Scorff (9,3 km ; 275 m D+) - Courir Le Monde","og_description":"Bonne performance sur le Noz Trail \u00e0 Cl\u00e9guer En ce week-end printanier, j&rsquo;avais concoct\u00e9 avec ma camarade Marion, un week-end trail dans le Morbihan. Nous avions cibl\u00e9 deux courses organis\u00e9es dans le cadre du trail de la vall\u00e9e du Scorff &hellip; Continuer la lecture &rarr;","og_url":"https:\/\/courir-lemonde.com\/index.php\/2012\/04\/28\/5-eme-episode-saison-2012-noz-trail-de-la-vallee-du-scorff-93-km-275-m-d\/","og_site_name":"Courir Le Monde","article_published_time":"2012-04-28T17:27:13+00:00","article_modified_time":"2015-11-09T10:29:24+00:00","og_image":[{"url":"http:\/\/courir-lemonde.com\/wp-content\/uploads\/2015\/11\/nocturne-chap.jpg"}],"author":"Chap44","twitter_card":"summary_large_image","twitter_misc":{"\u00c9crit par":"Chap44","Dur\u00e9e de lecture estim\u00e9e":"4 minutes"},"schema":{"@context":"https:\/\/schema.org","@graph":[{"@type":"WebPage","@id":"https:\/\/courir-lemonde.com\/index.php\/2012\/04\/28\/5-eme-episode-saison-2012-noz-trail-de-la-vallee-du-scorff-93-km-275-m-d\/","url":"https:\/\/courir-lemonde.com\/index.php\/2012\/04\/28\/5-eme-episode-saison-2012-noz-trail-de-la-vallee-du-scorff-93-km-275-m-d\/","name":"5 \u00e8me \u00e9pisode saison 2012 : Noz Trail de la vall\u00e9e du Scorff (9,3 km ; 275 m D+) - Courir Le Monde","isPartOf":{"@id":"https:\/\/courir-lemonde.com\/#website"},"datePublished":"2012-04-28T17:27:13+00:00","dateModified":"2015-11-09T10:29:24+00:00","author":{"@id":"https:\/\/courir-lemonde.com\/#\/schema\/person\/baaa624d701d53d176c763f85b3114e4"},"breadcrumb":{"@id":"https:\/\/courir-lemonde.com\/index.php\/2012\/04\/28\/5-eme-episode-saison-2012-noz-trail-de-la-vallee-du-scorff-93-km-275-m-d\/#breadcrumb"},"inLanguage":"fr-FR","potentialAction":[{"@type":"ReadAction","target":["https:\/\/courir-lemonde.com\/index.php\/2012\/04\/28\/5-eme-episode-saison-2012-noz-trail-de-la-vallee-du-scorff-93-km-275-m-d\/"]}]},{"@type":"BreadcrumbList","@id":"https:\/\/courir-lemonde.com\/index.php\/2012\/04\/28\/5-eme-episode-saison-2012-noz-trail-de-la-vallee-du-scorff-93-km-275-m-d\/#breadcrumb","itemListElement":[{"@type":"ListItem","position":1,"name":"Accueil","item":"https:\/\/courir-lemonde.com\/"},{"@type":"ListItem","position":2,"name":"5 \u00e8me \u00e9pisode saison 2012 : Noz Trail de la vall\u00e9e du Scorff (9,3 km ; 275 m D+)"}]},{"@type":"WebSite","@id":"https:\/\/courir-lemonde.com\/#website","url":"https:\/\/courir-lemonde.com\/","name":"Courir Le Monde","description":"Le site de Valentin Chapalain, passionn\u00e9 d&#039;aventures et de voyages","potentialAction":[{"@type":"SearchAction","target":{"@type":"EntryPoint","urlTemplate":"https:\/\/courir-lemonde.com\/?s={search_term_string}"},"query-input":"required name=search_term_string"}],"inLanguage":"fr-FR"},{"@type":"Person","@id":"https:\/\/courir-lemonde.com\/#\/schema\/person\/baaa624d701d53d176c763f85b3114e4","name":"Chap44","image":{"@type":"ImageObject","inLanguage":"fr-FR","@id":"https:\/\/courir-lemonde.com\/#\/schema\/person\/image\/","url":"https:\/\/secure.gravatar.com\/avatar\/f6a3fcbb365f597d6259be5c4dc6c05c?s=96&d=mm&r=g","contentUrl":"https:\/\/secure.gravatar.com\/avatar\/f6a3fcbb365f597d6259be5c4dc6c05c?s=96&d=mm&r=g","caption":"Chap44"},"url":"https:\/\/courir-lemonde.com\/index.php\/author\/chap331244\/"}]}},"_links":{"self":[{"href":"https:\/\/courir-lemonde.com\/index.php\/wp-json\/wp\/v2\/posts\/508"}],"collection":[{"href":"https:\/\/courir-lemonde.com\/index.php\/wp-json\/wp\/v2\/posts"}],"about":[{"href":"https:\/\/courir-lemonde.com\/index.php\/wp-json\/wp\/v2\/types\/post"}],"author":[{"embeddable":true,"href":"https:\/\/courir-lemonde.com\/index.php\/wp-json\/wp\/v2\/users\/1"}],"replies":[{"embeddable":true,"href":"https:\/\/courir-lemonde.com\/index.php\/wp-json\/wp\/v2\/comments?post=508"}],"version-history":[{"count":2,"href":"https:\/\/courir-lemonde.com\/index.php\/wp-json\/wp\/v2\/posts\/508\/revisions"}],"predecessor-version":[{"id":524,"href":"https:\/\/courir-lemonde.com\/index.php\/wp-json\/wp\/v2\/posts\/508\/revisions\/524"}],"wp:attachment":[{"href":"https:\/\/courir-lemonde.com\/index.php\/wp-json\/wp\/v2\/media?parent=508"}],"wp:term":[{"taxonomy":"category","embeddable":true,"href":"https:\/\/courir-lemonde.com\/index.php\/wp-json\/wp\/v2\/categories?post=508"},{"taxonomy":"post_tag","embeddable":true,"href":"https:\/\/courir-lemonde.com\/index.php\/wp-json\/wp\/v2\/tags?post=508"}],"curies":[{"name":"wp","href":"https:\/\/api.w.org\/{rel}","templated":true}]}}