{"id":516,"date":"2012-03-24T18:08:48","date_gmt":"2012-03-24T17:08:48","guid":{"rendered":"http:\/\/courir-lemonde.com\/?p=516"},"modified":"2015-11-09T11:29:02","modified_gmt":"2015-11-09T10:29:02","slug":"4-eme-episode-saison-2012-le-semi-marathon-de-la-briere-211-km","status":"publish","type":"post","link":"https:\/\/courir-lemonde.com\/index.php\/2012\/03\/24\/4-eme-episode-saison-2012-le-semi-marathon-de-la-briere-211-km\/","title":{"rendered":"4 \u00e8me \u00e9pisode saison 2012 : le semi marathon de la Bri\u00e8re (21,1 km)"},"content":{"rendered":"<h1 style=\"text-align: center;\">Mon record parisien pulv\u00e9ris\u00e9 de 5&rsquo;44 sur le semi marathon de la Bri\u00e8re (1h25&rsquo;04)<\/h1>\n<p style=\"text-align: justify;\"><em>Dimanche 18 mars, je me suis rendu avec Tom \u00e0 Saint Andr\u00e9 des Eaux, petite bourgade rurale situ\u00e9e entre Saint Nazaire et la presqu&rsquo;\u00eele gu\u00e9randaise pour prendre part \u00e0 la 18 \u00e8me \u00e9dition du semi-marathon de la Bri\u00e8re.\u00a0Organis\u00e9 par l&rsquo;Esco44, cette \u00e9preuve dot\u00e9e d&rsquo;un label d\u00e9partemental se d\u00e9roulait sur un parcours propice \u00e0 la performance car d\u00e9nu\u00e9 de difficult\u00e9 topographique dans le bucolique cadre des marais de la Bri\u00e8re.\u00a0Ainsi sur la lanc\u00e9e de mon probant r\u00e9sultat cou\u00ebronnais, j&rsquo;avais pour ambition d&rsquo;am\u00e9liorer ma marque de r\u00e9f\u00e9rence sur la distance (1h30&rsquo;48 , Paris 2010) et de passer enfin sous la barre symbolique des 1h30.\u00a0<\/em><br \/>\n<em>Quant \u00e0 Tom, apr\u00e8s son brillant chrono r\u00e9alis\u00e9 \u00e0 Paris (1h39&rsquo;36), il souhaitait confirmer. Sur ce semi-marathon bri\u00e9ron, il esp\u00e9rait signer un chrono autour des 1h40. \u00a0<\/em><\/p>\n<p style=\"text-align: justify;\"><a href=\"http:\/\/courir-lemonde.com\/wp-content\/uploads\/2015\/11\/bri\u00e8re.jpg\"><img loading=\"lazy\" decoding=\"async\" class=\"aligncenter wp-image-517\" src=\"http:\/\/courir-lemonde.com\/wp-content\/uploads\/2015\/11\/bri\u00e8re.jpg\" alt=\"bri\u00e8re\" width=\"500\" height=\"337\" \/><\/a><\/p>\n<p style=\"text-align: center;\"><em>Aper\u00e7u des marais de la Bri\u00e8re (photo\u00a0photos-de-bri\u00e8re.over-blog<a class=\"link\" href=\"http:\/\/www.skyrock.com\/r?url=http%3A%2F%2Fphotos-de-briere.over-blog.com%2F60-index.html\" rel=\"nofollow\">.<\/a>com)<\/em><!--more--><\/p>\n<h2 style=\"text-align: center;\"><em>Avant course\u00a0<\/em><\/h2>\n<p style=\"text-align: justify;\">Apr\u00e8s un peu moins d&rsquo;une heure de route depuis Carquefou, nous avons atteint le site de d\u00e9part du semi-marathon de la Bri\u00e8re, situ\u00e9 quelques kilom\u00e8tres au nord-est de la commune de Saint Andr\u00e9 des Eaux.\u00a0Nous \u00e9tions tr\u00e8s motiv\u00e9s pour en d\u00e9coudre avec cette belle \u00e9preuve d\u00e9partementale mais toutefois <strong>quelque chose nous taraudait : les conditions m\u00e9t\u00e9orologiques<\/strong>. A peine arriv\u00e9 \u00e0 destination, la pluie qui tombait depuis d\u00e9j\u00e0 quelques minutes redoubla d&rsquo;intensit\u00e9. De v\u00e9ritables sauts d&rsquo;eau se\u00a0d\u00e9versaient sur la voiture. C&rsquo;\u00e9tait le d\u00e9luge et on craignait qu&rsquo;il en soit de m\u00eame durant la course ce qui par cons\u00e9quent aurait certainement fait tomber nos objectifs \u00e0 l&rsquo;eau. Heureusement cet \u00e9pisode fut d&rsquo;assez courte dur\u00e9e puisque apr\u00e8s avoir \u00e9t\u00e9 chercher nos dossards, la pluie avait cess\u00e9 et on apercevait d\u00e9j\u00e0 au loin les pr\u00e9mices d&rsquo;un temps plus calme.<\/p>\n<p style=\"text-align: justify;\">Une demi heure avant le d\u00e9part, nous sommes partis <strong>nous \u00e9chauffer<\/strong> au milieu des nombreux coureurs pr\u00e9sents. Pour ma part, les <strong>sensations n&rsquo;\u00e9taient pas extraordinaires.<\/strong> N\u00e9anmoins, je n&rsquo;\u00e9tais absolument pas inquiet car je savais qu&rsquo;une fois en course je serai capable de me surpasser.\u00a0Une dizaine de minutes avant le d\u00e9part nous avons ralli\u00e9 la ligne de d\u00e9part. A notre satisfaction, des sas de niveau \u00e9taient pr\u00e9vus. Apr\u00e8s s&rsquo;\u00eatre souhait\u00e9 une excellente course, <strong>Tom gagna le sas 1h40 tandis que je pris la direction du sas 1h30.\u00a0<\/strong><\/p>\n<p style=\"text-align: justify;\">Cinq kilom\u00e8tres initiaux en 20&rsquo;05 (14,9 km\/h de moyenne)<\/p>\n<p style=\"text-align: justify;\"><a href=\"http:\/\/courir-lemonde.com\/wp-content\/uploads\/2015\/11\/d\u00e9part-chap1.jpg\"><img loading=\"lazy\" decoding=\"async\" class=\"aligncenter wp-image-518\" src=\"http:\/\/courir-lemonde.com\/wp-content\/uploads\/2015\/11\/d\u00e9part-chap1.jpg\" alt=\"d\u00e9part chap\" width=\"500\" height=\"337\" \/><\/a><\/p>\n<p style=\"text-align: center;\"><em>Au d\u00e9part de ce semi marathon de la Bri\u00e8re (photo\u00a0http:\/\/www.esco44.net\/actualites.html)<\/em><\/p>\n<p style=\"text-align: justify;\">Comme convenu, le d\u00e9part fut donn\u00e9 \u00e0 10h15 \u00e0 un imposant peloton d&rsquo;un peu moins de 1 500 coureurs. Deux boucles quasi identiques trac\u00e9e dans le bucolique site naturel de la Bri\u00e8re \u00e9taient \u00e0 parcourir.\u00a0Malgr\u00e9 quelques secondes perdues sur les premiers d\u00e9cam\u00e8tres de la course, <strong>j&rsquo;ai pris un d\u00e9part plus rapide que pr\u00e9vu, passant le 1 er kilom\u00e8tre en 3&rsquo;58 et le second en 7&rsquo;52.\u00a0<\/strong><\/p>\n<p style=\"text-align: justify;\">D&rsquo;entr\u00e9e de jeu, j&rsquo;\u00e9tais sur des bases tr\u00e8s rapides et je dois avouer que j&rsquo;h\u00e9sitais entre maintenir cette allure sup\u00e9rieure \u00e0 15 km\/h et me stabiliser \u00e0 l&rsquo;allure fix\u00e9e initialement (autour des 4&rsquo;10 \/ kilo) pour \u00eatre certain d&rsquo;avoir des ressources dans le final.\u00a0Finalement les <strong>sensations \u00e9tant bonnes<\/strong> et ne me sentant pas un sur-r\u00e9gime, j&rsquo;ai maintenu ce rythme jusqu&rsquo;au quart de la course, passant le <strong>4 \u00e8me kilom\u00e8tre en 16&prime; puis le 5 \u00e8me kilom\u00e8tre en 20&rsquo;05.\u00a0<\/strong>Quant \u00e0 Tom, auteur lui aussi d&rsquo;un d\u00e9part rapide, il pointait \u00e0 2&rsquo;25 de moi apr\u00e8s les 5 premiers kilom\u00e8tres de course (passage en 22&rsquo;30).<\/p>\n<p style=\"text-align: center;\"><em><strong>Cinq kilom\u00e8tres suivants parcourus 20&rsquo;39\u00a0<\/strong><\/em><em><strong>pour atteindre le 10 \u00e8me kilom\u00e8tre en 40&rsquo;44 (14,7 km\/h de moyenne)<\/strong><\/em><\/p>\n<p style=\"text-align: justify;\"><a href=\"http:\/\/courir-lemonde.com\/wp-content\/uploads\/2015\/11\/Tom-8.jpg\"><img loading=\"lazy\" decoding=\"async\" class=\"aligncenter wp-image-519\" src=\"http:\/\/courir-lemonde.com\/wp-content\/uploads\/2015\/11\/Tom-8.jpg\" alt=\"Tom 8\" width=\"500\" height=\"336\" \/><\/a><\/p>\n<p style=\"text-align: center;\"><em>Tom (\u00e0 gauche en blanc et noir) vers le 8 \u00e8me kilom\u00e8tre de ce semi marathon (photo\u00a0http:\/\/www.esco44.net\/actualites.html)<\/em><\/p>\n<p style=\"text-align: justify;\"><strong>Une fois le quart de la course pass\u00e9, j&rsquo;ai\u00a0l\u00e9g\u00e8rement\u00a0diminu\u00e9 la cadence<\/strong> car je n&rsquo;\u00e9tais pas du tout certain de pouvoir maintenir ce rythme sur plus de 20 kilom\u00e8tres. Toutefois les sensations \u00e9taient tr\u00e8s correctes et j&rsquo;\u00e9tais motiv\u00e9 \u00e0 bloc car tr\u00e8s bien parti pour exploser mon record.\u00a0Jusqu&rsquo;au 10 \u00e8me kilom\u00e8tre, j&rsquo;ai tourn\u00e9 autour des 4&rsquo;10 passant notamment le <strong>7 \u00e8me kilom\u00e8tre en 28&rsquo;20.<\/strong>\u00a0Le parcours trac\u00e9 dans le parc naturel r\u00e9gional de Bri\u00e8re \u00e9tait tr\u00e8s agr\u00e9able en plus d&rsquo;\u00eatre propice \u00e0 la performance. Il offrait aux participants un bel aper\u00e7u de la zone humide bri\u00e8ronne.\u00a0Contrairement aux deux premiers tiers de la boucle, la fin de celle-ci se courait davantage sur des chemins de halage ce qui n&rsquo;\u00e9tait pas forcement pour me d\u00e9plaire car moins traumatisant.<\/p>\n<p style=\"text-align: justify;\">Vers le 8 \u00e8me kilom\u00e8tre, comme cela avait d\u00e9j\u00e0 \u00e9t\u00e9 le cas \u00e0 Orvault Praudi\u00e8re, les sensations furent tout \u00e0 coup un peu moins bonnes et je commen\u00e7ais m\u00eame \u00e0 avoir un point de c\u00f4t\u00e9. Fort heureusement cet \u00e9pisode n\u00e9buleux ne dura pas et je n&rsquo;eus pas v\u00e9ritablement \u00e0 ralentir la cadence.\u00a0<strong>Toujours sur le m\u00eame rythme, le 10 \u00e8me kilom\u00e8tre fut atteint en 40&rsquo;44.\u00a0<\/strong>De son c\u00f4t\u00e9, Tom avait lui aussi un peu ralenti. Il passa le 10 \u00e8me kilom\u00e8tre autour des 46&prime; battant de mani\u00e8re officieuse son record sur la distance. Quelque peu \u00e9prouv\u00e9 \u00e0 la mi-course, il craignait une fin de course d\u00e9licate.<\/p>\n<h2 style=\"text-align: center;\"><em>D&rsquo;excellentes sensations entre le 10 \u00e8me et le 15 \u00e8me kilom\u00e8tre\u00a0<\/em><\/h2>\n<p style=\"text-align: justify;\">La mi-course fut pass\u00e9 \u00e0 peine deux minutes plus tard. <strong>J&rsquo;\u00e9tais toujours sur des bases d&rsquo;1h25\/26, nettement en dessus de ce que j&rsquo;avais pr\u00e9vu<\/strong>. Je me sentais globalement bien apr\u00e8s le petit passage \u00e0 vide vers le 8 \u00e8me kilom\u00e8tre. <strong>La motivation \u00e9tait naturellement \u00e0 son paroxysme<\/strong>. Toutefois je restais prudent car un gros coup de mou en fin de course \u00e9tait toujours possible.<\/p>\n<p style=\"text-align: justify;\"><strong>Entre les 10 \u00e8me et 13 \u00e8me, j&rsquo;ai maintenu une allure autour des 4&rsquo;05<\/strong>\u00a0ce qui m&rsquo;a permis d&rsquo;atteindre ce dernier en 53&prime; (14,7 km\/h). Les sensations \u00e9taient parfaites et je d\u00e9roulais presque tranquillement tandis que beaucoup de coureurs commen\u00e7aient \u00e0 accuser le coup. A <strong>partir du 13 \u00e8me, j&rsquo;ai entam\u00e9 ma longue remont\u00e9e dans le classement en d\u00e9passant moult coureurs sans jamais me faire reprendre.\u00a0<\/strong>Sur ma lanc\u00e9e <strong>je passais le 15 \u00e8me kilom\u00e8tre en 1h01 (14,8 km\/h)<\/strong> juste avant d&rsquo;engloutir une partie de mon gel tonifiant. Restait donc \u00e0 parcourir les 6 derniers kilom\u00e8tres : pas forcement les plus \u00e9vidents.\u00a0Malgr\u00e9 des sensations un peu moins bonnes, Tom \u00e9tait parvenu \u00e0 maintenir un rythme r\u00e9gulier entre les 10 et 15 \u00e8me kilom\u00e8tre passant ce dernier en 1h09&rsquo;10 soit toujours \u00e0 un peu plus de 13 km\/h de moyenne.<\/p>\n<p style=\"text-align: center;\"><em><strong>D&rsquo;\u00e9patantes ressources et un mental de feu pour aller chercher les 1h25\u00a0<\/strong><\/em><\/p>\n<p style=\"text-align: justify;\">Sur la lanc\u00e9e de mon acc\u00e9l\u00e9ration du 13 \u00e8me kilom\u00e8tre, sur les kilom\u00e8tres suivants j&rsquo;ai poursuivi \u00e0 une allure comparable autour des 4&rsquo;05 au kilom\u00e8tre revenant toujours sur des grappes de coureurs. M\u00eame si je commen\u00e7ais vraiment \u00e0 ressentir le poids des kilom\u00e8tres dans les jambes, <strong>j&rsquo;\u00e9tais tr\u00e8s appliqu\u00e9 mentalement<\/strong> et \u00e0 chaque coureur d\u00e9pass\u00e9 je me disais int\u00e9rieurement \u00a0\u00bb va chercher le suivant \u00ab\u00a0.\u00a0Le record allait \u00eatre explos\u00e9: c&rsquo;\u00e9tait d\u00e9sormais une quasi certitude mais il n&rsquo;\u00e9tait pas question de s&rsquo;en contenter et je voulais tout donner pour surtout ne pas avoir de regrets et le sentiment d&rsquo;avoir fait le maximum.<\/p>\n<p style=\"text-align: justify;\">Au 18 \u00e8me kilom\u00e8tre, je pris mon premier ravitaillement liquide, une boisson \u00e9nergisante fournie par l&rsquo;organisation. Sans perdre de temps, je l&rsquo;ingurgita\u00a0prestement avant de terminer mon gel\u00a0boostant.\u00a0<strong>Le 19 \u00e8me kilom\u00e8tre fut atteint en 1h17&rsquo;20.<\/strong> Apr\u00e8s un rapide calcul je compris rapidement <strong>qu&rsquo;il fallait que j&rsquo;acc\u00e9l\u00e8re encore pour passer sous les 1h25<\/strong>. La mission semblait tr\u00e8s d\u00e9licate mais le jeu en valait la chandelle. D\u00e8s lors, je l\u00e2chai les chevaux avec les forces qu&rsquo;il me restait.\u00a0<strong>Je continuais de d\u00e9passer et avec grand plaisir, je retrouvais beaucoup de coureurs que j&rsquo;avais laiss\u00e9 filer vers le 6 \u00e8me kilom\u00e8tre. Cela me motiva davantage car cela signifiait que ma gestion de course avait \u00e9t\u00e9 \u00e0 la hauteur de\u00a0l\u2019\u00e9v\u00e9nement.\u00a0<\/strong><\/p>\n<p style=\"text-align: justify;\">Sans plus trop r\u00e9fl\u00e9chir je donnais tout, passant le 20 \u00e8me kilom\u00e8tre en 1h21&rsquo;10. J&rsquo;avais repris 10 secondes, il fallait maintenant que je parcours 1,1 km en 3&rsquo;50 pour passer sous les 1h25&prime;. <strong>A 200 %, je courais \u00e0 l&rsquo;\u00e9nergie comme je pouvais.<\/strong> Malheureusement apr\u00e8s un interminable sprint, <strong>j&rsquo;allais \u00e9chouer \u00e0 4&Prime; terminant en 1h25&rsquo;04 (chrono r\u00e9el)<\/strong> ce beau semi-marathon de la Bri\u00e8re et me classant <strong>103 \u00e8me<\/strong> sur 1371 coureurs class\u00e9s et prenant la 4 \u00e8me place d&rsquo;un classement espoir tr\u00e8s relev\u00e9. N\u00e9anmoins j&rsquo;avais plus que rempli ma mission, pulv\u00e9risant mon record de pr\u00e8s de 6&prime;. La relative\u00a0d\u00e9ception\u00a0laissa donc rapidement place \u00e0 une\u00a0<strong>grande satisfaction. <\/strong>Quant \u00e0 mon acolyte <strong>Tom,<\/strong> c&rsquo;est lui aussi au <strong>mental qui termina la course.<\/strong> Au final il se classe <strong>494 \u00e8me en 1h38&rsquo;58 battant du m\u00eame coup la marque de r\u00e9f\u00e9rence<\/strong> qu&rsquo;il avait \u00e9tabli \u00e0 Paris<strong>. Du tr\u00e8s grand Tom !\u00a0<\/strong><\/p>\n<p style=\"text-align: justify;\"><a href=\"http:\/\/courir-lemonde.com\/wp-content\/uploads\/2015\/11\/chrono-bri\u00e8re.jpg\"><img loading=\"lazy\" decoding=\"async\" class=\"aligncenter wp-image-520\" src=\"http:\/\/courir-lemonde.com\/wp-content\/uploads\/2015\/11\/chrono-bri\u00e8re.jpg\" alt=\"chrono bri\u00e8re\" width=\"500\" height=\"379\" \/><\/a><\/p>\n<p style=\"text-align: center;\"><em>1h25&rsquo;04 : ma nouvelle marque de r\u00e9f\u00e9rence sur semi marathon (photo perso)<\/em><\/p>\n<h2 style=\"text-align: center;\"><em>Classement\u00a0<\/em><\/h2>\n<p style=\"text-align: center;\">1 EL FADIL Said AS CHU Nantes SE M 1h06&rsquo;14<\/p>\n<p style=\"text-align: center;\">2 CHMAITI Abderahman AS CHU Nantes SE M 1h10&rsquo;43<\/p>\n<p style=\"text-align: center;\">3 COLLET Thierry S\/L ACR Locmin\u00e9 V1 M 1h11&rsquo;00<\/p>\n<p style=\"text-align: center;\">&#8230;<\/p>\n<p style=\"text-align: center;\"><strong>103 CHAPALAIN Valentin NL Carquefou ES M 1h25&rsquo;13 (temps r\u00e9el 1h25&rsquo;04)<\/strong><\/p>\n<p style=\"text-align: center;\">494 COUEDEL Tom NL Carquefou ES 1h39&rsquo;21 (temps r\u00e9el 1h38&rsquo;58)<\/p>\n<div><\/div>\n<div style=\"text-align: center;\">1 371 class\u00e9s<\/div>\n<div style=\"text-align: center;\"><\/div>\n","protected":false},"excerpt":{"rendered":"<p>Mon record parisien pulv\u00e9ris\u00e9 de 5&rsquo;44 sur le semi marathon de la Bri\u00e8re (1h25&rsquo;04) Dimanche 18 mars, je me suis rendu avec Tom \u00e0 Saint Andr\u00e9 des Eaux, petite bourgade rurale situ\u00e9e entre Saint Nazaire et la presqu&rsquo;\u00eele gu\u00e9randaise pour &hellip; <a href=\"https:\/\/courir-lemonde.com\/index.php\/2012\/03\/24\/4-eme-episode-saison-2012-le-semi-marathon-de-la-briere-211-km\/\">Continuer la lecture <span class=\"meta-nav\">&rarr;<\/span><\/a><\/p>\n","protected":false},"author":1,"featured_media":0,"comment_status":"open","ping_status":"open","sticky":false,"template":"","format":"standard","meta":{"footnotes":""},"categories":[107],"tags":[16,93,101,69],"yoast_head":"<!-- This site is optimized with the Yoast SEO plugin v21.8.1 - https:\/\/yoast.com\/wordpress\/plugins\/seo\/ -->\n<title>4 \u00e8me \u00e9pisode saison 2012 : le semi marathon de la Bri\u00e8re (21,1 km) - Courir Le Monde<\/title>\n<meta name=\"robots\" content=\"index, follow, max-snippet:-1, max-image-preview:large, max-video-preview:-1\" \/>\n<link rel=\"canonical\" href=\"https:\/\/courir-lemonde.com\/index.php\/2012\/03\/24\/4-eme-episode-saison-2012-le-semi-marathon-de-la-briere-211-km\/\" \/>\n<meta property=\"og:locale\" content=\"fr_FR\" \/>\n<meta property=\"og:type\" content=\"article\" \/>\n<meta property=\"og:title\" content=\"4 \u00e8me \u00e9pisode saison 2012 : le semi marathon de la Bri\u00e8re (21,1 km) - Courir Le Monde\" \/>\n<meta property=\"og:description\" content=\"Mon record parisien pulv\u00e9ris\u00e9 de 5&rsquo;44 sur le semi marathon de la Bri\u00e8re (1h25&rsquo;04) Dimanche 18 mars, je me suis rendu avec Tom \u00e0 Saint Andr\u00e9 des Eaux, petite bourgade rurale situ\u00e9e entre Saint Nazaire et la presqu&rsquo;\u00eele gu\u00e9randaise pour &hellip; Continuer la lecture &rarr;\" \/>\n<meta property=\"og:url\" content=\"https:\/\/courir-lemonde.com\/index.php\/2012\/03\/24\/4-eme-episode-saison-2012-le-semi-marathon-de-la-briere-211-km\/\" \/>\n<meta property=\"og:site_name\" content=\"Courir Le Monde\" \/>\n<meta property=\"article:published_time\" content=\"2012-03-24T17:08:48+00:00\" \/>\n<meta property=\"article:modified_time\" content=\"2015-11-09T10:29:02+00:00\" \/>\n<meta property=\"og:image\" content=\"http:\/\/courir-lemonde.com\/wp-content\/uploads\/2015\/11\/bri\u00e8re.jpg\" \/>\n<meta name=\"author\" content=\"Chap44\" \/>\n<meta name=\"twitter:card\" content=\"summary_large_image\" \/>\n<meta name=\"twitter:label1\" content=\"\u00c9crit par\" \/>\n\t<meta name=\"twitter:data1\" content=\"Chap44\" \/>\n\t<meta name=\"twitter:label2\" content=\"Dur\u00e9e de lecture estim\u00e9e\" \/>\n\t<meta name=\"twitter:data2\" content=\"8 minutes\" \/>\n<script type=\"application\/ld+json\" class=\"yoast-schema-graph\">{\"@context\":\"https:\/\/schema.org\",\"@graph\":[{\"@type\":\"WebPage\",\"@id\":\"https:\/\/courir-lemonde.com\/index.php\/2012\/03\/24\/4-eme-episode-saison-2012-le-semi-marathon-de-la-briere-211-km\/\",\"url\":\"https:\/\/courir-lemonde.com\/index.php\/2012\/03\/24\/4-eme-episode-saison-2012-le-semi-marathon-de-la-briere-211-km\/\",\"name\":\"4 \u00e8me \u00e9pisode saison 2012 : le semi marathon de la Bri\u00e8re (21,1 km) - Courir Le Monde\",\"isPartOf\":{\"@id\":\"https:\/\/courir-lemonde.com\/#website\"},\"datePublished\":\"2012-03-24T17:08:48+00:00\",\"dateModified\":\"2015-11-09T10:29:02+00:00\",\"author\":{\"@id\":\"https:\/\/courir-lemonde.com\/#\/schema\/person\/baaa624d701d53d176c763f85b3114e4\"},\"breadcrumb\":{\"@id\":\"https:\/\/courir-lemonde.com\/index.php\/2012\/03\/24\/4-eme-episode-saison-2012-le-semi-marathon-de-la-briere-211-km\/#breadcrumb\"},\"inLanguage\":\"fr-FR\",\"potentialAction\":[{\"@type\":\"ReadAction\",\"target\":[\"https:\/\/courir-lemonde.com\/index.php\/2012\/03\/24\/4-eme-episode-saison-2012-le-semi-marathon-de-la-briere-211-km\/\"]}]},{\"@type\":\"BreadcrumbList\",\"@id\":\"https:\/\/courir-lemonde.com\/index.php\/2012\/03\/24\/4-eme-episode-saison-2012-le-semi-marathon-de-la-briere-211-km\/#breadcrumb\",\"itemListElement\":[{\"@type\":\"ListItem\",\"position\":1,\"name\":\"Accueil\",\"item\":\"https:\/\/courir-lemonde.com\/\"},{\"@type\":\"ListItem\",\"position\":2,\"name\":\"4 \u00e8me \u00e9pisode saison 2012 : le semi marathon de la Bri\u00e8re (21,1 km)\"}]},{\"@type\":\"WebSite\",\"@id\":\"https:\/\/courir-lemonde.com\/#website\",\"url\":\"https:\/\/courir-lemonde.com\/\",\"name\":\"Courir Le Monde\",\"description\":\"Le site de Valentin Chapalain, passionn\u00e9 d&#039;aventures et de voyages\",\"potentialAction\":[{\"@type\":\"SearchAction\",\"target\":{\"@type\":\"EntryPoint\",\"urlTemplate\":\"https:\/\/courir-lemonde.com\/?s={search_term_string}\"},\"query-input\":\"required name=search_term_string\"}],\"inLanguage\":\"fr-FR\"},{\"@type\":\"Person\",\"@id\":\"https:\/\/courir-lemonde.com\/#\/schema\/person\/baaa624d701d53d176c763f85b3114e4\",\"name\":\"Chap44\",\"image\":{\"@type\":\"ImageObject\",\"inLanguage\":\"fr-FR\",\"@id\":\"https:\/\/courir-lemonde.com\/#\/schema\/person\/image\/\",\"url\":\"https:\/\/secure.gravatar.com\/avatar\/f6a3fcbb365f597d6259be5c4dc6c05c?s=96&d=mm&r=g\",\"contentUrl\":\"https:\/\/secure.gravatar.com\/avatar\/f6a3fcbb365f597d6259be5c4dc6c05c?s=96&d=mm&r=g\",\"caption\":\"Chap44\"},\"url\":\"https:\/\/courir-lemonde.com\/index.php\/author\/chap331244\/\"}]}<\/script>\n<!-- \/ Yoast SEO plugin. -->","yoast_head_json":{"title":"4 \u00e8me \u00e9pisode saison 2012 : le semi marathon de la Bri\u00e8re (21,1 km) - Courir Le Monde","robots":{"index":"index","follow":"follow","max-snippet":"max-snippet:-1","max-image-preview":"max-image-preview:large","max-video-preview":"max-video-preview:-1"},"canonical":"https:\/\/courir-lemonde.com\/index.php\/2012\/03\/24\/4-eme-episode-saison-2012-le-semi-marathon-de-la-briere-211-km\/","og_locale":"fr_FR","og_type":"article","og_title":"4 \u00e8me \u00e9pisode saison 2012 : le semi marathon de la Bri\u00e8re (21,1 km) - Courir Le Monde","og_description":"Mon record parisien pulv\u00e9ris\u00e9 de 5&rsquo;44 sur le semi marathon de la Bri\u00e8re (1h25&rsquo;04) Dimanche 18 mars, je me suis rendu avec Tom \u00e0 Saint Andr\u00e9 des Eaux, petite bourgade rurale situ\u00e9e entre Saint Nazaire et la presqu&rsquo;\u00eele gu\u00e9randaise pour &hellip; Continuer la lecture &rarr;","og_url":"https:\/\/courir-lemonde.com\/index.php\/2012\/03\/24\/4-eme-episode-saison-2012-le-semi-marathon-de-la-briere-211-km\/","og_site_name":"Courir Le Monde","article_published_time":"2012-03-24T17:08:48+00:00","article_modified_time":"2015-11-09T10:29:02+00:00","og_image":[{"url":"http:\/\/courir-lemonde.com\/wp-content\/uploads\/2015\/11\/bri\u00e8re.jpg"}],"author":"Chap44","twitter_card":"summary_large_image","twitter_misc":{"\u00c9crit par":"Chap44","Dur\u00e9e de lecture estim\u00e9e":"8 minutes"},"schema":{"@context":"https:\/\/schema.org","@graph":[{"@type":"WebPage","@id":"https:\/\/courir-lemonde.com\/index.php\/2012\/03\/24\/4-eme-episode-saison-2012-le-semi-marathon-de-la-briere-211-km\/","url":"https:\/\/courir-lemonde.com\/index.php\/2012\/03\/24\/4-eme-episode-saison-2012-le-semi-marathon-de-la-briere-211-km\/","name":"4 \u00e8me \u00e9pisode saison 2012 : le semi marathon de la Bri\u00e8re (21,1 km) - Courir Le Monde","isPartOf":{"@id":"https:\/\/courir-lemonde.com\/#website"},"datePublished":"2012-03-24T17:08:48+00:00","dateModified":"2015-11-09T10:29:02+00:00","author":{"@id":"https:\/\/courir-lemonde.com\/#\/schema\/person\/baaa624d701d53d176c763f85b3114e4"},"breadcrumb":{"@id":"https:\/\/courir-lemonde.com\/index.php\/2012\/03\/24\/4-eme-episode-saison-2012-le-semi-marathon-de-la-briere-211-km\/#breadcrumb"},"inLanguage":"fr-FR","potentialAction":[{"@type":"ReadAction","target":["https:\/\/courir-lemonde.com\/index.php\/2012\/03\/24\/4-eme-episode-saison-2012-le-semi-marathon-de-la-briere-211-km\/"]}]},{"@type":"BreadcrumbList","@id":"https:\/\/courir-lemonde.com\/index.php\/2012\/03\/24\/4-eme-episode-saison-2012-le-semi-marathon-de-la-briere-211-km\/#breadcrumb","itemListElement":[{"@type":"ListItem","position":1,"name":"Accueil","item":"https:\/\/courir-lemonde.com\/"},{"@type":"ListItem","position":2,"name":"4 \u00e8me \u00e9pisode saison 2012 : le semi marathon de la Bri\u00e8re (21,1 km)"}]},{"@type":"WebSite","@id":"https:\/\/courir-lemonde.com\/#website","url":"https:\/\/courir-lemonde.com\/","name":"Courir Le Monde","description":"Le site de Valentin Chapalain, passionn\u00e9 d&#039;aventures et de voyages","potentialAction":[{"@type":"SearchAction","target":{"@type":"EntryPoint","urlTemplate":"https:\/\/courir-lemonde.com\/?s={search_term_string}"},"query-input":"required name=search_term_string"}],"inLanguage":"fr-FR"},{"@type":"Person","@id":"https:\/\/courir-lemonde.com\/#\/schema\/person\/baaa624d701d53d176c763f85b3114e4","name":"Chap44","image":{"@type":"ImageObject","inLanguage":"fr-FR","@id":"https:\/\/courir-lemonde.com\/#\/schema\/person\/image\/","url":"https:\/\/secure.gravatar.com\/avatar\/f6a3fcbb365f597d6259be5c4dc6c05c?s=96&d=mm&r=g","contentUrl":"https:\/\/secure.gravatar.com\/avatar\/f6a3fcbb365f597d6259be5c4dc6c05c?s=96&d=mm&r=g","caption":"Chap44"},"url":"https:\/\/courir-lemonde.com\/index.php\/author\/chap331244\/"}]}},"_links":{"self":[{"href":"https:\/\/courir-lemonde.com\/index.php\/wp-json\/wp\/v2\/posts\/516"}],"collection":[{"href":"https:\/\/courir-lemonde.com\/index.php\/wp-json\/wp\/v2\/posts"}],"about":[{"href":"https:\/\/courir-lemonde.com\/index.php\/wp-json\/wp\/v2\/types\/post"}],"author":[{"embeddable":true,"href":"https:\/\/courir-lemonde.com\/index.php\/wp-json\/wp\/v2\/users\/1"}],"replies":[{"embeddable":true,"href":"https:\/\/courir-lemonde.com\/index.php\/wp-json\/wp\/v2\/comments?post=516"}],"version-history":[{"count":1,"href":"https:\/\/courir-lemonde.com\/index.php\/wp-json\/wp\/v2\/posts\/516\/revisions"}],"predecessor-version":[{"id":521,"href":"https:\/\/courir-lemonde.com\/index.php\/wp-json\/wp\/v2\/posts\/516\/revisions\/521"}],"wp:attachment":[{"href":"https:\/\/courir-lemonde.com\/index.php\/wp-json\/wp\/v2\/media?parent=516"}],"wp:term":[{"taxonomy":"category","embeddable":true,"href":"https:\/\/courir-lemonde.com\/index.php\/wp-json\/wp\/v2\/categories?post=516"},{"taxonomy":"post_tag","embeddable":true,"href":"https:\/\/courir-lemonde.com\/index.php\/wp-json\/wp\/v2\/tags?post=516"}],"curies":[{"name":"wp","href":"https:\/\/api.w.org\/{rel}","templated":true}]}}