{"id":537,"date":"2012-02-12T10:20:21","date_gmt":"2012-02-12T09:20:21","guid":{"rendered":"http:\/\/courir-lemonde.com\/?p=537"},"modified":"2015-11-09T11:17:10","modified_gmt":"2015-11-09T10:17:10","slug":"1-er-episode-saison-2012-noz-trail-du-trail-glazig-18-km","status":"publish","type":"post","link":"https:\/\/courir-lemonde.com\/index.php\/2012\/02\/12\/1-er-episode-saison-2012-noz-trail-du-trail-glazig-18-km\/","title":{"rendered":"1 er \u00e9pisode saison 2012 : Noz trail du trail Glazig (18 km)"},"content":{"rendered":"<h1 style=\"text-align: center;\">Un Noz trail r\u00e9ussi qui lance de belle mani\u00e8re la saison 2012<\/h1>\n<p style=\"text-align: justify;\"><em>Avec Tom, le samedi 4 f\u00e9vrier, je me suis rendu dans les C\u00f4tes d&rsquo;Armor pour prendre part \u00e0 l&rsquo;\u00e9preuve nocturne du trail Glazig : le Noz trail (18 km). Cette \u00e9preuve tr\u00e8s r\u00e9put\u00e9e dans le monde du trail devait lancer ma saison 2012 et j&rsquo;aspirai vraiment \u00e0 un bon r\u00e9sultat en terre costarmoricaine. Quant \u00e0 Tom, il s&rsquo;\u00e9tait inscrit sur la course d&rsquo;ouverture du trail Glazig \u00e0 savoir une \u00e9preuve en ligne reliant la cit\u00e9 baln\u00e9aire de Binic \u00e0 la bourgade de Plourhan.\u00a0<\/em><\/p>\n<p style=\"text-align: justify;\"><a href=\"http:\/\/courir-lemonde.com\/wp-content\/uploads\/2015\/11\/chap-d\u00e9part-glazig.jpg\"><img loading=\"lazy\" decoding=\"async\" class=\"aligncenter wp-image-538\" src=\"http:\/\/courir-lemonde.com\/wp-content\/uploads\/2015\/11\/chap-d\u00e9part-glazig.jpg\" alt=\"chap d\u00e9part glazig\" width=\"452\" height=\"342\" \/><\/a><\/p>\n<p style=\"text-align: center;\"><em>Une vingtaine de minutes avant le d\u00e9part, v\u00eatu de mon maillot de champion du Danemark (photo Tom)\u00a0<\/em><!--more--><\/p>\n<h2 style=\"text-align: center;\"><em>Avant course\u00a0<\/em><\/h2>\n<p style=\"text-align: center;\"><a href=\"http:\/\/courir-lemonde.com\/wp-content\/uploads\/2015\/11\/tom-glazig.jpg\"><img loading=\"lazy\" decoding=\"async\" class=\"aligncenter wp-image-539\" src=\"http:\/\/courir-lemonde.com\/wp-content\/uploads\/2015\/11\/tom-glazig.jpg\" alt=\"tom glazig\" width=\"449\" height=\"340\" \/><\/a><em>C&rsquo;est Tom \u00e0 Binic, avant de partir \u00e0 l&rsquo;\u00e9chauffement.\u00a0<\/em><em>Apr\u00e8s un admirable d\u00e9part, Tom a connu quelques p\u00e9rip\u00e9ties qui ont an\u00e9anti ces chances de r\u00e9sultat. Au final il termina \u00e0 la 76 \u00e8me place en 1h09&rsquo;08 (sur 98) <\/em><em>(photo perso)<\/em><\/p>\n<p style=\"text-align: justify;\">Partis le samedi matin de Carquefou, nous atteign\u00eemes les C\u00f4tes d&rsquo;Armor apr\u00e8s environ deux heures de route. A la suite de notre pause d\u00e9jeuner faite \u00e0 Saint Brieuc nous ralli\u00e2mes la charmante ville de Binic, d&rsquo;o\u00f9 l&rsquo;\u00e9preuve \u00e0 laquelle participait Tom s&rsquo;\u00e9lan\u00e7ait.<\/p>\n<p style=\"text-align: justify;\"><a href=\"http:\/\/courir-lemonde.com\/wp-content\/uploads\/2015\/11\/chap-Paimpol.jpg\"><img loading=\"lazy\" decoding=\"async\" class=\"aligncenter wp-image-540\" src=\"http:\/\/courir-lemonde.com\/wp-content\/uploads\/2015\/11\/chap-Paimpol.jpg\" alt=\"chap Paimpol\" width=\"391\" height=\"450\" \/><\/a><\/p>\n<p style=\"text-align: center;\"><em>Apr\u00e8s la course de Tom, nous avons repris la voiture en direction de Paimpol, commune littorale peupl\u00e9e d&rsquo;un peu moins de 7 000 \u00e2mes et situ\u00e9e \u00e0 une trentaine de kilom\u00e8tres au nord de Plourhan.\u00a0<\/em><em>Me voici devant les bateaux de cet important port de p\u00eache et de plaisance de la Manche (photo Tom)<\/em><\/p>\n<p style=\"text-align: justify;\">Apr\u00e8s la course de mon camarade nous avons fait une petite excursion du c\u00f4t\u00e9 de Paimpol puis nous sommes revenus sur le site de d\u00e9part plourhanais vers 18h00. Le d\u00e9part du Noz Trail (18 km) \u00e9tant pr\u00e9vu pour 19h10, cela me laissait plus d&rsquo;une heure pour me pr\u00e9parer \u00e0 la redoutable mais excitante \u00e9preuve qui m&rsquo;attendait. <strong>Plus on se rapprochait du d\u00e9part et plus les conditions m\u00e9t\u00e9orologiques tendaient vers le dantesque<\/strong>. En plus de la froideur hivernale (0\/1\u00b0C), depuis 17h00 la pluie tombait de mani\u00e8re incessante sur les C\u00f4tes d&rsquo;Armor ce qui n&rsquo;\u00e9tait pas forcement pour me plaire. A environ 30 minutes du d\u00e9part, je\u00a0suis parti \u00e0 l&rsquo;\u00e9chauffement. Une mise en route d&rsquo;une quinzaine de minutes effectu\u00e9e autour du stade de football de Plourhan. A ma grande satisfaction <strong>les sensations \u00e9taient plut\u00f4t bonnes ce qui laissait pr\u00e9sager une excellente course.\u00a0<\/strong><\/p>\n<p style=\"text-align: justify;\"><strong>En d\u00e9pit des conditions m\u00e9t\u00e9orologiques tr\u00e8s d\u00e9licates, ma motivation \u00e9tait au top. C&rsquo;est presque euphorique que j&rsquo;ai rejoint la ligne de d\u00e9part \u00e0 5 minutes du d\u00e9but des hostilit\u00e9s.<\/strong> Au sein d&rsquo;un peloton fort de plus de 500 unit\u00e9s dans lequel on retrouvait comme convenu le champion du monde de trail Erik Clavery, l&rsquo;excitation se faisait sentir \u00e0 quelques secondes d&rsquo;en d\u00e9coudre enfin avec le Noz Trail.<\/p>\n<h2 style=\"text-align: center;\"><em>Quatre kilom\u00e8tres initiaux volontairement en sur-r\u00e9gime\u00a0<\/em><\/h2>\n<p style=\"text-align: justify;\"><a href=\"http:\/\/courir-lemonde.com\/wp-content\/uploads\/2015\/11\/d\u00e9part-glazig-super.jpg\"><img loading=\"lazy\" decoding=\"async\" class=\"aligncenter wp-image-541\" src=\"http:\/\/courir-lemonde.com\/wp-content\/uploads\/2015\/11\/d\u00e9part-glazig-super.jpg\" alt=\"d\u00e9part glazig super\" width=\"450\" height=\"341\" \/><\/a><\/p>\n<p style=\"text-align: center;\"><em>Le d\u00e9part du Noz trail vers 19h10 (photo Tom)<\/em><\/p>\n<p style=\"text-align: justify;\">Vers 19h10, le d\u00e9part du Noz Trail (18 km) fut donn\u00e9.\u00a0Assur\u00e9ment\u00a0un magnifique spectacle pour les spectateurs pr\u00e9sents que de voir s&rsquo;\u00e9lancer cette armada de coureurs munis de frontale. Correctement plac\u00e9 sur la ligne de d\u00e9part, j&rsquo;ai pu prendre un d\u00e9part assez rapide malgr\u00e9 l&rsquo;\u00e9troitesse des chemins emprunt\u00e9s. Sur les premiers kilom\u00e8tres, <strong>je m&rsquo;\u00e9tais donn\u00e9 comme consigne de \u00ab\u00a0taper dedans\u00a0\u00bb quitte \u00e0 me mettre un peu dans le rouge afin d&rsquo;accrocher le bon wagon<\/strong> et d&rsquo;\u00e9viter de s&#8217;embourber dans des groupes plus lents. Je savais que par la suite je serai en mesure de trouver un second souffle.<\/p>\n<p style=\"text-align: justify;\">C&rsquo;est donc \u00e0 bonne allure que j&rsquo;ai effectu\u00e9 les quatre premiers kilom\u00e8tres de la course. Cel\u00e0 f\u00fbt d&rsquo;autant plus possible que <strong>sur son premier quart, le parcours ne pr\u00e9sentait pas un profil tr\u00e8s sinueux<\/strong>. En effet apr\u00e8s avoir fait un d\u00e9tour dans le centre ville de Plourhan, celui-ci nous a men\u00e9, le plus souvent via des chemins herbeux ou en terre, vers le littoral de la c\u00f4te du Goelo. Comme convenu je me suis efforc\u00e9 \u00e0 allonger la foul\u00e9e et surtout \u00e0 \u00ab\u00a0garder les roues\u00a0\u00bb.<\/p>\n<h2 style=\"text-align: center;\"><em>V\u00e9ritable d\u00e9but des festivit\u00e9s apr\u00e8s quatre kilom\u00e8tres\u00a0<\/em><\/h2>\n<p><a href=\"http:\/\/courir-lemonde.com\/wp-content\/uploads\/2015\/11\/glazig-apre.jpg\"><img loading=\"lazy\" decoding=\"async\" class=\"aligncenter wp-image-542\" src=\"http:\/\/courir-lemonde.com\/wp-content\/uploads\/2015\/11\/glazig-apre.jpg\" alt=\"glazig apre\" width=\"303\" height=\"450\" \/><\/a><\/p>\n<p style=\"text-align: center;\"><em>Quelques coureurs dans l&rsquo;escalade d&rsquo;un coteau bois\u00e9 (photo\u00a0http:\/\/www.trail-glazig.com\/)<\/em><\/p>\n<p style=\"text-align: justify;\">Apr\u00e8s une vingtaine de minutes, le parcours p\u00e9n\u00e9trait dans une sombre f\u00f4ret. <strong>Ainsi commen\u00e7ait v\u00e9ritablement le Noz Trail<\/strong> car jusqu&rsquo;\u00e0 pr\u00e9sent je dois avouer que j&rsquo;\u00e9tais un peu d\u00e9\u00e7u tant le parcours n&rsquo;\u00e9tait pas \u00e0 la hauteur de mes attentes. Avec les difficult\u00e9s qui m&rsquo;attendaient, j&rsquo;allais \u00eatre servi.\u00a0Le parcours se corsait consid\u00e9rablement avec l&rsquo;escalade de\u00a0coteaux et de chemins serpentant entre arbres et souches. Le sol boueux par endroit rendait la progression des coureurs encore plus complexe et \u00e0 plusieurs reprises je ne fus pas loin de me retrouver au sol. <strong>Sur ces portions escarp\u00e9es, typiquement trail, j&rsquo;\u00e9tais \u00e0 mon avantage.\u00a0<\/strong>Apr\u00e8s une portion descendante, le parcours emprunta un tunnel inond\u00e9. <strong>L&rsquo;eau glac\u00e9e m&rsquo;arrivait presque jusqu&rsquo;aux genoux<\/strong> ce qui e\u00fbt pour effet de me refroidir mais cela n&rsquo;alt\u00e9ra pas ma motivation apr\u00e8s un peu plus de 35&prime; de course.<\/p>\n<p style=\"text-align: justify;\">Peu apr\u00e8s, nous \u00e9tions sur la c\u00f4te et le parcours arpentait d\u00e9sormais le littoral rocheux du Goelo. <strong>A l&rsquo;approche de la mi-course les sensations \u00e9taient assez satisfaisantes et j&rsquo;avais comme convenu retrouv\u00e9 mon second souffle.<\/strong> Tout en courant je n&rsquo;oubliais pas de me ravitailler en solide (p\u00e2tes de fruits) afin d&rsquo;\u00e9viter la fringale. J&rsquo;avais aussi deux gels en ma possession que je\u00a0r\u00e9servais\u00a0pour la seconde moiti\u00e9 de course.<\/p>\n<h2 style=\"text-align: center;\"><em>Coup de mou sur la plage\u00a0<\/em><\/h2>\n<p style=\"text-align: justify;\"><a href=\"http:\/\/courir-lemonde.com\/wp-content\/uploads\/2015\/11\/glazig-plage.jpg\"><img loading=\"lazy\" decoding=\"async\" class=\"aligncenter wp-image-543\" src=\"http:\/\/courir-lemonde.com\/wp-content\/uploads\/2015\/11\/glazig-plage.jpg\" alt=\"glazig plage\" width=\"449\" height=\"303\" \/><\/a><\/p>\n<p style=\"text-align: center;\"><em>Plusieurs coureurs sur a partie sableuse du \u00a0Noz trail (photo\u00a0http:\/\/www.trail-glazig.com\/)<\/em><\/p>\n<p style=\"text-align: justify;\">Apr\u00e8s plusieurs hectom\u00e8tres de chemin c\u00f4tier, un escalier se profilait afin de nous permettre de rallier la plage. Incontestablement, ce passage fut le plus d\u00e9licat de la course pour moi.\u00a0Les premiers m\u00e8tres sur celle-ci se\u00a0r\u00e9sum\u00e8rent \u00e0 un <strong>p\u00e9rilleux jeu d&rsquo;\u00e9quilibriste sur des rocheux humides et glissants<\/strong>. Autant vous dire que le prudence \u00e9tait de mise et que l&rsquo;allure n&rsquo;\u00e9tait pas bien\u00a0\u00e9lev\u00e9e. Cette portion rocheuse pass\u00e9e, une longue portion rectiligne sur le sable d\u00e9tremp\u00e9 se pr\u00e9senta \u00e0 moi. <strong>Vent de trois quarts face, froid, pluie, je commen\u00e7ais \u00e0 \u00eatre en difficult\u00e9 et perdais le contact avec les coureurs me devan\u00e7ant<\/strong>. Je voyais m\u00eame revenir quelques coureurs sur moi et peinais \u00e0 maintenir une vitesse de 11 km\/h.<\/p>\n<p style=\"text-align: justify;\">Apr\u00e8s la plage, le parcours remontait vers le chemin c\u00f4tier. Pour l&rsquo;atteindre, il\u00a0fallait\u00a0 <strong>escalader une paroi rocheuse \u00e0 l&rsquo;aide d&rsquo;une corde<\/strong>. Cet hasardeux exercice fut d&rsquo;autant plus compliqu\u00e9 que la roche glissait, une v\u00e9ritable \u00e9preuve de cannoying. Puis on encha\u00eena <strong>avec la grimpette d&rsquo;une c\u00f4te excessivement pentue<\/strong>. A ce moment l\u00e0, les cuisses commen\u00e7aient \u00e0 donner d&rsquo;inqui\u00e9tants signes de fatigue et je craignais de revivre un final similaire au Menestrail.<\/p>\n<h2 style=\"text-align: center;\"><em>Le chemin c\u00f4tier : d&rsquo;interminables montagnes russes\u00a0<\/em><\/h2>\n<p style=\"text-align: justify;\">Peu \u00e0 peu je retrouvais des sensations sur ce chemin c\u00f4tier surplombant la plage sur laquelle j&rsquo;avais pein\u00e9 quelques minutes auparavant. Par moment m\u00eame,\u00a0j&rsquo;apercevais le long serpentin de lampes frontales des coureurs qui \u00e0 leur tour d\u00e9ambulaient sur cette \u00e9tendue sableuse. \u00a0Le parcours \u00e9tait extr\u00eamement sinueux et me faisait penser \u00e0 des montagnes russes avec l&rsquo;incessante alternance d&rsquo;abruptes ascensions et de vertigineuses descentes parfois en escalier.\u00a0D&rsquo;ailleurs <strong>dans une longue c\u00f4te ardue, je pris la d\u00e9cision de hausser le rythme afin de me tester apr\u00e8s plus d&rsquo;une heure de course<\/strong>. R\u00e9sultat, je venais subitement de d\u00e9passer une grappe de 5 ou 6 coureurs et <strong>les jambes bien qu&rsquo;un peu douloureuses avaient bien r\u00e9pondu ce qui laissait pr\u00e9sager un final \u00e0 vive allure.\u00a0<\/strong><\/p>\n<h1 style=\"text-align: center;\">D&rsquo;\u00e9patantes ressources dans le final<\/h1>\n<p style=\"text-align: justify;\">Dans la continuit\u00e9 de cette brutale acc\u00e9l\u00e9ration, je poursuivais avec d\u00e9termination dans les chemins bois\u00e9s que l&rsquo;on avait emprunt\u00e9 sur la portion aller. On repassait m\u00eame par le tunnel inond\u00e9 o\u00f9 l&rsquo;eau \u00e9tait toujours aussi glaciale. Contrairement \u00e0 l&rsquo;aller le parcours \u00e9tait\u00a0globalement\u00a0en mont\u00e9e ce qui n&rsquo;\u00e9tait pas pour me d\u00e9plaire. <strong>Je parvenais \u00e0 garder un rythme tr\u00e8s satisfaisant malgr\u00e9 l&rsquo;accumulation des kilom\u00e8tres.<\/strong> A chaque coureur d\u00e9pass\u00e9 je partais \u00e0 l&rsquo;assaut du suivant, j&rsquo;\u00e9tais v\u00e9ritablement pass\u00e9 en mode contre la montre.\u00a0Alors qu&rsquo;il restait environ trois kilom\u00e8tres, <strong>je haussais encore mon rythme dans les chemins herbeux et boueux de la campagne plourhanaise<\/strong>. A certains moments, je devais avoisiner les 15 km\/h tant je me sentais pousser des ailes.\u00a0A environ un kilom\u00e8tre de l&rsquo;arriv\u00e9e <strong>je lan\u00e7ais toutes mes forces dans la bataille<\/strong>. Au loin on commen\u00e7ait \u00e0 distinguer les abords du stade de football de Plourhan, derri\u00e8re lequel \u00e9tait jug\u00e9e l&rsquo;arriv\u00e9e. Gr\u00e2ce \u00e0 un sprint lanc\u00e9 de tr\u00e8s loin, je suis parvenu \u00e0 reprendre un dernier coureur sur la ligne pour me <strong>classer \u00e0 la 67 \u00e8me place apr\u00e8s 1h38&rsquo;55 d&rsquo;effort.\u00a0<\/strong>Peu apr\u00e8s l&rsquo;arriv\u00e9e, je retrouvais Tom avant de filer au ravito pour reprendre quelques forces avant un \u00e9pique retour en terre nantaise.<\/p>\n<p style=\"text-align: center;\"><a href=\"http:\/\/courir-lemonde.com\/wp-content\/uploads\/2015\/11\/finish-a-fond-chap.jpg\"><img loading=\"lazy\" decoding=\"async\" class=\"aligncenter wp-image-544\" src=\"http:\/\/courir-lemonde.com\/wp-content\/uploads\/2015\/11\/finish-a-fond-chap.jpg\" alt=\"finish a fond chap\" width=\"452\" height=\"342\" \/><\/a><em>Avec le maillot de champion du Danemark,\u00a0<\/em><em>c&rsquo;est moi arrivant \u00e0 vive allure au prix d&rsquo;un ultime effort \u00a0(photo Tom)<\/em><\/p>\n<h2 style=\"text-align: center;\"><em>Classement\u00a0<\/em><\/h2>\n<p style=\"text-align: center;\">1 Erik CLAVERY SE \u00a01h15&rsquo;58<\/p>\n<p style=\"text-align: center;\">2 Alain RENOUARD V1 \u00a01h15&rsquo;58<\/p>\n<p style=\"text-align: center;\">3 Carlos SA SE \u00a01h18&rsquo;32<\/p>\n<p style=\"text-align: center;\">&#8230;<\/p>\n<p style=\"text-align: center;\"><strong>67 Valentin CHAPALAIN ES NL 1h38&rsquo;55<\/strong>\u00a0<strong>(3 \u00e8me espoir)<\/strong><\/p>\n<p style=\"text-align: center;\">\u00a0environ 700 inscrits \/ 545 arrivants<\/p>\n<p style=\"text-align: center;\"><a href=\"http:\/\/courir-lemonde.com\/wp-content\/uploads\/2015\/11\/after-Torsvalys.jpg\"><img loading=\"lazy\" decoding=\"async\" class=\"aligncenter wp-image-545\" src=\"http:\/\/courir-lemonde.com\/wp-content\/uploads\/2015\/11\/after-Torsvalys.jpg\" alt=\"after Torsvalys\" width=\"452\" height=\"342\" \/><\/a><\/p>\n<p style=\"text-align: center;\"><em>Sur le chemin du retour, la neige fit progressivement son apparition entre Saint Brieuc et Rennes. Sur la RN 137 entre Rennes et Nantes, la neige tombait abondamment et recouvrait int\u00e9gralement la chauss\u00e9e. Des conditions de circulation dantesques qui ne nous ont pas emp\u00each\u00e9es de retrouver Carquefou en pleine nuit. Et apr\u00e8s l&rsquo;effort, le r\u00e9confort : de 1h30 \u00e0 3h nous avons fait un after enneig\u00e9 au Torsvalys, le\u00a0champ\u00eatre\u00a0stade de notre\u00a0ancienne \u00e9quipe de quartier, le stade Lysois. Dimitri, lui aussi heureux de voir notre contr\u00e9e\u00a0v\u00eatue\u00a0d&rsquo;un scintillant manteau neigeux, \u00e9tait \u00e9galement de la f\u00eate (photo perso)<\/em><\/p>\n<p style=\"text-align: justify;\">\n","protected":false},"excerpt":{"rendered":"<p>Un Noz trail r\u00e9ussi qui lance de belle mani\u00e8re la saison 2012 Avec Tom, le samedi 4 f\u00e9vrier, je me suis rendu dans les C\u00f4tes d&rsquo;Armor pour prendre part \u00e0 l&rsquo;\u00e9preuve nocturne du trail Glazig : le Noz trail (18 &hellip; <a href=\"https:\/\/courir-lemonde.com\/index.php\/2012\/02\/12\/1-er-episode-saison-2012-noz-trail-du-trail-glazig-18-km\/\">Continuer la lecture <span class=\"meta-nav\">&rarr;<\/span><\/a><\/p>\n","protected":false},"author":1,"featured_media":0,"comment_status":"open","ping_status":"open","sticky":false,"template":"","format":"standard","meta":{"footnotes":""},"categories":[107],"tags":[61,103,52,54],"yoast_head":"<!-- This site is optimized with the Yoast SEO plugin v21.8.1 - https:\/\/yoast.com\/wordpress\/plugins\/seo\/ -->\n<title>1 er \u00e9pisode saison 2012 : Noz trail du trail Glazig (18 km) - Courir Le Monde<\/title>\n<meta name=\"robots\" content=\"index, follow, max-snippet:-1, max-image-preview:large, max-video-preview:-1\" \/>\n<link rel=\"canonical\" href=\"https:\/\/courir-lemonde.com\/index.php\/2012\/02\/12\/1-er-episode-saison-2012-noz-trail-du-trail-glazig-18-km\/\" \/>\n<meta property=\"og:locale\" content=\"fr_FR\" \/>\n<meta property=\"og:type\" content=\"article\" \/>\n<meta property=\"og:title\" content=\"1 er \u00e9pisode saison 2012 : Noz trail du trail Glazig (18 km) - Courir Le Monde\" \/>\n<meta property=\"og:description\" content=\"Un Noz trail r\u00e9ussi qui lance de belle mani\u00e8re la saison 2012 Avec Tom, le samedi 4 f\u00e9vrier, je me suis rendu dans les C\u00f4tes d&rsquo;Armor pour prendre part \u00e0 l&rsquo;\u00e9preuve nocturne du trail Glazig : le Noz trail (18 &hellip; Continuer la lecture &rarr;\" \/>\n<meta property=\"og:url\" content=\"https:\/\/courir-lemonde.com\/index.php\/2012\/02\/12\/1-er-episode-saison-2012-noz-trail-du-trail-glazig-18-km\/\" \/>\n<meta property=\"og:site_name\" content=\"Courir Le Monde\" \/>\n<meta property=\"article:published_time\" content=\"2012-02-12T09:20:21+00:00\" \/>\n<meta property=\"article:modified_time\" content=\"2015-11-09T10:17:10+00:00\" \/>\n<meta property=\"og:image\" content=\"http:\/\/courir-lemonde.com\/wp-content\/uploads\/2015\/11\/chap-d\u00e9part-glazig.jpg\" \/>\n<meta name=\"author\" content=\"Chap44\" \/>\n<meta name=\"twitter:card\" content=\"summary_large_image\" \/>\n<meta name=\"twitter:label1\" content=\"\u00c9crit par\" \/>\n\t<meta name=\"twitter:data1\" content=\"Chap44\" \/>\n\t<meta name=\"twitter:label2\" content=\"Dur\u00e9e de lecture estim\u00e9e\" \/>\n\t<meta name=\"twitter:data2\" content=\"9 minutes\" \/>\n<script type=\"application\/ld+json\" class=\"yoast-schema-graph\">{\"@context\":\"https:\/\/schema.org\",\"@graph\":[{\"@type\":\"WebPage\",\"@id\":\"https:\/\/courir-lemonde.com\/index.php\/2012\/02\/12\/1-er-episode-saison-2012-noz-trail-du-trail-glazig-18-km\/\",\"url\":\"https:\/\/courir-lemonde.com\/index.php\/2012\/02\/12\/1-er-episode-saison-2012-noz-trail-du-trail-glazig-18-km\/\",\"name\":\"1 er \u00e9pisode saison 2012 : Noz trail du trail Glazig (18 km) - Courir Le Monde\",\"isPartOf\":{\"@id\":\"https:\/\/courir-lemonde.com\/#website\"},\"datePublished\":\"2012-02-12T09:20:21+00:00\",\"dateModified\":\"2015-11-09T10:17:10+00:00\",\"author\":{\"@id\":\"https:\/\/courir-lemonde.com\/#\/schema\/person\/baaa624d701d53d176c763f85b3114e4\"},\"breadcrumb\":{\"@id\":\"https:\/\/courir-lemonde.com\/index.php\/2012\/02\/12\/1-er-episode-saison-2012-noz-trail-du-trail-glazig-18-km\/#breadcrumb\"},\"inLanguage\":\"fr-FR\",\"potentialAction\":[{\"@type\":\"ReadAction\",\"target\":[\"https:\/\/courir-lemonde.com\/index.php\/2012\/02\/12\/1-er-episode-saison-2012-noz-trail-du-trail-glazig-18-km\/\"]}]},{\"@type\":\"BreadcrumbList\",\"@id\":\"https:\/\/courir-lemonde.com\/index.php\/2012\/02\/12\/1-er-episode-saison-2012-noz-trail-du-trail-glazig-18-km\/#breadcrumb\",\"itemListElement\":[{\"@type\":\"ListItem\",\"position\":1,\"name\":\"Accueil\",\"item\":\"https:\/\/courir-lemonde.com\/\"},{\"@type\":\"ListItem\",\"position\":2,\"name\":\"1 er \u00e9pisode saison 2012 : Noz trail du trail Glazig (18 km)\"}]},{\"@type\":\"WebSite\",\"@id\":\"https:\/\/courir-lemonde.com\/#website\",\"url\":\"https:\/\/courir-lemonde.com\/\",\"name\":\"Courir Le Monde\",\"description\":\"Le site de Valentin Chapalain, passionn\u00e9 d&#039;aventures et de voyages\",\"potentialAction\":[{\"@type\":\"SearchAction\",\"target\":{\"@type\":\"EntryPoint\",\"urlTemplate\":\"https:\/\/courir-lemonde.com\/?s={search_term_string}\"},\"query-input\":\"required name=search_term_string\"}],\"inLanguage\":\"fr-FR\"},{\"@type\":\"Person\",\"@id\":\"https:\/\/courir-lemonde.com\/#\/schema\/person\/baaa624d701d53d176c763f85b3114e4\",\"name\":\"Chap44\",\"image\":{\"@type\":\"ImageObject\",\"inLanguage\":\"fr-FR\",\"@id\":\"https:\/\/courir-lemonde.com\/#\/schema\/person\/image\/\",\"url\":\"https:\/\/secure.gravatar.com\/avatar\/f6a3fcbb365f597d6259be5c4dc6c05c?s=96&d=mm&r=g\",\"contentUrl\":\"https:\/\/secure.gravatar.com\/avatar\/f6a3fcbb365f597d6259be5c4dc6c05c?s=96&d=mm&r=g\",\"caption\":\"Chap44\"},\"url\":\"https:\/\/courir-lemonde.com\/index.php\/author\/chap331244\/\"}]}<\/script>\n<!-- \/ Yoast SEO plugin. -->","yoast_head_json":{"title":"1 er \u00e9pisode saison 2012 : Noz trail du trail Glazig (18 km) - Courir Le Monde","robots":{"index":"index","follow":"follow","max-snippet":"max-snippet:-1","max-image-preview":"max-image-preview:large","max-video-preview":"max-video-preview:-1"},"canonical":"https:\/\/courir-lemonde.com\/index.php\/2012\/02\/12\/1-er-episode-saison-2012-noz-trail-du-trail-glazig-18-km\/","og_locale":"fr_FR","og_type":"article","og_title":"1 er \u00e9pisode saison 2012 : Noz trail du trail Glazig (18 km) - Courir Le Monde","og_description":"Un Noz trail r\u00e9ussi qui lance de belle mani\u00e8re la saison 2012 Avec Tom, le samedi 4 f\u00e9vrier, je me suis rendu dans les C\u00f4tes d&rsquo;Armor pour prendre part \u00e0 l&rsquo;\u00e9preuve nocturne du trail Glazig : le Noz trail (18 &hellip; Continuer la lecture &rarr;","og_url":"https:\/\/courir-lemonde.com\/index.php\/2012\/02\/12\/1-er-episode-saison-2012-noz-trail-du-trail-glazig-18-km\/","og_site_name":"Courir Le Monde","article_published_time":"2012-02-12T09:20:21+00:00","article_modified_time":"2015-11-09T10:17:10+00:00","og_image":[{"url":"http:\/\/courir-lemonde.com\/wp-content\/uploads\/2015\/11\/chap-d\u00e9part-glazig.jpg"}],"author":"Chap44","twitter_card":"summary_large_image","twitter_misc":{"\u00c9crit par":"Chap44","Dur\u00e9e de lecture estim\u00e9e":"9 minutes"},"schema":{"@context":"https:\/\/schema.org","@graph":[{"@type":"WebPage","@id":"https:\/\/courir-lemonde.com\/index.php\/2012\/02\/12\/1-er-episode-saison-2012-noz-trail-du-trail-glazig-18-km\/","url":"https:\/\/courir-lemonde.com\/index.php\/2012\/02\/12\/1-er-episode-saison-2012-noz-trail-du-trail-glazig-18-km\/","name":"1 er \u00e9pisode saison 2012 : Noz trail du trail Glazig (18 km) - Courir Le Monde","isPartOf":{"@id":"https:\/\/courir-lemonde.com\/#website"},"datePublished":"2012-02-12T09:20:21+00:00","dateModified":"2015-11-09T10:17:10+00:00","author":{"@id":"https:\/\/courir-lemonde.com\/#\/schema\/person\/baaa624d701d53d176c763f85b3114e4"},"breadcrumb":{"@id":"https:\/\/courir-lemonde.com\/index.php\/2012\/02\/12\/1-er-episode-saison-2012-noz-trail-du-trail-glazig-18-km\/#breadcrumb"},"inLanguage":"fr-FR","potentialAction":[{"@type":"ReadAction","target":["https:\/\/courir-lemonde.com\/index.php\/2012\/02\/12\/1-er-episode-saison-2012-noz-trail-du-trail-glazig-18-km\/"]}]},{"@type":"BreadcrumbList","@id":"https:\/\/courir-lemonde.com\/index.php\/2012\/02\/12\/1-er-episode-saison-2012-noz-trail-du-trail-glazig-18-km\/#breadcrumb","itemListElement":[{"@type":"ListItem","position":1,"name":"Accueil","item":"https:\/\/courir-lemonde.com\/"},{"@type":"ListItem","position":2,"name":"1 er \u00e9pisode saison 2012 : Noz trail du trail Glazig (18 km)"}]},{"@type":"WebSite","@id":"https:\/\/courir-lemonde.com\/#website","url":"https:\/\/courir-lemonde.com\/","name":"Courir Le Monde","description":"Le site de Valentin Chapalain, passionn\u00e9 d&#039;aventures et de voyages","potentialAction":[{"@type":"SearchAction","target":{"@type":"EntryPoint","urlTemplate":"https:\/\/courir-lemonde.com\/?s={search_term_string}"},"query-input":"required name=search_term_string"}],"inLanguage":"fr-FR"},{"@type":"Person","@id":"https:\/\/courir-lemonde.com\/#\/schema\/person\/baaa624d701d53d176c763f85b3114e4","name":"Chap44","image":{"@type":"ImageObject","inLanguage":"fr-FR","@id":"https:\/\/courir-lemonde.com\/#\/schema\/person\/image\/","url":"https:\/\/secure.gravatar.com\/avatar\/f6a3fcbb365f597d6259be5c4dc6c05c?s=96&d=mm&r=g","contentUrl":"https:\/\/secure.gravatar.com\/avatar\/f6a3fcbb365f597d6259be5c4dc6c05c?s=96&d=mm&r=g","caption":"Chap44"},"url":"https:\/\/courir-lemonde.com\/index.php\/author\/chap331244\/"}]}},"_links":{"self":[{"href":"https:\/\/courir-lemonde.com\/index.php\/wp-json\/wp\/v2\/posts\/537"}],"collection":[{"href":"https:\/\/courir-lemonde.com\/index.php\/wp-json\/wp\/v2\/posts"}],"about":[{"href":"https:\/\/courir-lemonde.com\/index.php\/wp-json\/wp\/v2\/types\/post"}],"author":[{"embeddable":true,"href":"https:\/\/courir-lemonde.com\/index.php\/wp-json\/wp\/v2\/users\/1"}],"replies":[{"embeddable":true,"href":"https:\/\/courir-lemonde.com\/index.php\/wp-json\/wp\/v2\/comments?post=537"}],"version-history":[{"count":4,"href":"https:\/\/courir-lemonde.com\/index.php\/wp-json\/wp\/v2\/posts\/537\/revisions"}],"predecessor-version":[{"id":549,"href":"https:\/\/courir-lemonde.com\/index.php\/wp-json\/wp\/v2\/posts\/537\/revisions\/549"}],"wp:attachment":[{"href":"https:\/\/courir-lemonde.com\/index.php\/wp-json\/wp\/v2\/media?parent=537"}],"wp:term":[{"taxonomy":"category","embeddable":true,"href":"https:\/\/courir-lemonde.com\/index.php\/wp-json\/wp\/v2\/categories?post=537"},{"taxonomy":"post_tag","embeddable":true,"href":"https:\/\/courir-lemonde.com\/index.php\/wp-json\/wp\/v2\/tags?post=537"}],"curies":[{"name":"wp","href":"https:\/\/api.w.org\/{rel}","templated":true}]}}