{"id":5547,"date":"2019-07-26T12:09:37","date_gmt":"2019-07-26T11:09:37","guid":{"rendered":"https:\/\/courir-lemonde.com\/?p=5547"},"modified":"2019-07-26T14:28:50","modified_gmt":"2019-07-26T13:28:50","slug":"un-week-end-a-madrid-city-trip-dans-la-capitale-espagnole","status":"publish","type":"post","link":"https:\/\/courir-lemonde.com\/index.php\/2019\/07\/26\/un-week-end-a-madrid-city-trip-dans-la-capitale-espagnole\/","title":{"rendered":"Un week-end \u00e0 Madrid : city trip dans la capitale espagnole"},"content":{"rendered":"<p style=\"text-align: center;\"><a href=\"https:\/\/courir-lemonde.com\/wp-content\/uploads\/2019\/07\/IMG_9623.jpg\"><img loading=\"lazy\" decoding=\"async\" class=\"aligncenter wp-image-5563\" src=\"https:\/\/courir-lemonde.com\/wp-content\/uploads\/2019\/07\/IMG_9623.jpg\" alt=\"Palacio de Comunicaciones\" width=\"500\" height=\"378\" \/><\/a><em>Week-end de d\u00e9couvertes et de f\u00eates \u00e0 Madrid (@courir-lemonde)<\/em><\/p>\n<p style=\"text-align: justify;\"><em>Avec mon camarade Jonathan, je me suis rendu \u00e0 Madrid le temps d&rsquo;un week-end afin de d\u00e9couvrir la capitale espagnole. J&rsquo;avais bien envie de voir \u00e0 quoi ressemblait Madrid, cette m\u00e9tropole de plus de 3,2 millions d&rsquo;habitants situ\u00e9e en plein milieu de la p\u00e9ninsule ib\u00e9rique et dont on parle relativement peu. Si Madrid est \u00e9tendue, deux journ\u00e9es de balades et de visites donnent d\u00e9j\u00e0 un bel aper\u00e7u de la ville.<br \/>\nAu menu de ce week-end \u00e0 l&rsquo;heure espagnole :<br \/>\n&#8211; de nombreuses balades pour d\u00e9couvrir les lieux embl\u00e9matiques de la ville<br \/>\n&#8211; <\/em><em>la d\u00e9gustation de tapas et de sangria, fleuron de la gastronomie espagnole<br \/>\n&#8211; une soir\u00e9e anim\u00e9e au c\u0153ur de la fi\u00e8vre madril\u00e8ne<br \/>\nArriv\u00e9s le vendredi en d\u00e9but de soir\u00e9e, nous sommes repartis le dimanche soir de la capitale espagnole. Retour en texte et en images sur cet agr\u00e9able week-end de d\u00e9couvertes et de f\u00eates \u00e0 Madrid.<br \/>\n<\/em><\/p>\n<p><em>Mes coups de c\u0153ur \u00e0 Madrid &#x1f642; \u00a0<\/em><\/p>\n<ul>\n<li><em>le parc El Retiro, le poumon vert de la capitale espagnole<br \/>\n<\/em><\/li>\n<li><em>la gastronomie espagnole (tapas, sangria) <\/em><\/li>\n<li><em>l&rsquo;ambiance festive du samedi soir<br \/>\n<\/em><\/li>\n<li><em>le quartier latin et les petites ruelles de la vieille ville de Madrid<br \/>\n<\/em><\/li>\n<\/ul>\n<p><!--more--><\/p>\n<h2 style=\"text-align: center;\">Tapas et sangria pour se mettre \u00e0 l&rsquo;heure espagnole<\/h2>\n<p style=\"text-align: justify;\">Partis de Nantes sur les coups de 19h00, nous atterrissons sur le tarmac de l&rsquo;a\u00e9roport Adolfo Suarez Madrid Barajas vers 20h30. Il fait encore pr\u00e8s de <strong>35\u00b0C, c&rsquo;est \u00e0 dire la temp\u00e9rature qui va nous accompagner durant notre week-end madril\u00e8ne.<\/strong><br \/>\nUne fois dans l&rsquo;enceinte de l&rsquo;a\u00e9roport, notre objectif est de rejoindre l&rsquo;auberge de jeunesse que nous avons r\u00e9serv\u00e9e : <strong>l&rsquo;hostel Meeting Point.<\/strong><\/p>\n<p style=\"text-align: left;\">Pour rallier le centre-ville depuis l&rsquo;a\u00e9roport, nous empruntons <strong>le m\u00e9tro de Madrid.<\/strong><br \/>\n1) Ligne 8 de l&rsquo;a\u00e9roport \u00e0 l&rsquo;arr\u00eat Nuevos Ministerios (terminus de la ligne)<br \/>\n2) Ligne 6 de Nuevos Ministerios \u00e0 Cuatro Caminos<br \/>\n3) Ligne 2 de Cuatro Caminos \u00e0 Opera<\/p>\n<p style=\"text-align: justify;\"><strong>Pour 6 euros par t\u00eate<\/strong>, nous atteignons le centre-ville de Madrid apr\u00e8s une <strong>demi heure de trajet<\/strong>. Depuis l&rsquo;arr\u00eat Opera, nous nous mettons \u00e0 la recherche de notre pied-\u00e0-terre localis\u00e9 \u00e0 400 m\u00e8tres de l\u00e0. <strong>Calme, propre et tr\u00e8s bien plac\u00e9e, l&rsquo;auberge de jeunesse Meeting Point se trouve dans la ruelle Calle Factor \u00e0 deux pas de la belle cath\u00e9drale Almudena et du Palais Royal de Madrid.<br \/>\n<\/strong>Vers 22h30, la fringale \u00e9tant proche, <strong>nous ressortons \u00e0 la recherche de tapas et de sangria fraiche<\/strong> pour d&rsquo;une part se rassasier et d&rsquo;autre part <strong>se r\u00e9gler d\u00e9finitivement \u00e0 l&rsquo;heure espagnole.<\/strong><\/p>\n<p style=\"text-align: center;\"><a href=\"https:\/\/courir-lemonde.com\/wp-content\/uploads\/2019\/07\/cathedrale-madrid-espagne.jpg\"><img loading=\"lazy\" decoding=\"async\" class=\"aligncenter wp-image-5549\" src=\"https:\/\/courir-lemonde.com\/wp-content\/uploads\/2019\/07\/cathedrale-madrid-espagne-1024x576.jpg\" alt=\"La cath\u00e9drale Santa Mar\u00eda la Real de la Almudena\" width=\"549\" height=\"314\" \/><\/a><em>La cath\u00e9drale Almudena de Madrid situ\u00e9e toute proche de notre auberge de jeunesse (@courir-lemonde)<\/em><\/p>\n<p style=\"text-align: center;\"><a href=\"https:\/\/courir-lemonde.com\/wp-content\/uploads\/2019\/07\/tapas-espagne-madrid.jpg\"><img loading=\"lazy\" decoding=\"async\" class=\"aligncenter wp-image-5550\" src=\"https:\/\/courir-lemonde.com\/wp-content\/uploads\/2019\/07\/tapas-espagne-madrid-1024x576.jpg\" alt=\"Tapas Madrid \" width=\"551\" height=\"315\" \/><\/a><em>Tapas et sangria au menu d\u00e8s le vendredi soir (@courir-lemonde)<\/em><\/p>\n<h2 style=\"text-align: center;\">La d\u00e9couverte de Madrid (partie 1)<\/h2>\n<p style=\"text-align: justify;\">Samedi matin, en d\u00e9but de matin\u00e9e, nous partons visiter la capitale espagnole.<br \/>\nAu d\u00e9part de l&rsquo;auberge de jeunesse, nous avons trac\u00e9 une boucle sur notre carte afin de d\u00e9couvrir plusieurs lieux incontournables de la ville comme la <strong>Plaza Mayor, la Puerta del Sol, le parc El Retiro, la Puerta de Alcala.<\/strong> En chemin, nous avons aussi d\u00e9couvert des quartiers moins renomm\u00e9s mais aux ruelles color\u00e9es et pittoresques particuli\u00e8rement s\u00e9duisantes.<\/p>\n<p style=\"text-align: center;\"><a href=\"https:\/\/courir-lemonde.com\/wp-content\/uploads\/2019\/07\/IMG_9580.jpg\"><img loading=\"lazy\" decoding=\"async\" class=\"aligncenter wp-image-5551\" src=\"https:\/\/courir-lemonde.com\/wp-content\/uploads\/2019\/07\/IMG_9580-1024x768.jpg\" alt=\"Madrid la capitale de l'espagne \" width=\"500\" height=\"378\" \/><\/a><em>Demeures color\u00e9es dans le quartier latin de Madrid (@courir-lemonde)<\/em><\/p>\n<p style=\"text-align: center;\"><a href=\"https:\/\/courir-lemonde.com\/wp-content\/uploads\/2019\/07\/plaza-major-madrid-espagne.jpg\"><img loading=\"lazy\" decoding=\"async\" class=\"aligncenter wp-image-5552\" src=\"https:\/\/courir-lemonde.com\/wp-content\/uploads\/2019\/07\/plaza-major-madrid-espagne-1024x768.jpg\" alt=\"Plaza Mayor Madrid\" width=\"500\" height=\"378\" \/><\/a><em>La Plaza Mayor, place embl\u00e9matique de Madrid (@courir-lemonde)<br \/>\n<\/em><\/p>\n<p style=\"text-align: center;\"><a href=\"https:\/\/courir-lemonde.com\/wp-content\/uploads\/2019\/07\/plaza-major-madrid.jpg\"><img loading=\"lazy\" decoding=\"async\" class=\"aligncenter wp-image-5553\" src=\"https:\/\/courir-lemonde.com\/wp-content\/uploads\/2019\/07\/plaza-major-madrid-1024x768.jpg\" alt=\"La Plaza Mayor dans le centre ville de Madrid\" width=\"500\" height=\"378\" \/><\/a><em>Au total, 9 portes permettent d&rsquo;acc\u00e9der \u00e0 la vaste place rectangulaire de Plaza Mayor (@courir-lemonde)<br \/>\n<\/em><\/p>\n<p style=\"text-align: center;\"><a href=\"https:\/\/courir-lemonde.com\/wp-content\/uploads\/2019\/07\/IMG_9588.jpg\"><img loading=\"lazy\" decoding=\"async\" class=\"aligncenter wp-image-5555\" src=\"https:\/\/courir-lemonde.com\/wp-content\/uploads\/2019\/07\/IMG_9588-1024x768.jpg\" alt=\"Plaza Mayor Tourisme \u00e0 Madrid city trip entre amis \" width=\"499\" height=\"377\" \/><\/a><em>Jonathan prend la pose sur la Plaza Mayor (@courir-lemonde)<br \/>\n<\/em><\/p>\n<p style=\"text-align: center;\"><a href=\"https:\/\/courir-lemonde.com\/wp-content\/uploads\/2019\/07\/IMG_9590.jpg\"><img loading=\"lazy\" decoding=\"async\" class=\"aligncenter wp-image-5556\" src=\"https:\/\/courir-lemonde.com\/wp-content\/uploads\/2019\/07\/IMG_9590-1024x768.jpg\" alt=\"Ruelle de Madrid \" width=\"500\" height=\"378\" \/><\/a><em>Statuettes d\u00e9coratives en plein centre de Madrid (@courir-lemonde)<br \/>\n<\/em><\/p>\n<p style=\"text-align: center;\"><a href=\"https:\/\/courir-lemonde.com\/wp-content\/uploads\/2019\/07\/IMG_9593.jpg\"><img loading=\"lazy\" decoding=\"async\" class=\"aligncenter wp-image-5557\" src=\"https:\/\/courir-lemonde.com\/wp-content\/uploads\/2019\/07\/IMG_9593-1024x768.jpg\" alt=\"Parc El Retiro Madrid nature en ville\" width=\"500\" height=\"378\" \/><\/a><em>Un peu de fra\u00eecheur dans le poumon vert de Madrid : le parc El Retiro (@courir-lemonde)<br \/>\n<\/em><\/p>\n<p style=\"text-align: center;\"><a href=\"https:\/\/courir-lemonde.com\/wp-content\/uploads\/2019\/07\/IMG_9599-1.jpg\"><img loading=\"lazy\" decoding=\"async\" class=\"aligncenter wp-image-5559\" src=\"https:\/\/courir-lemonde.com\/wp-content\/uploads\/2019\/07\/IMG_9599-1-1024x768.jpg\" alt=\"Promenade dans le parc Retiro \" width=\"500\" height=\"378\" \/><\/a><em>Dans le parc El Retiro, \u00e0 l&rsquo;ombre des arbres, les Madril\u00e8nes se divertissent en jouant aux cartes (@courir-lemonde)<br \/>\n<\/em><\/p>\n<p style=\"text-align: center;\"><a href=\"https:\/\/courir-lemonde.com\/wp-content\/uploads\/2019\/07\/IMG_9602.jpg\"><img loading=\"lazy\" decoding=\"async\" class=\"aligncenter wp-image-5560\" src=\"https:\/\/courir-lemonde.com\/wp-content\/uploads\/2019\/07\/IMG_9602-1024x768.jpg\" alt=\"Palais de cristal dans le parc El Retiro \u00e0 Madrid\" width=\"500\" height=\"378\" \/><\/a><em>Situ\u00e9 dans le parc El Retiro, le Palais de cristal est un monument tr\u00e8s \u00e9l\u00e9gant. Construit en 1887 par Ricardo Velazquez Bosco, il est principalement constitu\u00e9 de verre et son armature est en m\u00e9tal (@courir-lemonde)<\/em><\/p>\n<p style=\"text-align: center;\"><a href=\"https:\/\/courir-lemonde.com\/wp-content\/uploads\/2019\/07\/IMG_9608.jpg\"><img loading=\"lazy\" decoding=\"async\" class=\"aligncenter wp-image-5561\" src=\"https:\/\/courir-lemonde.com\/wp-content\/uploads\/2019\/07\/IMG_9608-1024x768.jpg\" alt=\"Palais de cristal dans le parc El Retiro \u00e0 Madrid\" width=\"500\" height=\"378\" \/><\/a><\/p>\n<p class=\"GLOBAL__gm2-headline-5 section-hero-header-title-title\" style=\"text-align: center;\"><a href=\"https:\/\/courir-lemonde.com\/wp-content\/uploads\/2019\/07\/IMG_9614.jpg\"><img loading=\"lazy\" decoding=\"async\" class=\"aligncenter wp-image-5548\" src=\"https:\/\/courir-lemonde.com\/wp-content\/uploads\/2019\/07\/IMG_9614-1024x768.jpg\" alt=\"monument \u00e0 Alphonse XII domine le bassin du parc du Retiro\" width=\"500\" height=\"378\" \/><\/a><em>Le monument \u00e0 Alphonse XII et le grand \u00e9tang du Retiro dans le vaste parc El Retiro<br \/>\n(@courir-lemonde) <\/em><\/p>\n<p style=\"text-align: center;\"><a href=\"https:\/\/courir-lemonde.com\/wp-content\/uploads\/2019\/07\/IMG_9617.jpg\"><img loading=\"lazy\" decoding=\"async\" class=\"aligncenter wp-image-5562\" src=\"https:\/\/courir-lemonde.com\/wp-content\/uploads\/2019\/07\/IMG_9617-1024x768.jpg\" alt=\"Puerta de Alcal\u00e1\" width=\"500\" height=\"378\" \/><\/a><em>La Puerta de Alcal\u00e1 est l&rsquo;une des cinq anciennes portes qui permettaient<br \/>\nl&rsquo;acc\u00e8s \u00e0 la ville de Madrid (@courir-lemonde)\u00a0<\/em><\/p>\n<p style=\"text-align: center;\"><a href=\"https:\/\/courir-lemonde.com\/wp-content\/uploads\/2019\/07\/IMG_9620.jpg\"><img loading=\"lazy\" decoding=\"async\" class=\"aligncenter wp-image-5579\" src=\"https:\/\/courir-lemonde.com\/wp-content\/uploads\/2019\/07\/IMG_9620.jpg\" alt=\"Palais de la communication de Madrid \" width=\"500\" height=\"378\" \/><\/a><em>Le Palais des Communications depuis la place de Cyb\u00e8le (@courir-lemonde)\u00a0 <\/em><\/p>\n<p style=\"text-align: center;\"><a href=\"https:\/\/courir-lemonde.com\/wp-content\/uploads\/2019\/07\/IMG_9624.jpg\"><img loading=\"lazy\" decoding=\"async\" class=\"aligncenter wp-image-5565\" src=\"https:\/\/courir-lemonde.com\/wp-content\/uploads\/2019\/07\/IMG_9624-1024x768.jpg\" alt=\"Tapas Madrid \" width=\"500\" height=\"378\" \/><\/a><em>Croquetas et jambon ib\u00e9rique au menu pour ce midi (@courir-lemonde)<br \/>\n<\/em><\/p>\n<p style=\"text-align: center;\"><a href=\"https:\/\/courir-lemonde.com\/wp-content\/uploads\/2019\/07\/IMG_9626.jpg\"><img loading=\"lazy\" decoding=\"async\" class=\"aligncenter wp-image-5566\" src=\"https:\/\/courir-lemonde.com\/wp-content\/uploads\/2019\/07\/IMG_9626-1024x768.jpg\" alt=\"City trip \u00e0 Madrid balade dans les ruelles \" width=\"500\" height=\"378\" \/><\/a><em>Petite ruelle typique du centre-ville de Madrid (@courir-lemonde)<br \/>\n<\/em><\/p>\n<p style=\"text-align: center;\"><a href=\"https:\/\/courir-lemonde.com\/wp-content\/uploads\/2019\/07\/IMG_9627.jpg\"><img loading=\"lazy\" decoding=\"async\" class=\"aligncenter wp-image-5567\" src=\"https:\/\/courir-lemonde.com\/wp-content\/uploads\/2019\/07\/IMG_9627-1024x768.jpg\" alt=\"\" width=\"500\" height=\"378\" \/><\/a><em>La calle del Factor, o\u00f9 se trouve l&rsquo;auberge de jeunesse Meeting Point<br \/>\n(@courir-lemonde)<br \/>\n<\/em><\/p>\n<p style=\"text-align: justify;\">En milieu d&rsquo;apr\u00e8s-midi, une petite pause \u00e0 l&rsquo;auberge s&rsquo;impose car <strong>la chaleur est insoutenable<\/strong>. Ensuite, vers 17h00, nous prenons le m\u00e9tro en direction du Nord de Madrid <strong>afin de rendre visite \u00e0 Jean-Fran\u00e7ois, le fr\u00e8re de mon ami Aur\u00e9lien<\/strong>. Avec sa compagne espagnole Anna, il habite la capitale espagnole depuis une dizaine d&rsquo;ann\u00e9es. C&rsquo;est un plaisir d&rsquo;\u00e9changer avec eux. Ils nous donnent \u00e9galement quelques conseils pour la soir\u00e9e \u00e0 venir. <strong>En ce week-end de gay pride, ils nous invitent \u00e0 d\u00e9buter la soir\u00e9e dans<\/strong> <strong>le quartier gay de Chueca, o\u00f9 l&rsquo;atmosph\u00e8re devrait \u00eatre survolt\u00e9e. <\/strong><\/p>\n<p style=\"text-align: center;\"><a href=\"https:\/\/courir-lemonde.com\/wp-content\/uploads\/2019\/07\/IMG_9631.jpg\"><img loading=\"lazy\" decoding=\"async\" class=\"aligncenter wp-image-5568\" src=\"https:\/\/courir-lemonde.com\/wp-content\/uploads\/2019\/07\/IMG_9631-1024x768.jpg\" alt=\"Palais royal de Madrid\" width=\"500\" height=\"378\" \/><\/a><em>Le Palais Royal de Madrid \u00e0 la tomb\u00e9e du jour (@courir-lemonde)<br \/>\n<\/em><\/p>\n<p style=\"text-align: center;\"><a href=\"https:\/\/courir-lemonde.com\/wp-content\/uploads\/2019\/07\/sir\u00e9e-madrid-sortir.jpg\"><img loading=\"lazy\" decoding=\"async\" class=\"aligncenter wp-image-5578\" src=\"https:\/\/courir-lemonde.com\/wp-content\/uploads\/2019\/07\/sir\u00e9e-madrid-sortir.jpg\" alt=\"Faire la fete \u00e0 Madrid\" width=\"549\" height=\"314\" \/><\/a><em>Grosse soir\u00e9e en perspective (@courir-lemonde)<\/em><\/p>\n<div style=\"width: 584px;\" class=\"wp-video\"><!--[if lt IE 9]><script>document.createElement('video');<\/script><![endif]-->\n<video class=\"wp-video-shortcode\" id=\"video-5547-1\" width=\"584\" height=\"329\" preload=\"metadata\" controls=\"controls\"><source type=\"video\/mp4\" src=\"https:\/\/courir-lemonde.com\/wp-content\/uploads\/2019\/07\/video-15641368221.mp4?_=1\" \/><a href=\"https:\/\/courir-lemonde.com\/wp-content\/uploads\/2019\/07\/video-15641368221.mp4\">https:\/\/courir-lemonde.com\/wp-content\/uploads\/2019\/07\/video-15641368221.mp4<\/a><\/video><\/div>\n<p style=\"text-align: center;\"><em>D\u00e9but de soir\u00e9e dans les rues de Madrid (@courir-lemonde)<\/em><\/p>\n<h2 style=\"text-align: center;\">La d\u00e9couverte de Madrid (partie 2)<\/h2>\n<p style=\"text-align: justify;\">Dimanche matin, la fatigue est bien pr\u00e9sente au r\u00e9veil. Nous sommes rentr\u00e9s vers 5h00, et de fait la nuit a \u00e9t\u00e9 courte et peu propice \u00e0 la r\u00e9cup\u00e9ration. Cependant, nous nous rem\u00e9morons la festive soir\u00e9e de la veille et apr\u00e8s une bonne douche, nous sommes d&rsquo;attaque pour notre seconde journ\u00e9e de d\u00e9couvertes \u00e0 Madrid.<br \/>\nVers 11h00, nous partons nous promener. <strong>Au menu du d\u00e9but de journ\u00e9e : la tr\u00e8s moderne cath\u00e9drale de la Almudena, le Palais Royal de Madrid et la Plaza de Espana.<br \/>\nPar la suite, nous d\u00e9couvrons les ruelles tortueuses du quartier de Malasana<\/strong>. Dans ce quartier \u00e0 l&rsquo;atmosph\u00e8re relaxante, nous nous posons \u00e0 la terrasse d&rsquo;un caf\u00e9 pour nous d\u00e9salt\u00e9rer et nous ravitailler<strong> une nouvelle fois de tapas<\/strong>.<br \/>\nEn d\u00e9but d&rsquo;apr\u00e8s-midi, dans la fournaise madril\u00e8ne, nous reprenons notre balade vers le centre-ville de Madrid (Grand Via, Sevilla, Puerta del Sol) avant de retourner \u00e0 l&rsquo;auberge chercher nos affaires.<\/p>\n<p style=\"text-align: center;\"><a href=\"https:\/\/courir-lemonde.com\/wp-content\/uploads\/2019\/07\/cathedrale-madrid.jpg\"><img loading=\"lazy\" decoding=\"async\" class=\"aligncenter wp-image-5569\" src=\"https:\/\/courir-lemonde.com\/wp-content\/uploads\/2019\/07\/cathedrale-madrid-1024x768.jpg\" alt=\" Cath\u00e9drale de la Almudena Catedral de Santa Mar\u00eda la Real de la Almudena \" width=\"500\" height=\"378\" \/><\/a><em>La Cath\u00e9drale de la Almudena de Madrid, de style N\u00e9oclassique, a \u00e9t\u00e9 achev\u00e9e en 1993 (@courir-lemonde)<br \/>\n<\/em><\/p>\n<p style=\"text-align: center;\"><a href=\"https:\/\/courir-lemonde.com\/wp-content\/uploads\/2019\/07\/IMG_9639.jpg\"><img loading=\"lazy\" decoding=\"async\" class=\"aligncenter wp-image-5570\" src=\"https:\/\/courir-lemonde.com\/wp-content\/uploads\/2019\/07\/IMG_9639-1024x768.jpg\" alt=\"Palais royal de Madrid\" width=\"503\" height=\"380\" \/><\/a><em>Le Palais royal de Madrid est la r\u00e9sidence officielle du roi d&rsquo;Espagne.<br \/>\nC&rsquo;est le plus grand palais royal d&rsquo;Europe occidentale (@courir-lemonde)<br \/>\n<\/em><\/p>\n<p style=\"text-align: center;\"><a href=\"https:\/\/courir-lemonde.com\/wp-content\/uploads\/2019\/07\/IMG_9642.jpg\"><img loading=\"lazy\" decoding=\"async\" class=\"aligncenter wp-image-5571\" src=\"https:\/\/courir-lemonde.com\/wp-content\/uploads\/2019\/07\/IMG_9642-1024x768.jpg\" alt=\"Palais royal de Madrid\" width=\"500\" height=\"378\" \/><\/a><\/p>\n<p style=\"text-align: center;\"><a href=\"https:\/\/courir-lemonde.com\/wp-content\/uploads\/2019\/07\/IMG_9643.jpg\"><img loading=\"lazy\" decoding=\"async\" class=\"aligncenter wp-image-5572\" src=\"https:\/\/courir-lemonde.com\/wp-content\/uploads\/2019\/07\/IMG_9643-1024x768.jpg\" alt=\"Tourisme visite Madrid\" width=\"500\" height=\"378\" \/><\/a><em>Fa\u00e7ades atypiques dans le quartier de Malasa\u00f1a (@courir-lemonde)<\/em><\/p>\n<p style=\"text-align: center;\"><a href=\"https:\/\/courir-lemonde.com\/wp-content\/uploads\/2019\/07\/tapas-madrid-espagne.jpg\"><img loading=\"lazy\" decoding=\"async\" class=\"aligncenter wp-image-5575\" src=\"https:\/\/courir-lemonde.com\/wp-content\/uploads\/2019\/07\/tapas-madrid-espagne.jpg\" alt=\"\" width=\"551\" height=\"315\" \/><\/a><em>Nouvelle orgie de tapas dans le quartier de\u00a0Malasa\u00f1a (@courir-lemonde)<br \/>\n<\/em><\/p>\n<p style=\"text-align: center;\"><a href=\"https:\/\/courir-lemonde.com\/wp-content\/uploads\/2019\/07\/IMG_9629.jpg\"><img loading=\"lazy\" decoding=\"async\" class=\"aligncenter wp-image-5564\" src=\"https:\/\/courir-lemonde.com\/wp-content\/uploads\/2019\/07\/IMG_9629.jpg\" alt=\"Capitale Madrid Espagne\" width=\"500\" height=\"378\" \/><\/a><em>Le quartier latin de Madrid proche de l&rsquo;arr\u00eat de m\u00e9tro Opera (@courir-lemonde)<\/em><\/p>\n<p style=\"text-align: justify;\">Apr\u00e8s de victorieuses parties de baby-foot \u00e0 l&rsquo;auberge face \u00e0 mon acolyte, nous prenons la direction de l&rsquo;a\u00e9roport de Madrid. En cours de route, <strong>nous faisons un incontournable crochet par le stade de Santiago Bernabeu o\u00f9 \u00e9volue la prestigieuse \u00e9quipe du Real Madrid, coach\u00e9e par Zin\u00e9dine Zidane.<\/strong> Apr\u00e8s un tour du stade et un passage dans la boutique officielle du club, nous prenons d\u00e9finitivement le chemin de l&rsquo;a\u00e9roport, sonnant la fin de notre week-end \u00e0 Madrid.<\/p>\n<p style=\"text-align: center;\"><a href=\"https:\/\/courir-lemonde.com\/wp-content\/uploads\/2019\/07\/IMG_9658.jpg\"><img loading=\"lazy\" decoding=\"async\" class=\"aligncenter wp-image-5576\" src=\"https:\/\/courir-lemonde.com\/wp-content\/uploads\/2019\/07\/IMG_9658.jpg\" alt=\"Real de Madrid Stade Santiago Bernabeu\" width=\"500\" height=\"378\" \/><\/a><em>Avant de partir, nous faisons un crochet par l&#8217;embl\u00e9matique stade du Real Madrid : Santiago Bernabeu. Construit dans les ann\u00e9es 1940, il peut accueillir plus de 80 000 personnes (@courir-lemonde)<\/em><\/p>\n<p style=\"text-align: center;\"><a href=\"https:\/\/courir-lemonde.com\/wp-content\/uploads\/2019\/07\/real-madrid-bernabeu.jpg\"><img loading=\"lazy\" decoding=\"async\" class=\"aligncenter wp-image-5577\" src=\"https:\/\/courir-lemonde.com\/wp-content\/uploads\/2019\/07\/real-madrid-bernabeu.jpg\" alt=\"\" width=\"551\" height=\"315\" \/><\/a><em>La boutique officielle du club regorge de maillots et de produits d\u00e9riv\u00e9s (@courir-lemonde)<\/em><\/p>\n","protected":false},"excerpt":{"rendered":"<p>Week-end de d\u00e9couvertes et de f\u00eates \u00e0 Madrid (@courir-lemonde) Avec mon camarade Jonathan, je me suis rendu \u00e0 Madrid le temps d&rsquo;un week-end afin de d\u00e9couvrir la capitale espagnole. J&rsquo;avais bien envie de voir \u00e0 quoi ressemblait Madrid, cette m\u00e9tropole &hellip; <a href=\"https:\/\/courir-lemonde.com\/index.php\/2019\/07\/26\/un-week-end-a-madrid-city-trip-dans-la-capitale-espagnole\/\">Continuer la lecture <span class=\"meta-nav\">&rarr;<\/span><\/a><\/p>\n","protected":false},"author":1,"featured_media":0,"comment_status":"open","ping_status":"open","sticky":false,"template":"","format":"standard","meta":{"footnotes":""},"categories":[257,448],"tags":[37,68,449,451,450,164],"yoast_head":"<!-- This site is optimized with the Yoast SEO plugin v21.8.1 - https:\/\/yoast.com\/wordpress\/plugins\/seo\/ -->\n<title>Un week-end \u00e0 Madrid : city trip dans la capitale espagnole - Courir Le Monde<\/title>\n<meta name=\"robots\" content=\"index, follow, max-snippet:-1, max-image-preview:large, max-video-preview:-1\" \/>\n<link rel=\"canonical\" href=\"https:\/\/courir-lemonde.com\/index.php\/2019\/07\/26\/un-week-end-a-madrid-city-trip-dans-la-capitale-espagnole\/\" \/>\n<meta property=\"og:locale\" content=\"fr_FR\" \/>\n<meta property=\"og:type\" content=\"article\" \/>\n<meta property=\"og:title\" content=\"Un week-end \u00e0 Madrid : city trip dans la capitale espagnole - Courir Le Monde\" \/>\n<meta property=\"og:description\" content=\"Week-end de d\u00e9couvertes et de f\u00eates \u00e0 Madrid (@courir-lemonde) Avec mon camarade Jonathan, je me suis rendu \u00e0 Madrid le temps d&rsquo;un week-end afin de d\u00e9couvrir la capitale espagnole. J&rsquo;avais bien envie de voir \u00e0 quoi ressemblait Madrid, cette m\u00e9tropole &hellip; Continuer la lecture &rarr;\" \/>\n<meta property=\"og:url\" content=\"https:\/\/courir-lemonde.com\/index.php\/2019\/07\/26\/un-week-end-a-madrid-city-trip-dans-la-capitale-espagnole\/\" \/>\n<meta property=\"og:site_name\" content=\"Courir Le Monde\" \/>\n<meta property=\"article:published_time\" content=\"2019-07-26T11:09:37+00:00\" \/>\n<meta property=\"article:modified_time\" content=\"2019-07-26T13:28:50+00:00\" \/>\n<meta property=\"og:image\" content=\"https:\/\/courir-lemonde.com\/wp-content\/uploads\/2019\/07\/IMG_9623.jpg\" \/>\n<meta name=\"author\" content=\"Chap44\" \/>\n<meta name=\"twitter:card\" content=\"summary_large_image\" \/>\n<meta name=\"twitter:label1\" content=\"\u00c9crit par\" \/>\n\t<meta name=\"twitter:data1\" content=\"Chap44\" \/>\n\t<meta name=\"twitter:label2\" content=\"Dur\u00e9e de lecture estim\u00e9e\" \/>\n\t<meta name=\"twitter:data2\" content=\"6 minutes\" \/>\n<script type=\"application\/ld+json\" class=\"yoast-schema-graph\">{\"@context\":\"https:\/\/schema.org\",\"@graph\":[{\"@type\":\"WebPage\",\"@id\":\"https:\/\/courir-lemonde.com\/index.php\/2019\/07\/26\/un-week-end-a-madrid-city-trip-dans-la-capitale-espagnole\/\",\"url\":\"https:\/\/courir-lemonde.com\/index.php\/2019\/07\/26\/un-week-end-a-madrid-city-trip-dans-la-capitale-espagnole\/\",\"name\":\"Un week-end \u00e0 Madrid : city trip dans la capitale espagnole - Courir Le Monde\",\"isPartOf\":{\"@id\":\"https:\/\/courir-lemonde.com\/#website\"},\"datePublished\":\"2019-07-26T11:09:37+00:00\",\"dateModified\":\"2019-07-26T13:28:50+00:00\",\"author\":{\"@id\":\"https:\/\/courir-lemonde.com\/#\/schema\/person\/baaa624d701d53d176c763f85b3114e4\"},\"breadcrumb\":{\"@id\":\"https:\/\/courir-lemonde.com\/index.php\/2019\/07\/26\/un-week-end-a-madrid-city-trip-dans-la-capitale-espagnole\/#breadcrumb\"},\"inLanguage\":\"fr-FR\",\"potentialAction\":[{\"@type\":\"ReadAction\",\"target\":[\"https:\/\/courir-lemonde.com\/index.php\/2019\/07\/26\/un-week-end-a-madrid-city-trip-dans-la-capitale-espagnole\/\"]}]},{\"@type\":\"BreadcrumbList\",\"@id\":\"https:\/\/courir-lemonde.com\/index.php\/2019\/07\/26\/un-week-end-a-madrid-city-trip-dans-la-capitale-espagnole\/#breadcrumb\",\"itemListElement\":[{\"@type\":\"ListItem\",\"position\":1,\"name\":\"Accueil\",\"item\":\"https:\/\/courir-lemonde.com\/\"},{\"@type\":\"ListItem\",\"position\":2,\"name\":\"Un week-end \u00e0 Madrid : city trip dans la capitale espagnole\"}]},{\"@type\":\"WebSite\",\"@id\":\"https:\/\/courir-lemonde.com\/#website\",\"url\":\"https:\/\/courir-lemonde.com\/\",\"name\":\"Courir Le Monde\",\"description\":\"Le site de Valentin Chapalain, passionn\u00e9 d&#039;aventures et de voyages\",\"potentialAction\":[{\"@type\":\"SearchAction\",\"target\":{\"@type\":\"EntryPoint\",\"urlTemplate\":\"https:\/\/courir-lemonde.com\/?s={search_term_string}\"},\"query-input\":\"required name=search_term_string\"}],\"inLanguage\":\"fr-FR\"},{\"@type\":\"Person\",\"@id\":\"https:\/\/courir-lemonde.com\/#\/schema\/person\/baaa624d701d53d176c763f85b3114e4\",\"name\":\"Chap44\",\"image\":{\"@type\":\"ImageObject\",\"inLanguage\":\"fr-FR\",\"@id\":\"https:\/\/courir-lemonde.com\/#\/schema\/person\/image\/\",\"url\":\"https:\/\/secure.gravatar.com\/avatar\/f6a3fcbb365f597d6259be5c4dc6c05c?s=96&d=mm&r=g\",\"contentUrl\":\"https:\/\/secure.gravatar.com\/avatar\/f6a3fcbb365f597d6259be5c4dc6c05c?s=96&d=mm&r=g\",\"caption\":\"Chap44\"},\"url\":\"https:\/\/courir-lemonde.com\/index.php\/author\/chap331244\/\"}]}<\/script>\n<!-- \/ Yoast SEO plugin. -->","yoast_head_json":{"title":"Un week-end \u00e0 Madrid : city trip dans la capitale espagnole - Courir Le Monde","robots":{"index":"index","follow":"follow","max-snippet":"max-snippet:-1","max-image-preview":"max-image-preview:large","max-video-preview":"max-video-preview:-1"},"canonical":"https:\/\/courir-lemonde.com\/index.php\/2019\/07\/26\/un-week-end-a-madrid-city-trip-dans-la-capitale-espagnole\/","og_locale":"fr_FR","og_type":"article","og_title":"Un week-end \u00e0 Madrid : city trip dans la capitale espagnole - Courir Le Monde","og_description":"Week-end de d\u00e9couvertes et de f\u00eates \u00e0 Madrid (@courir-lemonde) Avec mon camarade Jonathan, je me suis rendu \u00e0 Madrid le temps d&rsquo;un week-end afin de d\u00e9couvrir la capitale espagnole. J&rsquo;avais bien envie de voir \u00e0 quoi ressemblait Madrid, cette m\u00e9tropole &hellip; Continuer la lecture &rarr;","og_url":"https:\/\/courir-lemonde.com\/index.php\/2019\/07\/26\/un-week-end-a-madrid-city-trip-dans-la-capitale-espagnole\/","og_site_name":"Courir Le Monde","article_published_time":"2019-07-26T11:09:37+00:00","article_modified_time":"2019-07-26T13:28:50+00:00","og_image":[{"url":"https:\/\/courir-lemonde.com\/wp-content\/uploads\/2019\/07\/IMG_9623.jpg"}],"author":"Chap44","twitter_card":"summary_large_image","twitter_misc":{"\u00c9crit par":"Chap44","Dur\u00e9e de lecture estim\u00e9e":"6 minutes"},"schema":{"@context":"https:\/\/schema.org","@graph":[{"@type":"WebPage","@id":"https:\/\/courir-lemonde.com\/index.php\/2019\/07\/26\/un-week-end-a-madrid-city-trip-dans-la-capitale-espagnole\/","url":"https:\/\/courir-lemonde.com\/index.php\/2019\/07\/26\/un-week-end-a-madrid-city-trip-dans-la-capitale-espagnole\/","name":"Un week-end \u00e0 Madrid : city trip dans la capitale espagnole - Courir Le Monde","isPartOf":{"@id":"https:\/\/courir-lemonde.com\/#website"},"datePublished":"2019-07-26T11:09:37+00:00","dateModified":"2019-07-26T13:28:50+00:00","author":{"@id":"https:\/\/courir-lemonde.com\/#\/schema\/person\/baaa624d701d53d176c763f85b3114e4"},"breadcrumb":{"@id":"https:\/\/courir-lemonde.com\/index.php\/2019\/07\/26\/un-week-end-a-madrid-city-trip-dans-la-capitale-espagnole\/#breadcrumb"},"inLanguage":"fr-FR","potentialAction":[{"@type":"ReadAction","target":["https:\/\/courir-lemonde.com\/index.php\/2019\/07\/26\/un-week-end-a-madrid-city-trip-dans-la-capitale-espagnole\/"]}]},{"@type":"BreadcrumbList","@id":"https:\/\/courir-lemonde.com\/index.php\/2019\/07\/26\/un-week-end-a-madrid-city-trip-dans-la-capitale-espagnole\/#breadcrumb","itemListElement":[{"@type":"ListItem","position":1,"name":"Accueil","item":"https:\/\/courir-lemonde.com\/"},{"@type":"ListItem","position":2,"name":"Un week-end \u00e0 Madrid : city trip dans la capitale espagnole"}]},{"@type":"WebSite","@id":"https:\/\/courir-lemonde.com\/#website","url":"https:\/\/courir-lemonde.com\/","name":"Courir Le Monde","description":"Le site de Valentin Chapalain, passionn\u00e9 d&#039;aventures et de voyages","potentialAction":[{"@type":"SearchAction","target":{"@type":"EntryPoint","urlTemplate":"https:\/\/courir-lemonde.com\/?s={search_term_string}"},"query-input":"required name=search_term_string"}],"inLanguage":"fr-FR"},{"@type":"Person","@id":"https:\/\/courir-lemonde.com\/#\/schema\/person\/baaa624d701d53d176c763f85b3114e4","name":"Chap44","image":{"@type":"ImageObject","inLanguage":"fr-FR","@id":"https:\/\/courir-lemonde.com\/#\/schema\/person\/image\/","url":"https:\/\/secure.gravatar.com\/avatar\/f6a3fcbb365f597d6259be5c4dc6c05c?s=96&d=mm&r=g","contentUrl":"https:\/\/secure.gravatar.com\/avatar\/f6a3fcbb365f597d6259be5c4dc6c05c?s=96&d=mm&r=g","caption":"Chap44"},"url":"https:\/\/courir-lemonde.com\/index.php\/author\/chap331244\/"}]}},"_links":{"self":[{"href":"https:\/\/courir-lemonde.com\/index.php\/wp-json\/wp\/v2\/posts\/5547"}],"collection":[{"href":"https:\/\/courir-lemonde.com\/index.php\/wp-json\/wp\/v2\/posts"}],"about":[{"href":"https:\/\/courir-lemonde.com\/index.php\/wp-json\/wp\/v2\/types\/post"}],"author":[{"embeddable":true,"href":"https:\/\/courir-lemonde.com\/index.php\/wp-json\/wp\/v2\/users\/1"}],"replies":[{"embeddable":true,"href":"https:\/\/courir-lemonde.com\/index.php\/wp-json\/wp\/v2\/comments?post=5547"}],"version-history":[{"count":5,"href":"https:\/\/courir-lemonde.com\/index.php\/wp-json\/wp\/v2\/posts\/5547\/revisions"}],"predecessor-version":[{"id":5587,"href":"https:\/\/courir-lemonde.com\/index.php\/wp-json\/wp\/v2\/posts\/5547\/revisions\/5587"}],"wp:attachment":[{"href":"https:\/\/courir-lemonde.com\/index.php\/wp-json\/wp\/v2\/media?parent=5547"}],"wp:term":[{"taxonomy":"category","embeddable":true,"href":"https:\/\/courir-lemonde.com\/index.php\/wp-json\/wp\/v2\/categories?post=5547"},{"taxonomy":"post_tag","embeddable":true,"href":"https:\/\/courir-lemonde.com\/index.php\/wp-json\/wp\/v2\/tags?post=5547"}],"curies":[{"name":"wp","href":"https:\/\/api.w.org\/{rel}","templated":true}]}}