{"id":5984,"date":"2020-01-17T22:25:19","date_gmt":"2020-01-17T21:25:19","guid":{"rendered":"https:\/\/courir-lemonde.com\/?p=5984"},"modified":"2020-04-10T17:26:49","modified_gmt":"2020-04-10T16:26:49","slug":"lestremadure-a-velo-grands-espaces-sauvages-et-nature","status":"publish","type":"post","link":"https:\/\/courir-lemonde.com\/index.php\/2020\/01\/17\/lestremadure-a-velo-grands-espaces-sauvages-et-nature\/","title":{"rendered":"L&rsquo;Estr\u00e9madure \u00e0 v\u00e9lo : grands espaces et Nature sauvage"},"content":{"rendered":"<p style=\"text-align: center;\"><em><a href=\"https:\/\/courir-lemonde.com\/wp-content\/uploads\/2020\/01\/voyage-velo-estremadure-espagne.jpg\"><img loading=\"lazy\" decoding=\"async\" class=\"aligncenter wp-image-6366\" src=\"https:\/\/courir-lemonde.com\/wp-content\/uploads\/2020\/01\/voyage-velo-estremadure-espagne.jpg\" alt=\"Voyage a v\u00e9lo en Estremadure Espagne\" width=\"500\" height=\"337\" \/><\/a>Les grands espaces de l&rsquo;Estr\u00e9madure au Sud de Navalmoral de la Mata<br \/>\n(@courir-lemonde)<br \/>\n<\/em><\/p>\n<p style=\"text-align: justify;\"><em>Apr\u00e8s une journ\u00e9e de repos \u00e0 Madrid puis un tron\u00e7on effectu\u00e9 en train, nous reprenons notre voyage \u00e0 v\u00e9lo \u00e0 la d\u00e9couverte de l&rsquo;Espagne. Ainsi du 18 au 23 novembre, de Navalmoral de la Mata \u00e0 la fronti\u00e8re portugaise, nous avons voyag\u00e9 \u00e0 v\u00e9lo dans l&rsquo;une des r\u00e9gions les moins dens\u00e9ment peupl\u00e9es du pays : l&rsquo;Estr\u00e9madure. Et le moins que l&rsquo;on puisse dire, c&rsquo;est que nous avons beaucoup aim\u00e9 les grands espaces qui caract\u00e9risent cette contr\u00e9e sauvage. <\/em><em>Au total, nous avons parcouru 250\u00a0kilom\u00e8tres \u00e0 v\u00e9lo en Estr\u00e9madure.<br \/>\n<\/em><\/p>\n<p><em>Nos coups de c\u0153ur en Estr\u00e9madure &#x1f642;\u00a0<\/em><\/p>\n<ul>\n<li style=\"text-align: justify;\"><em>les grandes \u00e9tendues sauvages par\u00e9es de ch\u00eanes li\u00e8ges, l&rsquo;arbre embl\u00e9matique de l&rsquo;Estr\u00e9madure<\/em><em><br \/>\n<\/em><\/li>\n<li style=\"text-align: justify;\"><em>la r\u00e9gion montagneuse situ\u00e9e au Sud de Navalmoral de la Mata (vall\u00e9e du Tage, petites routes escarp\u00e9es, oliviers, ch\u00eanes li\u00e8ges et murets en pierre)<br \/>\n<\/em><\/li>\n<li style=\"text-align: justify;\"><em>l&rsquo;omnipr\u00e9sence des animaux (porcs, moutons, bovins, chevaux)<br \/>\n<\/em><\/li>\n<li style=\"text-align: justify;\"><em>la jolie ville de Trujillo, o\u00f9 naquit le conquistador Franscisco Pizzaro en 1475<br \/>\n<\/em><\/li>\n<\/ul>\n<p><!--more--><\/p>\n<p style=\"text-align: center;\"><a href=\"https:\/\/courir-lemonde.com\/wp-content\/uploads\/2020\/01\/parcours-voyage-velo-espagne-estremadure.png\"><img loading=\"lazy\" decoding=\"async\" class=\"aligncenter wp-image-6066\" src=\"https:\/\/courir-lemonde.com\/wp-content\/uploads\/2020\/01\/parcours-voyage-velo-espagne-estremadure.png\" alt=\"\" width=\"500\" height=\"340\" \/><\/a><em>L&rsquo;itin\u00e9raire de notre p\u00e9riple \u00e0 v\u00e9lo en Estr\u00e9madure (@googlemaps)<\/em><\/p>\n<h2 style=\"text-align: center;\">\u00c9tape 5 : Navalmoral de la Mata \u2013 Millanes (9 kilom\u00e8tres)<\/h2>\n<p style=\"text-align: justify;\">A la suite d&rsquo;une journ\u00e9e de repos dans la banlieue de Madrid chez Jean Fran\u00e7ois, le fr\u00e8re d&rsquo;Aur\u00e9lien, <strong>nous repartons plein d&rsquo;\u00e9nergie<\/strong> pour la suite de notre p\u00e9riple \u00e0 la d\u00e9couverte de la p\u00e9ninsule ib\u00e9rique. Pour faciliter notre sortie de Madrid et \u00e9viter de circuler dans des zones \u00e0 forte densit\u00e9 de population,<strong> nous choisissons de prendre le train. Direction : Navalmoral de la Mata en Estr\u00e9madure.<\/strong><br \/>\nMalheureusement, nous manquons, de peu, le train qui part en milieu de matin\u00e9e. D\u00e8s lors, nous devons patienter jusqu&rsquo;\u00e0 14h48. Une partie de scrabble, un peu de lecture et quelques courses alimentaires animent ce long temps d&rsquo;attente dans la gare d&rsquo;Atocha, le principal hub ferroviaire de la capitale espagnole.<\/p>\n<p style=\"text-align: justify;\">A l&rsquo;heure pr\u00e9vue, soit \u00e0 16h53, <strong>nous atteignons Navalmoral de la Mata, d&rsquo;o\u00f9 nous reprenons notre voyage \u00e0 v\u00e9lo<\/strong>. R\u00e9chauff\u00e9s par <strong>le doux soleil (15\u00b0C) de l&rsquo;Estr\u00e9madure<\/strong>, nous quittons cette localit\u00e9 d&rsquo;environ 20 000 habitants par une belle piste cyclable. Nous savourons nos premiers coups de p\u00e9dale en Estr\u00e9madure. Apr\u00e8s le froid mordant du d\u00e9but d&rsquo;aventure, nous appr\u00e9cions vraiment la douceur de cette fin de journ\u00e9e ensoleill\u00e9e.<br \/>\nAvant la tomb\u00e9e de la nuit, nous passons le village de Millanes puis <strong>via un cahoteux chemin de terre, nous trouvons un joli spot pour bivouaquer<\/strong>. Au milieu des ch\u00eanes li\u00e8ges et entre les bouses de vaches, nous plantons nos tentes pendant que la temp\u00e9rature d\u00e9gringole. En cons\u00e9quence, nous allumons une nouvelle flamb\u00e9e puis nous d\u00eenons d&rsquo;un bon cassoulet espagnol offert par le fr\u00e8re d&rsquo;Aur\u00e9lien et sa compagne Anna.<\/p>\n<p style=\"text-align: center;\"><a href=\"https:\/\/courir-lemonde.com\/wp-content\/uploads\/2020\/01\/voyage-velo-espagne-estremadure.jpg\"><img loading=\"lazy\" decoding=\"async\" class=\"aligncenter wp-image-6367\" src=\"https:\/\/courir-lemonde.com\/wp-content\/uploads\/2020\/01\/voyage-velo-espagne-estremadure.jpg\" alt=\"Estremadure \u00e0 v\u00e9lo voyage \" width=\"500\" height=\"337\" \/><\/a><em>Reprise en douceur sur les routes de l&rsquo;Estr\u00e9madure (@courir-lemonde)<\/em><\/p>\n<p style=\"text-align: center;\"><a href=\"https:\/\/courir-lemonde.com\/wp-content\/uploads\/2020\/01\/bivouac-sauvage-espagne-velo.jpg\"><img loading=\"lazy\" decoding=\"async\" class=\"aligncenter wp-image-6368\" src=\"https:\/\/courir-lemonde.com\/wp-content\/uploads\/2020\/01\/bivouac-sauvage-espagne-velo.jpg\" alt=\"bivouac auvage feu de camp en Espagne\" width=\"500\" height=\"337\" \/><\/a><em>Bivouac sauvage et feu de camp pr\u00e8s de Navalmoral de la Mata (@courir-lemonde)\u00a0<\/em><\/p>\n<h2 style=\"text-align: center;\">\u00c9tape 6 : Millanes \u2013 Deleitosa (46 kilom\u00e8tres)<\/h2>\n<p style=\"text-align: justify;\">A notre r\u00e9veil vers 7h30, il fait frisquet mais rien de comparable avec nos glaciales matin\u00e9es en Castille et L\u00e9on. <strong>Comme de coutume, nous prenons notre temps pour d\u00e9guster le petit-d\u00e9jeuner et d\u00e9monter le bivouac.<\/strong> En g\u00e9n\u00e9ral, <strong>deux heures nous sont n\u00e9cessaires entre la sortie des tentes et nos premiers coups de p\u00e9dales.<\/strong> C&rsquo;est encore le cas ce matin puisque nous quittons les lieux vers 10h00.<br \/>\nLe d\u00e9but d&rsquo;\u00e9tape est facile. Nous traversons les localit\u00e9s de Casas de Belvis et de<strong> Belvis de Monroy, o\u00f9 sur une butte tr\u00f4ne un ch\u00e2teau du XIV\u00e8me si\u00e8cle<\/strong>. Dans ce village, nous demandons notre chemin \u00e0 des locaux rassembl\u00e9s pr\u00e8s d&rsquo;une taverne. Fier de mes maigres connaissances en espagnol, je d\u00e9gaine alors un \u00ab\u00a0D<em>onde esta la ruta de Valdecanas de Tajo por favor<\/em>\u00a0\u00bb qui signifie \u00ab\u00a0<em>O\u00f9 se trouve la route de Valdecanas de Tajo s&rsquo;il vous plait<\/em>\u00ab\u00a0.<br \/>\nAu fil des kilom\u00e8tres,<strong> les paysages deviennent de plus en plus sauvages.<\/strong> Les localit\u00e9s travers\u00e9es sont rares et peu peupl\u00e9es. Quant au<strong> relief, il est de plus en plus prononc\u00e9 avec de nombreuses c\u00f4tes \u00e0 n\u00e9gocier.<\/strong> Dans les ascensions, Aur\u00e9lien, tr\u00e8s a\u00e9rien en ce d\u00e9but d&rsquo;aventure, se fait un malin plaisir \u00e0 me d\u00e9cramponner. Certaines grimpettes sont<strong> longues et tr\u00e8s abruptes<\/strong> nous obligeant, dans les passages les plus pentus, \u00e0 pousser nos bicyclettes lourdement charg\u00e9es.\u00a0 Malgr\u00e9 la difficult\u00e9 topographique de l&rsquo;\u00e9tape, <strong>nous nous r\u00e9galons au milieu de ses paysages vallonn\u00e9s et par\u00e9s d&rsquo;une myriade de ch\u00eanes li\u00e8ges, l&rsquo;arbre embl\u00e9matique de l&rsquo;Estr\u00e9madure, et de quelques oliveraies.<\/strong><\/p>\n<p style=\"text-align: center;\"><a href=\"https:\/\/courir-lemonde.com\/wp-content\/uploads\/2020\/01\/fleuve-tage-espagne.jpg\"><img loading=\"lazy\" decoding=\"async\" class=\"aligncenter wp-image-6369\" src=\"https:\/\/courir-lemonde.com\/wp-content\/uploads\/2020\/01\/fleuve-tage-espagne.jpg\" alt=\"Fleuve Tage en Espagne Estremadure\" width=\"500\" height=\"337\" \/><\/a><em>La vall\u00e9e du Tage au Sud de Navalmoral de la Mata (@courir-lemonde)<\/em><\/p>\n<p style=\"text-align: center;\"><a href=\"https:\/\/courir-lemonde.com\/wp-content\/uploads\/2020\/01\/voyage-velo-amis-espagne.jpg\"><img loading=\"lazy\" decoding=\"async\" class=\"aligncenter wp-image-6370\" src=\"https:\/\/courir-lemonde.com\/wp-content\/uploads\/2020\/01\/voyage-velo-amis-espagne.jpg\" alt=\"Voyage \u00e0 v\u00e9lo en Espagne entre amis\" width=\"500\" height=\"337\" \/><\/a><em>\u00c9tape montagneuse dans l&rsquo;Estr\u00e9madure (@courir-lemonde)<\/em><\/p>\n<p style=\"text-align: center;\"><a href=\"https:\/\/courir-lemonde.com\/wp-content\/uploads\/2020\/01\/nature-estremadure.jpg\"><img loading=\"lazy\" decoding=\"async\" class=\"aligncenter wp-image-6371\" src=\"https:\/\/courir-lemonde.com\/wp-content\/uploads\/2020\/01\/nature-estremadure.jpg\" alt=\"nature estremadure champs d'oliviers\" width=\"500\" height=\"378\" \/><\/a><em>Au c\u00f4t\u00e9 des ch\u00eanes li\u00e8ges, les oliviers tiennent aussi une place importante dans les paysages de l&rsquo;Estr\u00e9madure (@courir-lemonde)<\/em><\/p>\n<p style=\"text-align: center;\"><a href=\"https:\/\/courir-lemonde.com\/wp-content\/uploads\/2020\/01\/montagne-voyage-velo-espagne.jpg\"><img loading=\"lazy\" decoding=\"async\" class=\"aligncenter wp-image-6372\" src=\"https:\/\/courir-lemonde.com\/wp-content\/uploads\/2020\/01\/montagne-voyage-velo-espagne.jpg\" alt=\"voyage \u00e0 v\u00e9lo montagne Estremadure\" width=\"500\" height=\"337\" \/><\/a><em>Les c\u00f4tes se succ\u00e8dent (@courir-lemonde)<br \/>\n<\/em><\/p>\n<div style=\"width: 584px;\" class=\"wp-video\"><!--[if lt IE 9]><script>document.createElement('video');<\/script><![endif]-->\n<video class=\"wp-video-shortcode\" id=\"video-5984-1\" width=\"584\" height=\"329\" preload=\"metadata\" controls=\"controls\"><source type=\"video\/mp4\" src=\"https:\/\/courir-lemonde.com\/wp-content\/uploads\/2019\/12\/MVI_4358.mp4?_=1\" \/><a href=\"https:\/\/courir-lemonde.com\/wp-content\/uploads\/2019\/12\/MVI_4358.mp4\">https:\/\/courir-lemonde.com\/wp-content\/uploads\/2019\/12\/MVI_4358.mp4<\/a><\/video><\/div>\n<p style=\"text-align: center;\"><em>\u00a0<\/em><\/p>\n<p style=\"text-align: center;\"><a href=\"https:\/\/courir-lemonde.com\/wp-content\/uploads\/2020\/01\/grenade-espagne.jpg\"><img loading=\"lazy\" decoding=\"async\" class=\"aligncenter wp-image-6373\" src=\"https:\/\/courir-lemonde.com\/wp-content\/uploads\/2020\/01\/grenade-espagne.jpg\" alt=\"grenade en Espagne\" width=\"500\" height=\"378\" \/><\/a><em>Quelques grenades \u00e0 Deleitosa (@courir-lemonde)<\/em><\/p>\n<p style=\"text-align: justify;\"><strong>Conquis par cette belle journ\u00e9e de v\u00e9lo<\/strong>, nous terminons la journ\u00e9e dans un fond de vall\u00e9e, au bord de la rivi\u00e8re Almonte, \u00e0 mi chemin entre les localit\u00e9s de Deleitosa et de\u00a0Torrecillas de la Tiesa. Une fois le bivouac install\u00e9, <strong>nous pr\u00e9parons un nouveau feu afin d&rsquo;illuminer et de r\u00e9chauffer le campement<\/strong>.<br \/>\nEn soir\u00e9e, nous d\u00e9vorons notre seconde<strong> boite de cassoulet espagnol agr\u00e9ment\u00e9e de lomo, une charcuterie espagnole \u00e9labor\u00e9e \u00e0 partir de viande de porc ib\u00e9rique. Une sp\u00e9cialit\u00e9 typique de l&rsquo;Estr\u00e9madure !<\/strong><\/p>\n<p style=\"text-align: center;\"><em><a href=\"https:\/\/courir-lemonde.com\/wp-content\/uploads\/2020\/01\/bivouac-sauvage-estremadure-velo.jpg\"><img loading=\"lazy\" decoding=\"async\" class=\"aligncenter wp-image-6379\" src=\"https:\/\/courir-lemonde.com\/wp-content\/uploads\/2020\/01\/bivouac-sauvage-estremadure-velo.jpg\" alt=\"camping sauvage Espagne\" width=\"500\" height=\"378\" \/><\/a>Installation du bivouac dans une vall\u00e9e au milieu des ch\u00eanes li\u00e8ges (@courir-lemonde)<\/em><\/p>\n<h2 style=\"text-align: center;\">\u00c9tape 7 : Deleitosa \u2013 Torres de Santa Maria (60 kilom\u00e8tres)<\/h2>\n<p style=\"text-align: justify;\"><strong>Au r\u00e9veil, nous entendons une fine pluie d\u00e9gouliner sur nos toiles de tentes.<\/strong> La journ\u00e9e s&rsquo;annonce humide. Apr\u00e8s le froid, voici la pluie ! Tout en esp\u00e9rant une accalmie, nous prenons notre petit-d\u00e9jeuner sous nos tentes respectives.<br \/>\nDans ce genre de moment, j&rsquo;ai regrett\u00e9 d&rsquo;avoir pris ma tente 1 place et non pas ma tente 2 places pour cette aventure. Certes,<strong> ma tente 2 places est un peu plus encombrante et l\u00e8g\u00e9rement plus lourde mais elle est tellement plus spacieuse et confortable. <\/strong><br \/>\nAu fil des minutes, la pluie s&rsquo;intensifie. Malgr\u00e9 tout, nous d\u00e9montons le bivouac afin de prendre la route de Trujillo que nous souhaitons rallier pour la pause d\u00e9jeuner. Cons\u00e9quence, <strong>nos tentes sont tremp\u00e9es lorsque nous les empaquetons<\/strong>. Nous allons devoir trouver une solution pour les faire s\u00e9cher rapidement sous peine d&rsquo;odeurs naus\u00e9abondes et de moisissures.<\/p>\n<p style=\"text-align: justify;\">Habill\u00e9s de nos indispensables v\u00eatements de pluie, <strong>nous parcourons les trente kilom\u00e8tres qui nous s\u00e9parent de Trujillo \u00e0 vive allure en d\u00e9pit du fort vent lat\u00e9ral et des violentes pr\u00e9cipitations<\/strong>. Peu avant Trujillo, l&rsquo;h\u00f4tel restaurant Peru nous fait de l\u2019\u0153il pour le repas du midi. Nous sommes tremp\u00e9s et frigorifi\u00e9s. <strong>Un repas chaud et quelques instants au sec nous feraient le plus grand bien. <\/strong>Nous n&rsquo;h\u00e9sitons pas longtemps !<br \/>\nEn consultant internet gr\u00e2ce \u00e0 la wifi de l&rsquo;h\u00f4tel, nous nous rendons compte que <strong>les pr\u00e9visions m\u00e9t\u00e9orologiques sont d\u00e9sastreuses pour la soir\u00e9e \u00e0 venir.<\/strong> Dans la foul\u00e9e, nous r\u00e9servons un logement situ\u00e9 \u00e0 trente kilom\u00e8tres de Trujillo, \u00e0 Torres de Santa Maria, afin de passer la nuit au sec.<\/p>\n<p style=\"text-align: center;\"><a href=\"https:\/\/courir-lemonde.com\/wp-content\/uploads\/2020\/01\/voyage-velo-pluie-espagne.jpg\"><img loading=\"lazy\" decoding=\"async\" class=\"aligncenter wp-image-6374\" src=\"https:\/\/courir-lemonde.com\/wp-content\/uploads\/2020\/01\/voyage-velo-pluie-espagne.jpg\" alt=\"Voyage a v\u00e9lo sous la pluie\" width=\"500\" height=\"378\" \/><\/a><em>Journ\u00e9e pluvieuse sur la route de Trujillo (@courir-lemonde)<\/em><\/p>\n<div style=\"width: 584px;\" class=\"wp-video\"><video class=\"wp-video-shortcode\" id=\"video-5984-2\" width=\"584\" height=\"329\" preload=\"metadata\" controls=\"controls\"><source type=\"video\/mp4\" src=\"https:\/\/courir-lemonde.com\/wp-content\/uploads\/2019\/12\/VIDEO0765.mp4?_=2\" \/><a href=\"https:\/\/courir-lemonde.com\/wp-content\/uploads\/2019\/12\/VIDEO0765.mp4\">https:\/\/courir-lemonde.com\/wp-content\/uploads\/2019\/12\/VIDEO0765.mp4<\/a><\/video><\/div>\n<p style=\"text-align: center;\"><em>Fouett\u00e9s par le vent et mordus par le froid, sur la route de Trujillo (@courir-lemonde)<\/em><\/p>\n<p style=\"text-align: justify;\">A la suite de notre halte requinquante \u00e0 l&rsquo;h\u00f4tel Peru, nous d\u00e9couvrons Trujillo avec enthousiasme. La ville est<strong> c\u00e9l\u00e8bre pour \u00eatre celle du conquistador Francisco Pizzaro.<\/strong> Avec nos v\u00e9los, nous nous baladons dans <strong>un d\u00e9dale de ruelles pav\u00e9es et tortueuses et nous admirons la beaut\u00e9 des b\u00e2timents qui forment le c\u0153ur historique de la cit\u00e9.<\/strong><br \/>\nEn milieu d&rsquo;apr\u00e8s-midi, nous partons en direction de Torres de Santa Maria, o\u00f9 se trouve le petit h\u00f4tel de charme que nous avons r\u00e9serv\u00e9 pour la nuit. Le parcours est sauvage et sans trop de relief ce qui nous permet d&rsquo;\u00e9voluer \u00e0 un rythme soutenu. Heureusement, <strong>nous atteignons l&rsquo;h\u00f4tel Las Glorias avant le d\u00e9luge annonc\u00e9. <\/strong><br \/>\nLa soir\u00e9e au chaud et au sec est appr\u00e9ciable. Et <strong>nous la savourons d&rsquo;autant plus apr\u00e8s plusieurs nuits froides et humides en tente.<\/strong> Dans notre chambre, nous faisons s\u00e9cher nos affaires. C&rsquo;est un v\u00e9ritable capharna\u00fcm !<br \/>\nAvec de la lecture, un verre de whisky et moult fous rires, nous prolongeons la soir\u00e9e au coin de la chemin\u00e9e de l&rsquo;h\u00f4tel.<\/p>\n<p style=\"text-align: center;\"><a href=\"https:\/\/courir-lemonde.com\/wp-content\/uploads\/2020\/01\/trujillo-espagne.jpg\"><img loading=\"lazy\" decoding=\"async\" class=\"aligncenter wp-image-6375\" src=\"https:\/\/courir-lemonde.com\/wp-content\/uploads\/2020\/01\/trujillo-espagne.jpg\" alt=\"la ville de Trujillo en Estremadure en Espagne\" width=\"500\" height=\"378\" \/><\/a><em>La place centrale de Trujillo (@courir-lemonde)<\/em><\/p>\n<p style=\"text-align: center;\"><a href=\"https:\/\/courir-lemonde.com\/wp-content\/uploads\/2019\/12\/74875201_988461628155004_6934921141223948288_o.jpg\"><img loading=\"lazy\" decoding=\"async\" class=\"aligncenter wp-image-6011\" src=\"https:\/\/courir-lemonde.com\/wp-content\/uploads\/2019\/12\/74875201_988461628155004_6934921141223948288_o.jpg\" alt=\"\" width=\"376\" height=\"500\" \/><\/a><em>Soir\u00e9e au sec \u00e0 l&rsquo;h\u00f4tel Las Glorias de Torres de Santa Maria (@courir-lemonde)<br \/>\n<\/em><\/p>\n<h2 style=\"text-align: center;\">\u00c9tape 8 : Torres de Santa Maria \u2013 Roca de la Sierra ( 68 kilom\u00e8tres)<\/h2>\n<p style=\"text-align: justify;\">A notre r\u00e9veil vers 8h00, la pluie tombe avec vigueur. Encore une journ\u00e9e sous la pluie en perspective ? Finalement peu avant notre d\u00e9part, les pr\u00e9cipitations cessent et laissent place \u00e0 un ciel un peu moins mena\u00e7ant.<br \/>\nEn direction de l&rsquo;ouest, <strong>cette \u00e9tape nous rapproche de la fronti\u00e8re portugaise.<\/strong> Comme les deux derni\u00e8res journ\u00e9es, <strong>les animaux sont omnipr\u00e9sents<\/strong>, notamment en d\u00e9but de journ\u00e9e. On sent que l<strong>&lsquo;\u00e9levage occupe une place pr\u00e9pond\u00e9rante dans le tissu \u00e9conomique local.<\/strong><br \/>\nApr\u00e8s la pause d\u00e9jeuner prise sur la place de l&rsquo;\u00e9glise du village de Casas de Don Antonio, <strong>nous traversons le massif de la Sierra de San Pedro.<\/strong> A nouveau, la route s&rsquo;\u00e9l\u00e8ve et nous prenons un peu de hauteur. Quant <strong>aux paysages ils sont d\u00e9sertiques et tr\u00e8s rudes. De temps en temps, quelques cactus accompagnent les ch\u00eanes li\u00e8ges et les oliviers.<\/strong><\/p>\n<p style=\"text-align: center;\"><a href=\"https:\/\/courir-lemonde.com\/wp-content\/uploads\/2020\/01\/estremadure-velo.jpg\"><img loading=\"lazy\" decoding=\"async\" class=\"aligncenter wp-image-6376\" src=\"https:\/\/courir-lemonde.com\/wp-content\/uploads\/2020\/01\/estremadure-velo.jpg\" alt=\"Estremadure \u00e0 v\u00e9lo\" width=\"500\" height=\"337\" \/><\/a><em>L&rsquo;\u00e9levage de porcs, de vaches et de moutons est bien repr\u00e9sent\u00e9 en Estr\u00e9madure (@courir-lemonde)<br \/>\n<\/em><\/p>\n<p style=\"text-align: center;\"><em>Les animaux se nourrissent notamment des glands des ch\u00eanes li\u00e8ges (@courir-lemonde)<\/em><\/p>\n<p style=\"text-align: center;\"><a href=\"https:\/\/courir-lemonde.com\/wp-content\/uploads\/2020\/01\/nature-cactus-espagne.jpg\"><img loading=\"lazy\" decoding=\"async\" class=\"aligncenter wp-image-6377\" src=\"https:\/\/courir-lemonde.com\/wp-content\/uploads\/2020\/01\/nature-cactus-espagne.jpg\" alt=\"cactus espagne sierra de san pedro\" width=\"500\" height=\"378\" \/><\/a><em>Quelques cactus ornent le d\u00e9cor (@courir-lemonde)<br \/>\n<\/em><\/p>\n<p style=\"text-align: justify;\">Pr\u00e8s de <strong>Cordobilla de L\u00e1cara, nous longeons deux vastes lacs.<\/strong> Par moment, <strong>on se croirait presque au Canada ou en Finlande. C&rsquo;est magnifique et nous savourons ces beaux paysages sauvages.<\/strong> Malheureusement comme un peu partout en Espagne, les d\u00e9chets sont\u00a0 trop nombreux sur le bord des route. Une v\u00e9ritable catastrophe \u00e9cologique !<br \/>\nEntre Cordobilla de L\u00e1cara et La Nava de Santiago, le d\u00e9cor \u00e9volue. A pr\u00e9sent, <strong>nous traversons une zone o\u00f9 les champs d&rsquo;oliviers dominent le paysage.<\/strong><br \/>\nC&rsquo;est aussi sur ce tron\u00e7on que nous sommes rappel\u00e9s \u00e0 l&rsquo;ordre par la police \u00e0 propos du port du casque. Devant les hommes en uniforme, nous ne bronchons pas et remettons nos casques. Apr\u00e8s v\u00e9rifications, <strong>en Espagne, le port du casque est obligatoire en campagne mais ne l&rsquo;est pas en ville.\u00a0<\/strong>Notez que nous le portions de mani\u00e8re occasionnelle et que hormis cette fois l\u00e0, nous n&rsquo;avons pas \u00e9t\u00e9 d\u00e9rang\u00e9 par la police.<br \/>\n<strong>A La Nava de Santiago, nous collectons des citrons, des oranges et quelques cl\u00e9mentes dans les arbres fruitiers qui habillent l&rsquo;une des places du village. Une pause fruit\u00e9e appr\u00e9ci\u00e9e avant de reprendre notre chemin.<\/strong><\/p>\n<p style=\"text-align: center;\"><a href=\"https:\/\/courir-lemonde.com\/wp-content\/uploads\/2020\/01\/voyage-velo-estremadure-espagne-nature.jpg\"><img loading=\"lazy\" decoding=\"async\" class=\"aligncenter wp-image-6378\" src=\"https:\/\/courir-lemonde.com\/wp-content\/uploads\/2020\/01\/voyage-velo-estremadure-espagne-nature.jpg\" alt=\"voyage a v\u00e9lo en Espagne \" width=\"500\" height=\"378\" \/><\/a><em>Le lac d&rsquo;Embalse De Horno Tejero tout pr\u00e8s de Cordobilla de L\u00e1cara (@courir-lemonde)<\/em><\/p>\n<p style=\"text-align: center;\"><a href=\"https:\/\/courir-lemonde.com\/wp-content\/uploads\/2020\/01\/oliviers-espagne-velo.jpg\"><img loading=\"lazy\" decoding=\"async\" class=\"aligncenter wp-image-6380\" src=\"https:\/\/courir-lemonde.com\/wp-content\/uploads\/2020\/01\/oliviers-espagne-velo.jpg\" alt=\"champs d'oliviers en Espagne\" width=\"500\" height=\"337\" \/><\/a><em>Une oliveraie pr\u00e8s de La Nava de Santiago (@courir-lemonde)<br \/>\n<\/em><\/p>\n<p style=\"text-align: center;\"><a href=\"https:\/\/courir-lemonde.com\/wp-content\/uploads\/2020\/01\/agrumes-espagne.jpg\"><img loading=\"lazy\" decoding=\"async\" class=\"aligncenter wp-image-6381\" src=\"https:\/\/courir-lemonde.com\/wp-content\/uploads\/2020\/01\/agrumes-espagne.jpg\" alt=\"agrumes village espagnol\" width=\"500\" height=\"378\" \/><\/a><em>Dans les villages de l&rsquo;Estr\u00e9madure, nous profitons de la pr\u00e9sence de citronniers et d&rsquo;orangers pour faire quelques provisions d&rsquo;agrumes (@courir-lemonde)<br \/>\n<\/em><\/p>\n<p style=\"text-align: center;\"><a href=\"https:\/\/courir-lemonde.com\/wp-content\/uploads\/2020\/01\/estremadure-voyage-velo.jpg\"><img loading=\"lazy\" decoding=\"async\" class=\"aligncenter wp-image-6382\" src=\"https:\/\/courir-lemonde.com\/wp-content\/uploads\/2020\/01\/estremadure-voyage-velo.jpg\" alt=\"voyage a v\u00e9lo en Estremadure en Espagne\" width=\"500\" height=\"378\" \/><\/a><em>Portion rectiligne avec le massif de la Sierra de San Pedro en arri\u00e8re plan <\/em><br \/>\n<em>(@courir-lemonde)<\/em><\/p>\n<p style=\"text-align: justify;\">Une fois <strong>\u00e0 Roca de la Sierra, nous nous mettons en recherche d&rsquo;un lieu pour dormir.<\/strong> A la suite de quelques courses alimentaires, nous pensions avoir trouv\u00e9 une h\u00f4te pour la nuit. <strong>L&rsquo;atypique F\u00e9licia entame la discussion avec nous. En plus, elle est tomb\u00e9e sous le charme d&rsquo;Aur\u00e9lien et lui d\u00e9clare sa flamme<\/strong>. La situation est assez cocasse. Dans un espagnol presque parfait, nous en profitons pour<strong> lui demander si nous pouvons planter la tente dans son jardin ou bien dormir dans sa demeure.<\/strong> Cependant, elle refuse et nous indique un g\u00eete situ\u00e9 en dehors du bourg. Un peu d\u00e9\u00e7us, nous poursuivons notre route. Finalement, apr\u00e8s une tentative infructueuse aupr\u00e8s d&rsquo;un berger,<strong> nous plantons la tente dans un champ sous le regard de quelques chevaux.<\/strong> Une partie de scrabble et un feu de camp ambiancent la soir\u00e9e apr\u00e8s cette belle \u00e9tape vallonn\u00e9e de 68 kilom\u00e8tres.<\/p>\n<p style=\"text-align: center;\"><a href=\"https:\/\/courir-lemonde.com\/wp-content\/uploads\/2020\/01\/recherche-bivouac-voyage-velo.jpg\"><img loading=\"lazy\" decoding=\"async\" class=\"aligncenter wp-image-6383\" src=\"https:\/\/courir-lemonde.com\/wp-content\/uploads\/2020\/01\/recherche-bivouac-voyage-velo.jpg\" alt=\"recherche lieu pour planter le bivouac en Espagne\" width=\"500\" height=\"378\" \/><\/a><em>Nous avons emprunt\u00e9 un petit chemin de terre pour trouver notre lieu de bivouac pr\u00e8s de Roca de la Sierra (@courir-lemonde)<\/em><\/p>\n<h2 style=\"text-align: center;\">Journ\u00e9e de repos \u00e0 Roca de la Sierra<\/h2>\n<p style=\"text-align: justify;\">Comme annonc\u00e9 par la m\u00e9t\u00e9o, ce vendredi 22 novembre 2019 est pluvieux. Au r\u00e9veil,<strong> la pluie tombe avec ardeur sur nos toiles de tente<\/strong>. De l&rsquo;eau s&rsquo;est m\u00eame infiltr\u00e9e \u00e0 l&rsquo;int\u00e9rieur de l&rsquo;habitacle. Les joies du bivouac sauvage lorsqu&rsquo;il pleut !<br \/>\nConjointement, <strong>nous d\u00e9cidons de laisser nos tentes ici avec la plupart de nos affaires et d&rsquo;aller nous r\u00e9chauffer au caf\u00e9 restaurant El Poligono situ\u00e9 \u00e0 moins de 2 kilom\u00e8tres de l\u00e0.<\/strong> Nous passons la plus grande partie de la journ\u00e9e l\u00e0 bas au chaud et au sec.<br \/>\nEn milieu d&rsquo;apr\u00e8s-midi, la soleil perce enfin. Nous retournons au campement o\u00f9 rien n&rsquo;a boug\u00e9. Cependant, l&rsquo;heure \u00e9tant d\u00e9j\u00e0 bien avanc\u00e9e, <strong>nous d\u00e9cidons de rester l\u00e0 pour ce soir et de faire s\u00e9cher au mieux nos affaires humides.<\/strong> Nous allumons un nouveau feu pour profiter de la soir\u00e9e mais plusieurs averses viennent \u00e0 bout de notre motivation !<\/p>\n<p style=\"text-align: center;\"><a href=\"https:\/\/courir-lemonde.com\/wp-content\/uploads\/2019\/12\/77220249_988462488154918_8045404743993917440_o.jpg\"><img loading=\"lazy\" decoding=\"async\" class=\"aligncenter wp-image-6022\" src=\"https:\/\/courir-lemonde.com\/wp-content\/uploads\/2019\/12\/77220249_988462488154918_8045404743993917440_o.jpg\" alt=\"\" width=\"500\" height=\"286\" \/><\/a><em>Journ\u00e9e au chaud et au sec au bar restaurant El Poligono situ\u00e9 \u00e0 2 kilom\u00e8tres de notre bivouac. Scrabble, lecture, internet, et compte rendu au programme (@courir-lemonde)<br \/>\n<\/em><\/p>\n<h2 style=\"text-align: center;\">\u00c9tape 9 : Roca de la Sierra \u2013 Arronches (70 kilom\u00e8tres)<\/h2>\n<p style=\"text-align: justify;\">Aujourd&rsquo;hui, nous devrions <strong>enfin atteindre le Portugal<\/strong>. En effet, au d\u00e9part de Roca de la Sierra, la fronti\u00e8re portugaise n&rsquo;est qu&rsquo;\u00e0 45 kilom\u00e8tres. Une formalit\u00e9 si tout se passe comme on le souhaite.<br \/>\nPour accompagner notre derni\u00e8re journ\u00e9e en Estr\u00e9madure, <strong>le soleil est de retour<\/strong> et \u00e7a fait plaisir. Nous reprenons l&rsquo;aventure avec enthousiasme. Si l<strong>e parcours est l\u00e9g\u00e8rement ondul\u00e9 jusqu&rsquo;\u00e0 la localit\u00e9 de Villar del Rey, la suite pour rejoindre Alburquerque est nettement plus escarp\u00e9e.<\/strong> Frein\u00e9s par le fort vent de face, nous peinons dans les c\u00f4tes. C&rsquo;est \u00e9prouvant ! Apr\u00e8s le pittoresque village perch\u00e9 d&rsquo;Alburquerque, nous empruntons une petite route en direction de La Codosera, le dernier village espagnol avant la fronti\u00e8re.<\/p>\n<p style=\"text-align: center;\"><a href=\"https:\/\/courir-lemonde.com\/wp-content\/uploads\/2020\/01\/sierra-san-pedro-espagne.jpg\"><img loading=\"lazy\" decoding=\"async\" class=\"aligncenter wp-image-6384\" src=\"https:\/\/courir-lemonde.com\/wp-content\/uploads\/2020\/01\/sierra-san-pedro-espagne.jpg\" alt=\"Sierra san pedro en Espagne\" width=\"500\" height=\"378\" \/><\/a><em>En route vers le Portugal (@courir-lemonde)<br \/>\n<\/em><\/p>\n<p style=\"text-align: center;\"><a href=\"https:\/\/courir-lemonde.com\/wp-content\/uploads\/2020\/01\/porcs-espagne-estremadure.jpg\"><img loading=\"lazy\" decoding=\"async\" class=\"aligncenter wp-image-6385\" src=\"https:\/\/courir-lemonde.com\/wp-content\/uploads\/2020\/01\/porcs-espagne-estremadure.jpg\" alt=\"porcs estremadure\" width=\"501\" height=\"379\" \/><\/a><em>Les porcs de l&rsquo;Estr\u00e9madure (@courir-lemonde)<br \/>\n<\/em><\/p>\n<p style=\"text-align: center;\"><a href=\"https:\/\/courir-lemonde.com\/wp-content\/uploads\/2020\/01\/albuquerque-espagne.jpg\"><img loading=\"lazy\" decoding=\"async\" class=\"aligncenter wp-image-6386\" src=\"https:\/\/courir-lemonde.com\/wp-content\/uploads\/2020\/01\/albuquerque-espagne.jpg\" alt=\"alburquerque en Espagne\" width=\"499\" height=\"377\" \/><\/a><em>La ville de Alburquerque est perch\u00e9e sur les hauteurs (@courir-lemonde)<br \/>\n<\/em><\/p>\n<p style=\"text-align: justify;\">Nous d\u00e9jeunons \u00e0 moins de 20 kilom\u00e8tre du Portugal. C&rsquo;est<strong> lors de cette pause d\u00e9jeuner, sur les bords de la rivi\u00e8re G\u00e9vora, que nous rencontrons Jan, un cyclovoyageur hollandais. Exp\u00e9riment\u00e9, ce cyclovoyageur solitaire arpente le monde \u00e0 v\u00e9lo depuis de nombreuses ann\u00e9es<\/strong> par p\u00e9riode de 4 \u00e0 8 mois. Tr\u00e8s bavard, il nous relate ses \u00e9pop\u00e9es au quatre coins du monde dans un anglais accessible. Au d\u00e9but, nous l&rsquo;\u00e9coutons attentivement mais nous finissons par d\u00e9crocher, gav\u00e9s par son monologue \u00e0 tendance narcissique.<br \/>\nLui qui ne mange que du pain accompagn\u00e9 de charcuterie et de fromage et qui s&rsquo;hydrate exclusivement avec des sodas, est surpris de nous voir manger avec app\u00e9tit un repas compos\u00e9 de lentilles, de betteraves et de jambon.<br \/>\nApr\u00e8s <strong>cet \u00e9change, malgr\u00e9 tout int\u00e9ressant,<\/strong> chacun reprend sa route. La suite de l&rsquo;\u00e9tape est vallonn\u00e9e et c&rsquo;est \u00e0 la suite d&rsquo;une ultime c\u00f4te que nous passons la fronti\u00e8re tant attendue. <strong>Nous sommes au Portugal !<\/strong><\/p>\n<p style=\"text-align: justify;\"><strong>Au Portugal, nous changeons de fuseau horaire<\/strong>. Autrement dit,<strong> au lieu d&rsquo;\u00eatre 16h00, il est 15h00. <\/strong>Avant de nous mettre \u00e0 la recherche d&rsquo;un lieu pour le bivouac du soir, <strong>nous roulons quelques kilom\u00e8tres dans ce nouveau pays.<\/strong> Pour ma part, c&rsquo;est la troisi\u00e8me fois que je viens au Portugal tandis que pour mon acolyte c&rsquo;est une grande premi\u00e8re. Entre les localit\u00e9s de Esperanza et de Arronches, <strong>nous rep\u00e9rons une sorte de ranch, o\u00f9 nous nous verrions bien passer la nuit. Malheureusement la personne qui nous accueille, accompagn\u00e9e d&rsquo;un chien remuant et f\u00e9roce, refuse que nous y r\u00e9sidions pour la nuit.<\/strong><br \/>\nQuelques kilom\u00e8tres plus loin, \u00e0 l&rsquo;entr\u00e9e de Arronches, nous trouvons le lieu de bivouac, sur un terrain vague, camoufl\u00e9 derri\u00e8re d&rsquo;anciens toilettes publics. Avant de monter le campement, <strong>nous fl\u00e2nons dans ce village aux tortueuses ruelles et aux maisons toutes blanches. <\/strong>Un avant go\u00fbt de ce qui nous attend durant la suite de notre aventure \u00e0 v\u00e9lo au Portugal, dans la r\u00e9gion de l&rsquo;Alentejo puis en Algarve. <strong>A suivre au prochain \u00e9pisode<\/strong> ! <strong><br \/>\n<\/strong><\/p>\n<div style=\"width: 584px;\" class=\"wp-video\"><video class=\"wp-video-shortcode\" id=\"video-5984-3\" width=\"584\" height=\"329\" preload=\"metadata\" controls=\"controls\"><source type=\"video\/mp4\" src=\"https:\/\/courir-lemonde.com\/wp-content\/uploads\/2019\/12\/VIDEO0775.mp4?_=3\" \/><a href=\"https:\/\/courir-lemonde.com\/wp-content\/uploads\/2019\/12\/VIDEO0775.mp4\">https:\/\/courir-lemonde.com\/wp-content\/uploads\/2019\/12\/VIDEO0775.mp4<\/a><\/video><\/div>\n<p style=\"text-align: center;\"><em>C&rsquo;est l&rsquo;arriv\u00e9e au Portugal (@courir-lemonde)<br \/>\n<\/em><\/p>\n<p style=\"text-align: center;\"><a href=\"https:\/\/courir-lemonde.com\/wp-content\/uploads\/2020\/01\/portugal-village-maison-blanche.jpg\"><img loading=\"lazy\" decoding=\"async\" class=\"aligncenter wp-image-6387\" src=\"https:\/\/courir-lemonde.com\/wp-content\/uploads\/2020\/01\/portugal-village-maison-blanche.jpg\" alt=\"Arronches village au Portugal\" width=\"500\" height=\"378\" \/><\/a><em>Ruelles pittoresques \u00e0 Arronches au Portugal (@courir-lemonde)<br \/>\n<\/em><\/p>\n<p>Pour retrouver<strong> l\u2019article bilan de notre voyage \u00e0 v\u00e9lo en Espagne et au Portugal, <\/strong>c\u2019est ici<strong> :<a href=\"https:\/\/courir-lemonde.com\/index.php\/2019\/12\/11\/voyage-a-velo-en-espagne-et-au-portugal-le-bilan-du-periple\/\"> voyage \u00e0 v\u00e9lo en Espagne et au Portugal : le bilan du p\u00e9riple<\/a><\/strong><\/p>\n<p style=\"text-align: justify;\">Pour retrouver<strong> le film de notre voyage \u00e0 v\u00e9lo en Espagne et au Portugal, <\/strong>c\u2019est ici<strong> : <a href=\"https:\/\/courir-lemonde.com\/index.php\/2020\/01\/19\/voyage-a-velo-en-espagne-et-au-portugal-le-film-du-periple\/\">voyage \u00e0 v\u00e9lo en Espagne et au Portugal : le film du p\u00e9riple\u00a0<\/a><\/strong><\/p>\n<p>Pour retrouver<strong> les autres carnets de voyage de notre voyage \u00e0 v\u00e9lo en Espagne et au Portugal,<\/strong> c&rsquo;est ici :<\/p>\n<ul>\n<li><a href=\"https:\/\/courir-lemonde.com\/index.php\/2019\/12\/22\/voyage-a-velo-en-espagne-aventures-givrees-et-chaleureuses-rencontres-en-castille-et-leon\/#more-5933\"><strong>Aventures griv\u00e9es et chaleureuses rencontres en Castille et Leon<\/strong><\/a><\/li>\n<li><a href=\"https:\/\/courir-lemonde.com\/index.php\/2020\/02\/09\/voyage-a-velo-au-portugal-lalentejo-du-nord-au-sud-en-passant-par-evora\/\"><strong>L&rsquo;Alentejo du Nord au Sud en passant par Evora<\/strong><\/a><\/li>\n<li><strong><a href=\"https:\/\/courir-lemonde.com\/index.php\/2020\/02\/26\/voyage-a-velo-au-portugal-plages-douceur-et-soleil-en-algarve\/\">Douceur, soleil et plages en Algarve<\/a><\/strong><\/li>\n<li><strong><a href=\"https:\/\/courir-lemonde.com\/index.php\/2020\/03\/13\/visite-de-seville-la-perle-de-landalousie\/\">S\u00e9ville, la perle de l&rsquo;Andalousie<\/a> <\/strong><\/li>\n<\/ul>\n","protected":false},"excerpt":{"rendered":"<p>Les grands espaces de l&rsquo;Estr\u00e9madure au Sud de Navalmoral de la Mata (@courir-lemonde) Apr\u00e8s une journ\u00e9e de repos \u00e0 Madrid puis un tron\u00e7on effectu\u00e9 en train, nous reprenons notre voyage \u00e0 v\u00e9lo \u00e0 la d\u00e9couverte de l&rsquo;Espagne. Ainsi du 18 &hellip; <a href=\"https:\/\/courir-lemonde.com\/index.php\/2020\/01\/17\/lestremadure-a-velo-grands-espaces-sauvages-et-nature\/\">Continuer la lecture <span class=\"meta-nav\">&rarr;<\/span><\/a><\/p>\n","protected":false},"author":1,"featured_media":0,"comment_status":"open","ping_status":"open","sticky":false,"template":"","format":"standard","meta":{"footnotes":""},"categories":[257,460],"tags":[432,68,475,479,47,206,164],"yoast_head":"<!-- This site is optimized with the Yoast SEO plugin v21.8.1 - https:\/\/yoast.com\/wordpress\/plugins\/seo\/ -->\n<title>L&#039;Estr\u00e9madure \u00e0 v\u00e9lo : grands espaces et Nature sauvage - Courir Le Monde<\/title>\n<meta name=\"robots\" content=\"index, follow, max-snippet:-1, max-image-preview:large, max-video-preview:-1\" \/>\n<link rel=\"canonical\" href=\"https:\/\/courir-lemonde.com\/index.php\/2020\/01\/17\/lestremadure-a-velo-grands-espaces-sauvages-et-nature\/\" \/>\n<meta property=\"og:locale\" content=\"fr_FR\" \/>\n<meta property=\"og:type\" content=\"article\" \/>\n<meta property=\"og:title\" content=\"L&#039;Estr\u00e9madure \u00e0 v\u00e9lo : grands espaces et Nature sauvage - Courir Le Monde\" \/>\n<meta property=\"og:description\" content=\"Les grands espaces de l&rsquo;Estr\u00e9madure au Sud de Navalmoral de la Mata (@courir-lemonde) Apr\u00e8s une journ\u00e9e de repos \u00e0 Madrid puis un tron\u00e7on effectu\u00e9 en train, nous reprenons notre voyage \u00e0 v\u00e9lo \u00e0 la d\u00e9couverte de l&rsquo;Espagne. Ainsi du 18 &hellip; Continuer la lecture &rarr;\" \/>\n<meta property=\"og:url\" content=\"https:\/\/courir-lemonde.com\/index.php\/2020\/01\/17\/lestremadure-a-velo-grands-espaces-sauvages-et-nature\/\" \/>\n<meta property=\"og:site_name\" content=\"Courir Le Monde\" \/>\n<meta property=\"article:published_time\" content=\"2020-01-17T21:25:19+00:00\" \/>\n<meta property=\"article:modified_time\" content=\"2020-04-10T16:26:49+00:00\" \/>\n<meta property=\"og:image\" content=\"https:\/\/courir-lemonde.com\/wp-content\/uploads\/2020\/01\/voyage-velo-estremadure-espagne.jpg\" \/>\n<meta name=\"author\" content=\"Chap44\" \/>\n<meta name=\"twitter:card\" content=\"summary_large_image\" \/>\n<meta name=\"twitter:label1\" content=\"\u00c9crit par\" \/>\n\t<meta name=\"twitter:data1\" content=\"Chap44\" \/>\n\t<meta name=\"twitter:label2\" content=\"Dur\u00e9e de lecture estim\u00e9e\" \/>\n\t<meta name=\"twitter:data2\" content=\"15 minutes\" \/>\n<script type=\"application\/ld+json\" class=\"yoast-schema-graph\">{\"@context\":\"https:\/\/schema.org\",\"@graph\":[{\"@type\":\"WebPage\",\"@id\":\"https:\/\/courir-lemonde.com\/index.php\/2020\/01\/17\/lestremadure-a-velo-grands-espaces-sauvages-et-nature\/\",\"url\":\"https:\/\/courir-lemonde.com\/index.php\/2020\/01\/17\/lestremadure-a-velo-grands-espaces-sauvages-et-nature\/\",\"name\":\"L'Estr\u00e9madure \u00e0 v\u00e9lo : grands espaces et Nature sauvage - Courir Le Monde\",\"isPartOf\":{\"@id\":\"https:\/\/courir-lemonde.com\/#website\"},\"datePublished\":\"2020-01-17T21:25:19+00:00\",\"dateModified\":\"2020-04-10T16:26:49+00:00\",\"author\":{\"@id\":\"https:\/\/courir-lemonde.com\/#\/schema\/person\/baaa624d701d53d176c763f85b3114e4\"},\"breadcrumb\":{\"@id\":\"https:\/\/courir-lemonde.com\/index.php\/2020\/01\/17\/lestremadure-a-velo-grands-espaces-sauvages-et-nature\/#breadcrumb\"},\"inLanguage\":\"fr-FR\",\"potentialAction\":[{\"@type\":\"ReadAction\",\"target\":[\"https:\/\/courir-lemonde.com\/index.php\/2020\/01\/17\/lestremadure-a-velo-grands-espaces-sauvages-et-nature\/\"]}]},{\"@type\":\"BreadcrumbList\",\"@id\":\"https:\/\/courir-lemonde.com\/index.php\/2020\/01\/17\/lestremadure-a-velo-grands-espaces-sauvages-et-nature\/#breadcrumb\",\"itemListElement\":[{\"@type\":\"ListItem\",\"position\":1,\"name\":\"Accueil\",\"item\":\"https:\/\/courir-lemonde.com\/\"},{\"@type\":\"ListItem\",\"position\":2,\"name\":\"L&rsquo;Estr\u00e9madure \u00e0 v\u00e9lo : grands espaces et Nature sauvage\"}]},{\"@type\":\"WebSite\",\"@id\":\"https:\/\/courir-lemonde.com\/#website\",\"url\":\"https:\/\/courir-lemonde.com\/\",\"name\":\"Courir Le Monde\",\"description\":\"Le site de Valentin Chapalain, passionn\u00e9 d&#039;aventures et de voyages\",\"potentialAction\":[{\"@type\":\"SearchAction\",\"target\":{\"@type\":\"EntryPoint\",\"urlTemplate\":\"https:\/\/courir-lemonde.com\/?s={search_term_string}\"},\"query-input\":\"required name=search_term_string\"}],\"inLanguage\":\"fr-FR\"},{\"@type\":\"Person\",\"@id\":\"https:\/\/courir-lemonde.com\/#\/schema\/person\/baaa624d701d53d176c763f85b3114e4\",\"name\":\"Chap44\",\"image\":{\"@type\":\"ImageObject\",\"inLanguage\":\"fr-FR\",\"@id\":\"https:\/\/courir-lemonde.com\/#\/schema\/person\/image\/\",\"url\":\"https:\/\/secure.gravatar.com\/avatar\/f6a3fcbb365f597d6259be5c4dc6c05c?s=96&d=mm&r=g\",\"contentUrl\":\"https:\/\/secure.gravatar.com\/avatar\/f6a3fcbb365f597d6259be5c4dc6c05c?s=96&d=mm&r=g\",\"caption\":\"Chap44\"},\"url\":\"https:\/\/courir-lemonde.com\/index.php\/author\/chap331244\/\"}]}<\/script>\n<!-- \/ Yoast SEO plugin. -->","yoast_head_json":{"title":"L'Estr\u00e9madure \u00e0 v\u00e9lo : grands espaces et Nature sauvage - Courir Le Monde","robots":{"index":"index","follow":"follow","max-snippet":"max-snippet:-1","max-image-preview":"max-image-preview:large","max-video-preview":"max-video-preview:-1"},"canonical":"https:\/\/courir-lemonde.com\/index.php\/2020\/01\/17\/lestremadure-a-velo-grands-espaces-sauvages-et-nature\/","og_locale":"fr_FR","og_type":"article","og_title":"L'Estr\u00e9madure \u00e0 v\u00e9lo : grands espaces et Nature sauvage - Courir Le Monde","og_description":"Les grands espaces de l&rsquo;Estr\u00e9madure au Sud de Navalmoral de la Mata (@courir-lemonde) Apr\u00e8s une journ\u00e9e de repos \u00e0 Madrid puis un tron\u00e7on effectu\u00e9 en train, nous reprenons notre voyage \u00e0 v\u00e9lo \u00e0 la d\u00e9couverte de l&rsquo;Espagne. Ainsi du 18 &hellip; Continuer la lecture &rarr;","og_url":"https:\/\/courir-lemonde.com\/index.php\/2020\/01\/17\/lestremadure-a-velo-grands-espaces-sauvages-et-nature\/","og_site_name":"Courir Le Monde","article_published_time":"2020-01-17T21:25:19+00:00","article_modified_time":"2020-04-10T16:26:49+00:00","og_image":[{"url":"https:\/\/courir-lemonde.com\/wp-content\/uploads\/2020\/01\/voyage-velo-estremadure-espagne.jpg"}],"author":"Chap44","twitter_card":"summary_large_image","twitter_misc":{"\u00c9crit par":"Chap44","Dur\u00e9e de lecture estim\u00e9e":"15 minutes"},"schema":{"@context":"https:\/\/schema.org","@graph":[{"@type":"WebPage","@id":"https:\/\/courir-lemonde.com\/index.php\/2020\/01\/17\/lestremadure-a-velo-grands-espaces-sauvages-et-nature\/","url":"https:\/\/courir-lemonde.com\/index.php\/2020\/01\/17\/lestremadure-a-velo-grands-espaces-sauvages-et-nature\/","name":"L'Estr\u00e9madure \u00e0 v\u00e9lo : grands espaces et Nature sauvage - Courir Le Monde","isPartOf":{"@id":"https:\/\/courir-lemonde.com\/#website"},"datePublished":"2020-01-17T21:25:19+00:00","dateModified":"2020-04-10T16:26:49+00:00","author":{"@id":"https:\/\/courir-lemonde.com\/#\/schema\/person\/baaa624d701d53d176c763f85b3114e4"},"breadcrumb":{"@id":"https:\/\/courir-lemonde.com\/index.php\/2020\/01\/17\/lestremadure-a-velo-grands-espaces-sauvages-et-nature\/#breadcrumb"},"inLanguage":"fr-FR","potentialAction":[{"@type":"ReadAction","target":["https:\/\/courir-lemonde.com\/index.php\/2020\/01\/17\/lestremadure-a-velo-grands-espaces-sauvages-et-nature\/"]}]},{"@type":"BreadcrumbList","@id":"https:\/\/courir-lemonde.com\/index.php\/2020\/01\/17\/lestremadure-a-velo-grands-espaces-sauvages-et-nature\/#breadcrumb","itemListElement":[{"@type":"ListItem","position":1,"name":"Accueil","item":"https:\/\/courir-lemonde.com\/"},{"@type":"ListItem","position":2,"name":"L&rsquo;Estr\u00e9madure \u00e0 v\u00e9lo : grands espaces et Nature sauvage"}]},{"@type":"WebSite","@id":"https:\/\/courir-lemonde.com\/#website","url":"https:\/\/courir-lemonde.com\/","name":"Courir Le Monde","description":"Le site de Valentin Chapalain, passionn\u00e9 d&#039;aventures et de voyages","potentialAction":[{"@type":"SearchAction","target":{"@type":"EntryPoint","urlTemplate":"https:\/\/courir-lemonde.com\/?s={search_term_string}"},"query-input":"required name=search_term_string"}],"inLanguage":"fr-FR"},{"@type":"Person","@id":"https:\/\/courir-lemonde.com\/#\/schema\/person\/baaa624d701d53d176c763f85b3114e4","name":"Chap44","image":{"@type":"ImageObject","inLanguage":"fr-FR","@id":"https:\/\/courir-lemonde.com\/#\/schema\/person\/image\/","url":"https:\/\/secure.gravatar.com\/avatar\/f6a3fcbb365f597d6259be5c4dc6c05c?s=96&d=mm&r=g","contentUrl":"https:\/\/secure.gravatar.com\/avatar\/f6a3fcbb365f597d6259be5c4dc6c05c?s=96&d=mm&r=g","caption":"Chap44"},"url":"https:\/\/courir-lemonde.com\/index.php\/author\/chap331244\/"}]}},"_links":{"self":[{"href":"https:\/\/courir-lemonde.com\/index.php\/wp-json\/wp\/v2\/posts\/5984"}],"collection":[{"href":"https:\/\/courir-lemonde.com\/index.php\/wp-json\/wp\/v2\/posts"}],"about":[{"href":"https:\/\/courir-lemonde.com\/index.php\/wp-json\/wp\/v2\/types\/post"}],"author":[{"embeddable":true,"href":"https:\/\/courir-lemonde.com\/index.php\/wp-json\/wp\/v2\/users\/1"}],"replies":[{"embeddable":true,"href":"https:\/\/courir-lemonde.com\/index.php\/wp-json\/wp\/v2\/comments?post=5984"}],"version-history":[{"count":40,"href":"https:\/\/courir-lemonde.com\/index.php\/wp-json\/wp\/v2\/posts\/5984\/revisions"}],"predecessor-version":[{"id":6389,"href":"https:\/\/courir-lemonde.com\/index.php\/wp-json\/wp\/v2\/posts\/5984\/revisions\/6389"}],"wp:attachment":[{"href":"https:\/\/courir-lemonde.com\/index.php\/wp-json\/wp\/v2\/media?parent=5984"}],"wp:term":[{"taxonomy":"category","embeddable":true,"href":"https:\/\/courir-lemonde.com\/index.php\/wp-json\/wp\/v2\/categories?post=5984"},{"taxonomy":"post_tag","embeddable":true,"href":"https:\/\/courir-lemonde.com\/index.php\/wp-json\/wp\/v2\/tags?post=5984"}],"curies":[{"name":"wp","href":"https:\/\/api.w.org\/{rel}","templated":true}]}}