{"id":6062,"date":"2020-02-09T12:02:03","date_gmt":"2020-02-09T11:02:03","guid":{"rendered":"https:\/\/courir-lemonde.com\/?p=6062"},"modified":"2020-04-10T18:25:39","modified_gmt":"2020-04-10T17:25:39","slug":"lalentejo-a-velo-en-passant-par-evora","status":"publish","type":"post","link":"https:\/\/courir-lemonde.com\/index.php\/2020\/02\/09\/lalentejo-a-velo-en-passant-par-evora\/","title":{"rendered":"L&rsquo;Alentejo \u00e0 v\u00e9lo en passant par Evora"},"content":{"rendered":"<p style=\"text-align: center;\"><em><a href=\"https:\/\/courir-lemonde.com\/wp-content\/uploads\/2020\/02\/voyage-velo-alentejo-portugal.jpg\"><img loading=\"lazy\" decoding=\"async\" class=\"aligncenter wp-image-6391\" src=\"https:\/\/courir-lemonde.com\/wp-content\/uploads\/2020\/02\/voyage-velo-alentejo-portugal.jpg\" alt=\"voyage \u00e0 v\u00e9lo en Alentejo au Portugal\" width=\"500\" height=\"378\" \/><\/a>L\u00e9g\u00e8rement vallonn\u00e9e, la r\u00e9gion de l&rsquo;Alentejo se pr\u00eate bien au voyage \u00e0 v\u00e9lo<br \/>\n(@courir-lemonde)<\/em><\/p>\n<p style=\"text-align: justify;\"><em><span class=\"tlid-translation translation\" lang=\"es\"><span class=\"\" title=\"\">Adios Espa\u00f1a.<\/span><\/span> <span class=\"tlid-translation translation\" lang=\"pt\"><span class=\"\" title=\"\">Bem Vindo a Portugal<\/span><\/span>. Apr\u00e8s une dizaine de jours en Espagne, le Portugal est le second pays que nous parcourons lors de ce voyage \u00e0 v\u00e9lo \u00e0 la d\u00e9couverte de la p\u00e9ninsule ib\u00e9rique.<br \/>\nDu 24 au 27 novembre, du Nord au Sud, nous avons sillonn\u00e9 \u00e0 v\u00e9lo la r\u00e9gion de l&rsquo;Alentejo, localis\u00e9e entre la capitale portugaise Lisbonne et les plages de l&rsquo;Algarve. Contr\u00e9e \u00e0 dominante rurale et agricole, l&rsquo;Alentejo se pr\u00eate bien au voyage \u00e0 v\u00e9lo. Sur ses routes l\u00e9g\u00e8rement vallonn\u00e9es et parsem\u00e9es de petits villages aux maisons de couleur blanche, nous avons aval\u00e9 240 kilom\u00e8tres au total. <\/em><em><br \/>\n<\/em><\/p>\n<p style=\"text-align: justify;\"><em>Nos coups de c\u0153ur en Alentejo &#x1f642;\u00a0<\/em><\/p>\n<ul>\n<li style=\"text-align: justify;\"><em>Evora, ville class\u00e9e au patrimoine mondial de l&rsquo;Unesco et capitale de l&rsquo;Alentejo <\/em><\/li>\n<li style=\"text-align: justify;\"><em>les d\u00e9gustations de p\u00e2tisseries portugaises et notamment de pastels de nata <\/em><em><br \/>\n<\/em><\/li>\n<li style=\"text-align: justify;\"><em>les typiques villages portugais aux maisons de couleur blanche<br \/>\n<\/em><\/li>\n<li style=\"text-align: justify;\"><em>l&rsquo;inoubliable bivouac dans la gare d\u00e9saffect\u00e9e de Evora Monte<\/em><\/li>\n<\/ul>\n<p><!--more--><\/p>\n<p style=\"text-align: center;\"><a href=\"https:\/\/courir-lemonde.com\/wp-content\/uploads\/2020\/02\/carte-voyage-velo-alentejo-portugal.png\"><img loading=\"lazy\" decoding=\"async\" class=\"aligncenter wp-image-6118\" src=\"https:\/\/courir-lemonde.com\/wp-content\/uploads\/2020\/02\/carte-voyage-velo-alentejo-portugal.png\" alt=\"Parcours voyage a v\u00e9lo Portugal Alentejo\" width=\"500\" height=\"384\" \/><\/a><em>Le parcours de notre voyage \u00e0 v\u00e9lo en Alentejo<br \/>\n(@google maps ; r\u00e9alisation courir-lemonde)<\/em><\/p>\n<h2 style=\"text-align: center;\">\u00c9tape 10 : Arronches \u2013 Evora Monte (68 kilom\u00e8tres)<\/h2>\n<p style=\"text-align: justify;\">Avec le d\u00e9calage horaire, nous sommes r\u00e9veill\u00e9s de bonne heure ce dimanche 24 novembre. En effet, hier apr\u00e8s-midi,<strong> en franchissant la fronti\u00e8re portugaise, nous avons chang\u00e9 de fuseau horaire.<\/strong> R\u00e9sultat, <strong>ce matin au lieu de sortir de nos tentes vers 8h00 comme ces derniers jours, il n&rsquo;est que 7h00. <\/strong><br \/>\nUne fois le nez dehors, nous constatons que le ciel est couvert. <strong>Le brouillard est m\u00eame tr\u00e8s opaque ce matin<\/strong>, ce qui a comme seul avantage de camoufler notre campement install\u00e9 \u00e0 deux pas du bourg de Arronches. Mais o\u00f9 est donc le beau temps annonc\u00e9 par les pr\u00e9visions m\u00e9t\u00e9orologiques du milieu de semaine ?<\/p>\n<p style=\"text-align: justify;\">Jusqu&rsquo;\u00e0 Monforte, localit\u00e9 distante d&rsquo;une petite vingtaine de kilom\u00e8tres, <strong>le parcours est plut\u00f4t descendant.<\/strong> Seule l&rsquo;escalade d&rsquo;un abrupt raidillon \u00e0 la sortie de Arronches r\u00e9veille nos cuisses encore un peu endormies. Si, au fil des kilom\u00e8tres, l&rsquo;\u00e9pais brouillard commence \u00e0 s&rsquo;estomper, nous \u00e9voluons, malgr\u00e9 tout, dans un d\u00e9cor humide dans lequel semble se plaire un <strong>grand nombre d&rsquo;animaux.<\/strong><br \/>\nA Monforte, joli village perch\u00e9 sur les hauteurs, <strong>nous nous mettons en qu\u00eate de pastels de nata, le v\u00e9ritable embl\u00e8me culinaire du Portugal avec la morue, les sardines et le Porto.<\/strong> Ces savoureux flancs portugais nous hantent depuis notre arriv\u00e9e au Portugal (et m\u00eame depuis bien plus longtemps en r\u00e9alit\u00e9). Dans les ruelles du village, notre recherche est vaine. Cependant, nous ne repartons pas bredouille pour autant puisque nous les substituons par d&rsquo;autres douceurs portugaises dont nous ne savons pas les noms. Avec app\u00e9tit, <strong>nous d\u00e9vorons ces d\u00e9licieux remontants dans un caf\u00e9 typique o\u00f9, sous le regard de la tenanci\u00e8re, les conversations vont bon train entre les locaux.<\/strong> <strong>Nous nous d\u00e9lectons de l&rsquo;atmosph\u00e8re chaleureuse du lieu avant de reprendre notre itin\u00e9rance \u00e0 v\u00e9lo.<br \/>\n<\/strong><\/p>\n<p style=\"text-align: justify;\">Jusqu&rsquo;\u00e0 Orada, <strong>nous avan\u00e7ons \u00e0 un bon rythme en d\u00e9pit du parcours vallonn\u00e9 et du rev\u00eatement de la route tr\u00e8s h\u00e9t\u00e9rog\u00e8ne selon les portions. <\/strong><strong>C&rsquo;est avec 44 kilom\u00e8tres au compteur que nous prenons notre pause d\u00e9jeuner \u00e0 Orada.<\/strong> Adoss\u00e9s \u00e0 un mur, face \u00e0 la station service du village, nous mangeons sous le regard intrigu\u00e9 des rares passants.<\/p>\n<p style=\"text-align: center;\"><a href=\"https:\/\/courir-lemonde.com\/wp-content\/uploads\/2020\/02\/village-portugal-alentejo.jpg\"><img loading=\"lazy\" decoding=\"async\" class=\"aligncenter wp-image-6392\" src=\"https:\/\/courir-lemonde.com\/wp-content\/uploads\/2020\/02\/village-portugal-alentejo.jpg\" alt=\"village Monforte Alentejo\" width=\"500\" height=\"378\" \/><\/a><em>La travers\u00e9e du village de Monforte (@courir-lemonde)<br \/>\n<\/em><\/p>\n<p style=\"text-align: center;\"><em>Quelque part en Alentejo entre Arronches et Evora (@courir-lemonde)<br \/>\n<\/em><\/p>\n<p style=\"text-align: center;\"><a href=\"https:\/\/courir-lemonde.com\/wp-content\/uploads\/2020\/02\/mouton-alentejo.jpg\"><img loading=\"lazy\" decoding=\"async\" class=\"aligncenter wp-image-6393\" src=\"https:\/\/courir-lemonde.com\/wp-content\/uploads\/2020\/02\/mouton-alentejo.jpg\" alt=\"mouton en Alentejo\" width=\"500\" height=\"378\" \/><\/a><em>Les animaux sont omnipr\u00e9sents en ce d\u00e9but d&rsquo;\u00e9tape (@courir-lemonde)<br \/>\n<\/em><\/p>\n<p style=\"text-align: center;\"><a href=\"https:\/\/courir-lemonde.com\/wp-content\/uploads\/2020\/02\/vieillard-portugal.jpg\"><img loading=\"lazy\" decoding=\"async\" class=\"aligncenter wp-image-6394\" src=\"https:\/\/courir-lemonde.com\/wp-content\/uploads\/2020\/02\/vieillard-portugal.jpg\" alt=\"vieillards discutent voyage au Portugal\" width=\"500\" height=\"378\" \/><\/a><em>Les vieux du village font la discussion en ce dimanche matin (@courir-lemonde)<br \/>\n<\/em><\/p>\n<p style=\"text-align: center;\"><a href=\"https:\/\/courir-lemonde.com\/wp-content\/uploads\/2020\/02\/chene-liege-portugal.jpg\"><img loading=\"lazy\" decoding=\"async\" class=\"aligncenter wp-image-6395\" src=\"https:\/\/courir-lemonde.com\/wp-content\/uploads\/2020\/02\/chene-liege-portugal.jpg\" alt=\"chenes li\u00e8ges en Alentejo Portugal\" width=\"500\" height=\"378\" \/><\/a><em>Champ de ch\u00eanes li\u00e8ges apr\u00e8s la r\u00e9colte de l&rsquo;\u00e9corce \u00e0 partir de laquelle on produit le li\u00e8ge (@courir-lemonde)<br \/>\n<\/em><\/p>\n<p style=\"text-align: justify;\">Apr\u00e8s la pause d\u00e9jeuner, nous prenons davantage notre temps. <strong>Entour\u00e9es de ch\u00eanes li\u00e8ges, d&rsquo;oliviers, de citronniers ou d&rsquo;orangers, les petites routes de l&rsquo;Alentejo invitent \u00e0 la d\u00e9tente.<\/strong><br \/>\nEn milieu d&rsquo;apr\u00e8s-midi, sous une fine pluie, <strong>nous atteignons Estr\u00e9moz, \u00e9l\u00e9gante ville d&rsquo;environ 10 000 \u00e2mes<\/strong>. Comme nous ne perdons pas espoir de d\u00e9guster nos premiers <strong>pastels de nata<\/strong> aujourd&rsquo;hui, nous demandons conseil aupr\u00e8s de locaux. La pers\u00e9v\u00e9rance a du bon, puisque quelques instants plus tard, sur la place principale de la ville, <strong>nous nous r\u00e9galons enfin de ces fameuses p\u00e2tisseries portugaises.<\/strong><br \/>\nA la suite de cette halte gourmande, nous repartons plein d&rsquo;\u00e9nergie en direction du Sud. Dans le but de nous <strong>rapprocher au maximum de Evora avant la fin de la journ\u00e9e, nous empruntons la route nationale 18.<\/strong> Le parcours est extr\u00eamement roulant et nous d\u00e9roulons \u00e0 vive allure. Le flot de voiture est lui aussi plus important. De fait, nous redoublons de vigilance et <strong>nous mettons nos casques<\/strong>. De mani\u00e8re g\u00e9n\u00e9rale, je ne roule pas avec le casque sur les petites routes et sur les voies vertes. Cependant, <strong>d\u00e8s que la circulation est plus dense et que le risque d&rsquo;accident augmente, je trouve qu&rsquo;il est beaucoup plus sage de le porter.<br \/>\n<\/strong><br \/>\n<strong>Vers 17h00, la nuit commence \u00e0 poindre et nous devons trouver un endroit o\u00f9 bivouaquer.<\/strong> Un temps, nous pensons poser nos tentes dans un camping install\u00e9 en bord de route. N\u00e9anmoins, son co\u00fbt trop \u00e9lev\u00e9 \u00e0 nos yeux et son cadre d\u00e9nu\u00e9 de charme, nous incitent \u00e0 poursuivre notre chemin. Quelques kilom\u00e8tres plus loin, <strong>nous finissons par prendre, comme souvent, un petit chemin perpendiculaire \u00e0 la route principale.<\/strong><br \/>\nAu bout du cahoteux sentier de terre ocre, <strong>nous tombons, contre toute attente, sur un b\u00e2timent d\u00e9saffect\u00e9.<\/strong> C&rsquo;est l&rsquo;ancienne gare de la ville d&rsquo;Evoramonte, dont le bourg se trouve \u00e0 moins de 3 kilom\u00e8tres de l\u00e0. Voil\u00e0 le spot d&rsquo;urbex tant souhait\u00e9 par Aur\u00e9lien.<br \/>\nAu soleil couchant, nous visitons les lieux. <strong>Nous retrouvons des d\u00e9chets en tout genre signe que le lieu est, de temps en temps, fr\u00e9quent\u00e9 par des squatteurs. Des cartouches de chasseurs jonchent \u00e9galement le sol. C&rsquo;est carr\u00e9ment glauque<\/strong> ! Puis, apr\u00e8s une session balayage plus que n\u00e9cessaire, <strong>nous installons notre campement \u00e0 l&rsquo;int\u00e9rieur de la gare en ruine.<\/strong><br \/>\nUn peu plus tard dans la soir\u00e9e, <strong>une voiture s&rsquo;arr\u00eate juste \u00e0 c\u00f4t\u00e9 de la b\u00e2tisse \u00e0 l&rsquo;abandon. Un homme muni d&rsquo;une lampe frontale sort du v\u00e9hicule et se rapproche de nous.<\/strong> John est le propri\u00e9taire de la ferme situ\u00e9e \u00e0 300 m\u00e8tres de l\u00e0. Comme il a vu du mouvement et de la lumi\u00e8re, il souhaite savoir pourquoi. D&#8217;embl\u00e9e, <strong>nous le rassurons sur nos vell\u00e9it\u00e9s.<\/strong> Rassur\u00e9, il nous raconte, dans un anglais impeccable, que par le pass\u00e9, il s&rsquo;est fait piller du mat\u00e9riel agricole par des voleurs. Pour cette fois, il comprend imm\u00e9diatement qu&rsquo;il n&rsquo;a rien \u00e0 craindre de nous et il repart en h\u00e2te.<\/p>\n<p style=\"text-align: center;\"><a href=\"https:\/\/courir-lemonde.com\/wp-content\/uploads\/2020\/02\/voyage-velo-portugal.jpg\"><img loading=\"lazy\" decoding=\"async\" class=\"aligncenter wp-image-6396\" src=\"https:\/\/courir-lemonde.com\/wp-content\/uploads\/2020\/02\/voyage-velo-portugal.jpg\" alt=\"Voyage a v\u00e9lo au Portugal\" width=\"500\" height=\"378\" \/><\/a><em>Fin d&rsquo;\u00e9tape pr\u00e8s de Evoramonte (@courir-lemonde)<br \/>\n<\/em><\/p>\n<p style=\"text-align: center;\"><a href=\"https:\/\/courir-lemonde.com\/wp-content\/uploads\/2020\/02\/bivouac-gare-desaffect\u00e9e.jpg\"><img loading=\"lazy\" decoding=\"async\" class=\"aligncenter wp-image-6397\" src=\"https:\/\/courir-lemonde.com\/wp-content\/uploads\/2020\/02\/bivouac-gare-desaffect\u00e9e.jpg\" alt=\"bivouac gare abandonn\u00e9e au Portugal\" width=\"501\" height=\"379\" \/><\/a><em>La gare abandonn\u00e9e de Evoramonte, lieu du bivouac du soir (@courir-lemonde)<\/em><\/p>\n<div style=\"width: 584px;\" class=\"wp-video\"><!--[if lt IE 9]><script>document.createElement('video');<\/script><![endif]-->\n<video class=\"wp-video-shortcode\" id=\"video-6062-1\" width=\"584\" height=\"329\" preload=\"metadata\" controls=\"controls\"><source type=\"video\/mp4\" src=\"https:\/\/courir-lemonde.com\/wp-content\/uploads\/2020\/02\/J12-gare.mp4?_=1\" \/><a href=\"https:\/\/courir-lemonde.com\/wp-content\/uploads\/2020\/02\/J12-gare.mp4\">https:\/\/courir-lemonde.com\/wp-content\/uploads\/2020\/02\/J12-gare.mp4<\/a><\/video><\/div>\n<p style=\"text-align: center;\"><em>Pr\u00e9sentation du bivouac du soir dans la gare d\u00e9saffect\u00e9e de Evoramonte <\/em><br \/>\n<em>(@courir-lemonde)<\/em><\/p>\n<p style=\"text-align: center;\"><a href=\"https:\/\/courir-lemonde.com\/wp-content\/uploads\/2020\/02\/bivouac-gare-abandonnee-portugal-alentejo.jpg\"><img loading=\"lazy\" decoding=\"async\" class=\"aligncenter wp-image-6399\" src=\"https:\/\/courir-lemonde.com\/wp-content\/uploads\/2020\/02\/bivouac-gare-abandonnee-portugal-alentejo.jpg\" alt=\"bivouac voyage au portugal \u00e0 v\u00e9loo\" width=\"500\" height=\"337\" \/><\/a><em>D\u00e9gustation de pastels de nata et partie de scrabble dans l&rsquo;ancienne gare d&rsquo;Evoramonte (@courir-lemonde)<\/em><\/p>\n<h2 style=\"text-align: center;\">\u00c9tape 11 : Evora Monte \u2013 Evora (30 kilom\u00e8tres)<\/h2>\n<p style=\"text-align: justify;\"><strong>Dans l&rsquo;enceinte de l&rsquo;ancienne gare d&rsquo;Evoramonte, la nuit n&rsquo;a pas \u00e9t\u00e9 particuli\u00e8rement reconstituante.<\/strong> Si j&rsquo;ai \u00e0 peu pr\u00e8s bien dormi, c&rsquo;est moins le cas d&rsquo;Aur\u00e9lien.<br \/>\nC&rsquo;est de bon matin que nous quittons cet inoubliable lieu de campement. <strong>Nous mettons le cap sur Evora, la capitale de l&rsquo;Alentejo<\/strong>. Lanc\u00e9s \u00e0 vive allure sur la RN18, nous couvrons les 30 kilom\u00e8tres qui nous en s\u00e9pare en 1h30.<br \/>\nApr\u00e8s m\u00fbre r\u00e9flexion,<strong> nous d\u00e9cidons de passer la journ\u00e9e puis de dormir \u00e0 Evora ce soir.<\/strong> D&rsquo;une part, cette journ\u00e9e plus calme va nous remettre d&rsquo;aplomb et d&rsquo;autre part, nous allons avoir <strong>du temps pour d\u00e9couvrir cette ville class\u00e9e au patrimoine mondial de l&rsquo;UNESCO.<\/strong><br \/>\nAttabl\u00e9s \u00e0 la terrasse d&rsquo;un caf\u00e9,<strong> nous trouvons facilement, via l&rsquo;incontournable plateforme booking.com, un pied-\u00e0-terre en ad\u00e9quation avec notre budget<\/strong>. Ainsi, dans l&rsquo;auberge de jeunesse <strong>Good Mood hostel<\/strong>, nous b\u00e9n\u00e9ficions d&rsquo;une chambre double et du petit-d\u00e9jeuner pour seulement 28 euros. A la suite d&rsquo;une douche salvatrice et d&rsquo;un repas gargantuesque dans une gargote portugaise situ\u00e9e \u00e0 deux pas de notre logement, <strong>nous partons \u00e0 la d\u00e9couverte de Evora, une petite ville pleine de charme au c\u0153ur historique bien conserv\u00e9.<\/strong><\/p>\n<p style=\"text-align: center;\"><a href=\"https:\/\/courir-lemonde.com\/wp-content\/uploads\/2020\/02\/evora-capitale-alentejo.jpg\"><img loading=\"lazy\" decoding=\"async\" class=\"aligncenter wp-image-6400\" src=\"https:\/\/courir-lemonde.com\/wp-content\/uploads\/2020\/02\/evora-capitale-alentejo.jpg\" alt=\"Evora la capitale de l'Alentejo au Portugal\" width=\"500\" height=\"337\" \/><\/a><em>Evora, la capitale de l&rsquo;Alentejo est class\u00e9e au patrimoine mondial de l&rsquo;UNESCO<br \/>\n(@courir-lemonde)<br \/>\n<\/em><\/p>\n<p style=\"text-align: center;\"><a href=\"https:\/\/courir-lemonde.com\/wp-content\/uploads\/2020\/01\/IMAG2991.jpg\"><img loading=\"lazy\" decoding=\"async\" class=\"aligncenter wp-image-6084\" src=\"https:\/\/courir-lemonde.com\/wp-content\/uploads\/2020\/01\/IMAG2991.jpg\" alt=\"Degustation de pastel de nata dans les rues d'Evora au Portugal\" width=\"500\" height=\"286\" \/><\/a><em>D\u00e9gustation de pastels de nata. Ces petits flancs typiques du Portugal sont d\u00e9licieux (@courir-lemonde)<\/em><\/p>\n<p style=\"text-align: center;\"><a href=\"https:\/\/courir-lemonde.com\/wp-content\/uploads\/2020\/02\/ville-evora-alentejo-portugal.jpg\"><img loading=\"lazy\" decoding=\"async\" class=\"aligncenter wp-image-6401\" src=\"https:\/\/courir-lemonde.com\/wp-content\/uploads\/2020\/02\/ville-evora-alentejo-portugal.jpg\" alt=\"Evora la capitale de l'Alentejo au Portugal\" width=\"500\" height=\"378\" \/><\/a><em>La place centrale d&rsquo;Evora (@courir-lemonde)<\/em><\/p>\n<h2 style=\"text-align: center;\">\u00c9tape 12 : Evora \u2013 Ferreira do Alentejo (75 kilom\u00e8tres)<\/h2>\n<p style=\"text-align: justify;\"><strong>Nous quittons Evora en d\u00e9but de journ\u00e9e avec la ferme intention d&rsquo;avaler un maximum de kilom\u00e8tre dans la matin\u00e9e<\/strong> car de violentes intemp\u00e9ries sont programm\u00e9es pour l&rsquo;apr\u00e8s-midi. De fait, \u00e0 la suite d&rsquo;une ultime balade dans ses tortueuses ruelles pav\u00e9es et <strong>nous roulons plein Sud en direction de l&rsquo;Algarve<\/strong> que nous esp\u00e9rons atteindre d&rsquo;ici deux ou trois jours.<br \/>\n<strong>Physiquement, je me sens de mieux en mieux.<\/strong> Chaque jour, <strong>j&rsquo;ai l&rsquo;impression d&rsquo;\u00eatre un peu plus fort que la veille. Diesel par nature, je monte en puissance au fil des kilom\u00e8tres.<\/strong> D&rsquo;ailleurs, j&rsquo;ai remarqu\u00e9 que c&rsquo;\u00e9tait syst\u00e9matiquement le cas lors de mes pr\u00e9c\u00e9dents voyages \u00e0 v\u00e9lo. J&rsquo;ai besoin de temps pour r\u00e9apprivoiser mon v\u00e9lo et retrouver de bonnes sensations m\u00eame si je fais du v\u00e9lo toute l&rsquo;ann\u00e9e. <strong>Pour Aur\u00e9lien, c&rsquo;est plut\u00f4t la tendance inverse. En tr\u00e8s grande forme sur le d\u00e9but le voyage, il accuse un peu le coup ces derniers jours.<\/strong><\/p>\n<p style=\"text-align: justify;\"><strong>Le parcours du jour n&rsquo;est pas particuli\u00e8rement enthousiasmant.<\/strong> Les paysages sont assez monotones et ressemblent un peu mais en moins jolis \u00e0 ceux de l&rsquo;Estr\u00e9madure. Heureusement, en cours de route, <strong>nous traversons quelques pittoresques localit\u00e9s comme le village perch\u00e9 de Torr\u00e3o o\u00f9 nous d\u00e9jeunons<\/strong>. Ce midi, entre les citronniers et les orangers d&rsquo;un petit square, nous nous r\u00e9galons de thon de A\u00e7ores, de tomates, de riz et de fromage.<\/p>\n<div style=\"width: 584px;\" class=\"wp-video\"><video class=\"wp-video-shortcode\" id=\"video-6062-2\" width=\"584\" height=\"329\" preload=\"metadata\" controls=\"controls\"><source type=\"video\/mp4\" src=\"https:\/\/courir-lemonde.com\/wp-content\/uploads\/2020\/01\/VIDEO0790_01.mp4?_=2\" \/><a href=\"https:\/\/courir-lemonde.com\/wp-content\/uploads\/2020\/01\/VIDEO0790_01.mp4\">https:\/\/courir-lemonde.com\/wp-content\/uploads\/2020\/01\/VIDEO0790_01.mp4<\/a><\/video><\/div>\n<p style=\"text-align: center;\"><em>D\u00e9part d&rsquo;Evora. Direction le Sud de l&rsquo;Alentejo avant d&rsquo;atteindre l&rsquo;Algarve<br \/>\n(@courir-lemonde)<br \/>\n<\/em><\/p>\n<p style=\"text-align: center;\"><a href=\"https:\/\/courir-lemonde.com\/wp-content\/uploads\/2020\/02\/paysage-alentejo.jpg\"><img loading=\"lazy\" decoding=\"async\" class=\"aligncenter wp-image-6402\" src=\"https:\/\/courir-lemonde.com\/wp-content\/uploads\/2020\/02\/paysage-alentejo.jpg\" alt=\"Alentejo voyage a v\u00e9lo\" width=\"500\" height=\"378\" \/><\/a><em>Paysage caract\u00e9ristique de l&rsquo;Alentejo (@courir-lemonde)<br \/>\n<\/em><\/p>\n<div style=\"width: 584px;\" class=\"wp-video\"><video class=\"wp-video-shortcode\" id=\"video-6062-3\" width=\"584\" height=\"329\" preload=\"metadata\" controls=\"controls\"><source type=\"video\/mp4\" src=\"https:\/\/courir-lemonde.com\/wp-content\/uploads\/2020\/01\/VIDEO0791.mp4?_=3\" \/><a href=\"https:\/\/courir-lemonde.com\/wp-content\/uploads\/2020\/01\/VIDEO0791.mp4\">https:\/\/courir-lemonde.com\/wp-content\/uploads\/2020\/01\/VIDEO0791.mp4<\/a><\/video><\/div>\n<p style=\"text-align: center;\"><em>Travers\u00e9e d&rsquo;un petit village portugais (@courir-lemonde)<br \/>\n<\/em><\/p>\n<p style=\"text-align: justify;\">L&rsquo;apr\u00e8s-midi, nous poursuivons notre travers\u00e9e des paysages agricoles du Sud de l&rsquo;Alentejo. <strong>La portion qui suit le village de Torr\u00e3o me plait beaucoup<\/strong>. <strong>Nous \u00e9voluons sur une route peu fr\u00e9quent\u00e9e et bord\u00e9e de beaux conif\u00e8res. Le cadre est apaisant et bucolique.<\/strong> En revanche, les kilom\u00e8tres pr\u00e9c\u00e9dant notre arriv\u00e9e \u00e0\u00a0Ferreira do Alentejo sont tout le contraire. Industriels, moches et bruyants.<br \/>\n<strong>A Ferreira do Alentejo, la pluie annonc\u00e9e commence \u00e0 tomber<\/strong>. Nous sommes contents car nous avons bien p\u00e9dal\u00e9 aujourd&rsquo;hui avec pas loin de 75 kilom\u00e8tres au compteur.<br \/>\nNous profitons de l&rsquo;averse pour faire quelques courses alimentaires en vue du repas de ce soir, en esp\u00e9rant, sait-on jamais, que l&rsquo;ond\u00e9e soit de courte dur\u00e9e. N\u00e9anmoins, <strong>la pluie redouble d&rsquo;intensit\u00e9 au fil des minutes et ce sont de v\u00e9ritables trombes d&rsquo;eau qui se d\u00e9versent sur Ferreira do Alentejo.<\/strong> Une fois nos emplettes termin\u00e9es, nous nous r\u00e9fugions \u00e0 la caf\u00e9t\u00e9ria de l&rsquo;Intermarch\u00e9. Nous lan\u00e7ons une partie de scrabble. Celle-ci sera la plus prolifique du p\u00e9riple. Au terme d&rsquo;un jeu \u00e9pique, je l&#8217;emporte 385 \u00e0 350, d\u00e9passant par la m\u00eame occasion la symbolique barre des 700 points. Un record pour nous !<br \/>\n<strong>Vers 18h00, la nuit est tomb\u00e9e et la pluie a cess\u00e9.<\/strong> Nous sommes sur le d\u00e9part, chargeant nos sacoches des victuailles achet\u00e9es tout \u00e0 l&rsquo;heure. <strong>Confiants, nous reprenons la route en qu\u00eate d&rsquo;un lieu o\u00f9 bivouaquer.<\/strong> Dans un premier temps, nous trouvons un parc public o\u00f9 nous nous installons. Pendant que nous d\u00eenons, le propri\u00e9taire d&rsquo;une buvette install\u00e9e dans le parc vient nous voir. Il n&rsquo;est pas content et nous invite, avec d\u00e9licatesse, \u00e0 d\u00e9guerpir une fois notre repas termin\u00e9. <strong>Par la suite, dans l&rsquo;obscurit\u00e9 totale, nous trouvons une aire am\u00e9nag\u00e9e en bord de route. A la lueur de nos frontales, nous y installons nos tentes pour la nuit.<\/strong><\/p>\n<h2 style=\"text-align: center;\">\u00c9tape 13 : Ferreira do Alentejo \u2013 Sao Martinho das Amoreiras (67 kilom\u00e8tres)<\/h2>\n<p style=\"text-align: justify;\"><strong>Comme la veille, nous roulons plein Sud en direction de l&rsquo;Algarve.<\/strong> Le parcours est agr\u00e9able et nous traversons de beaux villages comme Aljustrel. <strong>Les paysages \u00e9voluent au fil des kilom\u00e8tres<\/strong>. D\u00e9sormais, <strong>les ch\u00eanes li\u00e8ges ne dominent plus outrageusement le d\u00e9cor. Les oliviers, les eucalyptus et divers conif\u00e8res habillent \u00e9galement la campagne ondul\u00e9e de l&rsquo;Alentejo.<\/strong><br \/>\nA 13h00, apr\u00e8s 50 kilom\u00e8tres et un ultime raidillon pour rejoindre le c\u0153ur du village de Panoias, nous savourons notre pause d\u00e9jeuner. <strong>L&rsquo;ambiance y est joviale<\/strong>. Des hommes sont attabl\u00e9s \u00e0 la terrasse d&rsquo;un caf\u00e9 tandis que d&rsquo;autres travaillent \u00e0 la r\u00e9novation du second bar du village. Durant notre repas, <strong>nous \u00e9changeons avec Joseph, un sympathique local qui a travaill\u00e9 en France par le pass\u00e9.<\/strong> Malheureusement son fran\u00e7ais est presque aussi peu performant que notre portugais et nos conversations sont\u00a0 limit\u00e9es.<\/p>\n<p style=\"text-align: center;\"><a href=\"https:\/\/courir-lemonde.com\/wp-content\/uploads\/2020\/02\/voyage-velo-alentejo-.jpg\"><img loading=\"lazy\" decoding=\"async\" class=\"aligncenter wp-image-6403\" src=\"https:\/\/courir-lemonde.com\/wp-content\/uploads\/2020\/02\/voyage-velo-alentejo-.jpg\" alt=\"voyage a v\u00e9lo en Alentejo\" width=\"500\" height=\"377\" \/><\/a><em>V\u00e9g\u00e9tation dense sur le bord de la route (@courir-lemonde)<\/em><\/p>\n<p style=\"text-align: center;\"><a href=\"https:\/\/courir-lemonde.com\/wp-content\/uploads\/2020\/02\/village-alentejo.jpg\"><img loading=\"lazy\" decoding=\"async\" class=\"aligncenter wp-image-6404\" src=\"https:\/\/courir-lemonde.com\/wp-content\/uploads\/2020\/02\/village-alentejo.jpg\" alt=\"eglise village portugal\" width=\"500\" height=\"378\" \/><\/a><em>L&rsquo;\u00e9glise du village de Panoias (@courire-lemonde)<br \/>\n<\/em><\/p>\n<p style=\"text-align: center;\"><em><a href=\"https:\/\/courir-lemonde.com\/wp-content\/uploads\/2020\/02\/repas-voyage-velo-portugal.jpg\"><img loading=\"lazy\" decoding=\"async\" class=\"aligncenter wp-image-6405\" src=\"https:\/\/courir-lemonde.com\/wp-content\/uploads\/2020\/02\/repas-voyage-velo-portugal.jpg\" alt=\"repas voyage a v\u00e9lo\" width=\"500\" height=\"378\" \/><\/a>Joli festin pour le repas du jour (@courir-lemonde)<\/em><\/p>\n<p style=\"text-align: justify;\"><strong>L&rsquo;apr\u00e8s-midi est marqu\u00e9 par un relief plus prononc\u00e9 avec une succession de petites c\u00f4tes et de descentes. L&rsquo;\u00e9tape est tr\u00e8s casse patte et met \u00e0 mal nos organismes.<\/strong><br \/>\nEn fin de journ\u00e9e,<strong> nous atteignons Sao Martinho das Amoreiras, un petit village avec lequel nous accrochons bien. <\/strong>Nous \u00e9tablissons notre bivouac dans un petit champ verdoyant au milieu de citronniers. Malheureusement, <strong>lors du montage de ma tente, un arceau casse. Aur\u00e9lien m&rsquo;aide \u00e0 r\u00e9parer le jonc endommag\u00e9.<br \/>\n<\/strong>Ce soir, nous d\u00eenons de p\u00e2tes au pesto accompagn\u00e9es de feta puis <strong>nous sortons dans l&rsquo;un des bars du village pour y jouer une nouvelle partie de scrabble au milieu des locaux.\u00a0 <\/strong><\/p>\n<div style=\"width: 584px;\" class=\"wp-video\"><video class=\"wp-video-shortcode\" id=\"video-6062-4\" width=\"584\" height=\"329\" preload=\"metadata\" controls=\"controls\"><source type=\"video\/mp4\" src=\"https:\/\/courir-lemonde.com\/wp-content\/uploads\/2020\/01\/VIDEO0796.mp4?_=4\" \/><a href=\"https:\/\/courir-lemonde.com\/wp-content\/uploads\/2020\/01\/VIDEO0796.mp4\">https:\/\/courir-lemonde.com\/wp-content\/uploads\/2020\/01\/VIDEO0796.mp4<\/a><\/video><\/div>\n<p style=\"text-align: center;\"><em>Moment de d\u00e9tresse pour Aur\u00e9lien sur les routes de l&rsquo;Alentejo (@courir-lemonde)<br \/>\n<\/em><\/p>\n<p style=\"text-align: center;\"><a href=\"https:\/\/courir-lemonde.com\/wp-content\/uploads\/2020\/02\/reparation-voyage-velo.jpg\"><img loading=\"lazy\" decoding=\"async\" class=\"aligncenter wp-image-6406\" src=\"https:\/\/courir-lemonde.com\/wp-content\/uploads\/2020\/02\/reparation-voyage-velo.jpg\" alt=\"reparation voyage v\u00e9lo\" width=\"500\" height=\"337\" \/><\/a><em>L&rsquo;une des attaches de mon porte bagage avant est cass\u00e9e<br \/>\nJe dois changer la pi\u00e8ce d\u00e9fectueuse sur le bord de la route (@courir-lemonde)<\/em><\/p>\n<p style=\"text-align: center;\"><a href=\"https:\/\/courir-lemonde.com\/wp-content\/uploads\/2020\/02\/cygogne-portugal.jpg\"><img loading=\"lazy\" decoding=\"async\" class=\"aligncenter wp-image-6408\" src=\"https:\/\/courir-lemonde.com\/wp-content\/uploads\/2020\/02\/cygogne-portugal.jpg\" alt=\"une cygogne au Portugal\" width=\"500\" height=\"378\" \/><\/a><em>Fin d&rsquo;\u00e9tape \u00e0 une allure mod\u00e9r\u00e9e, tout proche de Sao Martinho das Amoreiras<br \/>\n(@courir-lemonde)<br \/>\n<\/em><\/p>\n<p style=\"text-align: center;\"><a href=\"https:\/\/courir-lemonde.com\/wp-content\/uploads\/2020\/02\/bivouac-champs-portugal.jpg\"><img loading=\"lazy\" decoding=\"async\" class=\"aligncenter wp-image-6407\" src=\"https:\/\/courir-lemonde.com\/wp-content\/uploads\/2020\/02\/bivouac-champs-portugal.jpg\" alt=\"bivouac voyage a v\u00e9lo au Portugal\" width=\"500\" height=\"378\" \/><\/a><em>Bivouac sauvage \u00e0 Sao Martinho das Amoreiras (@courir-lemonde)<br \/>\n<\/em><\/p>\n<p style=\"text-align: justify;\"><strong>La suite de notre voyage \u00e0 v\u00e9lo au Portugal dans la r\u00e9gion de l&rsquo;Algarve est \u00e0 d\u00e9couvrir au prochain \u00e9pisode.\u00a0<\/strong><\/p>\n<p style=\"text-align: left;\">Pour retrouver<strong> l\u2019article bilan de notre voyage \u00e0 v\u00e9lo en Espagne et au Portugal, <\/strong>c\u2019est ici<strong> :<a href=\"https:\/\/courir-lemonde.com\/index.php\/2019\/12\/11\/voyage-a-velo-en-espagne-et-au-portugal-le-bilan-du-periple\/\"> voyage \u00e0 v\u00e9lo en Espagne et au Portugal : le bilan du p\u00e9riple<\/a><\/strong><\/p>\n<p style=\"text-align: justify;\">Pour retrouver<strong> le film de notre voyage \u00e0 v\u00e9lo en Espagne et au Portugal, <\/strong>c\u2019est ici<strong> : <a href=\"https:\/\/courir-lemonde.com\/index.php\/2020\/01\/19\/voyage-a-velo-en-espagne-et-au-portugal-le-film-du-periple\/\">voyage \u00e0 v\u00e9lo en Espagne et au Portugal : le film du p\u00e9riple\u00a0<\/a><\/strong><\/p>\n<p>Pour retrouver<strong> les autres carnets de voyage de notre voyage \u00e0 v\u00e9lo en Espagne et au Portugal,<\/strong> c\u2019est ici :<\/p>\n<ul>\n<li><a href=\"https:\/\/courir-lemonde.com\/index.php\/2019\/12\/22\/voyage-a-velo-en-espagne-aventures-givrees-et-chaleureuses-rencontres-en-castille-et-leon\/#more-5933\"><strong>Aventures griv\u00e9es et chaleureuses rencontres en Castille et Leon<\/strong><\/a><\/li>\n<li><a href=\"https:\/\/courir-lemonde.com\/index.php\/2020\/01\/22\/voyage-a-velo-en-espagne-grands-espaces-sauvages-et-nature-en-estremadure\/\"><strong>Grands espaces sauvages et Nature en Estr\u00e9madure<\/strong><\/a><\/li>\n<li><strong><a href=\"https:\/\/courir-lemonde.com\/index.php\/2020\/02\/26\/voyage-a-velo-au-portugal-plages-douceur-et-soleil-en-algarve\/\">Douceur, soleil et plages en Algarve<\/a><\/strong><\/li>\n<li><strong><a href=\"https:\/\/courir-lemonde.com\/index.php\/2020\/03\/13\/visite-de-seville-la-perle-de-landalousie\/\">S\u00e9ville, la perle de l&rsquo;Andalousie<\/a><\/strong><\/li>\n<\/ul>\n","protected":false},"excerpt":{"rendered":"<p>L\u00e9g\u00e8rement vallonn\u00e9e, la r\u00e9gion de l&rsquo;Alentejo se pr\u00eate bien au voyage \u00e0 v\u00e9lo (@courir-lemonde) Adios Espa\u00f1a. Bem Vindo a Portugal. Apr\u00e8s une dizaine de jours en Espagne, le Portugal est le second pays que nous parcourons lors de ce voyage &hellip; <a href=\"https:\/\/courir-lemonde.com\/index.php\/2020\/02\/09\/lalentejo-a-velo-en-passant-par-evora\/\">Continuer la lecture <span class=\"meta-nav\">&rarr;<\/span><\/a><\/p>\n","protected":false},"author":1,"featured_media":0,"comment_status":"open","ping_status":"open","sticky":false,"template":"","format":"standard","meta":{"footnotes":""},"categories":[460,123],"tags":[481,432,38,476,206,164],"yoast_head":"<!-- This site is optimized with the Yoast SEO plugin v21.8.1 - https:\/\/yoast.com\/wordpress\/plugins\/seo\/ -->\n<title>L&#039;Alentejo \u00e0 v\u00e9lo en passant par Evora - Courir Le Monde<\/title>\n<meta name=\"robots\" content=\"index, follow, max-snippet:-1, max-image-preview:large, max-video-preview:-1\" \/>\n<link rel=\"canonical\" href=\"https:\/\/courir-lemonde.com\/index.php\/2020\/02\/09\/lalentejo-a-velo-en-passant-par-evora\/\" \/>\n<meta property=\"og:locale\" content=\"fr_FR\" \/>\n<meta property=\"og:type\" content=\"article\" \/>\n<meta property=\"og:title\" content=\"L&#039;Alentejo \u00e0 v\u00e9lo en passant par Evora - Courir Le Monde\" \/>\n<meta property=\"og:description\" content=\"L\u00e9g\u00e8rement vallonn\u00e9e, la r\u00e9gion de l&rsquo;Alentejo se pr\u00eate bien au voyage \u00e0 v\u00e9lo (@courir-lemonde) Adios Espa\u00f1a. Bem Vindo a Portugal. Apr\u00e8s une dizaine de jours en Espagne, le Portugal est le second pays que nous parcourons lors de ce voyage &hellip; Continuer la lecture &rarr;\" \/>\n<meta property=\"og:url\" content=\"https:\/\/courir-lemonde.com\/index.php\/2020\/02\/09\/lalentejo-a-velo-en-passant-par-evora\/\" \/>\n<meta property=\"og:site_name\" content=\"Courir Le Monde\" \/>\n<meta property=\"article:published_time\" content=\"2020-02-09T11:02:03+00:00\" \/>\n<meta property=\"article:modified_time\" content=\"2020-04-10T17:25:39+00:00\" \/>\n<meta property=\"og:image\" content=\"https:\/\/courir-lemonde.com\/wp-content\/uploads\/2020\/02\/voyage-velo-alentejo-portugal.jpg\" \/>\n<meta name=\"author\" content=\"Chap44\" \/>\n<meta name=\"twitter:card\" content=\"summary_large_image\" \/>\n<meta name=\"twitter:label1\" content=\"\u00c9crit par\" \/>\n\t<meta name=\"twitter:data1\" content=\"Chap44\" \/>\n\t<meta name=\"twitter:label2\" content=\"Dur\u00e9e de lecture estim\u00e9e\" \/>\n\t<meta name=\"twitter:data2\" content=\"13 minutes\" \/>\n<script type=\"application\/ld+json\" class=\"yoast-schema-graph\">{\"@context\":\"https:\/\/schema.org\",\"@graph\":[{\"@type\":\"WebPage\",\"@id\":\"https:\/\/courir-lemonde.com\/index.php\/2020\/02\/09\/lalentejo-a-velo-en-passant-par-evora\/\",\"url\":\"https:\/\/courir-lemonde.com\/index.php\/2020\/02\/09\/lalentejo-a-velo-en-passant-par-evora\/\",\"name\":\"L'Alentejo \u00e0 v\u00e9lo en passant par Evora - Courir Le Monde\",\"isPartOf\":{\"@id\":\"https:\/\/courir-lemonde.com\/#website\"},\"datePublished\":\"2020-02-09T11:02:03+00:00\",\"dateModified\":\"2020-04-10T17:25:39+00:00\",\"author\":{\"@id\":\"https:\/\/courir-lemonde.com\/#\/schema\/person\/baaa624d701d53d176c763f85b3114e4\"},\"breadcrumb\":{\"@id\":\"https:\/\/courir-lemonde.com\/index.php\/2020\/02\/09\/lalentejo-a-velo-en-passant-par-evora\/#breadcrumb\"},\"inLanguage\":\"fr-FR\",\"potentialAction\":[{\"@type\":\"ReadAction\",\"target\":[\"https:\/\/courir-lemonde.com\/index.php\/2020\/02\/09\/lalentejo-a-velo-en-passant-par-evora\/\"]}]},{\"@type\":\"BreadcrumbList\",\"@id\":\"https:\/\/courir-lemonde.com\/index.php\/2020\/02\/09\/lalentejo-a-velo-en-passant-par-evora\/#breadcrumb\",\"itemListElement\":[{\"@type\":\"ListItem\",\"position\":1,\"name\":\"Accueil\",\"item\":\"https:\/\/courir-lemonde.com\/\"},{\"@type\":\"ListItem\",\"position\":2,\"name\":\"L&rsquo;Alentejo \u00e0 v\u00e9lo en passant par Evora\"}]},{\"@type\":\"WebSite\",\"@id\":\"https:\/\/courir-lemonde.com\/#website\",\"url\":\"https:\/\/courir-lemonde.com\/\",\"name\":\"Courir Le Monde\",\"description\":\"Le site de Valentin Chapalain, passionn\u00e9 d&#039;aventures et de voyages\",\"potentialAction\":[{\"@type\":\"SearchAction\",\"target\":{\"@type\":\"EntryPoint\",\"urlTemplate\":\"https:\/\/courir-lemonde.com\/?s={search_term_string}\"},\"query-input\":\"required name=search_term_string\"}],\"inLanguage\":\"fr-FR\"},{\"@type\":\"Person\",\"@id\":\"https:\/\/courir-lemonde.com\/#\/schema\/person\/baaa624d701d53d176c763f85b3114e4\",\"name\":\"Chap44\",\"image\":{\"@type\":\"ImageObject\",\"inLanguage\":\"fr-FR\",\"@id\":\"https:\/\/courir-lemonde.com\/#\/schema\/person\/image\/\",\"url\":\"https:\/\/secure.gravatar.com\/avatar\/f6a3fcbb365f597d6259be5c4dc6c05c?s=96&d=mm&r=g\",\"contentUrl\":\"https:\/\/secure.gravatar.com\/avatar\/f6a3fcbb365f597d6259be5c4dc6c05c?s=96&d=mm&r=g\",\"caption\":\"Chap44\"},\"url\":\"https:\/\/courir-lemonde.com\/index.php\/author\/chap331244\/\"}]}<\/script>\n<!-- \/ Yoast SEO plugin. -->","yoast_head_json":{"title":"L'Alentejo \u00e0 v\u00e9lo en passant par Evora - Courir Le Monde","robots":{"index":"index","follow":"follow","max-snippet":"max-snippet:-1","max-image-preview":"max-image-preview:large","max-video-preview":"max-video-preview:-1"},"canonical":"https:\/\/courir-lemonde.com\/index.php\/2020\/02\/09\/lalentejo-a-velo-en-passant-par-evora\/","og_locale":"fr_FR","og_type":"article","og_title":"L'Alentejo \u00e0 v\u00e9lo en passant par Evora - Courir Le Monde","og_description":"L\u00e9g\u00e8rement vallonn\u00e9e, la r\u00e9gion de l&rsquo;Alentejo se pr\u00eate bien au voyage \u00e0 v\u00e9lo (@courir-lemonde) Adios Espa\u00f1a. Bem Vindo a Portugal. Apr\u00e8s une dizaine de jours en Espagne, le Portugal est le second pays que nous parcourons lors de ce voyage &hellip; Continuer la lecture &rarr;","og_url":"https:\/\/courir-lemonde.com\/index.php\/2020\/02\/09\/lalentejo-a-velo-en-passant-par-evora\/","og_site_name":"Courir Le Monde","article_published_time":"2020-02-09T11:02:03+00:00","article_modified_time":"2020-04-10T17:25:39+00:00","og_image":[{"url":"https:\/\/courir-lemonde.com\/wp-content\/uploads\/2020\/02\/voyage-velo-alentejo-portugal.jpg"}],"author":"Chap44","twitter_card":"summary_large_image","twitter_misc":{"\u00c9crit par":"Chap44","Dur\u00e9e de lecture estim\u00e9e":"13 minutes"},"schema":{"@context":"https:\/\/schema.org","@graph":[{"@type":"WebPage","@id":"https:\/\/courir-lemonde.com\/index.php\/2020\/02\/09\/lalentejo-a-velo-en-passant-par-evora\/","url":"https:\/\/courir-lemonde.com\/index.php\/2020\/02\/09\/lalentejo-a-velo-en-passant-par-evora\/","name":"L'Alentejo \u00e0 v\u00e9lo en passant par Evora - Courir Le Monde","isPartOf":{"@id":"https:\/\/courir-lemonde.com\/#website"},"datePublished":"2020-02-09T11:02:03+00:00","dateModified":"2020-04-10T17:25:39+00:00","author":{"@id":"https:\/\/courir-lemonde.com\/#\/schema\/person\/baaa624d701d53d176c763f85b3114e4"},"breadcrumb":{"@id":"https:\/\/courir-lemonde.com\/index.php\/2020\/02\/09\/lalentejo-a-velo-en-passant-par-evora\/#breadcrumb"},"inLanguage":"fr-FR","potentialAction":[{"@type":"ReadAction","target":["https:\/\/courir-lemonde.com\/index.php\/2020\/02\/09\/lalentejo-a-velo-en-passant-par-evora\/"]}]},{"@type":"BreadcrumbList","@id":"https:\/\/courir-lemonde.com\/index.php\/2020\/02\/09\/lalentejo-a-velo-en-passant-par-evora\/#breadcrumb","itemListElement":[{"@type":"ListItem","position":1,"name":"Accueil","item":"https:\/\/courir-lemonde.com\/"},{"@type":"ListItem","position":2,"name":"L&rsquo;Alentejo \u00e0 v\u00e9lo en passant par Evora"}]},{"@type":"WebSite","@id":"https:\/\/courir-lemonde.com\/#website","url":"https:\/\/courir-lemonde.com\/","name":"Courir Le Monde","description":"Le site de Valentin Chapalain, passionn\u00e9 d&#039;aventures et de voyages","potentialAction":[{"@type":"SearchAction","target":{"@type":"EntryPoint","urlTemplate":"https:\/\/courir-lemonde.com\/?s={search_term_string}"},"query-input":"required name=search_term_string"}],"inLanguage":"fr-FR"},{"@type":"Person","@id":"https:\/\/courir-lemonde.com\/#\/schema\/person\/baaa624d701d53d176c763f85b3114e4","name":"Chap44","image":{"@type":"ImageObject","inLanguage":"fr-FR","@id":"https:\/\/courir-lemonde.com\/#\/schema\/person\/image\/","url":"https:\/\/secure.gravatar.com\/avatar\/f6a3fcbb365f597d6259be5c4dc6c05c?s=96&d=mm&r=g","contentUrl":"https:\/\/secure.gravatar.com\/avatar\/f6a3fcbb365f597d6259be5c4dc6c05c?s=96&d=mm&r=g","caption":"Chap44"},"url":"https:\/\/courir-lemonde.com\/index.php\/author\/chap331244\/"}]}},"_links":{"self":[{"href":"https:\/\/courir-lemonde.com\/index.php\/wp-json\/wp\/v2\/posts\/6062"}],"collection":[{"href":"https:\/\/courir-lemonde.com\/index.php\/wp-json\/wp\/v2\/posts"}],"about":[{"href":"https:\/\/courir-lemonde.com\/index.php\/wp-json\/wp\/v2\/types\/post"}],"author":[{"embeddable":true,"href":"https:\/\/courir-lemonde.com\/index.php\/wp-json\/wp\/v2\/users\/1"}],"replies":[{"embeddable":true,"href":"https:\/\/courir-lemonde.com\/index.php\/wp-json\/wp\/v2\/comments?post=6062"}],"version-history":[{"count":25,"href":"https:\/\/courir-lemonde.com\/index.php\/wp-json\/wp\/v2\/posts\/6062\/revisions"}],"predecessor-version":[{"id":6409,"href":"https:\/\/courir-lemonde.com\/index.php\/wp-json\/wp\/v2\/posts\/6062\/revisions\/6409"}],"wp:attachment":[{"href":"https:\/\/courir-lemonde.com\/index.php\/wp-json\/wp\/v2\/media?parent=6062"}],"wp:term":[{"taxonomy":"category","embeddable":true,"href":"https:\/\/courir-lemonde.com\/index.php\/wp-json\/wp\/v2\/categories?post=6062"},{"taxonomy":"post_tag","embeddable":true,"href":"https:\/\/courir-lemonde.com\/index.php\/wp-json\/wp\/v2\/tags?post=6062"}],"curies":[{"name":"wp","href":"https:\/\/api.w.org\/{rel}","templated":true}]}}