{"id":6264,"date":"2020-03-24T18:01:01","date_gmt":"2020-03-24T17:01:01","guid":{"rendered":"https:\/\/courir-lemonde.com\/?p=6264"},"modified":"2020-04-22T22:38:09","modified_gmt":"2020-04-22T21:38:09","slug":"les-6-voyages-et-aventures-de-mes-reves","status":"publish","type":"post","link":"https:\/\/courir-lemonde.com\/index.php\/2020\/03\/24\/les-6-voyages-et-aventures-de-mes-reves\/","title":{"rendered":"Les 6 voyages et aventures de mes r\u00eaves"},"content":{"rendered":"<p style=\"text-align: center;\"><a href=\"https:\/\/courir-lemonde.com\/wp-content\/uploads\/2020\/03\/randonn\u00e9e-lofoten-norvege.jpg\"><img loading=\"lazy\" decoding=\"async\" class=\"aligncenter wp-image-6348\" src=\"https:\/\/courir-lemonde.com\/wp-content\/uploads\/2020\/03\/randonn\u00e9e-lofoten-norvege.jpg\" alt=\"Randonn\u00e9e ile Lofoten en Norv\u00e8ge \" width=\"500\" height=\"378\" \/><\/a><em>Randonn\u00e9e \u00e0 la d\u00e9couverte des merveilles naturelles qu&rsquo;offrent les \u00eeles Lofoten en Norv\u00e8ge (@courir-lemonde)<\/em><\/p>\n<p style=\"text-align: justify;\"><em>En septembre 2016, j&rsquo;avais publi\u00e9 un article d\u00e9taillant<a href=\"https:\/\/courir-lemonde.com\/index.php\/2016\/09\/28\/les-10-voyages-de-mes-reves\/\"> les 10 voyages de mes r\u00eaves.<\/a> Depuis, j&rsquo;ai exhauss\u00e9 certains d&rsquo;entre eux comme parcourir <a href=\"https:\/\/courir-lemonde.com\/index.php\/2018\/10\/16\/voyage-a-velo-en-scandinavie-le-bilan-de-3-mois-daventure\/\">la Scandinavie \u00e0 v\u00e9lo <\/a>et arpenter <a href=\"https:\/\/courir-lemonde.com\/index.php\/category\/mes-voyages\/asie-sud-est\/laos\/\">le Laos.<\/a><br \/>\nJe profite de ce contexte de confinement pour actualiser ma \u00ab\u00a0to do list\u00a0\u00bb et faire le point sur mes r\u00eaves de voyage et mes envies d&rsquo;aventure. Si quelques projets \u00e9voqu\u00e9s il y a 4 ans sont toujours d&rsquo;actualit\u00e9, d&rsquo;autres ne le sont plus vraiment. Plus que jamais, je r\u00eave de Nature sauvage, de Grand Nord, de lacs glac\u00e9s, de toundra flamboyante et de vastes \u00e9tendues couvertes de neige immacul\u00e9e. Aussi, je fantasme de rencontres avec les peuples nomades de Sib\u00e9rie et les Inuits du Groenland, d&rsquo;aurores bor\u00e9ales, de nuits dans les yourtes mongoles et de fjords islandais. A l&rsquo;heure actuelle, ces mots et expressions me parlent beaucoup plus que des termes comme Seychelles, cocotiers, plage de sable fin, jungle luxuriante, Machu Pichu, atolls et snorkelling.<br \/>\n<\/em><em>Dans ce nouvel article, je vous d\u00e9voile 6 projets, 6 r\u00eaves de voyage qui trottent dans ma t\u00eate. Des aventures et que je compte vivre en solitaire ou avec mes proches dans les mois et ann\u00e9es \u00e0 venir. Vous \u00eates pr\u00eats \u00e0 embarquer ? Alors c&rsquo;est parti, cap au Nord et \u00e0 l&rsquo;Est ! <\/em><!--more--><\/p>\n<h2 style=\"text-align: center;\">1) Trek en Laponie sur le Kungsleden et le Nordkalottleden<br \/>\nde Jokkmokk (Su\u00e8de) \u00e0 Kautokeino (Norv\u00e8ge)<\/h2>\n<p style=\"text-align: justify;\">Localis\u00e9e dans le Nord de la Scandinavie, <strong>la Laponie est l&rsquo;une des r\u00e9gions les plus sauvages d&rsquo;Europe<\/strong>. C&rsquo;est la terre natale des Samis, peuple autochtone qui historiquement vivait de la p\u00eache et de l&rsquo;\u00e9levage de rennes sur les terres du Grand Nord.<br \/>\nPour explorer ces contr\u00e9es recul\u00e9es \u00e0 la Nature inviol\u00e9e, quelques grands sentiers de randonn\u00e9e existent. Ils se nomment <strong>Kungsleden (la voie royale en su\u00e9dois), Padjelantaleden ou encore Nordkalottleden.<\/strong><\/p>\n<p style=\"text-align: justify;\"><strong>A pied<\/strong>, <strong>mon id\u00e9e est de rejoindre Kautokeino, en Norv\u00e8ge au d\u00e9part de Jokkmokk, ville su\u00e9doise situ\u00e9e sur le Cercle Polaire Arctique.<\/strong><br \/>\n<strong>Ce trek en autonomie d&rsquo;environ 900 kilom\u00e8tres<\/strong> sur le<strong> Nordkalottleden et la Kungsleden<\/strong> me permettra de d\u00e9couvrir les immensit\u00e9s sauvages de Laponie que je n&rsquo;ai pas pu sillonner \u00e0 v\u00e9lo lors de mon voyage en Scandinavie. J&rsquo;ai h\u00e2te d&rsquo;arpenter les vastes \u00e9tendues du <strong>Sarek et du Padjelanta (Su\u00e8de),<\/strong> de<strong> K\u00e4sivarsi (Finlande) ou encore de \u00d8vre Dividal (Norv\u00e8ge). <\/strong><\/p>\n<p style=\"text-align: justify;\"><strong>A quelle p\u00e9riode ?<\/strong> <strong>A l&rsquo;automne, entre fin ao\u00fbt et fin octobre, pour profiter du \u00ab\u00a0ruska\u00a0\u00bb. <\/strong>Le \u00ab\u00a0ruska\u00a0\u00bb, c&rsquo;est la p\u00e9riode durant laquelle les immensit\u00e9s arctiques se parent de flamboyantes couleurs. Un festival de couleur que je veux voir de mes propres yeux. <strong><br \/>\nEn outre, \u00e0 cette saison, je pourrai<\/strong> contempler les premi\u00e8res<strong> aurores bor\u00e9ales<\/strong> qui indiquent le retour de l&rsquo;hiver et profiter des <strong>premi\u00e8res neiges<\/strong> qui peuvent \u00eatre pr\u00e9coces dans l&rsquo;extr\u00eame Nord de la Scandinavie.<\/p>\n<p style=\"text-align: center;\"><a href=\"https:\/\/courir-lemonde.com\/wp-content\/uploads\/2020\/03\/parc-national-sarek-suede-trekking-1.jpg\"><img loading=\"lazy\" decoding=\"async\" class=\"aligncenter wp-image-6350\" src=\"https:\/\/courir-lemonde.com\/wp-content\/uploads\/2020\/03\/parc-national-sarek-suede-trekking-1.jpg\" alt=\"Parc national du Sarek en Su\u00e8de \" width=\"500\" height=\"337\" \/><\/a><em>Le parc national du Sarek, en Laponie su\u00e9doise, est souvent qualifi\u00e9 de \u00ab\u00a0plus grande zone encore vierge\u00a0\u00bb d&rsquo;Europe (@Edoarmiola, wikipedia)<\/em><\/p>\n<p style=\"text-align: center;\"><a href=\"https:\/\/courir-lemonde.com\/wp-content\/uploads\/2020\/03\/kungsleden-laponie-suede-trail.jpg\"><img loading=\"lazy\" decoding=\"async\" class=\"aligncenter wp-image-6280\" src=\"https:\/\/courir-lemonde.com\/wp-content\/uploads\/2020\/03\/kungsleden-laponie-suede-trail.jpg\" alt=\"trekking sur la Kungsleden en Laponie su\u00e9doise \" width=\"501\" height=\"338\" \/><\/a><em>Vastes \u00e9tendues sauvages aux couleurs automnales sur la Kungsleden dans le Nord de la Su\u00e8de (@<a href=\"https:\/\/www.novo-monde.com\/trek-kungsleden-laponie-nikkaluokta\/\">www.novo-monde.com<\/a>)<\/em><\/p>\n<h2 style=\"text-align: center;\">2) L&rsquo;Europe de l&rsquo;Est \u00e0 v\u00e9lo, de la mer Baltique \u00e0 la mer Noire<\/h2>\n<p style=\"text-align: justify;\">L&rsquo;Europe de l&rsquo;Est m&rsquo;attire de longue date. D&rsquo;ailleurs, depuis 2013, j&rsquo;y ai effectu\u00e9 plusieurs p\u00e9r\u00e9grinations. En Pologne, en Slovaquie, en R\u00e9publique Tch\u00e8que, mais aussi en Bulgarie et dans les pays Baltes. Le plus souvent avec mon acolyte Arnaud.<br \/>\nDans le futur, <strong>j&rsquo;aspire \u00e0 poursuivre ma d\u00e9couverte de l&rsquo;Europe orientale<\/strong> dont l&rsquo;Histoire r\u00e9cente a \u00e9t\u00e9 grandement fa\u00e7onn\u00e9e par l&rsquo;URSS.<\/p>\n<p style=\"text-align: justify;\">En ce qui concerne l&rsquo;itin\u00e9raire, j&rsquo;imagine bien d\u00e9buter de Tallinn, en Estonie. Baign\u00e9e par la mer Baltique, la coquette capitale estonienne constitue un bon point de d\u00e9part. Ensuite, je\u00a0 sillonnerai<strong> les pays Baltes<\/strong> avant de parcourir l&rsquo;Est de <strong>la Pologne<\/strong> puis de m&rsquo;attaquer aux cols des <strong>Carpates ukrainiennes<\/strong>. Puis, je d\u00e9couvrirai<strong> la Moldavie,<\/strong> un pays m\u00e9connu mais \u00e0 la population au grand c\u0153ur parait-il. Enfin, en Ukraine, en Roumanie voire en Bulgarie, j&rsquo;irai embrasser les l\u00e8vres de la mer Noire.<br \/>\nEt pourquoi ne pas pousser jusqu&rsquo;\u00e0 <strong>Istanbul, une ville \u00e0 l&rsquo;Histoire captivante,<\/strong> que je r\u00eave de d\u00e9couvrir aussi ?<\/p>\n<p style=\"text-align: justify;\"><strong>A quelle p\u00e9riode ?<\/strong> Compte tendu de mes engagements professionnels, \u00e7a sera aussi certainement<strong> \u00e0 l&rsquo;automne entre le d\u00e9but du mois d&rsquo;octobre et la fin novembre.<\/strong><\/p>\n<p style=\"text-align: center;\"><a href=\"https:\/\/courir-lemonde.com\/wp-content\/uploads\/2020\/03\/voyage-velo-corse-bavella.jpg\"><img loading=\"lazy\" decoding=\"async\" class=\"aligncenter wp-image-6357\" src=\"https:\/\/courir-lemonde.com\/wp-content\/uploads\/2020\/03\/voyage-velo-corse-bavella.jpg\" alt=\"voyage a v\u00e9lo en Corse \" width=\"500\" height=\"378\" \/><\/a><em>Pour mon prochain grand voyage \u00e0 v\u00e9lo, je compte d\u00e9couvrir une partie de l&rsquo;Europe de l&rsquo;Est et rallier la mer Noire depuis la mer Baltique (@courir-lemonde)<\/em><\/p>\n<p style=\"text-align: center;\"><a href=\"https:\/\/courir-lemonde.com\/wp-content\/uploads\/2016\/12\/Kiev.jpg\"><img loading=\"lazy\" decoding=\"async\" class=\"aligncenter wp-image-2692\" src=\"https:\/\/courir-lemonde.com\/wp-content\/uploads\/2016\/12\/Kiev.jpg\" alt=\"Eglise Orthodoxe de Kiev \" width=\"500\" height=\"333\" \/><\/a><em>Kiev, la capitale ukrainienne (@ www.impulsetraveller.com)<\/em><\/p>\n<h2 style=\"text-align: center;\">3) Aventure combin\u00e9e en Islande et au Groenland<\/h2>\n<p style=\"text-align: justify;\">F\u00e9ru de contr\u00e9es nordiques, il aurait \u00e9t\u00e9 surprenant de ne pas trouver dans ma s\u00e9lection l&rsquo;Islande et le Groenland.<strong> Ces contr\u00e9es glac\u00e9es offrent des paysages \u00e9poustouflants <\/strong>et un admirable terrain de jeu pour les amoureux de randonn\u00e9es, et d&rsquo;espaces sauvages arctiques et polaires.<br \/>\nPour ce p\u00e9riple, j&rsquo;imagine bien <strong>un combo entre trekking et autostop pour allier la d\u00e9couverte des paysages et la rencontre des populations locales.<br \/>\n<\/strong>En <strong>Islande, une large mosa\u00efque de spectaculaires paysages<\/strong> attend le voyageur qui s&rsquo;y aventure<strong>.<\/strong> <strong>Immenses glaciers, fjords profonds, explosifs volcans ou encore virevoltantes cascades<\/strong>. De quoi en prendre plein les yeux !<br \/>\nQuant au <strong>Groenland<\/strong>, vaste territoire largement recouvert par l&rsquo;inlandsis (calotte glaciaire), il garanti une exp\u00e9dition incroyable entre <strong>les glaciers et les \u00e9tendues de toundra \u00e0 la rencontre des Inuits.<br \/>\nL&rsquo;Islande et le Groenland sont des<\/strong> <strong>terres de l\u2019extr\u00eame destin\u00e9es aux aventuriers qui n\u2019ont pas froid aux yeux.<br \/>\n<\/strong><br \/>\nA quelle p\u00e9riode ? Id\u00e9alement, <strong>plut\u00f4t en juin et en juillet pour profiter des longues journ\u00e9es d&rsquo;\u00e9t\u00e9. <\/strong>Cependant, l&rsquo;automne est \u00e9galement une belle saison pour d\u00e9couvrir l&rsquo;Islande qui est devenue tr\u00e8s touristique et le Groenland. <strong><br \/>\n<\/strong><\/p>\n<p style=\"text-align: center;\"><a href=\"https:\/\/courir-lemonde.com\/wp-content\/uploads\/2020\/03\/voyage-islande.jpg\"><img loading=\"lazy\" decoding=\"async\" class=\"aligncenter wp-image-6351\" src=\"https:\/\/courir-lemonde.com\/wp-content\/uploads\/2020\/03\/voyage-islande.jpg\" alt=\"Voyage randonn\u00e9e en Islande \" width=\"500\" height=\"378\" \/><\/a><em>Lors d&rsquo;un bref voyage en Islande avec mon ami Tom en 2013 (@courir-lemonde)<\/em><\/p>\n<p style=\"text-align: center;\"><a href=\"https:\/\/courir-lemonde.com\/wp-content\/uploads\/2016\/09\/Scoresbysund.jpg\"><img loading=\"lazy\" decoding=\"async\" class=\"aligncenter wp-image-2540\" src=\"https:\/\/courir-lemonde.com\/wp-content\/uploads\/2016\/09\/Scoresbysund.jpg\" alt=\"scoresbysund au Groenland \" width=\"501\" height=\"379\" \/><\/a><em>Le village de Scoresbysund est situ\u00e9 sur la c\u00f4te Est du Groenland (@courir-lemonde)<\/em><\/p>\n<h2 style=\"text-align: center;\">4) Dormir sous les yourtes et rouler sur les pistes de Mongolie<\/h2>\n<p style=\"text-align: justify;\"><strong>Direction l\u2019Asie centrale et le pays des steppes : la Mongolie. <\/strong><strong>Dormir dans une yourte et passer plusieurs jours avec une famille nomade est un r\u00eave.<br \/>\n<\/strong> Pour partir \u00e0 la d\u00e9couverte de la Mongolie, j&rsquo;imagine bien \u00e0 nouveau <strong>un voyage \u00e0 v\u00e9lo<\/strong>. Le parcours n&rsquo;est pas encore dessin\u00e9. Cependant, je sais que mon itin\u00e9raire passera par <strong>la capitale Oulan Bator, le desert de Goby et les montagnes de l\u2019Alta\u00ef. <\/strong>En outre, il pourrait commencer en Russie dans la r\u00e9gion de Irkoutsk pour se terminer au Kazakhstan. Des lieux qui me font r\u00eaver !<\/p>\n<p style=\"text-align: justify;\">A quelle p\u00e9riode ? <strong>Id\u00e9alement entre la fin du printemps et le milieu de l&rsquo;\u00e9t\u00e9.<\/strong> Pour s\u00fbr, j&rsquo;\u00e9viterai l&rsquo;hiver qui en Mongolie est marqu\u00e9 par des temp\u00e9ratures extr\u00eames et de violentes temp\u00eates. Pas l&rsquo;id\u00e9al lorsque l&rsquo;on voyage \u00e0 bicyclette.<\/p>\n<p style=\"text-align: center;\"><a href=\"https:\/\/courir-lemonde.com\/wp-content\/uploads\/2016\/09\/mongolie-paysages.jpg\"><img loading=\"lazy\" decoding=\"async\" class=\"aligncenter wp-image-2525\" src=\"https:\/\/courir-lemonde.com\/wp-content\/uploads\/2016\/09\/mongolie-paysages.jpg\" alt=\"Voyage en Mongolie \" width=\"500\" height=\"313\" \/><\/a><em>Les chevaux sont l\u2019un des\u00a0embl\u00e8mes\u00a0de la Mongolie (photo\u00a0www.top-vacances.fr\/)<\/em><\/p>\n<p style=\"text-align: center;\"><a href=\"https:\/\/courir-lemonde.com\/wp-content\/uploads\/2020\/03\/yourte-mongolie-1.jpg\"><img loading=\"lazy\" decoding=\"async\" class=\"aligncenter wp-image-6354\" src=\"https:\/\/courir-lemonde.com\/wp-content\/uploads\/2020\/03\/yourte-mongolie-1.jpg\" alt=\"trekking mongolie yourtes\" width=\"500\" height=\"322\" \/><\/a><em>En Mongolie, la yourte est le lieu d&rsquo;habitat traditionnel (@courir-lemonde)<\/em><\/p>\n<h2 style=\"text-align: center;\">5) Emprunter le Transsib\u00e9rien de Moscou \u00e0 Vladivostok afin d\u00e9couvrir la Sib\u00e9rie de l&rsquo;extr\u00eame orient russe et ses peuples nomades<\/h2>\n<p style=\"text-align: justify;\">La Russie est un pays que je trouve fascinant. Presque deux fois plus grand que le continent europ\u00e9en, la F\u00e9d\u00e9ration de Russie\u00a0s\u2019\u00e9tend sur onze fuseaux horaires ! <strong>Et pour traverser leur gigantesque territoire, les Russes ont construit le Transsib\u00e9rien<\/strong> au d\u00e9but du XX \u00e8me si\u00e8cle. Reliant Moscou \u00e0 Vladivostok, cette mythique voie de chemin de fer est le grand fantasme des aventuriers. <strong>Muni d\u2019une tasse de th\u00e9, de vodka russe et d&rsquo;un bon livre, je me vois bien embarquer pour ce trajet grandeur nature de plus de 9000 kilom\u00e8tres avec quelques fid\u00e8les camarades.<\/strong><\/p>\n<p style=\"text-align: justify;\">Par ailleurs, depuis longtemps, j<strong>e r\u00eave de rencontrer les peuples nomades de Sib\u00e9rie que sont les Ev\u00e8nes ou les N\u00e9n\u00e8tses<\/strong> par exemple. Cependant, il faudra que je sorte des sentiers battus du Transsib\u00e9rien (en stop certainement) pour aller \u00e0 la rencontre de ses peuples autochtones de Sib\u00e9rie.<\/p>\n<p style=\"text-align: justify;\"><strong>A quelle p\u00e9riode ?<\/strong> Comme ce voyage en Russie se ferait en train et en stop, toutes les p\u00e9riodes pourraient \u00eatre int\u00e9ressantes.<\/p>\n<p style=\"text-align: center;\"><a href=\"https:\/\/courir-lemonde.com\/wp-content\/uploads\/2020\/03\/yakoutie-eleveur-rennes-1.jpg\"><img loading=\"lazy\" decoding=\"async\" class=\"aligncenter wp-image-6353\" src=\"https:\/\/courir-lemonde.com\/wp-content\/uploads\/2020\/03\/yakoutie-eleveur-rennes-1.jpg\" alt=\"trekking sib\u00e9rie rencontre eleveur de rennes\" width=\"500\" height=\"337\" \/><\/a><em>Localis\u00e9e dans le Nord-Est de la Sib\u00e9rie, la Yakoutie est une r\u00e9gion qui me fascine depuis longtemps. Des populations nomades comme les Ev\u00e8nes y vivent (<a href=\"https:\/\/www.terdav.be\">www.terdav.be<\/a>) <\/em><\/p>\n<p style=\"text-align: center;\"><a href=\"https:\/\/courir-lemonde.com\/wp-content\/uploads\/2016\/09\/lac-baikal.jpg\"><img loading=\"lazy\" decoding=\"async\" class=\"aligncenter wp-image-2526\" src=\"https:\/\/courir-lemonde.com\/wp-content\/uploads\/2016\/09\/lac-baikal.jpg\" alt=\"Le lac Baikal en Sib\u00e9rie Russie\" width=\"500\" height=\"337\" \/><\/a><em>Belles couleurs sur le lac Baikal encore bien englac\u00e9 au mois de mars (photo\u00a0http:\/\/www.parismatch.com\/)<\/em><\/p>\n<h2 style=\"text-align: center;\">6) De la France au Cap Nord en stop en hiver<br \/>\nDans la neige et la nuit polaire \u00e0 contempler les aurores bor\u00e9ales<\/h2>\n<p style=\"text-align: justify;\">Vous l&rsquo;avez compris, <strong>je suis attir\u00e9 par la Scandinavie<\/strong>. Cette r\u00e9gion me passionne depuis mon plus jeune \u00e2ge et je veux la d\u00e9couvrir \u00e0 toutes les saisons.<br \/>\nEn 2018, j&rsquo;ai parcouru<strong> la Scandinavie en \u00e9t\u00e9 durant 3 mois et \u00e0 v\u00e9lo<\/strong>. J&rsquo;y ai d\u00e9couvert de fantastiques paysages et rencontr\u00e9 les Danois, les Norv\u00e9giens, les Su\u00e9dois et les Finlandais.<br \/>\nVous l&rsquo;avez lu (c&rsquo;est mon r\u00eave d&rsquo;aventure num\u00e9ro 1), je souhaite aussi <strong>arpenter le Grand Nord scandinave \u00e0 pied et en automne<\/strong> afin de jouir de la p\u00e9riode du \u00ab\u00a0ruska\u00a0\u00bb qui a le don de sublimer les immensit\u00e9s sauvages de Laponie.<\/p>\n<p style=\"text-align: justify;\">Mais ce n&rsquo;est pas tout. <strong>Je tiens \u00e0 d\u00e9couvrir la Scandinavie par\u00e9e de sa tenue hivernale, dans l&rsquo;obscurit\u00e9 de la nuit polaire.<\/strong> Je suis curieux de traverser ses vastes \u00e9tendues recouvertes d&rsquo;un \u00e9pais manteau neigeux et de voir comment les Scandinaves vivent durant les longues nuits d&rsquo;hiver \u00e0 ces latitudes. Ambitieux compte tenu des faibles densit\u00e9s de population et de la rigueur du climat,<strong> le stop m&rsquo;apparait n\u00e9anmoins comme le meilleur moyen de d\u00e9couvrir la Scandinavie \u00e0 cette p\u00e9riode.<\/strong> Surtout dans l&rsquo;optique d&rsquo;y faire des rencontres. Encore plus que le v\u00e9lo, le stop est un facilitateur de rencontre, un moyen id\u00e9al pour entrer en contact avec les locaux.<\/p>\n<p style=\"text-align: justify;\"><strong>A quelle p\u00e9riode<\/strong> ? Je souhaite vivre cette aventure nordique <strong>entre d\u00e9but janvier et mi mars. <\/strong>A cette saison, <strong>la neige devrait \u00eatre bien install\u00e9e et les aurores bor\u00e9ales<\/strong> magnifieront les longues nuits polaires.<\/p>\n<p style=\"text-align: center;\"><a href=\"https:\/\/courir-lemonde.com\/wp-content\/uploads\/2020\/03\/aurore-boreale-lofoten-norvege-routard-1.jpg\"><img loading=\"lazy\" decoding=\"async\" class=\"aligncenter wp-image-6352\" src=\"https:\/\/courir-lemonde.com\/wp-content\/uploads\/2020\/03\/aurore-boreale-lofoten-norvege-routard-1.jpg\" alt=\"aurores bor\u00e9ales en Norv\u00e8ge ile Lofoten\" width=\"500\" height=\"347\" \/><\/a><em>Aurores bor\u00e9ales aux \u00celes Lofoten (kwasny221 &#8211; stock.adobe.com)<\/em><\/p>\n<p style=\"text-align: center;\"><a href=\"https:\/\/courir-lemonde.com\/wp-content\/uploads\/2020\/03\/lac-norvege-trondheim.jpg\"><img loading=\"lazy\" decoding=\"async\" class=\"aligncenter wp-image-6355\" src=\"https:\/\/courir-lemonde.com\/wp-content\/uploads\/2020\/03\/lac-norvege-trondheim.jpg\" alt=\"Lac en Norv\u00e8ge \" width=\"500\" height=\"378\" \/><\/a><em>Lors de mon voyage \u00e0 v\u00e9lo en Scandinavie, j&rsquo;ai d\u00e9couvert les terres du Grand Nord en \u00e9t\u00e9. Je souhaite aussi les parcourir en hiver lorsqu&rsquo;elles seront recouvertes de neige durant la nuit polaire (@courir-lemonde)<\/em><\/p>\n<p>Et vous quels sont vos r\u00eaves de voyage ? \ud83d\ude42<\/p>\n","protected":false},"excerpt":{"rendered":"<p>Randonn\u00e9e \u00e0 la d\u00e9couverte des merveilles naturelles qu&rsquo;offrent les \u00eeles Lofoten en Norv\u00e8ge (@courir-lemonde) En septembre 2016, j&rsquo;avais publi\u00e9 un article d\u00e9taillant les 10 voyages de mes r\u00eaves. Depuis, j&rsquo;ai exhauss\u00e9 certains d&rsquo;entre eux comme parcourir la Scandinavie \u00e0 v\u00e9lo &hellip; <a href=\"https:\/\/courir-lemonde.com\/index.php\/2020\/03\/24\/les-6-voyages-et-aventures-de-mes-reves\/\">Continuer la lecture <span class=\"meta-nav\">&rarr;<\/span><\/a><\/p>\n","protected":false},"author":1,"featured_media":0,"comment_status":"open","ping_status":"open","sticky":false,"template":"","format":"standard","meta":{"footnotes":""},"categories":[351],"tags":[487,432,459,47,199,50,206,233],"yoast_head":"<!-- This site is optimized with the Yoast SEO plugin v21.8.1 - https:\/\/yoast.com\/wordpress\/plugins\/seo\/ -->\n<title>Les 6 voyages et aventures de mes r\u00eaves - Courir Le Monde<\/title>\n<meta name=\"robots\" content=\"index, follow, max-snippet:-1, max-image-preview:large, max-video-preview:-1\" \/>\n<link rel=\"canonical\" href=\"https:\/\/courir-lemonde.com\/index.php\/2020\/03\/24\/les-6-voyages-et-aventures-de-mes-reves\/\" \/>\n<meta property=\"og:locale\" content=\"fr_FR\" \/>\n<meta property=\"og:type\" content=\"article\" \/>\n<meta property=\"og:title\" content=\"Les 6 voyages et aventures de mes r\u00eaves - Courir Le Monde\" \/>\n<meta property=\"og:description\" content=\"Randonn\u00e9e \u00e0 la d\u00e9couverte des merveilles naturelles qu&rsquo;offrent les \u00eeles Lofoten en Norv\u00e8ge (@courir-lemonde) En septembre 2016, j&rsquo;avais publi\u00e9 un article d\u00e9taillant les 10 voyages de mes r\u00eaves. Depuis, j&rsquo;ai exhauss\u00e9 certains d&rsquo;entre eux comme parcourir la Scandinavie \u00e0 v\u00e9lo &hellip; Continuer la lecture &rarr;\" \/>\n<meta property=\"og:url\" content=\"https:\/\/courir-lemonde.com\/index.php\/2020\/03\/24\/les-6-voyages-et-aventures-de-mes-reves\/\" \/>\n<meta property=\"og:site_name\" content=\"Courir Le Monde\" \/>\n<meta property=\"article:published_time\" content=\"2020-03-24T17:01:01+00:00\" \/>\n<meta property=\"article:modified_time\" content=\"2020-04-22T21:38:09+00:00\" \/>\n<meta property=\"og:image\" content=\"https:\/\/courir-lemonde.com\/wp-content\/uploads\/2020\/03\/randonn\u00e9e-lofoten-norvege.jpg\" \/>\n<meta name=\"author\" content=\"Chap44\" \/>\n<meta name=\"twitter:card\" content=\"summary_large_image\" \/>\n<meta name=\"twitter:label1\" content=\"\u00c9crit par\" \/>\n\t<meta name=\"twitter:data1\" content=\"Chap44\" \/>\n\t<meta name=\"twitter:label2\" content=\"Dur\u00e9e de lecture estim\u00e9e\" \/>\n\t<meta name=\"twitter:data2\" content=\"9 minutes\" \/>\n<script type=\"application\/ld+json\" class=\"yoast-schema-graph\">{\"@context\":\"https:\/\/schema.org\",\"@graph\":[{\"@type\":\"WebPage\",\"@id\":\"https:\/\/courir-lemonde.com\/index.php\/2020\/03\/24\/les-6-voyages-et-aventures-de-mes-reves\/\",\"url\":\"https:\/\/courir-lemonde.com\/index.php\/2020\/03\/24\/les-6-voyages-et-aventures-de-mes-reves\/\",\"name\":\"Les 6 voyages et aventures de mes r\u00eaves - Courir Le Monde\",\"isPartOf\":{\"@id\":\"https:\/\/courir-lemonde.com\/#website\"},\"datePublished\":\"2020-03-24T17:01:01+00:00\",\"dateModified\":\"2020-04-22T21:38:09+00:00\",\"author\":{\"@id\":\"https:\/\/courir-lemonde.com\/#\/schema\/person\/baaa624d701d53d176c763f85b3114e4\"},\"breadcrumb\":{\"@id\":\"https:\/\/courir-lemonde.com\/index.php\/2020\/03\/24\/les-6-voyages-et-aventures-de-mes-reves\/#breadcrumb\"},\"inLanguage\":\"fr-FR\",\"potentialAction\":[{\"@type\":\"ReadAction\",\"target\":[\"https:\/\/courir-lemonde.com\/index.php\/2020\/03\/24\/les-6-voyages-et-aventures-de-mes-reves\/\"]}]},{\"@type\":\"BreadcrumbList\",\"@id\":\"https:\/\/courir-lemonde.com\/index.php\/2020\/03\/24\/les-6-voyages-et-aventures-de-mes-reves\/#breadcrumb\",\"itemListElement\":[{\"@type\":\"ListItem\",\"position\":1,\"name\":\"Accueil\",\"item\":\"https:\/\/courir-lemonde.com\/\"},{\"@type\":\"ListItem\",\"position\":2,\"name\":\"Les 6 voyages et aventures de mes r\u00eaves\"}]},{\"@type\":\"WebSite\",\"@id\":\"https:\/\/courir-lemonde.com\/#website\",\"url\":\"https:\/\/courir-lemonde.com\/\",\"name\":\"Courir Le Monde\",\"description\":\"Le site de Valentin Chapalain, passionn\u00e9 d&#039;aventures et de voyages\",\"potentialAction\":[{\"@type\":\"SearchAction\",\"target\":{\"@type\":\"EntryPoint\",\"urlTemplate\":\"https:\/\/courir-lemonde.com\/?s={search_term_string}\"},\"query-input\":\"required name=search_term_string\"}],\"inLanguage\":\"fr-FR\"},{\"@type\":\"Person\",\"@id\":\"https:\/\/courir-lemonde.com\/#\/schema\/person\/baaa624d701d53d176c763f85b3114e4\",\"name\":\"Chap44\",\"image\":{\"@type\":\"ImageObject\",\"inLanguage\":\"fr-FR\",\"@id\":\"https:\/\/courir-lemonde.com\/#\/schema\/person\/image\/\",\"url\":\"https:\/\/secure.gravatar.com\/avatar\/f6a3fcbb365f597d6259be5c4dc6c05c?s=96&d=mm&r=g\",\"contentUrl\":\"https:\/\/secure.gravatar.com\/avatar\/f6a3fcbb365f597d6259be5c4dc6c05c?s=96&d=mm&r=g\",\"caption\":\"Chap44\"},\"url\":\"https:\/\/courir-lemonde.com\/index.php\/author\/chap331244\/\"}]}<\/script>\n<!-- \/ Yoast SEO plugin. -->","yoast_head_json":{"title":"Les 6 voyages et aventures de mes r\u00eaves - Courir Le Monde","robots":{"index":"index","follow":"follow","max-snippet":"max-snippet:-1","max-image-preview":"max-image-preview:large","max-video-preview":"max-video-preview:-1"},"canonical":"https:\/\/courir-lemonde.com\/index.php\/2020\/03\/24\/les-6-voyages-et-aventures-de-mes-reves\/","og_locale":"fr_FR","og_type":"article","og_title":"Les 6 voyages et aventures de mes r\u00eaves - Courir Le Monde","og_description":"Randonn\u00e9e \u00e0 la d\u00e9couverte des merveilles naturelles qu&rsquo;offrent les \u00eeles Lofoten en Norv\u00e8ge (@courir-lemonde) En septembre 2016, j&rsquo;avais publi\u00e9 un article d\u00e9taillant les 10 voyages de mes r\u00eaves. Depuis, j&rsquo;ai exhauss\u00e9 certains d&rsquo;entre eux comme parcourir la Scandinavie \u00e0 v\u00e9lo &hellip; Continuer la lecture &rarr;","og_url":"https:\/\/courir-lemonde.com\/index.php\/2020\/03\/24\/les-6-voyages-et-aventures-de-mes-reves\/","og_site_name":"Courir Le Monde","article_published_time":"2020-03-24T17:01:01+00:00","article_modified_time":"2020-04-22T21:38:09+00:00","og_image":[{"url":"https:\/\/courir-lemonde.com\/wp-content\/uploads\/2020\/03\/randonn\u00e9e-lofoten-norvege.jpg"}],"author":"Chap44","twitter_card":"summary_large_image","twitter_misc":{"\u00c9crit par":"Chap44","Dur\u00e9e de lecture estim\u00e9e":"9 minutes"},"schema":{"@context":"https:\/\/schema.org","@graph":[{"@type":"WebPage","@id":"https:\/\/courir-lemonde.com\/index.php\/2020\/03\/24\/les-6-voyages-et-aventures-de-mes-reves\/","url":"https:\/\/courir-lemonde.com\/index.php\/2020\/03\/24\/les-6-voyages-et-aventures-de-mes-reves\/","name":"Les 6 voyages et aventures de mes r\u00eaves - Courir Le Monde","isPartOf":{"@id":"https:\/\/courir-lemonde.com\/#website"},"datePublished":"2020-03-24T17:01:01+00:00","dateModified":"2020-04-22T21:38:09+00:00","author":{"@id":"https:\/\/courir-lemonde.com\/#\/schema\/person\/baaa624d701d53d176c763f85b3114e4"},"breadcrumb":{"@id":"https:\/\/courir-lemonde.com\/index.php\/2020\/03\/24\/les-6-voyages-et-aventures-de-mes-reves\/#breadcrumb"},"inLanguage":"fr-FR","potentialAction":[{"@type":"ReadAction","target":["https:\/\/courir-lemonde.com\/index.php\/2020\/03\/24\/les-6-voyages-et-aventures-de-mes-reves\/"]}]},{"@type":"BreadcrumbList","@id":"https:\/\/courir-lemonde.com\/index.php\/2020\/03\/24\/les-6-voyages-et-aventures-de-mes-reves\/#breadcrumb","itemListElement":[{"@type":"ListItem","position":1,"name":"Accueil","item":"https:\/\/courir-lemonde.com\/"},{"@type":"ListItem","position":2,"name":"Les 6 voyages et aventures de mes r\u00eaves"}]},{"@type":"WebSite","@id":"https:\/\/courir-lemonde.com\/#website","url":"https:\/\/courir-lemonde.com\/","name":"Courir Le Monde","description":"Le site de Valentin Chapalain, passionn\u00e9 d&#039;aventures et de voyages","potentialAction":[{"@type":"SearchAction","target":{"@type":"EntryPoint","urlTemplate":"https:\/\/courir-lemonde.com\/?s={search_term_string}"},"query-input":"required name=search_term_string"}],"inLanguage":"fr-FR"},{"@type":"Person","@id":"https:\/\/courir-lemonde.com\/#\/schema\/person\/baaa624d701d53d176c763f85b3114e4","name":"Chap44","image":{"@type":"ImageObject","inLanguage":"fr-FR","@id":"https:\/\/courir-lemonde.com\/#\/schema\/person\/image\/","url":"https:\/\/secure.gravatar.com\/avatar\/f6a3fcbb365f597d6259be5c4dc6c05c?s=96&d=mm&r=g","contentUrl":"https:\/\/secure.gravatar.com\/avatar\/f6a3fcbb365f597d6259be5c4dc6c05c?s=96&d=mm&r=g","caption":"Chap44"},"url":"https:\/\/courir-lemonde.com\/index.php\/author\/chap331244\/"}]}},"_links":{"self":[{"href":"https:\/\/courir-lemonde.com\/index.php\/wp-json\/wp\/v2\/posts\/6264"}],"collection":[{"href":"https:\/\/courir-lemonde.com\/index.php\/wp-json\/wp\/v2\/posts"}],"about":[{"href":"https:\/\/courir-lemonde.com\/index.php\/wp-json\/wp\/v2\/types\/post"}],"author":[{"embeddable":true,"href":"https:\/\/courir-lemonde.com\/index.php\/wp-json\/wp\/v2\/users\/1"}],"replies":[{"embeddable":true,"href":"https:\/\/courir-lemonde.com\/index.php\/wp-json\/wp\/v2\/comments?post=6264"}],"version-history":[{"count":20,"href":"https:\/\/courir-lemonde.com\/index.php\/wp-json\/wp\/v2\/posts\/6264\/revisions"}],"predecessor-version":[{"id":6486,"href":"https:\/\/courir-lemonde.com\/index.php\/wp-json\/wp\/v2\/posts\/6264\/revisions\/6486"}],"wp:attachment":[{"href":"https:\/\/courir-lemonde.com\/index.php\/wp-json\/wp\/v2\/media?parent=6264"}],"wp:term":[{"taxonomy":"category","embeddable":true,"href":"https:\/\/courir-lemonde.com\/index.php\/wp-json\/wp\/v2\/categories?post=6264"},{"taxonomy":"post_tag","embeddable":true,"href":"https:\/\/courir-lemonde.com\/index.php\/wp-json\/wp\/v2\/tags?post=6264"}],"curies":[{"name":"wp","href":"https:\/\/api.w.org\/{rel}","templated":true}]}}