{"id":6653,"date":"2021-02-20T23:43:00","date_gmt":"2021-02-20T22:43:00","guid":{"rendered":"https:\/\/courir-lemonde.com\/?p=6653"},"modified":"2021-02-21T08:18:18","modified_gmt":"2021-02-21T07:18:18","slug":"road-trip-hivernal-en-suisse-montreux-fribourg-et-randonnee-dans-le-parc-naturel-du-gantrisch","status":"publish","type":"post","link":"https:\/\/courir-lemonde.com\/index.php\/2021\/02\/20\/road-trip-hivernal-en-suisse-montreux-fribourg-et-randonnee-dans-le-parc-naturel-du-gantrisch\/","title":{"rendered":"Road trip hivernal en Suisse : Montreux, Fribourg et randonn\u00e9e dans le parc naturel du Gantrisch"},"content":{"rendered":"<p style=\"text-align: center;\"><a href=\"https:\/\/courir-lemonde.com\/wp-content\/uploads\/2021\/01\/IMG_1293-min-scaled.jpg\"><img loading=\"lazy\" decoding=\"async\" class=\"aligncenter wp-image-6674\" src=\"https:\/\/courir-lemonde.com\/wp-content\/uploads\/2021\/01\/IMG_1293-min-scaled.jpg\" alt=\"randonn\u00e9e dans le parc naturel du Gantrisch pr\u00e8s de Berne\" width=\"500\" height=\"378\" \/><\/a><em>La d\u00e9couverte de la Suisse en hiver rime forc\u00e9ment avec balade dans la neige<br \/>\n(courir-lemonde)<\/em><\/p>\n<p style=\"text-align: justify;\"><em>En mai 2019, nous avions effectu\u00e9 un joli <a href=\"https:\/\/courir-lemonde.com\/index.php\/2019\/05\/27\/voyage-en-suisse-road-trip-du-lac-leman-au-lac-des-quatre-cantons\/\">road trip en Suisse entre le lac L\u00e9man et le lac des Quatre Cantons<\/a> avec nos amis Yohan et Ella. En ce d\u00e9but d&rsquo;ann\u00e9e, juste avant la fermeture de la fronti\u00e8re avec la Suisse, nous avons renouvel\u00e9 l&rsquo;exp\u00e9rience afin d&rsquo;approfondir notre connaissance du voisin helv\u00e9tique. Le temps d&rsquo;un week-end, nous avons rayonn\u00e9 \u00e0 la d\u00e9couverte des cantons de Vaud, de Fribourg et de Berne. Entre les randonn\u00e9es dans le parc naturel du Gantrisch et les visites de villes (Montreux et Fribourg), nous avons appr\u00e9ci\u00e9 ce bol d&rsquo;air frais dans les paysages enneig\u00e9s de Suisse.<br \/>\n<\/em><!--more--><\/p>\n<p><em>Nos coups de c\u0153ur pour ce road trip en Suisse \ud83d\ude42<br \/>\n<\/em><\/p>\n<ul>\n<li><em>Le village de Guggisberg (Elisa et Valentin)<br \/>\n<\/em><\/li>\n<li><em>La ville m\u00e9di\u00e9vale de Fribourg (Valentin)<br \/>\n<\/em><\/li>\n<li><em>Montreux et son d\u00e9cor de carte postale entre le lac L\u00e9man et les Alpes (Valentin)<br \/>\n<\/em><\/li>\n<li><em>Le lac Noir dans le canton du Fribourg (Elisa et Valentin) <\/em><\/li>\n<li><em>Les randonn\u00e9es enneig\u00e9es dans le parc naturel du Gantrisch (Elisa et Valentin)<\/em><\/li>\n<\/ul>\n<h2 style=\"text-align: center;\">Notre parcours entre les cantons de Vaud, de Fribourg et de Berne<\/h2>\n<p style=\"text-align: center;\"><a href=\"https:\/\/courir-lemonde.com\/wp-content\/uploads\/2021\/01\/carte-road-trip-suisse.png\"><img loading=\"lazy\" decoding=\"async\" class=\"aligncenter wp-image-6683\" src=\"https:\/\/courir-lemonde.com\/wp-content\/uploads\/2021\/01\/carte-road-trip-suisse.png\" alt=\"parcours road trip hivernal en Suisse\" width=\"501\" height=\"363\" \/><\/a><em>Le parcours de notre road trip en Suisse. Montreux, le lac Noir, Guggisberg et Fribourg ont \u00e9t\u00e9 les temps forts du p\u00e9riple (courir-lemonde)<\/em><\/p>\n<p style=\"text-align: justify;\">Au d\u00e9part de la station thermale d&rsquo;Evian les Bains en France, nous avons coup\u00e9 la fronti\u00e8re suisse avant de rejoindre <strong>Montreux, tout \u00e0 l&rsquo;est du Lac L\u00e9man.<\/strong> Puis, direction l&rsquo;int\u00e9rieur de la Suisse avec<strong> la ville m\u00e9di\u00e9vale de Fribourg<\/strong> o\u00f9 nous avons pass\u00e9 la nuit et le <strong>parc naturel de Gantrisch<\/strong> o\u00f9 nous avons randonn\u00e9 en moyenne montagne. Un court <strong>road trip en Suisse d&rsquo;environ 300 kilom\u00e8tres<\/strong> par un beau week-end de janvier.<\/p>\n<h2 style=\"text-align: center;\">Halte \u00e0 Montreux sur les rives du lac L\u00e9man &#8211; canton de Vaud<\/h2>\n<p style=\"text-align: justify;\">En d\u00e9but de journ\u00e9e, nous traversons la fronti\u00e8re suisse \u00e0 Saint-Gingolph. Sans le moindre contr\u00f4le au poste fronti\u00e8re, nous voil\u00e0 en Suisse. Rapidement, nous atteignons la ville de Montreux o\u00f9 nous souhaitons faire une premi\u00e8re halte.<br \/>\nPeupl\u00e9e par 26 000 habitants, <strong>Montreux jouit d&rsquo;une situation g\u00e9ographique exceptionnelle<\/strong>. Baign\u00e9 par la rive orientale du lac L\u00e9man et surplomb\u00e9 de hautes cimes, Montreux b\u00e9n\u00e9ficie d&rsquo;un cadre de vie somptueux. La ville est r\u00e9put\u00e9e pour son <strong>microclimat<\/strong> (les montagnes la prot\u00e8gent de la bise) ainsi que son <strong>festival de jazz<\/strong> qui se d\u00e9roule en juillet.<br \/>\nSous le soleil, nous appr\u00e9cions <strong>la promenade p\u00e9destre le long du lac L\u00e9man<\/strong>. Une myriade de sculptures et des plantes et des arbres m\u00e9diterran\u00e9ens bordent la balade o\u00f9 Montreusiens et visiteurs marchent et r\u00eavassent. Depuis Montreux, <strong>la vue sur le massif du Chablais (France) et les Alpes Suisses est spectaculaire<\/strong>.<\/p>\n<p style=\"text-align: center;\"><a href=\"https:\/\/courir-lemonde.com\/wp-content\/uploads\/2021\/01\/IMG_1208-min-scaled.jpg\"><img loading=\"lazy\" decoding=\"async\" class=\"aligncenter wp-image-6658\" src=\"https:\/\/courir-lemonde.com\/wp-content\/uploads\/2021\/01\/IMG_1208-min-scaled.jpg\" alt=\"Balade sur les bords du lac L\u00e9man \u00e0 Montreux \" width=\"500\" height=\"378\" \/><\/a><em>Les bords du lac L\u00e9man \u00e0 Montreux (courir-lemonde)<br \/>\n<\/em><\/p>\n<p style=\"text-align: center;\"><a href=\"https:\/\/courir-lemonde.com\/wp-content\/uploads\/2021\/01\/IMG_1215-min-scaled.jpg\"><img loading=\"lazy\" decoding=\"async\" class=\"aligncenter wp-image-6659\" src=\"https:\/\/courir-lemonde.com\/wp-content\/uploads\/2021\/01\/IMG_1215-min-scaled.jpg\" alt=\"lac L\u00e9man \u00e0 Montreux \" width=\"500\" height=\"378\" \/><\/a><\/p>\n<p style=\"text-align: center;\"><a href=\"https:\/\/courir-lemonde.com\/wp-content\/uploads\/2021\/01\/IMG_1217-min-scaled.jpg\"><img loading=\"lazy\" decoding=\"async\" class=\"aligncenter wp-image-6660\" src=\"https:\/\/courir-lemonde.com\/wp-content\/uploads\/2021\/01\/IMG_1217-min-scaled.jpg\" alt=\"les montagnes de Suisse depuis Montreux \" width=\"500\" height=\"378\" \/><\/a><em>Depuis Montreux, vue sur les Alpes suisses (courir-lemonde)<\/em><\/p>\n<p style=\"text-align: center;\"><a href=\"https:\/\/courir-lemonde.com\/wp-content\/uploads\/2021\/01\/IMG_1221-min-scaled.jpg\"><img loading=\"lazy\" decoding=\"async\" class=\"aligncenter wp-image-6661\" src=\"https:\/\/courir-lemonde.com\/wp-content\/uploads\/2021\/01\/IMG_1221-min-scaled.jpg\" alt=\"statue le long du lac L\u00e9man \u00e0 Montreux \" width=\"500\" height=\"378\" \/><\/a><em>Statue du gymnaste multiple m\u00e9daill\u00e9 olympique Li Ning le long de la balade du lac L\u00e9man \u00e0 Montreux (courir-lemonde)<\/em><\/p>\n<h2 style=\"text-align: center;\">Randonn\u00e9e au <span class=\"aCOpRe\">Schwarzsee<\/span> (le lac Noir) &#8211; canton de Fribourg<\/h2>\n<p style=\"text-align: justify;\">Apr\u00e8s Montreux, nous roulons vers le nord. Notre objectif : atteindre le <strong><span class=\"aCOpRe\">Schwarzsee<\/span> (le lac Noir)<\/strong> pour effectuer une courte randonn\u00e9e que j&rsquo;ai rep\u00e9r\u00e9 sur l&rsquo;excellent site<a href=\"https:\/\/www.myswitzerland.com\"> My Switzerland<\/a>.<br \/>\nNous ne b\u00e9n\u00e9ficions pas de la <strong>vignette qui donne acc\u00e8s au r\u00e9seau autoroutier suisse<\/strong> (co\u00fbt de 40 euros pour un an) et \u00e0 vrai dire comme les distances ne sont pas importantes pour ce road trip, nous pr\u00e9f\u00e9rons <strong>emprunter les petites routes. <\/strong>Nous d\u00e9couvrons<strong> les charmes de la campagne suisse habill\u00e9e d&rsquo;un \u00e9pais manteau de neige. <\/strong>Pr\u00e8s de Bulle, dans la r\u00e9gion de la Gruy\u00e8re o\u00f9 <a href=\"https:\/\/courir-lemonde.com\/index.php\/2019\/05\/27\/voyage-en-suisse-road-trip-du-lac-leman-au-lac-des-quatre-cantons\/\">nous \u00e9tions pass\u00e9 en 2019 avec Yohan et Ella<\/a>, c&rsquo;est l&rsquo;heure de la pause pique-nique. En qu\u00eate d&rsquo;un endroit tranquille, nous bifurquons sur une minuscule route de campagne qui fend les champs blancs. Attention, \u00e7a glisse ! La chauss\u00e9e n&rsquo;est pas sal\u00e9e.<\/p>\n<p style=\"text-align: justify;\">Le relief s&rsquo;accentue apr\u00e8s le lac de la Gruy\u00e8re. Les sommets des <strong>pr\u00e9alpes fribourgeoises et bernoises<\/strong> se dessinent. Les lacets se succ\u00e8dent et nous m\u00e8nent au <strong><span class=\"aCOpRe\">lac Noir. Schwarzsee est une petite station de ski. <\/span><\/strong><span class=\"aCOpRe\">A notre arriv\u00e9e, nous sommes surpris de voir autant de monde. Eh oui, contrairement \u00e0 la France, les remont\u00e9es m\u00e9caniques fonctionnent ici. Les Suisses s&rsquo;en donnent \u00e0 c\u0153ur joie sur les pistes. De notre c\u00f4t\u00e9, nous entamons <a href=\"https:\/\/www.myswitzerland.com\/fr-fr\/decouvrir\/route\/seerundweg-schwarzsee\/\"><strong>une randonn\u00e9e hivernale de 4 kilom\u00e8tres autour du lac noir<\/strong><\/a>. Le lac est compl\u00e8tement gel\u00e9 et emmitoufl\u00e9 sous la glace et la neige fra\u00eeche. Nous marchons sans crainte sur le lac. <strong>Le tableau est magnifique.<\/strong> Le lac est coiff\u00e9 par une couronne de sommets dont le <\/span>Schafberg et le Kaiseregg qui tous les deux culminent \u00e0 plus de 2000 m\u00e8tres d&rsquo;altitude.<\/p>\n<p style=\"text-align: center;\"><a href=\"https:\/\/courir-lemonde.com\/wp-content\/uploads\/2021\/01\/IMG_1223-min-scaled.jpg\"><img loading=\"lazy\" decoding=\"async\" class=\"aligncenter wp-image-6662\" src=\"https:\/\/courir-lemonde.com\/wp-content\/uploads\/2021\/01\/IMG_1223-min-scaled.jpg\" alt=\"montagnes enneig\u00e9es en Suisse \" width=\"500\" height=\"378\" \/><\/a><em>Road trip suisse dans les paysages enneig\u00e9s (courir-lemonde)<br \/>\n<\/em><\/p>\n<p style=\"text-align: center;\"><a href=\"https:\/\/courir-lemonde.com\/wp-content\/uploads\/2021\/01\/IMG_1233-min-scaled.jpg\"><img loading=\"lazy\" decoding=\"async\" class=\"aligncenter wp-image-6663\" src=\"https:\/\/courir-lemonde.com\/wp-content\/uploads\/2021\/01\/IMG_1233-min-scaled.jpg\" alt=\"schwarzsee lac en Suisse \" width=\"500\" height=\"378\" \/><\/a><em>Randonn\u00e9e hivernale autour du <\/em><span class=\"aCOpRe\"><em>Schwarzsee (courir-lemonde)<\/em><br \/>\n<\/span><\/p>\n<p style=\"text-align: justify;\"><a href=\"https:\/\/courir-lemonde.com\/wp-content\/uploads\/2021\/01\/IMG_1234-min-scaled.jpg\"><img loading=\"lazy\" decoding=\"async\" class=\"aligncenter wp-image-6664\" src=\"https:\/\/courir-lemonde.com\/wp-content\/uploads\/2021\/01\/IMG_1234-min-scaled.jpg\" alt=\"randonn\u00e9e au lac noir en Suisse \" width=\"500\" height=\"378\" \/><\/a><strong>La neige se met \u00e0 tomber<\/strong> d\u00e8s notre d\u00e9part du <span class=\"aCOpRe\">lac Noir. La visibilit\u00e9 est r\u00e9duite et la route est glissante. Elisa conduit avec prudence. Heureusement, nous sommes <strong>chauss\u00e9s d&rsquo;indispensables pneus neiges<\/strong> (obligatoire en Suisse en hiver). C&rsquo;est en pleine<strong> temp\u00eate de neige<\/strong> que nous rallions Fribourg afin d&rsquo;y passer la soir\u00e9e et<\/span><span class=\"aCOpRe\"> la nuit.<br \/>\n<\/span><\/p>\n<p>O\u00f9 dormir \u00e0 Fribourg ?<br \/>\n&#8211; <span class=\"aCOpRe\"><strong><a href=\"https:\/\/hineadon.com\/grp\/index.fr.php\">H\u00f4tel Hine Adon<\/a><\/strong><\/span> : 81 CHF en p\u00e9riode creuse. Chambre spacieuse \u00e9quip\u00e9e d&rsquo;une cuisine.<\/p>\n<h2 style=\"text-align: center;\">Visite de Fribourg, une ville m\u00e9di\u00e9vale pleine de charme &#8211; canton de Fribourg<\/h2>\n<p style=\"text-align: justify;\">Capitale du canton du m\u00eame nom, <strong>Fribourg<\/strong> se situe \u00e0 la fronti\u00e8re entre la Suisse romande et la Suisse al\u00e9manique. Elle a le statut de ville bilingue puisqu&rsquo;on y parle fran\u00e7ais et allemand. Environ 40 000 \u00e2mes habitent cette ville \u00e0 l<strong>&lsquo;identit\u00e9 m\u00e9di\u00e9vale affirm\u00e9e<\/strong>. En plus de son architecture h\u00e9rit\u00e9e du Moyen-Age, le cachet de Fribourg r\u00e9side aussi dans sa configuration. La ville est marqu\u00e9e par <strong>un relief accident\u00e9 de collines et de plateaux.<\/strong> Ainsi, il existe une <strong>ville basse<\/strong> qu&#8217;embrasse la rivi\u00e8re la <strong>Sarine <\/strong>de plusieurs <strong>m\u00e9andres sinueux. <\/strong>Plusieurs ponts (pont du milieu, pont de Berne &#8230;) enjambent la rivi\u00e8re. Construite sur une \u00e9peron rocheux, <strong>la ville haute<\/strong> est domin\u00e9e par la longiligne <strong>cath\u00e9drale gothique Saint-Nicolas.<br \/>\n<\/strong>Sous le soleil \u00e9tincelant de ce dimanche matin, <strong>nous consacrons la matin\u00e9e \u00e0 visiter Fribourg<\/strong>.<\/p>\n<p style=\"text-align: center;\"><a href=\"https:\/\/courir-lemonde.com\/wp-content\/uploads\/2021\/01\/IMG_1246-min-scaled.jpg\"><img loading=\"lazy\" decoding=\"async\" class=\"aligncenter wp-image-6666\" src=\"https:\/\/courir-lemonde.com\/wp-content\/uploads\/2021\/01\/IMG_1246-min-scaled.jpg\" alt=\"panorama sur Fribourg en Suisse \" width=\"500\" height=\"378\" \/><\/a><em>Panorama sur Fribourg, la capitale du canton du m\u00eame nom (courir-lemonde)<br \/>\n<\/em><\/p>\n<p style=\"text-align: center;\"><a href=\"https:\/\/courir-lemonde.com\/wp-content\/uploads\/2021\/01\/IMG_1241-min-scaled.jpg\"><img loading=\"lazy\" decoding=\"async\" class=\"aligncenter wp-image-6665\" src=\"https:\/\/courir-lemonde.com\/wp-content\/uploads\/2021\/01\/IMG_1241-min-scaled.jpg\" alt=\"la cathedrale Saint Nicolas de Fribourg \" width=\"500\" height=\"378\" \/><\/a><em>La cath\u00e9drale gothique Saint-Nicolas \u00e0 Fribourg (courir-lemonde)<br \/>\n<\/em><\/p>\n<p style=\"text-align: center;\"><a href=\"https:\/\/courir-lemonde.com\/wp-content\/uploads\/2021\/01\/IMG_1247-min-scaled.jpg\"><img loading=\"lazy\" decoding=\"async\" class=\"aligncenter wp-image-6667\" src=\"https:\/\/courir-lemonde.com\/wp-content\/uploads\/2021\/01\/IMG_1247-min-scaled.jpg\" alt=\"La cath\u00e9drale Saint Nicolas de Fribourg en Suisse \" width=\"500\" height=\"378\" \/><\/a><em>Depuis la ville basse de Fribourg, panorama sur la ville haute domin\u00e9e par la cath\u00e9drale Saint-Nicolas (courir-lemonde)<br \/>\n<\/em><\/p>\n<p style=\"text-align: center;\"><a href=\"https:\/\/courir-lemonde.com\/wp-content\/uploads\/2021\/01\/IMG_1248-min-scaled.jpg\"><img loading=\"lazy\" decoding=\"async\" class=\"aligncenter wp-image-6668\" src=\"https:\/\/courir-lemonde.com\/wp-content\/uploads\/2021\/01\/IMG_1248-min-scaled.jpg\" alt=\"Falaises troglodytes \u00e0 Fribourg en Suisse \" width=\"500\" height=\"378\" \/><\/a><em>La ville de Fribourg est lov\u00e9e dans un paysage de collines bois\u00e9es et d&rsquo;abruptes falaises<br \/>\n(courir-lemonde)<br \/>\n<\/em><\/p>\n<p style=\"text-align: center;\"><a href=\"https:\/\/courir-lemonde.com\/wp-content\/uploads\/2021\/01\/IMG_1252-min-scaled.jpg\"><img loading=\"lazy\" decoding=\"async\" class=\"aligncenter wp-image-6669\" src=\"https:\/\/courir-lemonde.com\/wp-content\/uploads\/2021\/01\/IMG_1252-min-scaled.jpg\" alt=\"La ville de Fribourg et la rivi\u00e8re Sarine \" width=\"500\" height=\"378\" \/><\/a><em>Vue sur Fribourg et la Sarine depuis le pont de Berne (courir-lemonde)<br \/>\n<\/em><\/p>\n<p style=\"text-align: center;\"><a href=\"https:\/\/courir-lemonde.com\/wp-content\/uploads\/2021\/01\/143303057_149151590232691_2579668994345338086_n-scaled.jpg\"><img loading=\"lazy\" decoding=\"async\" class=\"aligncenter wp-image-6678\" src=\"https:\/\/courir-lemonde.com\/wp-content\/uploads\/2021\/01\/143303057_149151590232691_2579668994345338086_n-scaled.jpg\" alt=\"chocolat suisse carte bancaire \" width=\"500\" height=\"378\" \/><\/a><em>La Suisse est le pays du chocolat (courir-lemonde)<br \/>\n<\/em><\/p>\n<p style=\"text-align: center;\"><a href=\"https:\/\/courir-lemonde.com\/wp-content\/uploads\/2021\/01\/IMG_1255-min-scaled.jpg\"><img loading=\"lazy\" decoding=\"async\" class=\"aligncenter wp-image-6671\" src=\"https:\/\/courir-lemonde.com\/wp-content\/uploads\/2021\/01\/IMG_1255-min-scaled.jpg\" alt=\"Fribourg vue depuis le pont du milieu\" width=\"500\" height=\"378\" \/><\/a><em>Panorama sur Fribourg depuis le pont du Milieu situ\u00e9 dans un m\u00e9andre de la Sarine (courir-lemonde)<br \/>\n<\/em><\/p>\n<p style=\"text-align: center;\"><a href=\"https:\/\/courir-lemonde.com\/wp-content\/uploads\/2021\/01\/IMG_1263-min-scaled.jpg\"><img loading=\"lazy\" decoding=\"async\" class=\"aligncenter wp-image-6670\" src=\"https:\/\/courir-lemonde.com\/wp-content\/uploads\/2021\/01\/IMG_1263-min-scaled.jpg\" alt=\"Fribourg en Suisse \" width=\"500\" height=\"378\" \/><\/a><em>Nouvelle vue sur Fribourg, cette fois-ci depuis la ville haute (courir-lemonde)<br \/>\n<\/em><\/p>\n<h2 style=\"text-align: center;\">Randonn\u00e9e hivernale \u00e0 Guggisberg &#8211; canton de Berne<\/h2>\n<p style=\"text-align: justify;\">A la suite de la visite matinale de Fribourg, nous retournons dans<strong> les montagnes du<\/strong> <strong>parc naturel du Gantrisch<\/strong> pour y randonner. Nous avons rep\u00e9r\u00e9 une <strong>randonn\u00e9e en boucle de 6 kilom\u00e8tres<\/strong> autour de <strong>Guggisberg<\/strong>. Situ\u00e9 dans le canton de Berne et donc en Suisse al\u00e9manique, le village est surtout connu en Suisse par le chant populaire m\u00e9lancolique de \u00abVreneli ab em Guggisberg\u00bb. Perch\u00e9 \u00e0 1115 m\u00e8tres d&rsquo;altitude, <strong>Guggisberg est un village charmant<\/strong>, entour\u00e9 de moyenne montagne et de for\u00eats.<br \/>\nBien balis\u00e9e, la randonn\u00e9e alterne entre des passages dans des hameaux suisses, des alpages enneig\u00e9s et de<strong> silencieuses for\u00eats de conif\u00e8res.<\/strong> Un parcours accessible \u00e0 tous, sans difficult\u00e9 et plaisant avant de reprendre la route du retour vers Evian.<\/p>\n<p style=\"text-align: center;\"><a href=\"https:\/\/courir-lemonde.com\/wp-content\/uploads\/2021\/01\/IMG_1277-min-scaled.jpg\"><img loading=\"lazy\" decoding=\"async\" class=\"aligncenter wp-image-6672\" src=\"https:\/\/courir-lemonde.com\/wp-content\/uploads\/2021\/01\/IMG_1277-min-scaled.jpg\" alt=\"montagne en Suisse \" width=\"500\" height=\"378\" \/><\/a><em>Montagnes enneig\u00e9es entre Fribourg et Guggisberg (courir-lemonde)<br \/>\n<\/em><\/p>\n<p style=\"text-align: center;\"><a href=\"https:\/\/courir-lemonde.com\/wp-content\/uploads\/2021\/01\/IMG_1279-min-scaled.jpg\"><img loading=\"lazy\" decoding=\"async\" class=\"aligncenter wp-image-6673\" src=\"https:\/\/courir-lemonde.com\/wp-content\/uploads\/2021\/01\/IMG_1279-min-scaled.jpg\" alt=\"Le village de Guggisberg sous la neige dans le canton de Berne\" width=\"500\" height=\"378\" \/><\/a><em>Habill\u00e9 de son manteau neigeux, le village de Guggisberg est perch\u00e9 \u00e0 1115 m\u00e8tres d&rsquo;altitude. C&rsquo;est le point de d\u00e9part id\u00e9al pour randonner dans le parc naturel du Gantrisch (courir-lemonde)<br \/>\n<\/em><\/p>\n<p style=\"text-align: center;\"><a href=\"https:\/\/courir-lemonde.com\/wp-content\/uploads\/2021\/01\/142964289_130635555495778_1701506623962272945_n-scaled.jpg\"><img loading=\"lazy\" decoding=\"async\" class=\"aligncenter wp-image-6681\" src=\"https:\/\/courir-lemonde.com\/wp-content\/uploads\/2021\/01\/142964289_130635555495778_1701506623962272945_n-scaled.jpg\" alt=\"Randonn\u00e9e en hiver dans le parc naturel du Gantrisch\" width=\"500\" height=\"378\" \/><\/a><em>La neige a ce don de sublimer les paysages (courir-lemonde)<br \/>\n<\/em><\/p>\n<p style=\"text-align: center;\"><a href=\"https:\/\/courir-lemonde.com\/wp-content\/uploads\/2021\/01\/IMG_1294-min-scaled.jpg\"><img loading=\"lazy\" decoding=\"async\" class=\"aligncenter wp-image-6675\" src=\"https:\/\/courir-lemonde.com\/wp-content\/uploads\/2021\/01\/IMG_1294-min-scaled.jpg\" alt=\"bois sous la neige en Suisse\" width=\"500\" height=\"378\" \/><\/a><\/p>\n<p>&nbsp;<\/p>\n<p style=\"text-align: center;\"><a href=\"https:\/\/courir-lemonde.com\/wp-content\/uploads\/2021\/01\/143054410_244410787215025_208895350974221650_n-scaled.jpg\"><img loading=\"lazy\" decoding=\"async\" class=\"aligncenter wp-image-6679\" src=\"https:\/\/courir-lemonde.com\/wp-content\/uploads\/2021\/01\/143054410_244410787215025_208895350974221650_n-scaled.jpg\" alt=\"randonn\u00e9e hivernale \u00e0 Guggisberg \" width=\"500\" height=\"378\" \/><\/a><em>Le parc naturel du Gantrisch offre un beau terrain de jeu aux amateurs de moyenne montagne (courir-lemonde)<br \/>\n<\/em><\/p>\n<p style=\"text-align: center;\"><a href=\"https:\/\/courir-lemonde.com\/wp-content\/uploads\/2021\/01\/rando-gantrisch-scaled.jpg\"><img loading=\"lazy\" decoding=\"async\" class=\"aligncenter wp-image-6680\" src=\"https:\/\/courir-lemonde.com\/wp-content\/uploads\/2021\/01\/rando-gantrisch-scaled.jpg\" alt=\"randonn\u00e9e hivernale \u00e0 Guggisberg parc naturel du Gantrisch\" width=\"500\" height=\"374\" \/><\/a><em>En amoureux, randonn\u00e9e hivernale de 6 kilom\u00e8tres autour de Guggisberg<\/em><br \/>\n<em>(courir-lemonde)<br \/>\n<\/em><\/p>\n<p style=\"text-align: center;\"><a href=\"https:\/\/courir-lemonde.com\/wp-content\/uploads\/2021\/01\/IMG_1303-min-scaled.jpg\"><img loading=\"lazy\" decoding=\"async\" class=\"aligncenter wp-image-6677\" src=\"https:\/\/courir-lemonde.com\/wp-content\/uploads\/2021\/01\/IMG_1303-min-scaled.jpg\" alt=\"lac de la Gruy\u00e8re en Suisse \" width=\"500\" height=\"378\" \/><\/a><em>Sur la route du retour, jolie vue sur le lac de la Gruy\u00e8re et les montagnes du parc naturel r\u00e9gional Gruy\u00e8re &#8211; Pays d&rsquo;Enhaut (courir-lemonde)<br \/>\n<\/em><\/p>\n","protected":false},"excerpt":{"rendered":"<p>La d\u00e9couverte de la Suisse en hiver rime forc\u00e9ment avec balade dans la neige (courir-lemonde) En mai 2019, nous avions effectu\u00e9 un joli road trip en Suisse entre le lac L\u00e9man et le lac des Quatre Cantons avec nos amis &hellip; <a href=\"https:\/\/courir-lemonde.com\/index.php\/2021\/02\/20\/road-trip-hivernal-en-suisse-montreux-fribourg-et-randonnee-dans-le-parc-naturel-du-gantrisch\/\">Continuer la lecture <span class=\"meta-nav\">&rarr;<\/span><\/a><\/p>\n","protected":false},"author":1,"featured_media":0,"comment_status":"open","ping_status":"open","sticky":false,"template":"","format":"standard","meta":{"footnotes":""},"categories":[437],"tags":[529,528,530,531,527,526,313,10,532],"yoast_head":"<!-- This site is optimized with the Yoast SEO plugin v21.8.1 - https:\/\/yoast.com\/wordpress\/plugins\/seo\/ -->\n<title>Road trip hivernal en Suisse : Montreux, Fribourg et randonn\u00e9e dans le parc naturel du Gantrisch - Courir Le Monde<\/title>\n<meta name=\"robots\" content=\"index, follow, max-snippet:-1, max-image-preview:large, max-video-preview:-1\" \/>\n<link rel=\"canonical\" href=\"https:\/\/courir-lemonde.com\/index.php\/2021\/02\/20\/road-trip-hivernal-en-suisse-montreux-fribourg-et-randonnee-dans-le-parc-naturel-du-gantrisch\/\" \/>\n<meta property=\"og:locale\" content=\"fr_FR\" \/>\n<meta property=\"og:type\" content=\"article\" \/>\n<meta property=\"og:title\" content=\"Road trip hivernal en Suisse : Montreux, Fribourg et randonn\u00e9e dans le parc naturel du Gantrisch - Courir Le Monde\" \/>\n<meta property=\"og:description\" content=\"La d\u00e9couverte de la Suisse en hiver rime forc\u00e9ment avec balade dans la neige (courir-lemonde) En mai 2019, nous avions effectu\u00e9 un joli road trip en Suisse entre le lac L\u00e9man et le lac des Quatre Cantons avec nos amis &hellip; Continuer la lecture &rarr;\" \/>\n<meta property=\"og:url\" content=\"https:\/\/courir-lemonde.com\/index.php\/2021\/02\/20\/road-trip-hivernal-en-suisse-montreux-fribourg-et-randonnee-dans-le-parc-naturel-du-gantrisch\/\" \/>\n<meta property=\"og:site_name\" content=\"Courir Le Monde\" \/>\n<meta property=\"article:published_time\" content=\"2021-02-20T22:43:00+00:00\" \/>\n<meta property=\"article:modified_time\" content=\"2021-02-21T07:18:18+00:00\" \/>\n<meta property=\"og:image\" content=\"https:\/\/courir-lemonde.com\/wp-content\/uploads\/2021\/01\/IMG_1293-min-scaled.jpg\" \/>\n<meta name=\"author\" content=\"Chap44\" \/>\n<meta name=\"twitter:card\" content=\"summary_large_image\" \/>\n<meta name=\"twitter:label1\" content=\"\u00c9crit par\" \/>\n\t<meta name=\"twitter:data1\" content=\"Chap44\" \/>\n\t<meta name=\"twitter:label2\" content=\"Dur\u00e9e de lecture estim\u00e9e\" \/>\n\t<meta name=\"twitter:data2\" content=\"7 minutes\" \/>\n<script type=\"application\/ld+json\" class=\"yoast-schema-graph\">{\"@context\":\"https:\/\/schema.org\",\"@graph\":[{\"@type\":\"WebPage\",\"@id\":\"https:\/\/courir-lemonde.com\/index.php\/2021\/02\/20\/road-trip-hivernal-en-suisse-montreux-fribourg-et-randonnee-dans-le-parc-naturel-du-gantrisch\/\",\"url\":\"https:\/\/courir-lemonde.com\/index.php\/2021\/02\/20\/road-trip-hivernal-en-suisse-montreux-fribourg-et-randonnee-dans-le-parc-naturel-du-gantrisch\/\",\"name\":\"Road trip hivernal en Suisse : Montreux, Fribourg et randonn\u00e9e dans le parc naturel du Gantrisch - Courir Le Monde\",\"isPartOf\":{\"@id\":\"https:\/\/courir-lemonde.com\/#website\"},\"datePublished\":\"2021-02-20T22:43:00+00:00\",\"dateModified\":\"2021-02-21T07:18:18+00:00\",\"author\":{\"@id\":\"https:\/\/courir-lemonde.com\/#\/schema\/person\/baaa624d701d53d176c763f85b3114e4\"},\"breadcrumb\":{\"@id\":\"https:\/\/courir-lemonde.com\/index.php\/2021\/02\/20\/road-trip-hivernal-en-suisse-montreux-fribourg-et-randonnee-dans-le-parc-naturel-du-gantrisch\/#breadcrumb\"},\"inLanguage\":\"fr-FR\",\"potentialAction\":[{\"@type\":\"ReadAction\",\"target\":[\"https:\/\/courir-lemonde.com\/index.php\/2021\/02\/20\/road-trip-hivernal-en-suisse-montreux-fribourg-et-randonnee-dans-le-parc-naturel-du-gantrisch\/\"]}]},{\"@type\":\"BreadcrumbList\",\"@id\":\"https:\/\/courir-lemonde.com\/index.php\/2021\/02\/20\/road-trip-hivernal-en-suisse-montreux-fribourg-et-randonnee-dans-le-parc-naturel-du-gantrisch\/#breadcrumb\",\"itemListElement\":[{\"@type\":\"ListItem\",\"position\":1,\"name\":\"Accueil\",\"item\":\"https:\/\/courir-lemonde.com\/\"},{\"@type\":\"ListItem\",\"position\":2,\"name\":\"Road trip hivernal en Suisse : Montreux, Fribourg et randonn\u00e9e dans le parc naturel du Gantrisch\"}]},{\"@type\":\"WebSite\",\"@id\":\"https:\/\/courir-lemonde.com\/#website\",\"url\":\"https:\/\/courir-lemonde.com\/\",\"name\":\"Courir Le Monde\",\"description\":\"Le site de Valentin Chapalain, passionn\u00e9 d&#039;aventures et de voyages\",\"potentialAction\":[{\"@type\":\"SearchAction\",\"target\":{\"@type\":\"EntryPoint\",\"urlTemplate\":\"https:\/\/courir-lemonde.com\/?s={search_term_string}\"},\"query-input\":\"required name=search_term_string\"}],\"inLanguage\":\"fr-FR\"},{\"@type\":\"Person\",\"@id\":\"https:\/\/courir-lemonde.com\/#\/schema\/person\/baaa624d701d53d176c763f85b3114e4\",\"name\":\"Chap44\",\"image\":{\"@type\":\"ImageObject\",\"inLanguage\":\"fr-FR\",\"@id\":\"https:\/\/courir-lemonde.com\/#\/schema\/person\/image\/\",\"url\":\"https:\/\/secure.gravatar.com\/avatar\/f6a3fcbb365f597d6259be5c4dc6c05c?s=96&d=mm&r=g\",\"contentUrl\":\"https:\/\/secure.gravatar.com\/avatar\/f6a3fcbb365f597d6259be5c4dc6c05c?s=96&d=mm&r=g\",\"caption\":\"Chap44\"},\"url\":\"https:\/\/courir-lemonde.com\/index.php\/author\/chap331244\/\"}]}<\/script>\n<!-- \/ Yoast SEO plugin. -->","yoast_head_json":{"title":"Road trip hivernal en Suisse : Montreux, Fribourg et randonn\u00e9e dans le parc naturel du Gantrisch - Courir Le Monde","robots":{"index":"index","follow":"follow","max-snippet":"max-snippet:-1","max-image-preview":"max-image-preview:large","max-video-preview":"max-video-preview:-1"},"canonical":"https:\/\/courir-lemonde.com\/index.php\/2021\/02\/20\/road-trip-hivernal-en-suisse-montreux-fribourg-et-randonnee-dans-le-parc-naturel-du-gantrisch\/","og_locale":"fr_FR","og_type":"article","og_title":"Road trip hivernal en Suisse : Montreux, Fribourg et randonn\u00e9e dans le parc naturel du Gantrisch - Courir Le Monde","og_description":"La d\u00e9couverte de la Suisse en hiver rime forc\u00e9ment avec balade dans la neige (courir-lemonde) En mai 2019, nous avions effectu\u00e9 un joli road trip en Suisse entre le lac L\u00e9man et le lac des Quatre Cantons avec nos amis &hellip; Continuer la lecture &rarr;","og_url":"https:\/\/courir-lemonde.com\/index.php\/2021\/02\/20\/road-trip-hivernal-en-suisse-montreux-fribourg-et-randonnee-dans-le-parc-naturel-du-gantrisch\/","og_site_name":"Courir Le Monde","article_published_time":"2021-02-20T22:43:00+00:00","article_modified_time":"2021-02-21T07:18:18+00:00","og_image":[{"url":"https:\/\/courir-lemonde.com\/wp-content\/uploads\/2021\/01\/IMG_1293-min-scaled.jpg"}],"author":"Chap44","twitter_card":"summary_large_image","twitter_misc":{"\u00c9crit par":"Chap44","Dur\u00e9e de lecture estim\u00e9e":"7 minutes"},"schema":{"@context":"https:\/\/schema.org","@graph":[{"@type":"WebPage","@id":"https:\/\/courir-lemonde.com\/index.php\/2021\/02\/20\/road-trip-hivernal-en-suisse-montreux-fribourg-et-randonnee-dans-le-parc-naturel-du-gantrisch\/","url":"https:\/\/courir-lemonde.com\/index.php\/2021\/02\/20\/road-trip-hivernal-en-suisse-montreux-fribourg-et-randonnee-dans-le-parc-naturel-du-gantrisch\/","name":"Road trip hivernal en Suisse : Montreux, Fribourg et randonn\u00e9e dans le parc naturel du Gantrisch - Courir Le Monde","isPartOf":{"@id":"https:\/\/courir-lemonde.com\/#website"},"datePublished":"2021-02-20T22:43:00+00:00","dateModified":"2021-02-21T07:18:18+00:00","author":{"@id":"https:\/\/courir-lemonde.com\/#\/schema\/person\/baaa624d701d53d176c763f85b3114e4"},"breadcrumb":{"@id":"https:\/\/courir-lemonde.com\/index.php\/2021\/02\/20\/road-trip-hivernal-en-suisse-montreux-fribourg-et-randonnee-dans-le-parc-naturel-du-gantrisch\/#breadcrumb"},"inLanguage":"fr-FR","potentialAction":[{"@type":"ReadAction","target":["https:\/\/courir-lemonde.com\/index.php\/2021\/02\/20\/road-trip-hivernal-en-suisse-montreux-fribourg-et-randonnee-dans-le-parc-naturel-du-gantrisch\/"]}]},{"@type":"BreadcrumbList","@id":"https:\/\/courir-lemonde.com\/index.php\/2021\/02\/20\/road-trip-hivernal-en-suisse-montreux-fribourg-et-randonnee-dans-le-parc-naturel-du-gantrisch\/#breadcrumb","itemListElement":[{"@type":"ListItem","position":1,"name":"Accueil","item":"https:\/\/courir-lemonde.com\/"},{"@type":"ListItem","position":2,"name":"Road trip hivernal en Suisse : Montreux, Fribourg et randonn\u00e9e dans le parc naturel du Gantrisch"}]},{"@type":"WebSite","@id":"https:\/\/courir-lemonde.com\/#website","url":"https:\/\/courir-lemonde.com\/","name":"Courir Le Monde","description":"Le site de Valentin Chapalain, passionn\u00e9 d&#039;aventures et de voyages","potentialAction":[{"@type":"SearchAction","target":{"@type":"EntryPoint","urlTemplate":"https:\/\/courir-lemonde.com\/?s={search_term_string}"},"query-input":"required name=search_term_string"}],"inLanguage":"fr-FR"},{"@type":"Person","@id":"https:\/\/courir-lemonde.com\/#\/schema\/person\/baaa624d701d53d176c763f85b3114e4","name":"Chap44","image":{"@type":"ImageObject","inLanguage":"fr-FR","@id":"https:\/\/courir-lemonde.com\/#\/schema\/person\/image\/","url":"https:\/\/secure.gravatar.com\/avatar\/f6a3fcbb365f597d6259be5c4dc6c05c?s=96&d=mm&r=g","contentUrl":"https:\/\/secure.gravatar.com\/avatar\/f6a3fcbb365f597d6259be5c4dc6c05c?s=96&d=mm&r=g","caption":"Chap44"},"url":"https:\/\/courir-lemonde.com\/index.php\/author\/chap331244\/"}]}},"_links":{"self":[{"href":"https:\/\/courir-lemonde.com\/index.php\/wp-json\/wp\/v2\/posts\/6653"}],"collection":[{"href":"https:\/\/courir-lemonde.com\/index.php\/wp-json\/wp\/v2\/posts"}],"about":[{"href":"https:\/\/courir-lemonde.com\/index.php\/wp-json\/wp\/v2\/types\/post"}],"author":[{"embeddable":true,"href":"https:\/\/courir-lemonde.com\/index.php\/wp-json\/wp\/v2\/users\/1"}],"replies":[{"embeddable":true,"href":"https:\/\/courir-lemonde.com\/index.php\/wp-json\/wp\/v2\/comments?post=6653"}],"version-history":[{"count":18,"href":"https:\/\/courir-lemonde.com\/index.php\/wp-json\/wp\/v2\/posts\/6653\/revisions"}],"predecessor-version":[{"id":6716,"href":"https:\/\/courir-lemonde.com\/index.php\/wp-json\/wp\/v2\/posts\/6653\/revisions\/6716"}],"wp:attachment":[{"href":"https:\/\/courir-lemonde.com\/index.php\/wp-json\/wp\/v2\/media?parent=6653"}],"wp:term":[{"taxonomy":"category","embeddable":true,"href":"https:\/\/courir-lemonde.com\/index.php\/wp-json\/wp\/v2\/categories?post=6653"},{"taxonomy":"post_tag","embeddable":true,"href":"https:\/\/courir-lemonde.com\/index.php\/wp-json\/wp\/v2\/tags?post=6653"}],"curies":[{"name":"wp","href":"https:\/\/api.w.org\/{rel}","templated":true}]}}