{"id":6726,"date":"2021-12-12T22:27:35","date_gmt":"2021-12-12T21:27:35","guid":{"rendered":"https:\/\/courir-lemonde.com\/?p=6726"},"modified":"2022-10-26T18:40:55","modified_gmt":"2022-10-26T17:40:55","slug":"lappel-du-grand-nord-recit-de-mon-voyage-a-velo-en-scandinavie","status":"publish","type":"post","link":"https:\/\/courir-lemonde.com\/index.php\/2021\/12\/12\/lappel-du-grand-nord-recit-de-mon-voyage-a-velo-en-scandinavie\/","title":{"rendered":"L&rsquo;Appel du Grand N\u00f8rd : r\u00e9cit de mon voyage \u00e0 v\u00e9lo en Scandinavie"},"content":{"rendered":"<p style=\"text-align: center;\"><em><a href=\"https:\/\/courir-lemonde.com\/wp-content\/uploads\/2021\/04\/Photo-livre.jpg\"><img loading=\"lazy\" decoding=\"async\" class=\"aligncenter size-full wp-image-6752\" src=\"https:\/\/courir-lemonde.com\/wp-content\/uploads\/2021\/04\/Photo-livre.jpg\" alt=\"livre voyage a velo en Scandinavie\" width=\"2048\" height=\"1536\" srcset=\"https:\/\/courir-lemonde.com\/wp-content\/uploads\/2021\/04\/Photo-livre.jpg 2048w, https:\/\/courir-lemonde.com\/wp-content\/uploads\/2021\/04\/Photo-livre-300x225.jpg 300w, https:\/\/courir-lemonde.com\/wp-content\/uploads\/2021\/04\/Photo-livre-1024x768.jpg 1024w, https:\/\/courir-lemonde.com\/wp-content\/uploads\/2021\/04\/Photo-livre-768x576.jpg 768w, https:\/\/courir-lemonde.com\/wp-content\/uploads\/2021\/04\/Photo-livre-1536x1152.jpg 1536w, https:\/\/courir-lemonde.com\/wp-content\/uploads\/2021\/04\/Photo-livre-400x300.jpg 400w\" sizes=\"(max-width: 2048px) 100vw, 2048px\" \/><\/a>L&rsquo;Appel du Grand N\u00f8rd, r\u00e9cit de voyage de mes aventures \u00e0 v\u00e9lo en Scandinavie<br \/>\n(r\u00e9alisation courir-lemonde)<\/em><\/p>\n<p style=\"text-align: justify;\"><em>Fascin\u00e9 depuis l&rsquo;enfance par les contr\u00e9es bor\u00e9ales, Valentin Chapalain a un r\u00eave : parcourir la Scandinavie \u00e0 v\u00e9lo. En juin 2018, le Grand N\u00f8rd l&rsquo;appelle. Accompagn\u00e9 de Pepette, sa fid\u00e8le bicyclette, il s&rsquo;\u00e9chappe pour un long p\u00e9riple \u00e0 la d\u00e9couverte du Danemark, de la Norv\u00e8ge, de la Su\u00e8de et de la Finlande.<br \/>\nSon aventure cyclonomade de 5 000 kilom\u00e8tres est anim\u00e9e par la beaut\u00e9 et la rudesse des terres sauvages du Grand Nord. Des champs de dunes mouvantes du Danemark \u00e0 la toundra qui tapisse les \u00e9tendues arctiques au-del\u00e0 du Cercle Polaire, des spectaculaires fjords de l&rsquo;archipel des Lofoten \u00e0 la sombre ta\u00efga perl\u00e9e de lacs d&rsquo;\u00e9meraude, l&rsquo;\u00e9merveillement est quotidien. Son itin\u00e9rance est aussi une cascade de rencontres impromptues qui \u00e9tanche sa soif de partage et de connaissances des pays nordiques.<br \/>\n<\/em><em>Aussi beau soit-il, son chemin est sem\u00e9 d&#8217;emb\u00fbches. La m\u00e9t\u00e9o parfois capricieuse, le redoutable vent de face, les fringales, les p\u00e9pins m\u00e9caniques et leur lot de tracas, la crainte des ours et des coups de fusils pr\u00e8s de la fronti\u00e8re russe ; constituent aussi son voyage. \u00c0 force d&rsquo;abn\u00e9gation et gr\u00e2ce \u00e0 cette flamme int\u00e9rieure qui ne le quitte pas, Valentin Chapalain ira au bout de son r\u00eave.<\/em><\/p>\n<p style=\"text-align: justify;\"><!--more--><\/p>\n<h2 style=\"text-align: center;\">L&rsquo;Appel du <span class=\"sc-pZExJ bnPLsT\">Grand N\u00f8rd &#8211; 5000 kilom\u00e8tres \u00e0 v\u00e9lo en Scandinavie<\/span><\/h2>\n<p style=\"text-align: justify;\">Mon livre<strong> L&rsquo;Appel du Grand <\/strong><span class=\"sc-pZExJ bnPLsT\"><strong>N\u00f8rd<\/strong> est recens\u00e9 sur le blog<strong> <a href=\"http:\/\/biblio-cyclesdephilippeorgebin.hautetfort.com\/archive\/2021\/10\/17\/chapalain-valentin-6344171.html\">Biblio-cycle<\/a><\/strong> de Philippe Orgebin, Herv\u00e9 Le Cahain et Jean-Yves Mounier. <strong>Ce blog est l&rsquo;une des r\u00e9f\u00e9rences des livres sur l&rsquo;aventure et le voyage \u00e0 v\u00e9lo. Il est \u00e9galement class\u00e9 parmi les <a href=\"https:\/\/www.le-randonneur.eu\/mon-top-5-des-recits-de-voyage-a-bicyclette-2021\/\">5 meilleurs r\u00e9cits de voyage \u00e0 v\u00e9lo de l&rsquo;ann\u00e9e 2021<\/a>.\u00a0<\/strong><br \/>\n<\/span><\/p>\n<h2 style=\"text-align: center;\">Comment commander le livre ?<\/h2>\n<h3 style=\"text-align: justify;\">1) Mon livre est disponible en <strong>version papier<\/strong> :<\/h3>\n<p style=\"text-align: justify;\">Pour <strong>commander c&rsquo;est tr\u00e8s simple<\/strong>, vous pouvez laisser un commentaire sous cet article en m&rsquo;indiquant vos coordonn\u00e9es ou me joindre directement via mes pages<a href=\"https:\/\/www.facebook.com\/profile.php?id=100063755915174\"> facebook<\/a> ou <a href=\"https:\/\/www.instagram.com\/courir.le.monde\/\">instagram<\/a>, par mail \u00e0 valentin.chapalain@wanadoo.fr ou par t\u00e9l\u00e9phone au 06 32 26 82 24<\/p>\n<ul>\n<li style=\"text-align: left;\"><strong>260 pages<\/strong> dont 6 cartes de l&rsquo;itin\u00e9raire + <strong>13 pages d&rsquo;encart photos<\/strong><\/li>\n<li style=\"text-align: left;\">Prix : 21,9 euros + 3 euros pour la livraison par La Poste (total : 24,9 euros).<br \/>\nJ&rsquo;assure la livraison gratuitement en main propre sur les agglom\u00e9rations nantaises (\u00e0 v\u00e9lo) et rennaises. J&rsquo;accepte les r\u00e8glement par virement, ch\u00e8que et en esp\u00e8ce.<\/li>\n<\/ul>\n<p style=\"text-align: center;\"><a href=\"https:\/\/courir-lemonde.com\/wp-content\/uploads\/2021\/04\/carte-generale.png\"><img loading=\"lazy\" decoding=\"async\" class=\"aligncenter size-full wp-image-6755\" src=\"https:\/\/courir-lemonde.com\/wp-content\/uploads\/2021\/04\/carte-generale.png\" alt=\"\" width=\"408\" height=\"583\" srcset=\"https:\/\/courir-lemonde.com\/wp-content\/uploads\/2021\/04\/carte-generale.png 408w, https:\/\/courir-lemonde.com\/wp-content\/uploads\/2021\/04\/carte-generale-210x300.png 210w\" sizes=\"(max-width: 408px) 100vw, 408px\" \/><\/a><em>La carte g\u00e9n\u00e9rale de mon itin\u00e9raire en Scandinavie.<br \/>\n<\/em><em>6 cartes comme celle l\u00e0 permettent aux lecteurs de suivre l&rsquo;aventure<br \/>\n(r\u00e9alisation Anthony Chapalain &#8211; <a href=\"https:\/\/www.facebook.com\/search\/top?q=les%20jardins%20en%20voyage\">Les Jardins en Voyage<\/a>)<\/em><\/p>\n<h3>2) Mon livre est disponible en <strong>version num\u00e9rique<\/strong> (e-book)<\/h3>\n<p style=\"text-align: justify;\">Pour <strong>commander l&rsquo;e-book<\/strong> (version PDF &#8211; id\u00e9al pour lire sur ordinateur, tablette, smartphone &#8230;), cliquez sur le lien ci-apr\u00e8s et suivez les explications pour r\u00e9cup\u00e9rer le fichier <a href=\"https:\/\/www.numilog.com\/1364343\/L-Appel-du-Grand-Nord.ebook\">https:\/\/www.numilog.com\/1364343\/L-Appel-du-Grand-Nord.ebook<\/a><\/p>\n<ul>\n<li>260 pages dont 6 cartes de l&rsquo;itin\u00e9raire + 13 pages d&rsquo;encart photos<\/li>\n<li>Prix :9,99 euros<\/li>\n<\/ul>\n<p style=\"text-align: center;\"><em><a href=\"https:\/\/courir-lemonde.com\/wp-content\/uploads\/2020\/03\/lac-norvege-trondheim.jpg\"><img loading=\"lazy\" decoding=\"async\" class=\"aligncenter size-full wp-image-6355\" src=\"https:\/\/courir-lemonde.com\/wp-content\/uploads\/2020\/03\/lac-norvege-trondheim.jpg\" alt=\"Lac en Norv\u00e8ge\" width=\"5184\" height=\"3888\" srcset=\"https:\/\/courir-lemonde.com\/wp-content\/uploads\/2020\/03\/lac-norvege-trondheim.jpg 5184w, https:\/\/courir-lemonde.com\/wp-content\/uploads\/2020\/03\/lac-norvege-trondheim-300x225.jpg 300w, https:\/\/courir-lemonde.com\/wp-content\/uploads\/2020\/03\/lac-norvege-trondheim-768x576.jpg 768w, https:\/\/courir-lemonde.com\/wp-content\/uploads\/2020\/03\/lac-norvege-trondheim-1024x768.jpg 1024w, https:\/\/courir-lemonde.com\/wp-content\/uploads\/2020\/03\/lac-norvege-trondheim-400x300.jpg 400w\" sizes=\"(max-width: 5184px) 100vw, 5184px\" \/><\/a>Somptueux lac norv\u00e9gien entre ta\u00efga et montagnes (courir-lemonde)<\/em><\/p>\n<p style=\"text-align: justify;\">Extrait 1 : <em>Je me sens bien sur ce fragment de terre au milieu du fjord. Parmi tous les bivouacs depuis le d\u00e9but de l\u2019aventure c\u2019est le plus beau. En harmonie avec la nature, je plane, en l\u00e9vitation, comme les oiseaux qui me survolent. Mon sentiment de pl\u00e9nitude est-il d\u00e9cupl\u00e9 par les difficult\u00e9s \u00e9prouv\u00e9es ces derniers jours ? Peut-\u00eatre. En tout cas, dans ce tableau color\u00e9 du vert de la v\u00e9g\u00e9tation, du bleu fonc\u00e9 des flots et teint\u00e9 des cr\u00e9pitements du soleil dans le ciel cr\u00e9pusculaire, je touche du doigt le bonheur et la libert\u00e9. Ce soir, je suis le plus heureux des hommes.<\/em><\/p>\n<p style=\"text-align: justify;\"><em>Chapitre 9 Libert\u00e9 \u00c9galit\u00e9 Mbapp\u00e9 &#8211; page 105<\/em><\/p>\n<p>&nbsp;<\/p>\n<p style=\"text-align: justify;\">Extrait 2 : <em><span dir=\"ltr\" role=\"presentation\">Tout \u00e0 coup, des cris brisent la qui\u00e9<\/span><span dir=\"ltr\" role=\"presentation\">tude des lieux. Surpris, je me retourne vers les fermes alentours. <\/span><span dir=\"ltr\" role=\"presentation\">Personne.<\/span> <span dir=\"ltr\" role=\"presentation\">D\u2019o\u00f9 peuvent bien venir ces hurlements ?<\/span> <span dir=\"ltr\" role=\"presentation\">La r\u00e9ponse vient <\/span><span dir=\"ltr\" role=\"presentation\">de la droite. Sur les l\u00e8vres du fjord, des hommes gesticulent avec <\/span><span dir=\"ltr\" role=\"presentation\">\u00e9nergie. V\u00eatus uniquement d\u2019un maillot de bain, ils agitent leurs <\/span><span dir=\"ltr\" role=\"presentation\">bras vers moi comme pour accentuer la port\u00e9e de leurs clameurs. <\/span><span dir=\"ltr\" role=\"presentation\">Que faire ? Que me veulent ces deux excit\u00e9s ?<\/span> <span dir=\"ltr\" role=\"presentation\">Le seul moyen de le <\/span><\/em><em><span dir=\"ltr\" role=\"presentation\">savoir c\u2019est d\u2019aller \u00e0 leur rencontre. J\u2019h\u00e9site. Puis, l\u2019espace d\u2019une <\/span><span dir=\"ltr\" role=\"presentation\">seconde, je man\u0153uvre et entame un demi-tour sur la chauss\u00e9e <\/span><\/em><span dir=\"ltr\" role=\"presentation\"><em>d\u00e9serte.<\/em> <\/span><\/p>\n<p style=\"text-align: justify;\"><span dir=\"ltr\" role=\"presentation\"><em>Chapitre 14 Gorg\u00e9es d&rsquo;akvavit aux Vester<\/em><\/span><em>\u00e5<\/em><span dir=\"ltr\" role=\"presentation\"><em>len &#8211; page 158<\/em><br \/>\n<\/span><\/p>\n<p style=\"text-align: justify;\">Passionn\u00e9s de voyages \u00e0 v\u00e9lo, amoureux du Grand Nord ou ni l&rsquo;un ni l&rsquo;autre, n&rsquo;h\u00e9sitez pas \u00e0 commander le livre qui j&rsquo;en suis persuad\u00e9 <strong>vous fera voyager et vous donnera le go\u00fbt de l&rsquo;aventure<\/strong>. J&rsquo;ai ador\u00e9 raconter mon aventure \u00e0 travers ce r\u00e9cit de voyage. Je vous souhaite \u00e0 votre tour de passer un agr\u00e9able moment. Plaisante lecture \u00e0 toutes et tous \ud83d\ude42<\/p>\n<p style=\"text-align: center;\"><a href=\"https:\/\/courir-lemonde.com\/wp-content\/uploads\/2021\/12\/livre-photo-marine.jpg\"><img loading=\"lazy\" decoding=\"async\" class=\"aligncenter size-full wp-image-6851\" src=\"https:\/\/courir-lemonde.com\/wp-content\/uploads\/2021\/12\/livre-photo-marine.jpg\" alt=\"\" width=\"2048\" height=\"1536\" srcset=\"https:\/\/courir-lemonde.com\/wp-content\/uploads\/2021\/12\/livre-photo-marine.jpg 2048w, https:\/\/courir-lemonde.com\/wp-content\/uploads\/2021\/12\/livre-photo-marine-300x225.jpg 300w, https:\/\/courir-lemonde.com\/wp-content\/uploads\/2021\/12\/livre-photo-marine-1024x768.jpg 1024w, https:\/\/courir-lemonde.com\/wp-content\/uploads\/2021\/12\/livre-photo-marine-768x576.jpg 768w, https:\/\/courir-lemonde.com\/wp-content\/uploads\/2021\/12\/livre-photo-marine-1536x1152.jpg 1536w, https:\/\/courir-lemonde.com\/wp-content\/uploads\/2021\/12\/livre-photo-marine-400x300.jpg 400w\" sizes=\"(max-width: 2048px) 100vw, 2048px\" \/><\/a><em>L&rsquo;Appel du Grand N<\/em><span class=\"sc-pZExJ bnPLsT\"><em>\u00f8rd en balade (photo Marine Hecquard)<\/em><br \/>\n<\/span><\/p>\n","protected":false},"excerpt":{"rendered":"<p>L&rsquo;Appel du Grand N\u00f8rd, r\u00e9cit de voyage de mes aventures \u00e0 v\u00e9lo en Scandinavie (r\u00e9alisation courir-lemonde) Fascin\u00e9 depuis l&rsquo;enfance par les contr\u00e9es bor\u00e9ales, Valentin Chapalain a un r\u00eave : parcourir la Scandinavie \u00e0 v\u00e9lo. En juin 2018, le Grand N\u00f8rd &hellip; <a href=\"https:\/\/courir-lemonde.com\/index.php\/2021\/12\/12\/lappel-du-grand-nord-recit-de-mon-voyage-a-velo-en-scandinavie\/\">Continuer la lecture <span class=\"meta-nav\">&rarr;<\/span><\/a><\/p>\n","protected":false},"author":1,"featured_media":0,"comment_status":"open","ping_status":"open","sticky":false,"template":"","format":"standard","meta":{"footnotes":""},"categories":[347,273,540],"tags":[432,537,323,538,536,386,539],"yoast_head":"<!-- This site is optimized with the Yoast SEO plugin v21.8.1 - https:\/\/yoast.com\/wordpress\/plugins\/seo\/ -->\n<title>L&#039;Appel du Grand N\u00f8rd : r\u00e9cit de mon voyage \u00e0 v\u00e9lo en Scandinavie - Courir Le Monde<\/title>\n<meta name=\"robots\" content=\"index, follow, max-snippet:-1, max-image-preview:large, max-video-preview:-1\" \/>\n<link rel=\"canonical\" href=\"https:\/\/courir-lemonde.com\/index.php\/2021\/12\/12\/lappel-du-grand-nord-recit-de-mon-voyage-a-velo-en-scandinavie\/\" \/>\n<meta property=\"og:locale\" content=\"fr_FR\" \/>\n<meta property=\"og:type\" content=\"article\" \/>\n<meta property=\"og:title\" content=\"L&#039;Appel du Grand N\u00f8rd : r\u00e9cit de mon voyage \u00e0 v\u00e9lo en Scandinavie - Courir Le Monde\" \/>\n<meta property=\"og:description\" content=\"L&rsquo;Appel du Grand N\u00f8rd, r\u00e9cit de voyage de mes aventures \u00e0 v\u00e9lo en Scandinavie (r\u00e9alisation courir-lemonde) Fascin\u00e9 depuis l&rsquo;enfance par les contr\u00e9es bor\u00e9ales, Valentin Chapalain a un r\u00eave : parcourir la Scandinavie \u00e0 v\u00e9lo. En juin 2018, le Grand N\u00f8rd &hellip; Continuer la lecture &rarr;\" \/>\n<meta property=\"og:url\" content=\"https:\/\/courir-lemonde.com\/index.php\/2021\/12\/12\/lappel-du-grand-nord-recit-de-mon-voyage-a-velo-en-scandinavie\/\" \/>\n<meta property=\"og:site_name\" content=\"Courir Le Monde\" \/>\n<meta property=\"article:published_time\" content=\"2021-12-12T21:27:35+00:00\" \/>\n<meta property=\"article:modified_time\" content=\"2022-10-26T17:40:55+00:00\" \/>\n<meta property=\"og:image\" content=\"https:\/\/courir-lemonde.com\/wp-content\/uploads\/2021\/04\/Photo-livre.jpg\" \/>\n<meta name=\"author\" content=\"Chap44\" \/>\n<meta name=\"twitter:card\" content=\"summary_large_image\" \/>\n<meta name=\"twitter:label1\" content=\"\u00c9crit par\" \/>\n\t<meta name=\"twitter:data1\" content=\"Chap44\" \/>\n\t<meta name=\"twitter:label2\" content=\"Dur\u00e9e de lecture estim\u00e9e\" \/>\n\t<meta name=\"twitter:data2\" content=\"5 minutes\" \/>\n<script type=\"application\/ld+json\" class=\"yoast-schema-graph\">{\"@context\":\"https:\/\/schema.org\",\"@graph\":[{\"@type\":\"WebPage\",\"@id\":\"https:\/\/courir-lemonde.com\/index.php\/2021\/12\/12\/lappel-du-grand-nord-recit-de-mon-voyage-a-velo-en-scandinavie\/\",\"url\":\"https:\/\/courir-lemonde.com\/index.php\/2021\/12\/12\/lappel-du-grand-nord-recit-de-mon-voyage-a-velo-en-scandinavie\/\",\"name\":\"L'Appel du Grand N\u00f8rd : r\u00e9cit de mon voyage \u00e0 v\u00e9lo en Scandinavie - Courir Le Monde\",\"isPartOf\":{\"@id\":\"https:\/\/courir-lemonde.com\/#website\"},\"datePublished\":\"2021-12-12T21:27:35+00:00\",\"dateModified\":\"2022-10-26T17:40:55+00:00\",\"author\":{\"@id\":\"https:\/\/courir-lemonde.com\/#\/schema\/person\/baaa624d701d53d176c763f85b3114e4\"},\"breadcrumb\":{\"@id\":\"https:\/\/courir-lemonde.com\/index.php\/2021\/12\/12\/lappel-du-grand-nord-recit-de-mon-voyage-a-velo-en-scandinavie\/#breadcrumb\"},\"inLanguage\":\"fr-FR\",\"potentialAction\":[{\"@type\":\"ReadAction\",\"target\":[\"https:\/\/courir-lemonde.com\/index.php\/2021\/12\/12\/lappel-du-grand-nord-recit-de-mon-voyage-a-velo-en-scandinavie\/\"]}]},{\"@type\":\"BreadcrumbList\",\"@id\":\"https:\/\/courir-lemonde.com\/index.php\/2021\/12\/12\/lappel-du-grand-nord-recit-de-mon-voyage-a-velo-en-scandinavie\/#breadcrumb\",\"itemListElement\":[{\"@type\":\"ListItem\",\"position\":1,\"name\":\"Accueil\",\"item\":\"https:\/\/courir-lemonde.com\/\"},{\"@type\":\"ListItem\",\"position\":2,\"name\":\"L&rsquo;Appel du Grand N\u00f8rd : r\u00e9cit de mon voyage \u00e0 v\u00e9lo en Scandinavie\"}]},{\"@type\":\"WebSite\",\"@id\":\"https:\/\/courir-lemonde.com\/#website\",\"url\":\"https:\/\/courir-lemonde.com\/\",\"name\":\"Courir Le Monde\",\"description\":\"Le site de Valentin Chapalain, passionn\u00e9 d&#039;aventures et de voyages\",\"potentialAction\":[{\"@type\":\"SearchAction\",\"target\":{\"@type\":\"EntryPoint\",\"urlTemplate\":\"https:\/\/courir-lemonde.com\/?s={search_term_string}\"},\"query-input\":\"required name=search_term_string\"}],\"inLanguage\":\"fr-FR\"},{\"@type\":\"Person\",\"@id\":\"https:\/\/courir-lemonde.com\/#\/schema\/person\/baaa624d701d53d176c763f85b3114e4\",\"name\":\"Chap44\",\"image\":{\"@type\":\"ImageObject\",\"inLanguage\":\"fr-FR\",\"@id\":\"https:\/\/courir-lemonde.com\/#\/schema\/person\/image\/\",\"url\":\"https:\/\/secure.gravatar.com\/avatar\/f6a3fcbb365f597d6259be5c4dc6c05c?s=96&d=mm&r=g\",\"contentUrl\":\"https:\/\/secure.gravatar.com\/avatar\/f6a3fcbb365f597d6259be5c4dc6c05c?s=96&d=mm&r=g\",\"caption\":\"Chap44\"},\"url\":\"https:\/\/courir-lemonde.com\/index.php\/author\/chap331244\/\"}]}<\/script>\n<!-- \/ Yoast SEO plugin. -->","yoast_head_json":{"title":"L'Appel du Grand N\u00f8rd : r\u00e9cit de mon voyage \u00e0 v\u00e9lo en Scandinavie - Courir Le Monde","robots":{"index":"index","follow":"follow","max-snippet":"max-snippet:-1","max-image-preview":"max-image-preview:large","max-video-preview":"max-video-preview:-1"},"canonical":"https:\/\/courir-lemonde.com\/index.php\/2021\/12\/12\/lappel-du-grand-nord-recit-de-mon-voyage-a-velo-en-scandinavie\/","og_locale":"fr_FR","og_type":"article","og_title":"L'Appel du Grand N\u00f8rd : r\u00e9cit de mon voyage \u00e0 v\u00e9lo en Scandinavie - Courir Le Monde","og_description":"L&rsquo;Appel du Grand N\u00f8rd, r\u00e9cit de voyage de mes aventures \u00e0 v\u00e9lo en Scandinavie (r\u00e9alisation courir-lemonde) Fascin\u00e9 depuis l&rsquo;enfance par les contr\u00e9es bor\u00e9ales, Valentin Chapalain a un r\u00eave : parcourir la Scandinavie \u00e0 v\u00e9lo. En juin 2018, le Grand N\u00f8rd &hellip; Continuer la lecture &rarr;","og_url":"https:\/\/courir-lemonde.com\/index.php\/2021\/12\/12\/lappel-du-grand-nord-recit-de-mon-voyage-a-velo-en-scandinavie\/","og_site_name":"Courir Le Monde","article_published_time":"2021-12-12T21:27:35+00:00","article_modified_time":"2022-10-26T17:40:55+00:00","og_image":[{"url":"https:\/\/courir-lemonde.com\/wp-content\/uploads\/2021\/04\/Photo-livre.jpg"}],"author":"Chap44","twitter_card":"summary_large_image","twitter_misc":{"\u00c9crit par":"Chap44","Dur\u00e9e de lecture estim\u00e9e":"5 minutes"},"schema":{"@context":"https:\/\/schema.org","@graph":[{"@type":"WebPage","@id":"https:\/\/courir-lemonde.com\/index.php\/2021\/12\/12\/lappel-du-grand-nord-recit-de-mon-voyage-a-velo-en-scandinavie\/","url":"https:\/\/courir-lemonde.com\/index.php\/2021\/12\/12\/lappel-du-grand-nord-recit-de-mon-voyage-a-velo-en-scandinavie\/","name":"L'Appel du Grand N\u00f8rd : r\u00e9cit de mon voyage \u00e0 v\u00e9lo en Scandinavie - Courir Le Monde","isPartOf":{"@id":"https:\/\/courir-lemonde.com\/#website"},"datePublished":"2021-12-12T21:27:35+00:00","dateModified":"2022-10-26T17:40:55+00:00","author":{"@id":"https:\/\/courir-lemonde.com\/#\/schema\/person\/baaa624d701d53d176c763f85b3114e4"},"breadcrumb":{"@id":"https:\/\/courir-lemonde.com\/index.php\/2021\/12\/12\/lappel-du-grand-nord-recit-de-mon-voyage-a-velo-en-scandinavie\/#breadcrumb"},"inLanguage":"fr-FR","potentialAction":[{"@type":"ReadAction","target":["https:\/\/courir-lemonde.com\/index.php\/2021\/12\/12\/lappel-du-grand-nord-recit-de-mon-voyage-a-velo-en-scandinavie\/"]}]},{"@type":"BreadcrumbList","@id":"https:\/\/courir-lemonde.com\/index.php\/2021\/12\/12\/lappel-du-grand-nord-recit-de-mon-voyage-a-velo-en-scandinavie\/#breadcrumb","itemListElement":[{"@type":"ListItem","position":1,"name":"Accueil","item":"https:\/\/courir-lemonde.com\/"},{"@type":"ListItem","position":2,"name":"L&rsquo;Appel du Grand N\u00f8rd : r\u00e9cit de mon voyage \u00e0 v\u00e9lo en Scandinavie"}]},{"@type":"WebSite","@id":"https:\/\/courir-lemonde.com\/#website","url":"https:\/\/courir-lemonde.com\/","name":"Courir Le Monde","description":"Le site de Valentin Chapalain, passionn\u00e9 d&#039;aventures et de voyages","potentialAction":[{"@type":"SearchAction","target":{"@type":"EntryPoint","urlTemplate":"https:\/\/courir-lemonde.com\/?s={search_term_string}"},"query-input":"required name=search_term_string"}],"inLanguage":"fr-FR"},{"@type":"Person","@id":"https:\/\/courir-lemonde.com\/#\/schema\/person\/baaa624d701d53d176c763f85b3114e4","name":"Chap44","image":{"@type":"ImageObject","inLanguage":"fr-FR","@id":"https:\/\/courir-lemonde.com\/#\/schema\/person\/image\/","url":"https:\/\/secure.gravatar.com\/avatar\/f6a3fcbb365f597d6259be5c4dc6c05c?s=96&d=mm&r=g","contentUrl":"https:\/\/secure.gravatar.com\/avatar\/f6a3fcbb365f597d6259be5c4dc6c05c?s=96&d=mm&r=g","caption":"Chap44"},"url":"https:\/\/courir-lemonde.com\/index.php\/author\/chap331244\/"}]}},"_links":{"self":[{"href":"https:\/\/courir-lemonde.com\/index.php\/wp-json\/wp\/v2\/posts\/6726"}],"collection":[{"href":"https:\/\/courir-lemonde.com\/index.php\/wp-json\/wp\/v2\/posts"}],"about":[{"href":"https:\/\/courir-lemonde.com\/index.php\/wp-json\/wp\/v2\/types\/post"}],"author":[{"embeddable":true,"href":"https:\/\/courir-lemonde.com\/index.php\/wp-json\/wp\/v2\/users\/1"}],"replies":[{"embeddable":true,"href":"https:\/\/courir-lemonde.com\/index.php\/wp-json\/wp\/v2\/comments?post=6726"}],"version-history":[{"count":17,"href":"https:\/\/courir-lemonde.com\/index.php\/wp-json\/wp\/v2\/posts\/6726\/revisions"}],"predecessor-version":[{"id":6868,"href":"https:\/\/courir-lemonde.com\/index.php\/wp-json\/wp\/v2\/posts\/6726\/revisions\/6868"}],"wp:attachment":[{"href":"https:\/\/courir-lemonde.com\/index.php\/wp-json\/wp\/v2\/media?parent=6726"}],"wp:term":[{"taxonomy":"category","embeddable":true,"href":"https:\/\/courir-lemonde.com\/index.php\/wp-json\/wp\/v2\/categories?post=6726"},{"taxonomy":"post_tag","embeddable":true,"href":"https:\/\/courir-lemonde.com\/index.php\/wp-json\/wp\/v2\/tags?post=6726"}],"curies":[{"name":"wp","href":"https:\/\/api.w.org\/{rel}","templated":true}]}}