{"id":714,"date":"2009-11-06T12:46:12","date_gmt":"2009-11-06T11:46:12","guid":{"rendered":"http:\/\/courir-lemonde.com\/?p=714"},"modified":"2015-11-22T13:09:45","modified_gmt":"2015-11-22T12:09:45","slug":"10-eme-episode-saison-2009-les-foulees-vertaviennes-105-km","status":"publish","type":"post","link":"https:\/\/courir-lemonde.com\/index.php\/2009\/11\/06\/10-eme-episode-saison-2009-les-foulees-vertaviennes-105-km\/","title":{"rendered":"10 \u00e8me \u00e9pisode saison 2009 : les foul\u00e9es vertaviennes (10,5 km)"},"content":{"rendered":"<h1 style=\"text-align: center;\">Excellente performance pour ma troisi\u00e8me participation aux foul\u00e9es vertaviennes<\/h1>\n<p style=\"text-align: justify;\"><em>C&rsquo;est l&rsquo;\u00e9preuve qui m&rsquo;a v\u00e9ritablement fait go\u00fbter aux joies de la course \u00e0 pied en 2007. Rendez-vous incontournable depuis, c&rsquo;\u00e9tait donc ma troisi\u00e8me participation aux foul\u00e9es vertaviennes\u00a0qui se d\u00e9roulent depuis quelques ann\u00e9es dans le verdoyant parc du Loiry situ\u00e9 au sud de Vertou. Pour cette comp\u00e9tition, Aur\u00e9lien, Tom, Jonathan, Charly ainsi que Thierry et Jean-Luc \u00e9tait au rendez-vous. Concernant mes objectifs, en d\u00e9pit d&rsquo;un entrainement un peu pauvre en ce moment, j&rsquo;avais pour mission d&rsquo;am\u00e9liorer mes performances de 2007 et 2008.\u00a0\u00a0<\/em><!--more--><\/p>\n<h2 style=\"text-align: center;\"><em>Avant course\u00a0<\/em><\/h2>\n<p style=\"text-align: justify;\">Il est environ 14h45 quand nous arrivons sur place, pas question de tra\u00eener, direction les dossards avant un retour \u00e0 la voiture pour finir de se pr\u00e9parer. 15h10 : il est d\u00e9j\u00e0 temps d&rsquo;aller s&rsquo;\u00e9chauffer, un \u00e9chauffement qui fut d&rsquo;ailleurs assez succinct car le d\u00e9part est alors imminent.<\/p>\n<h2 style=\"text-align: center;\"><em>La course\u00a0<\/em><\/h2>\n<p style=\"text-align: justify;\">15h30 sonne le d\u00e9part de la course. Motivation \u00e0 bloc, j&rsquo;esp\u00e8re que le physique va suivre.\u00a0Le d\u00e9part est comme souvent tr\u00e8s rapide, Charles Henry est dans le top 10, Aur\u00e9lien est un peu derri\u00e8re. <strong>Quant \u00e0 moi, j&rsquo;ai pris un d\u00e9part plut\u00f4t rapide mais pas trop non plus (1 er kilom\u00e8tre aval\u00e9 en 3&rsquo;50 il me semble)<\/strong>. Les sensations sont pas trop mal en ce d\u00e9but de course et de toute fa\u00e7on le moral est plus que l\u00e0.<strong> Au passage de la premi\u00e8re boucle soit 2,7 kilom\u00e8tres environ, je suis en 10&rsquo;40 soit 15,2 km\/h de moyenne.<\/strong> Aur\u00e9lien pointe 10 secondes devant moi. Je suis toujours bien et je refais m\u00eame mon retard sur lui.<\/p>\n<p style=\"text-align: justify;\"><strong>Le parcours bien que tr\u00e8s agr\u00e9able est rendu difficile \u00e0 cause de la pluie <\/strong>et dans les c\u00f4tes les chaussures d\u00e9rapent sans arr\u00eat sur le sol boueux tandis que dans les descentes il faut faire attention aux glissades.<strong>\u00a0Je parviens \u00e0<\/strong> <strong>revenir sur les talons d&rsquo;Aur\u00e9lien apr\u00e8s environ 4,5 kilom\u00e8tres de course.<\/strong> Nous nous retrouvons alors au sein d&rsquo;un bon peloton d&rsquo;une petite dizaine de coureurs qui avancent \u00e0 un bon train. Ce fait de course m&rsquo;a permis de reprendre un peu mon souffle tout en gardant un rythme \u00e9lev\u00e9. <strong>Le chrono indique 26&rsquo;20 apr\u00e8s 6,7 kilom\u00e8tres de course soit 15,2 km\/h de moyenne.<\/strong> Je n&rsquo;ai donc pas fl\u00e9chi sur ce deuxi\u00e8me tour et apr\u00e8s quelques calculs, je m&rsquo;aper\u00e7ois que je suis pour le moment sous les 42&prime;, cela me motive encore plus.<\/p>\n<p style=\"text-align: justify;\"><strong>D\u00e8s le d\u00e9but du troisi\u00e8me\u00a0tour, j&rsquo;acc\u00e9l\u00e8re le rythme progressivement tout comme Aur\u00e9lien.<\/strong> Dans la bosse rendue de plus en plus impraticable \u00e0 cause des passages successifs, nous baissons un peu le rythme mais s&rsquo;est pour mieux embrayer dans la partie roulante qui suit. Il reste environ 2 kilom\u00e8tres et le chrono affiche 34&prime;. C&rsquo;est bon pour le moral. Aur\u00e9lien lance une nouvelle acc\u00e9l\u00e9ration pour tenter de reprendre de nouveau concurrents. <strong>Je parviens \u00e0 le suivre et relance \u00e0 mon tour par une attaque. Il n&rsquo;arrive cependant pas \u00e0 s&rsquo;accrocher.<\/strong> Je continue ma remont\u00e9e \u00e0 bloc et reviens sur quelques grappes de coureurs. <strong>Je m&rsquo;accroche, acc\u00e9l\u00e8re encore et conclu cette course par un excellent chrono de 41&rsquo;43 soit 15,1 km\/h de moyenne.<\/strong> Le contrat est brillamment rempli puisque j&rsquo;am\u00e9liorer mon chrono de 45 secondes par rapport \u00e0 l&rsquo;an dernier. Super !<br \/>\nAu classement je me classe \u00e0 la 46 \u00e8me place et prends la 5 \u00e8me place chez les juniors<\/p>\n<h2 style=\"text-align: center;\"><em>Classement\u00a0<\/em><\/h2>\n<p style=\"text-align: center;\">1 RIOBE GUILLAUME AS SAINT SYLVAIN D&rsquo;ANJOU Sen M 00:33:20<br \/>\n2 MOSTA Wilfried RUNNING NANTES Sen M 00:33:20<br \/>\n3 GANDUBERT LOIC ASPTT NANTES Sen M 00:35:07<\/p>\n<p style=\"text-align: center;\">&#8230;<\/p>\n<p style=\"text-align: center;\">23 DU BOISLOUVEAU Charles Henri CAC Jun M 00:40:00 (2 \u00e8me junior \/ 18)<br \/>\n<strong>46 CHAPALAIN Valentin Jun M 00:41:43 (5 \u00e8me junior \/18)<\/strong><br \/>\n54 BREGEON Aur\u00e9lien CAC Jun M 00:42:03 (6 \u00e8me junior \/18)<br \/>\n117 CHAPALAIN Jean-Luc Ve1 M 00:45:23 (29 \u00e8me V1)<br \/>\n163 KERMORVANT Thierry Ve2 M 00:46:50 (10 \u00e8me V2)<br \/>\n346 COUEDEL Tom Cad M 00:53:19 ( 5 \u00e8me cadet )<br \/>\n470 COLLETER Jonathan Esp M 01:00:45 (18 \u00e8me espoir)<\/p>\n<p style=\"text-align: center;\">528 coureurs class\u00e9s \/ 692 inscrits<\/p>\n","protected":false},"excerpt":{"rendered":"<p>Excellente performance pour ma troisi\u00e8me participation aux foul\u00e9es vertaviennes C&rsquo;est l&rsquo;\u00e9preuve qui m&rsquo;a v\u00e9ritablement fait go\u00fbter aux joies de la course \u00e0 pied en 2007. Rendez-vous incontournable depuis, c&rsquo;\u00e9tait donc ma troisi\u00e8me participation aux foul\u00e9es vertaviennes\u00a0qui se d\u00e9roulent depuis quelques &hellip; <a href=\"https:\/\/courir-lemonde.com\/index.php\/2009\/11\/06\/10-eme-episode-saison-2009-les-foulees-vertaviennes-105-km\/\">Continuer la lecture <span class=\"meta-nav\">&rarr;<\/span><\/a><\/p>\n","protected":false},"author":1,"featured_media":0,"comment_status":"open","ping_status":"open","sticky":false,"template":"","format":"standard","meta":{"footnotes":""},"categories":[110],"tags":[16,82,150],"yoast_head":"<!-- This site is optimized with the Yoast SEO plugin v21.8.1 - https:\/\/yoast.com\/wordpress\/plugins\/seo\/ -->\n<title>10 \u00e8me \u00e9pisode saison 2009 : les foul\u00e9es vertaviennes (10,5 km) - Courir Le Monde<\/title>\n<meta name=\"robots\" content=\"index, follow, max-snippet:-1, max-image-preview:large, max-video-preview:-1\" \/>\n<link rel=\"canonical\" href=\"https:\/\/courir-lemonde.com\/index.php\/2009\/11\/06\/10-eme-episode-saison-2009-les-foulees-vertaviennes-105-km\/\" \/>\n<meta property=\"og:locale\" content=\"fr_FR\" \/>\n<meta property=\"og:type\" content=\"article\" \/>\n<meta property=\"og:title\" content=\"10 \u00e8me \u00e9pisode saison 2009 : les foul\u00e9es vertaviennes (10,5 km) - Courir Le Monde\" \/>\n<meta property=\"og:description\" content=\"Excellente performance pour ma troisi\u00e8me participation aux foul\u00e9es vertaviennes C&rsquo;est l&rsquo;\u00e9preuve qui m&rsquo;a v\u00e9ritablement fait go\u00fbter aux joies de la course \u00e0 pied en 2007. Rendez-vous incontournable depuis, c&rsquo;\u00e9tait donc ma troisi\u00e8me participation aux foul\u00e9es vertaviennes\u00a0qui se d\u00e9roulent depuis quelques &hellip; Continuer la lecture &rarr;\" \/>\n<meta property=\"og:url\" content=\"https:\/\/courir-lemonde.com\/index.php\/2009\/11\/06\/10-eme-episode-saison-2009-les-foulees-vertaviennes-105-km\/\" \/>\n<meta property=\"og:site_name\" content=\"Courir Le Monde\" \/>\n<meta property=\"article:published_time\" content=\"2009-11-06T11:46:12+00:00\" \/>\n<meta property=\"article:modified_time\" content=\"2015-11-22T12:09:45+00:00\" \/>\n<meta name=\"author\" content=\"Chap44\" \/>\n<meta name=\"twitter:card\" content=\"summary_large_image\" \/>\n<meta name=\"twitter:label1\" content=\"\u00c9crit par\" \/>\n\t<meta name=\"twitter:data1\" content=\"Chap44\" \/>\n\t<meta name=\"twitter:label2\" content=\"Dur\u00e9e de lecture estim\u00e9e\" \/>\n\t<meta name=\"twitter:data2\" content=\"3 minutes\" \/>\n<script type=\"application\/ld+json\" class=\"yoast-schema-graph\">{\"@context\":\"https:\/\/schema.org\",\"@graph\":[{\"@type\":\"WebPage\",\"@id\":\"https:\/\/courir-lemonde.com\/index.php\/2009\/11\/06\/10-eme-episode-saison-2009-les-foulees-vertaviennes-105-km\/\",\"url\":\"https:\/\/courir-lemonde.com\/index.php\/2009\/11\/06\/10-eme-episode-saison-2009-les-foulees-vertaviennes-105-km\/\",\"name\":\"10 \u00e8me \u00e9pisode saison 2009 : les foul\u00e9es vertaviennes (10,5 km) - Courir Le Monde\",\"isPartOf\":{\"@id\":\"https:\/\/courir-lemonde.com\/#website\"},\"datePublished\":\"2009-11-06T11:46:12+00:00\",\"dateModified\":\"2015-11-22T12:09:45+00:00\",\"author\":{\"@id\":\"https:\/\/courir-lemonde.com\/#\/schema\/person\/baaa624d701d53d176c763f85b3114e4\"},\"breadcrumb\":{\"@id\":\"https:\/\/courir-lemonde.com\/index.php\/2009\/11\/06\/10-eme-episode-saison-2009-les-foulees-vertaviennes-105-km\/#breadcrumb\"},\"inLanguage\":\"fr-FR\",\"potentialAction\":[{\"@type\":\"ReadAction\",\"target\":[\"https:\/\/courir-lemonde.com\/index.php\/2009\/11\/06\/10-eme-episode-saison-2009-les-foulees-vertaviennes-105-km\/\"]}]},{\"@type\":\"BreadcrumbList\",\"@id\":\"https:\/\/courir-lemonde.com\/index.php\/2009\/11\/06\/10-eme-episode-saison-2009-les-foulees-vertaviennes-105-km\/#breadcrumb\",\"itemListElement\":[{\"@type\":\"ListItem\",\"position\":1,\"name\":\"Accueil\",\"item\":\"https:\/\/courir-lemonde.com\/\"},{\"@type\":\"ListItem\",\"position\":2,\"name\":\"10 \u00e8me \u00e9pisode saison 2009 : les foul\u00e9es vertaviennes (10,5 km)\"}]},{\"@type\":\"WebSite\",\"@id\":\"https:\/\/courir-lemonde.com\/#website\",\"url\":\"https:\/\/courir-lemonde.com\/\",\"name\":\"Courir Le Monde\",\"description\":\"Le site de Valentin Chapalain, passionn\u00e9 d&#039;aventures et de voyages\",\"potentialAction\":[{\"@type\":\"SearchAction\",\"target\":{\"@type\":\"EntryPoint\",\"urlTemplate\":\"https:\/\/courir-lemonde.com\/?s={search_term_string}\"},\"query-input\":\"required name=search_term_string\"}],\"inLanguage\":\"fr-FR\"},{\"@type\":\"Person\",\"@id\":\"https:\/\/courir-lemonde.com\/#\/schema\/person\/baaa624d701d53d176c763f85b3114e4\",\"name\":\"Chap44\",\"image\":{\"@type\":\"ImageObject\",\"inLanguage\":\"fr-FR\",\"@id\":\"https:\/\/courir-lemonde.com\/#\/schema\/person\/image\/\",\"url\":\"https:\/\/secure.gravatar.com\/avatar\/f6a3fcbb365f597d6259be5c4dc6c05c?s=96&d=mm&r=g\",\"contentUrl\":\"https:\/\/secure.gravatar.com\/avatar\/f6a3fcbb365f597d6259be5c4dc6c05c?s=96&d=mm&r=g\",\"caption\":\"Chap44\"},\"url\":\"https:\/\/courir-lemonde.com\/index.php\/author\/chap331244\/\"}]}<\/script>\n<!-- \/ Yoast SEO plugin. -->","yoast_head_json":{"title":"10 \u00e8me \u00e9pisode saison 2009 : les foul\u00e9es vertaviennes (10,5 km) - Courir Le Monde","robots":{"index":"index","follow":"follow","max-snippet":"max-snippet:-1","max-image-preview":"max-image-preview:large","max-video-preview":"max-video-preview:-1"},"canonical":"https:\/\/courir-lemonde.com\/index.php\/2009\/11\/06\/10-eme-episode-saison-2009-les-foulees-vertaviennes-105-km\/","og_locale":"fr_FR","og_type":"article","og_title":"10 \u00e8me \u00e9pisode saison 2009 : les foul\u00e9es vertaviennes (10,5 km) - Courir Le Monde","og_description":"Excellente performance pour ma troisi\u00e8me participation aux foul\u00e9es vertaviennes C&rsquo;est l&rsquo;\u00e9preuve qui m&rsquo;a v\u00e9ritablement fait go\u00fbter aux joies de la course \u00e0 pied en 2007. Rendez-vous incontournable depuis, c&rsquo;\u00e9tait donc ma troisi\u00e8me participation aux foul\u00e9es vertaviennes\u00a0qui se d\u00e9roulent depuis quelques &hellip; Continuer la lecture &rarr;","og_url":"https:\/\/courir-lemonde.com\/index.php\/2009\/11\/06\/10-eme-episode-saison-2009-les-foulees-vertaviennes-105-km\/","og_site_name":"Courir Le Monde","article_published_time":"2009-11-06T11:46:12+00:00","article_modified_time":"2015-11-22T12:09:45+00:00","author":"Chap44","twitter_card":"summary_large_image","twitter_misc":{"\u00c9crit par":"Chap44","Dur\u00e9e de lecture estim\u00e9e":"3 minutes"},"schema":{"@context":"https:\/\/schema.org","@graph":[{"@type":"WebPage","@id":"https:\/\/courir-lemonde.com\/index.php\/2009\/11\/06\/10-eme-episode-saison-2009-les-foulees-vertaviennes-105-km\/","url":"https:\/\/courir-lemonde.com\/index.php\/2009\/11\/06\/10-eme-episode-saison-2009-les-foulees-vertaviennes-105-km\/","name":"10 \u00e8me \u00e9pisode saison 2009 : les foul\u00e9es vertaviennes (10,5 km) - Courir Le Monde","isPartOf":{"@id":"https:\/\/courir-lemonde.com\/#website"},"datePublished":"2009-11-06T11:46:12+00:00","dateModified":"2015-11-22T12:09:45+00:00","author":{"@id":"https:\/\/courir-lemonde.com\/#\/schema\/person\/baaa624d701d53d176c763f85b3114e4"},"breadcrumb":{"@id":"https:\/\/courir-lemonde.com\/index.php\/2009\/11\/06\/10-eme-episode-saison-2009-les-foulees-vertaviennes-105-km\/#breadcrumb"},"inLanguage":"fr-FR","potentialAction":[{"@type":"ReadAction","target":["https:\/\/courir-lemonde.com\/index.php\/2009\/11\/06\/10-eme-episode-saison-2009-les-foulees-vertaviennes-105-km\/"]}]},{"@type":"BreadcrumbList","@id":"https:\/\/courir-lemonde.com\/index.php\/2009\/11\/06\/10-eme-episode-saison-2009-les-foulees-vertaviennes-105-km\/#breadcrumb","itemListElement":[{"@type":"ListItem","position":1,"name":"Accueil","item":"https:\/\/courir-lemonde.com\/"},{"@type":"ListItem","position":2,"name":"10 \u00e8me \u00e9pisode saison 2009 : les foul\u00e9es vertaviennes (10,5 km)"}]},{"@type":"WebSite","@id":"https:\/\/courir-lemonde.com\/#website","url":"https:\/\/courir-lemonde.com\/","name":"Courir Le Monde","description":"Le site de Valentin Chapalain, passionn\u00e9 d&#039;aventures et de voyages","potentialAction":[{"@type":"SearchAction","target":{"@type":"EntryPoint","urlTemplate":"https:\/\/courir-lemonde.com\/?s={search_term_string}"},"query-input":"required name=search_term_string"}],"inLanguage":"fr-FR"},{"@type":"Person","@id":"https:\/\/courir-lemonde.com\/#\/schema\/person\/baaa624d701d53d176c763f85b3114e4","name":"Chap44","image":{"@type":"ImageObject","inLanguage":"fr-FR","@id":"https:\/\/courir-lemonde.com\/#\/schema\/person\/image\/","url":"https:\/\/secure.gravatar.com\/avatar\/f6a3fcbb365f597d6259be5c4dc6c05c?s=96&d=mm&r=g","contentUrl":"https:\/\/secure.gravatar.com\/avatar\/f6a3fcbb365f597d6259be5c4dc6c05c?s=96&d=mm&r=g","caption":"Chap44"},"url":"https:\/\/courir-lemonde.com\/index.php\/author\/chap331244\/"}]}},"_links":{"self":[{"href":"https:\/\/courir-lemonde.com\/index.php\/wp-json\/wp\/v2\/posts\/714"}],"collection":[{"href":"https:\/\/courir-lemonde.com\/index.php\/wp-json\/wp\/v2\/posts"}],"about":[{"href":"https:\/\/courir-lemonde.com\/index.php\/wp-json\/wp\/v2\/types\/post"}],"author":[{"embeddable":true,"href":"https:\/\/courir-lemonde.com\/index.php\/wp-json\/wp\/v2\/users\/1"}],"replies":[{"embeddable":true,"href":"https:\/\/courir-lemonde.com\/index.php\/wp-json\/wp\/v2\/comments?post=714"}],"version-history":[{"count":1,"href":"https:\/\/courir-lemonde.com\/index.php\/wp-json\/wp\/v2\/posts\/714\/revisions"}],"predecessor-version":[{"id":715,"href":"https:\/\/courir-lemonde.com\/index.php\/wp-json\/wp\/v2\/posts\/714\/revisions\/715"}],"wp:attachment":[{"href":"https:\/\/courir-lemonde.com\/index.php\/wp-json\/wp\/v2\/media?parent=714"}],"wp:term":[{"taxonomy":"category","embeddable":true,"href":"https:\/\/courir-lemonde.com\/index.php\/wp-json\/wp\/v2\/categories?post=714"},{"taxonomy":"post_tag","embeddable":true,"href":"https:\/\/courir-lemonde.com\/index.php\/wp-json\/wp\/v2\/tags?post=714"}],"curies":[{"name":"wp","href":"https:\/\/api.w.org\/{rel}","templated":true}]}}