{"id":7154,"date":"2023-06-23T15:44:15","date_gmt":"2023-06-23T14:44:15","guid":{"rendered":"https:\/\/courir-lemonde.com\/?p=7154"},"modified":"2023-06-26T20:48:49","modified_gmt":"2023-06-26T19:48:49","slug":"le-combine-arctique-le-projet-pedagogique-en-lien-avec-laventure","status":"publish","type":"post","link":"https:\/\/courir-lemonde.com\/index.php\/2023\/06\/23\/le-combine-arctique-le-projet-pedagogique-en-lien-avec-laventure\/","title":{"rendered":"Le Combin\u00e9 Arctique : le projet p\u00e9dagogique en lien avec l&rsquo;aventure"},"content":{"rendered":"<p style=\"text-align: center;\"><em><a href=\"https:\/\/courir-lemonde.com\/wp-content\/uploads\/2023\/06\/8-scaled.jpg\"><img loading=\"lazy\" decoding=\"async\" class=\"aligncenter wp-image-7163\" src=\"https:\/\/courir-lemonde.com\/wp-content\/uploads\/2023\/06\/8-scaled.jpg\" alt=\"Partage voyage avec des \u00e9coles\" width=\"500\" height=\"378\" \/><\/a>Intervention en classe dans le cadre du projet p\u00e9dagogique men\u00e9 en 2018 pour mon voyage \u00e0 v\u00e9lo en Scandinavie (courir-lemonde)<\/em><\/p>\n<p style=\"text-align: justify;\"><em>Comme je l&rsquo;avais fait en 2018 pour mon voyage \u00e0 v\u00e9lo en Scandinavie, j&rsquo;ai d\u00e9cid\u00e9 d&rsquo;utiliser ma prochaine aventure Le Combin\u00e9 Arctique \u00e0 des fins p\u00e9dagogiques, en partenariat avec des \u00e9coles et des EHPAD (\u00c9tablissements d\u2019h\u00e9bergement pour personnes \u00e2g\u00e9es d\u00e9pendantes).<br \/>\nPour le moment, j&rsquo;ai nou\u00e9 un partenariat avec une \u00e9cole primaire &#8211; l&rsquo;\u00e9cole Georges Brassens de Carquefou &#8211; et un EHPAD &#8211; les Embruns \u00e0 Concarneau dans le Finist\u00e8re.<br \/>\nCe projet p\u00e9dagogique s&rsquo;annonce formateur aussi bien pour les \u00e9coliers et les r\u00e9sidents de l&rsquo;EHPAD que pour moi. J&rsquo;ai h\u00e2te de partager mon aventure scandinaves avec eux. <\/em><!--more--><\/p>\n<h2 style=\"text-align: center;\">\u00a0\u00bb Partager des morceaux d&rsquo;aventure \u00ab\u00a0<\/h2>\n<p style=\"text-align: justify;\">Le premier objectif du projet p\u00e9dagogique est<strong> de faire voyager les enfants et les seniors par procuration.<\/strong> Pendant le voyage, de mani\u00e8re hebdomadaire, je transmettrai <strong>des photos, des vid\u00e9os et des anecdotes<\/strong> pour leur faire vivre de l&rsquo;int\u00e9rieur mon p\u00e9riple et leur partager des morceaux d&rsquo;aventure. Selon les possibilit\u00e9s, nous tenterons aussi de mettre en place <strong>2 ou 3 \u00e9changes en visio pour un suivi encore plus immersif.<\/strong><\/p>\n<p><a href=\"https:\/\/courir-lemonde.com\/wp-content\/uploads\/2023\/02\/IMG_1950-scaled.jpg\"><img loading=\"lazy\" decoding=\"async\" class=\"aligncenter wp-image-7024\" src=\"https:\/\/courir-lemonde.com\/wp-content\/uploads\/2023\/02\/IMG_1950-scaled.jpg\" alt=\"Le Pico Ruivo \u00e0 Mad\u00e8re\" width=\"500\" height=\"378\" \/><\/a><\/p>\n<p style=\"text-align: center;\"><em>Lors de ma travers\u00e9e de Mad\u00e8re \u00e0 pied sur les hauteurs de l&rsquo;\u00eele apr\u00e8s une journ\u00e9e \u00e9prouvante (courir-lemonde)<\/em><\/p>\n<p><a href=\"https:\/\/courir-lemonde.com\/wp-content\/uploads\/2020\/01\/bivouac-sauvage-espagne-velo.jpg\"><img loading=\"lazy\" decoding=\"async\" class=\"aligncenter wp-image-6368\" src=\"https:\/\/courir-lemonde.com\/wp-content\/uploads\/2020\/01\/bivouac-sauvage-espagne-velo.jpg\" alt=\"bivouac auvage feu de camp en Espagne\" width=\"500\" height=\"337\" \/><\/a><\/p>\n<p style=\"text-align: center;\"><em>Bivouac et feu de camp en voyage (photo Aur\u00e9lien Bregeon)<\/em><\/p>\n<h2 style=\"text-align: center;\">Sensibiliser \u00e0 la protection de l&rsquo;environnement<\/h2>\n<p style=\"text-align: justify;\">Au travers de mes voyages, je tente de <strong>sensibiliser la population \u00e0 la protection de notre belle plan\u00e8te <\/strong>et j&rsquo;alerte au sujet de la pollution<strong>. <\/strong>Sur le terrain, cela se traduit notamment par <strong>des collectes de d\u00e9chets.<br \/>\n<\/strong>Durant le Combin\u00e9 Arctique, je compte \u00e9galement <strong>interroger les locaux \u00e0 propos du d\u00e9r\u00e8glement climatique <\/strong>qui semble impacter encore plus vivement les habitants des contr\u00e9es arctiques. Je ne manquerai pas de rapporter ces futurs t\u00e9moignages aux seniors et surtout aux \u00e9coliers qui incarnent la nouvelle g\u00e9n\u00e9ration.<\/p>\n<p><a href=\"https:\/\/courir-lemonde.com\/wp-content\/uploads\/2023\/06\/142-tri-dechets-norvege-scaled.jpg\"><img loading=\"lazy\" decoding=\"async\" class=\"aligncenter wp-image-7167\" src=\"https:\/\/courir-lemonde.com\/wp-content\/uploads\/2023\/06\/142-tri-dechets-norvege-scaled.jpg\" alt=\"Ramassage des dechets en Norv\u00e8ge\" width=\"377\" height=\"500\" \/><\/a><\/p>\n<p style=\"text-align: center;\"><em>Session ramassage de d\u00e9chets (courir-lemonde)<\/em><\/p>\n<h2 style=\"text-align: center;\"><strong>\u00a0\u00bb Ouvrir les jeunes sur le monde, \u00e0 ses beaut\u00e9s et \u00e0 sa diversit\u00e9 \u00ab\u00a0<\/strong><\/h2>\n<p style=\"text-align: justify;\">Ce projet p\u00e9dagogique en lien avec le Combin\u00e9 Arctique est aussi l&rsquo;occasion <strong>de faire d\u00e9couvrir les pays nordiques<\/strong> en particulier par <strong>la g\u00e9ographie.<\/strong><br \/>\nAvec les jeunes et les moins jeunes, j&rsquo;aborderai la g\u00e9ographie des pays scandinaves sous tous ses angles (drapeaux, capitales, relief, animaux, population, climat, traditions, diff\u00e9rences culturelles &#8230;) dans le but de <strong>faire conna\u00eetre davantage nos voisins nordiques.\u00a0<\/strong><\/p>\n<p>Plus largement, mon objectif est <strong>d&rsquo;ouvrir les jeunes sur le monde, \u00e0 ses beaut\u00e9s et \u00e0 sa diversit\u00e9 <\/strong>pour \u00e9viter le repli sur soi.<\/p>\n<p style=\"text-align: center;\"><a href=\"https:\/\/courir-lemonde.com\/wp-content\/uploads\/2018\/11\/176-lofoten-norvege-voyage-velo-reine.jpg\"><img loading=\"lazy\" decoding=\"async\" class=\"aligncenter wp-image-4851\" src=\"https:\/\/courir-lemonde.com\/wp-content\/uploads\/2018\/11\/176-lofoten-norvege-voyage-velo-reine.jpg\" alt=\"Iles Lofoten en Norv\u00e8ge\" width=\"500\" height=\"378\" \/><\/a><em>Le village de p\u00eacheur de Reine sur l&rsquo;archipel des Lofoten (courir-lemonde)<\/em><\/p>\n<p><a href=\"https:\/\/courir-lemonde.com\/wp-content\/uploads\/2023\/06\/153-scaled.jpg\"><img loading=\"lazy\" decoding=\"async\" class=\"aligncenter wp-image-7166\" src=\"https:\/\/courir-lemonde.com\/wp-content\/uploads\/2023\/06\/153-scaled.jpg\" alt=\"renne sauvage ne Su\u00e8de \" width=\"500\" height=\"378\" \/><\/a><\/p>\n<p style=\"text-align: center;\"><em>Le renne, animal embl\u00e9matique du Grand Nord, dans son milieu naturel<br \/>\n(courir-lemonde)<\/em><\/p>\n<h2 style=\"text-align: center;\">Encourager \u00e0 r\u00e9aliser ses r\u00eaves et \u00e0 entreprendre par soi-m\u00eame<\/h2>\n<p style=\"text-align: justify;\">Enfin, je souhaite montrer aux \u00e9coliers que les <strong>r\u00eaves d&rsquo;enfant peuvent se r\u00e9aliser \u00e0 condition de s&rsquo;accorder du temps et de mettre des choses en place<\/strong>. Avec l&rsquo;\u00e2ge, j&rsquo;ai bien compris que rien n&rsquo;est impossible \u00e0 condition de mettre les moyens ad\u00e9quats et des actions en place pour les r\u00e9aliser.<\/p>\n<p style=\"text-align: justify;\">En 2018, mon tour de Scandinavie \u00e0 v\u00e9lo \u00e9tait l&rsquo;accomplissement d&rsquo;un r\u00eave de gosse. Le Combin\u00e9 Arctique \u00e0 venir est la suite de ce r\u00eave pour moi grand passionn\u00e9 par les pays scandinaves depuis mon enfance.<br \/>\nJ\u2019essayerai de <strong>transmettre aux jeunes des valeurs d&rsquo;\u00e9coute de ses envies profondes, de t\u00e9nacit\u00e9, de volont\u00e9 et d\u2019esprit d\u2019entreprise.\u00a0<\/strong><\/p>\n<p><a href=\"https:\/\/courir-lemonde.com\/wp-content\/uploads\/2023\/06\/photo-Lofoten.jpg\"><img loading=\"lazy\" decoding=\"async\" class=\"aligncenter wp-image-7165\" src=\"https:\/\/courir-lemonde.com\/wp-content\/uploads\/2023\/06\/photo-Lofoten.jpg\" alt=\"Trekking aux Lofoten en Norv\u00e8ge\" width=\"500\" height=\"378\" \/><\/a><\/p>\n<p style=\"text-align: center;\"><em>Durant mes interventions dans les \u00e9coles, j&rsquo;explique aux \u00e9coliers \u00e0 quel point r\u00e9aliser ses r\u00eaves d&rsquo;enfant rend heureux (courir-lemonde)<\/em><\/p>\n<p style=\"text-align: center;\"><a href=\"https:\/\/courir-lemonde.com\/wp-content\/uploads\/2023\/03\/Affiche-Combine-Arctique-avec-partenaire-juin-2023-definitif.png\"><img loading=\"lazy\" decoding=\"async\" class=\"aligncenter size-full wp-image-7189\" src=\"https:\/\/courir-lemonde.com\/wp-content\/uploads\/2023\/03\/Affiche-Combine-Arctique-avec-partenaire-juin-2023-definitif.png\" alt=\"\" width=\"491\" height=\"325\" srcset=\"https:\/\/courir-lemonde.com\/wp-content\/uploads\/2023\/03\/Affiche-Combine-Arctique-avec-partenaire-juin-2023-definitif.png 491w, https:\/\/courir-lemonde.com\/wp-content\/uploads\/2023\/03\/Affiche-Combine-Arctique-avec-partenaire-juin-2023-definitif-300x199.png 300w, https:\/\/courir-lemonde.com\/wp-content\/uploads\/2023\/03\/Affiche-Combine-Arctique-avec-partenaire-juin-2023-definitif-453x300.png 453w\" sizes=\"(max-width: 491px) 100vw, 491px\" \/><\/a><em>Le Combin\u00e9 Arctique. Une aventure soutenue par <a href=\"https:\/\/www.mecalectro.com\/\">Mecalectro<\/a> et <a href=\"https:\/\/nature-et-cie.fr\/\">Nature et Compagnie<\/a> (courir-lemonde)<\/em><\/p>\n","protected":false},"excerpt":{"rendered":"<p>Intervention en classe dans le cadre du projet p\u00e9dagogique men\u00e9 en 2018 pour mon voyage \u00e0 v\u00e9lo en Scandinavie (courir-lemonde) Comme je l&rsquo;avais fait en 2018 pour mon voyage \u00e0 v\u00e9lo en Scandinavie, j&rsquo;ai d\u00e9cid\u00e9 d&rsquo;utiliser ma prochaine aventure Le &hellip; <a href=\"https:\/\/courir-lemonde.com\/index.php\/2023\/06\/23\/le-combine-arctique-le-projet-pedagogique-en-lien-avec-laventure\/\">Continuer la lecture <span class=\"meta-nav\">&rarr;<\/span><\/a><\/p>\n","protected":false},"author":1,"featured_media":0,"comment_status":"open","ping_status":"open","sticky":false,"template":"","format":"standard","meta":{"footnotes":""},"categories":[552],"tags":[432,542,544,543,564,340,50,206],"yoast_head":"<!-- This site is optimized with the Yoast SEO plugin v21.8.1 - https:\/\/yoast.com\/wordpress\/plugins\/seo\/ -->\n<title>Le Combin\u00e9 Arctique : le projet p\u00e9dagogique en lien avec l&#039;aventure - Courir Le Monde<\/title>\n<meta name=\"robots\" content=\"index, follow, max-snippet:-1, max-image-preview:large, max-video-preview:-1\" \/>\n<link rel=\"canonical\" href=\"https:\/\/courir-lemonde.com\/index.php\/2023\/06\/23\/le-combine-arctique-le-projet-pedagogique-en-lien-avec-laventure\/\" \/>\n<meta property=\"og:locale\" content=\"fr_FR\" \/>\n<meta property=\"og:type\" content=\"article\" \/>\n<meta property=\"og:title\" content=\"Le Combin\u00e9 Arctique : le projet p\u00e9dagogique en lien avec l&#039;aventure - Courir Le Monde\" \/>\n<meta property=\"og:description\" content=\"Intervention en classe dans le cadre du projet p\u00e9dagogique men\u00e9 en 2018 pour mon voyage \u00e0 v\u00e9lo en Scandinavie (courir-lemonde) Comme je l&rsquo;avais fait en 2018 pour mon voyage \u00e0 v\u00e9lo en Scandinavie, j&rsquo;ai d\u00e9cid\u00e9 d&rsquo;utiliser ma prochaine aventure Le &hellip; Continuer la lecture &rarr;\" \/>\n<meta property=\"og:url\" content=\"https:\/\/courir-lemonde.com\/index.php\/2023\/06\/23\/le-combine-arctique-le-projet-pedagogique-en-lien-avec-laventure\/\" \/>\n<meta property=\"og:site_name\" content=\"Courir Le Monde\" \/>\n<meta property=\"article:published_time\" content=\"2023-06-23T14:44:15+00:00\" \/>\n<meta property=\"article:modified_time\" content=\"2023-06-26T19:48:49+00:00\" \/>\n<meta property=\"og:image\" content=\"https:\/\/courir-lemonde.com\/wp-content\/uploads\/2023\/06\/8-scaled.jpg\" \/>\n<meta name=\"author\" content=\"Chap44\" \/>\n<meta name=\"twitter:card\" content=\"summary_large_image\" \/>\n<meta name=\"twitter:label1\" content=\"\u00c9crit par\" \/>\n\t<meta name=\"twitter:data1\" content=\"Chap44\" \/>\n\t<meta name=\"twitter:label2\" content=\"Dur\u00e9e de lecture estim\u00e9e\" \/>\n\t<meta name=\"twitter:data2\" content=\"5 minutes\" \/>\n<script type=\"application\/ld+json\" class=\"yoast-schema-graph\">{\"@context\":\"https:\/\/schema.org\",\"@graph\":[{\"@type\":\"WebPage\",\"@id\":\"https:\/\/courir-lemonde.com\/index.php\/2023\/06\/23\/le-combine-arctique-le-projet-pedagogique-en-lien-avec-laventure\/\",\"url\":\"https:\/\/courir-lemonde.com\/index.php\/2023\/06\/23\/le-combine-arctique-le-projet-pedagogique-en-lien-avec-laventure\/\",\"name\":\"Le Combin\u00e9 Arctique : le projet p\u00e9dagogique en lien avec l'aventure - Courir Le Monde\",\"isPartOf\":{\"@id\":\"https:\/\/courir-lemonde.com\/#website\"},\"datePublished\":\"2023-06-23T14:44:15+00:00\",\"dateModified\":\"2023-06-26T19:48:49+00:00\",\"author\":{\"@id\":\"https:\/\/courir-lemonde.com\/#\/schema\/person\/baaa624d701d53d176c763f85b3114e4\"},\"breadcrumb\":{\"@id\":\"https:\/\/courir-lemonde.com\/index.php\/2023\/06\/23\/le-combine-arctique-le-projet-pedagogique-en-lien-avec-laventure\/#breadcrumb\"},\"inLanguage\":\"fr-FR\",\"potentialAction\":[{\"@type\":\"ReadAction\",\"target\":[\"https:\/\/courir-lemonde.com\/index.php\/2023\/06\/23\/le-combine-arctique-le-projet-pedagogique-en-lien-avec-laventure\/\"]}]},{\"@type\":\"BreadcrumbList\",\"@id\":\"https:\/\/courir-lemonde.com\/index.php\/2023\/06\/23\/le-combine-arctique-le-projet-pedagogique-en-lien-avec-laventure\/#breadcrumb\",\"itemListElement\":[{\"@type\":\"ListItem\",\"position\":1,\"name\":\"Accueil\",\"item\":\"https:\/\/courir-lemonde.com\/\"},{\"@type\":\"ListItem\",\"position\":2,\"name\":\"Le Combin\u00e9 Arctique : le projet p\u00e9dagogique en lien avec l&rsquo;aventure\"}]},{\"@type\":\"WebSite\",\"@id\":\"https:\/\/courir-lemonde.com\/#website\",\"url\":\"https:\/\/courir-lemonde.com\/\",\"name\":\"Courir Le Monde\",\"description\":\"Le site de Valentin Chapalain, passionn\u00e9 d&#039;aventures et de voyages\",\"potentialAction\":[{\"@type\":\"SearchAction\",\"target\":{\"@type\":\"EntryPoint\",\"urlTemplate\":\"https:\/\/courir-lemonde.com\/?s={search_term_string}\"},\"query-input\":\"required name=search_term_string\"}],\"inLanguage\":\"fr-FR\"},{\"@type\":\"Person\",\"@id\":\"https:\/\/courir-lemonde.com\/#\/schema\/person\/baaa624d701d53d176c763f85b3114e4\",\"name\":\"Chap44\",\"image\":{\"@type\":\"ImageObject\",\"inLanguage\":\"fr-FR\",\"@id\":\"https:\/\/courir-lemonde.com\/#\/schema\/person\/image\/\",\"url\":\"https:\/\/secure.gravatar.com\/avatar\/f6a3fcbb365f597d6259be5c4dc6c05c?s=96&d=mm&r=g\",\"contentUrl\":\"https:\/\/secure.gravatar.com\/avatar\/f6a3fcbb365f597d6259be5c4dc6c05c?s=96&d=mm&r=g\",\"caption\":\"Chap44\"},\"url\":\"https:\/\/courir-lemonde.com\/index.php\/author\/chap331244\/\"}]}<\/script>\n<!-- \/ Yoast SEO plugin. -->","yoast_head_json":{"title":"Le Combin\u00e9 Arctique : le projet p\u00e9dagogique en lien avec l'aventure - Courir Le Monde","robots":{"index":"index","follow":"follow","max-snippet":"max-snippet:-1","max-image-preview":"max-image-preview:large","max-video-preview":"max-video-preview:-1"},"canonical":"https:\/\/courir-lemonde.com\/index.php\/2023\/06\/23\/le-combine-arctique-le-projet-pedagogique-en-lien-avec-laventure\/","og_locale":"fr_FR","og_type":"article","og_title":"Le Combin\u00e9 Arctique : le projet p\u00e9dagogique en lien avec l'aventure - Courir Le Monde","og_description":"Intervention en classe dans le cadre du projet p\u00e9dagogique men\u00e9 en 2018 pour mon voyage \u00e0 v\u00e9lo en Scandinavie (courir-lemonde) Comme je l&rsquo;avais fait en 2018 pour mon voyage \u00e0 v\u00e9lo en Scandinavie, j&rsquo;ai d\u00e9cid\u00e9 d&rsquo;utiliser ma prochaine aventure Le &hellip; Continuer la lecture &rarr;","og_url":"https:\/\/courir-lemonde.com\/index.php\/2023\/06\/23\/le-combine-arctique-le-projet-pedagogique-en-lien-avec-laventure\/","og_site_name":"Courir Le Monde","article_published_time":"2023-06-23T14:44:15+00:00","article_modified_time":"2023-06-26T19:48:49+00:00","og_image":[{"url":"https:\/\/courir-lemonde.com\/wp-content\/uploads\/2023\/06\/8-scaled.jpg"}],"author":"Chap44","twitter_card":"summary_large_image","twitter_misc":{"\u00c9crit par":"Chap44","Dur\u00e9e de lecture estim\u00e9e":"5 minutes"},"schema":{"@context":"https:\/\/schema.org","@graph":[{"@type":"WebPage","@id":"https:\/\/courir-lemonde.com\/index.php\/2023\/06\/23\/le-combine-arctique-le-projet-pedagogique-en-lien-avec-laventure\/","url":"https:\/\/courir-lemonde.com\/index.php\/2023\/06\/23\/le-combine-arctique-le-projet-pedagogique-en-lien-avec-laventure\/","name":"Le Combin\u00e9 Arctique : le projet p\u00e9dagogique en lien avec l'aventure - Courir Le Monde","isPartOf":{"@id":"https:\/\/courir-lemonde.com\/#website"},"datePublished":"2023-06-23T14:44:15+00:00","dateModified":"2023-06-26T19:48:49+00:00","author":{"@id":"https:\/\/courir-lemonde.com\/#\/schema\/person\/baaa624d701d53d176c763f85b3114e4"},"breadcrumb":{"@id":"https:\/\/courir-lemonde.com\/index.php\/2023\/06\/23\/le-combine-arctique-le-projet-pedagogique-en-lien-avec-laventure\/#breadcrumb"},"inLanguage":"fr-FR","potentialAction":[{"@type":"ReadAction","target":["https:\/\/courir-lemonde.com\/index.php\/2023\/06\/23\/le-combine-arctique-le-projet-pedagogique-en-lien-avec-laventure\/"]}]},{"@type":"BreadcrumbList","@id":"https:\/\/courir-lemonde.com\/index.php\/2023\/06\/23\/le-combine-arctique-le-projet-pedagogique-en-lien-avec-laventure\/#breadcrumb","itemListElement":[{"@type":"ListItem","position":1,"name":"Accueil","item":"https:\/\/courir-lemonde.com\/"},{"@type":"ListItem","position":2,"name":"Le Combin\u00e9 Arctique : le projet p\u00e9dagogique en lien avec l&rsquo;aventure"}]},{"@type":"WebSite","@id":"https:\/\/courir-lemonde.com\/#website","url":"https:\/\/courir-lemonde.com\/","name":"Courir Le Monde","description":"Le site de Valentin Chapalain, passionn\u00e9 d&#039;aventures et de voyages","potentialAction":[{"@type":"SearchAction","target":{"@type":"EntryPoint","urlTemplate":"https:\/\/courir-lemonde.com\/?s={search_term_string}"},"query-input":"required name=search_term_string"}],"inLanguage":"fr-FR"},{"@type":"Person","@id":"https:\/\/courir-lemonde.com\/#\/schema\/person\/baaa624d701d53d176c763f85b3114e4","name":"Chap44","image":{"@type":"ImageObject","inLanguage":"fr-FR","@id":"https:\/\/courir-lemonde.com\/#\/schema\/person\/image\/","url":"https:\/\/secure.gravatar.com\/avatar\/f6a3fcbb365f597d6259be5c4dc6c05c?s=96&d=mm&r=g","contentUrl":"https:\/\/secure.gravatar.com\/avatar\/f6a3fcbb365f597d6259be5c4dc6c05c?s=96&d=mm&r=g","caption":"Chap44"},"url":"https:\/\/courir-lemonde.com\/index.php\/author\/chap331244\/"}]}},"_links":{"self":[{"href":"https:\/\/courir-lemonde.com\/index.php\/wp-json\/wp\/v2\/posts\/7154"}],"collection":[{"href":"https:\/\/courir-lemonde.com\/index.php\/wp-json\/wp\/v2\/posts"}],"about":[{"href":"https:\/\/courir-lemonde.com\/index.php\/wp-json\/wp\/v2\/types\/post"}],"author":[{"embeddable":true,"href":"https:\/\/courir-lemonde.com\/index.php\/wp-json\/wp\/v2\/users\/1"}],"replies":[{"embeddable":true,"href":"https:\/\/courir-lemonde.com\/index.php\/wp-json\/wp\/v2\/comments?post=7154"}],"version-history":[{"count":8,"href":"https:\/\/courir-lemonde.com\/index.php\/wp-json\/wp\/v2\/posts\/7154\/revisions"}],"predecessor-version":[{"id":7191,"href":"https:\/\/courir-lemonde.com\/index.php\/wp-json\/wp\/v2\/posts\/7154\/revisions\/7191"}],"wp:attachment":[{"href":"https:\/\/courir-lemonde.com\/index.php\/wp-json\/wp\/v2\/media?parent=7154"}],"wp:term":[{"taxonomy":"category","embeddable":true,"href":"https:\/\/courir-lemonde.com\/index.php\/wp-json\/wp\/v2\/categories?post=7154"},{"taxonomy":"post_tag","embeddable":true,"href":"https:\/\/courir-lemonde.com\/index.php\/wp-json\/wp\/v2\/tags?post=7154"}],"curies":[{"name":"wp","href":"https:\/\/api.w.org\/{rel}","templated":true}]}}