{"id":7360,"date":"2025-09-25T17:07:58","date_gmt":"2025-09-25T16:07:58","guid":{"rendered":"https:\/\/courir-lemonde.com\/?p=7360"},"modified":"2026-04-02T19:29:19","modified_gmt":"2026-04-02T18:29:19","slug":"par-les-chemins-de-larctique-recit-de-voyage-dune-aventure-en-kayak-a-pied-et-a-velo-en-scandinavie","status":"publish","type":"post","link":"https:\/\/courir-lemonde.com\/index.php\/2025\/09\/25\/par-les-chemins-de-larctique-recit-de-voyage-dune-aventure-en-kayak-a-pied-et-a-velo-en-scandinavie\/","title":{"rendered":"Par les Chemins de l&rsquo;Arctique : r\u00e9cit de voyage d&rsquo;une aventure en kayak, \u00e0 pied et \u00e0 v\u00e9lo en Scandinavie"},"content":{"rendered":"<p style=\"text-align: justify;\"><em><a href=\"https:\/\/courir-lemonde.com\/wp-content\/uploads\/2025\/09\/couverture-livre-Par-les-chemins-de-lArctique.jpg\"><img loading=\"lazy\" decoding=\"async\" class=\"aligncenter size-full wp-image-7362\" src=\"https:\/\/courir-lemonde.com\/wp-content\/uploads\/2025\/09\/couverture-livre-Par-les-chemins-de-lArctique.jpg\" alt=\"recit de voyage en Arctique \" width=\"652\" height=\"917\" srcset=\"https:\/\/courir-lemonde.com\/wp-content\/uploads\/2025\/09\/couverture-livre-Par-les-chemins-de-lArctique.jpg 652w, https:\/\/courir-lemonde.com\/wp-content\/uploads\/2025\/09\/couverture-livre-Par-les-chemins-de-lArctique-213x300.jpg 213w\" sizes=\"(max-width: 652px) 100vw, 652px\" \/><\/a>Apr\u00e8s la parution de l&rsquo;<a href=\"https:\/\/courir-lemonde.com\/index.php\/2021\/12\/12\/lappel-du-grand-nord-recit-de-mon-voyage-a-velo-en-scandinavie\/\">Appel du Grand Nord<\/a> en 2021, j&rsquo;ai le plaisir d&rsquo;annoncer la parution de mon deuxi\u00e8me r\u00e9cit de voyage : Par les chemins de l&rsquo;Arctique. Il retrace une aventure in\u00e9dite combinant kayak, marche et v\u00e9lo entre le cercle polaire et le cap Nord des pr\u00e9mices de l&rsquo;automne aux fronti\u00e8res de l&rsquo;hiver. <\/em><em>Le livre raconte tout ce qui a fait mon aventure. De la gen\u00e8se du projet aux moments de combat dans le blizzard. La pr\u00e9paration logistique, mat\u00e9rielle et mentale. L&rsquo;immersion dans la nature brute et la chaleur des rencontres humaines apr\u00e8s des kilom\u00e8tres dans la toundra glac\u00e9e. La sobri\u00e9t\u00e9 heureuse et les doutes qui accompagnent le voyageur. <\/em><em>Des informations g\u00e9ographiques, culturelles et historiques sur les pays travers\u00e9s sont \u00e9galement distill\u00e9s au fil du r\u00e9cit.\u00a0<\/em><\/p>\n<p><!--more--><\/p>\n<h2 style=\"text-align: center;\">R\u00e9cit de voyage en Scandinavie<\/h2>\n<p>Mon livre<strong> Par les chemins de l&rsquo;Arctique <\/strong><span class=\"sc-pZExJ bnPLsT\">est recens\u00e9 sur le blog<strong>\u00a0<a href=\"http:\/\/biblio-cyclesdephilippeorgebin.hautetfort.com\/archive\/2025\/10\/04\/chapalain-valentin-6565174.html\">Biblio-cycle<\/a><\/strong>\u00a0de Philippe Orgebin, Herv\u00e9 Le Cahain et Jean-Yves Mounier.\u00a0<strong>Ce blog est l\u2019une des r\u00e9f\u00e9rences des livres sur l\u2019aventure et le voyage \u00e0 v\u00e9lo.\u00a0<\/strong><\/span><\/p>\n<h1 style=\"text-align: center;\">Par les chemins de l&rsquo;Arctique<br \/>\nle r\u00e9cit d&rsquo;une aventure en kayak, \u00e0 pied et \u00e0 v\u00e9lo en terre bor\u00e9ale<\/h1>\n<h3>Commander le livre en version papier<\/h3>\n<p>Pour\u00a0<strong>commander <em>Par les chemins de l&rsquo;Arctique<\/em> en version papier c\u2019est tr\u00e8s simple. <\/strong>Vous pouvez laisser un commentaire sous cet article en m\u2019indiquant vos coordonn\u00e9es ou me joindre directement via mes pages<a href=\"https:\/\/www.facebook.com\/profile.php?id=100063755915174\">\u00a0facebook<\/a>\u00a0ou\u00a0<a href=\"https:\/\/www.instagram.com\/courir.le.monde\/\">instagram<\/a>, par mail \u00e0 valentin.chapalain@gmail.com ou par t\u00e9l\u00e9phone au 06 32 26 82 24.<\/p>\n<p>Caract\u00e9ristiques du livre papier :<\/p>\n<ul>\n<li>256 pages dont 6 cartes dessin\u00e9es \u00e0 la main de l\u2019itin\u00e9raire + 4 encarts photos (plus de 70 photos couleur en qualit\u00e9)<\/li>\n<li>Prix : <strong>20 euros<\/strong> (+ frais d&rsquo;envoi : 4,10 euros par Mondial Relay en France m\u00e9tropolitaine par exemple). J\u2019assure la livraison gratuitement et en main propre sur les agglom\u00e9rations nantaises, rennaises et angevines.<br \/>\n<strong>Mode de r\u00e8glement accept\u00e9s : virement, ch\u00e8que et esp\u00e8ce selon vos pr\u00e9f\u00e9rences.\u00a0<\/strong><\/li>\n<\/ul>\n<h3>Commander le livre en <strong>version num\u00e9rique<\/strong>\u00a0(e-book)<\/h3>\n<p>Pour\u00a0<strong>commander l\u2019e-book<\/strong> (version PDF \u2013 id\u00e9al pour lire sur ordinateur, tablette, smartphone \u2026), cliquez sur le lien ci-apr\u00e8s et suivez les explications pour r\u00e9cup\u00e9rer le fichier <a href=\"https:\/\/www.numilog.com\/1830178\/par-les-chemins-de-l-arctique.ebook\">https:\/\/www.numilog.com\/1830178\/par-les-chemins-de-l-arctique.ebook<\/a><\/p>\n<ul>\n<li>256 pages dont 6 cartes dessin\u00e9es \u00e0 la main de l\u2019itin\u00e9raire + 4 encarts photos (plus de 70 photos)<\/li>\n<li>Prix : 8,99 euros<\/li>\n<\/ul>\n<p><a href=\"https:\/\/courir-lemonde.com\/wp-content\/uploads\/2024\/01\/20231013_125822-scaled.jpg\"><img loading=\"lazy\" decoding=\"async\" class=\"aligncenter size-full wp-image-7271\" src=\"https:\/\/courir-lemonde.com\/wp-content\/uploads\/2024\/01\/20231013_125822-scaled.jpg\" alt=\"Voyageur \u00e0 v\u00e9lo vers le Cap Nord en hiver\" width=\"2560\" height=\"1916\" srcset=\"https:\/\/courir-lemonde.com\/wp-content\/uploads\/2024\/01\/20231013_125822-scaled.jpg 2560w, https:\/\/courir-lemonde.com\/wp-content\/uploads\/2024\/01\/20231013_125822-300x225.jpg 300w, https:\/\/courir-lemonde.com\/wp-content\/uploads\/2024\/01\/20231013_125822-1024x767.jpg 1024w, https:\/\/courir-lemonde.com\/wp-content\/uploads\/2024\/01\/20231013_125822-768x575.jpg 768w, https:\/\/courir-lemonde.com\/wp-content\/uploads\/2024\/01\/20231013_125822-1536x1150.jpg 1536w, https:\/\/courir-lemonde.com\/wp-content\/uploads\/2024\/01\/20231013_125822-2048x1533.jpg 2048w, https:\/\/courir-lemonde.com\/wp-content\/uploads\/2024\/01\/20231013_125822-401x300.jpg 401w\" sizes=\"(max-width: 2560px) 100vw, 2560px\" \/><\/a><\/p>\n<h2 style=\"text-align: center;\"><strong>La quatri\u00e8me de couverture\u00a0<\/strong><\/h2>\n<p style=\"text-align: justify;\">Valentin Chapalain entreprend une itin\u00e9rance in\u00e9dite en Scandinavie. Aux pr\u00e9mices de l\u2019automne bor\u00e9al, il s\u2019\u00e9lance du cercle polaire arctique. D\u2019abord en kayak, puis \u00e0 pied et enfin \u00e0 v\u00e9lo, l\u2019aventurier arpente les terres vierges de S\u00e1pmi avec l\u2019ambition de rejoindre le cap Nord aux confins de l\u2019Europe.<\/p>\n<p style=\"text-align: justify;\">L\u2019Arctique lui offre un cadre sauvage pour vivre l\u2019aventure dont il a r\u00eav\u00e9. En chemin, Valentin c\u00f4toie les hardes de rennes, les lagop\u00e8des, les renards polaires et redoute les ours et les gloutons. La danse des aurores bor\u00e9ales enlumine les nuits de plus en plus longues \u00e0 mesure que l\u2019automne s\u2019\u00e9gr\u00e8ne.<\/p>\n<p style=\"text-align: justify;\">L\u2019aventure est \u00e9prouvante. Le voyageur compose avec l\u2019humidit\u00e9 constante et les premi\u00e8res chutes de neige. Il lutte face au blizzard et au froid mordant qui le harc\u00e8lent. Le d\u00e9passement de soi est quotidien. Il touche du doigt l\u2019instinct de survie dans les cols verglac\u00e9s. La d\u00e9termination prend le pas sur la contemplation pour gagner chaque degr\u00e9 de latitude. Dans les villages, les rencontres humaines r\u00e9chauffent son c\u0153ur et le nourrissent des traditions du dernier peuple autochtone d\u2019Europe, les S\u00e1mi.<\/p>\n<p style=\"text-align: justify;\">Au bout des 1 800 kilom\u00e8tres de son \u00ab\u00a0combin\u00e9 arctique\u00a0\u00bb, Valentin Chapalain parviendra-t-il \u00e0 atteindre le cap Nord\u00a0aux portes de l\u2019hiver ?<\/p>\n<p style=\"text-align: left;\"><a href=\"https:\/\/courir-lemonde.com\/wp-content\/uploads\/2024\/01\/delta-rapadalen-sarek-suede-scaled.jpg\"><img loading=\"lazy\" decoding=\"async\" class=\"aligncenter size-full wp-image-7264\" src=\"https:\/\/courir-lemonde.com\/wp-content\/uploads\/2024\/01\/delta-rapadalen-sarek-suede-scaled.jpg\" alt=\"Le delta du Rapadalen en Su\u00e8de dans le parc national du Sarek\" width=\"2560\" height=\"1920\" srcset=\"https:\/\/courir-lemonde.com\/wp-content\/uploads\/2024\/01\/delta-rapadalen-sarek-suede-scaled.jpg 2560w, https:\/\/courir-lemonde.com\/wp-content\/uploads\/2024\/01\/delta-rapadalen-sarek-suede-300x225.jpg 300w, https:\/\/courir-lemonde.com\/wp-content\/uploads\/2024\/01\/delta-rapadalen-sarek-suede-1024x768.jpg 1024w, https:\/\/courir-lemonde.com\/wp-content\/uploads\/2024\/01\/delta-rapadalen-sarek-suede-768x576.jpg 768w, https:\/\/courir-lemonde.com\/wp-content\/uploads\/2024\/01\/delta-rapadalen-sarek-suede-1536x1152.jpg 1536w, https:\/\/courir-lemonde.com\/wp-content\/uploads\/2024\/01\/delta-rapadalen-sarek-suede-2048x1536.jpg 2048w, https:\/\/courir-lemonde.com\/wp-content\/uploads\/2024\/01\/delta-rapadalen-sarek-suede-400x300.jpg 400w\" sizes=\"(max-width: 2560px) 100vw, 2560px\" \/><\/a><\/p>\n<p>&nbsp;<\/p>\n<p style=\"text-align: justify;\">Passionn\u00e9s d&rsquo;aventure en kayak, \u00e0 pied ou \u00e0 v\u00e9lo, amoureux du Grand Nord ou ni l\u2019un ni l\u2019autre, je vous invite \u00e0 commander le livre qui j\u2019en suis persuad\u00e9 <strong>vous procurera une bonne dose d&rsquo;\u00e9vasion<\/strong>. J\u2019ai ador\u00e9 raconter mes p\u00e9r\u00e9grinations arctiques \u00e0 travers ce r\u00e9cit de voyage. Je vous souhaite \u00e0 votre tour de passer un agr\u00e9able moment. Inspirante lecture \u00e0 toutes et tous.<\/p>\n<p style=\"text-align: left;\">Valentin<\/p>\n","protected":false},"excerpt":{"rendered":"<p>Apr\u00e8s la parution de l&rsquo;Appel du Grand Nord en 2021, j&rsquo;ai le plaisir d&rsquo;annoncer la parution de mon deuxi\u00e8me r\u00e9cit de voyage : Par les chemins de l&rsquo;Arctique. Il retrace une aventure in\u00e9dite combinant kayak, marche et v\u00e9lo entre le &hellip; <a href=\"https:\/\/courir-lemonde.com\/index.php\/2025\/09\/25\/par-les-chemins-de-larctique-recit-de-voyage-dune-aventure-en-kayak-a-pied-et-a-velo-en-scandinavie\/\">Continuer la lecture <span class=\"meta-nav\">&rarr;<\/span><\/a><\/p>\n","protected":false},"author":1,"featured_media":0,"comment_status":"open","ping_status":"open","sticky":false,"template":"","format":"standard","meta":{"footnotes":""},"categories":[540],"tags":[577,579,544,576,324,578,575,536,340],"yoast_head":"<!-- This site is optimized with the Yoast SEO plugin v21.8.1 - https:\/\/yoast.com\/wordpress\/plugins\/seo\/ -->\n<title>Par les Chemins de l&#039;Arctique : r\u00e9cit de voyage d&#039;une aventure en kayak, \u00e0 pied et \u00e0 v\u00e9lo en Scandinavie - Courir Le Monde<\/title>\n<meta name=\"robots\" content=\"index, follow, max-snippet:-1, max-image-preview:large, max-video-preview:-1\" \/>\n<link rel=\"canonical\" href=\"https:\/\/courir-lemonde.com\/index.php\/2025\/09\/25\/par-les-chemins-de-larctique-recit-de-voyage-dune-aventure-en-kayak-a-pied-et-a-velo-en-scandinavie\/\" \/>\n<meta property=\"og:locale\" content=\"fr_FR\" \/>\n<meta property=\"og:type\" content=\"article\" \/>\n<meta property=\"og:title\" content=\"Par les Chemins de l&#039;Arctique : r\u00e9cit de voyage d&#039;une aventure en kayak, \u00e0 pied et \u00e0 v\u00e9lo en Scandinavie - Courir Le Monde\" \/>\n<meta property=\"og:description\" content=\"Apr\u00e8s la parution de l&rsquo;Appel du Grand Nord en 2021, j&rsquo;ai le plaisir d&rsquo;annoncer la parution de mon deuxi\u00e8me r\u00e9cit de voyage : Par les chemins de l&rsquo;Arctique. Il retrace une aventure in\u00e9dite combinant kayak, marche et v\u00e9lo entre le &hellip; Continuer la lecture &rarr;\" \/>\n<meta property=\"og:url\" content=\"https:\/\/courir-lemonde.com\/index.php\/2025\/09\/25\/par-les-chemins-de-larctique-recit-de-voyage-dune-aventure-en-kayak-a-pied-et-a-velo-en-scandinavie\/\" \/>\n<meta property=\"og:site_name\" content=\"Courir Le Monde\" \/>\n<meta property=\"article:published_time\" content=\"2025-09-25T16:07:58+00:00\" \/>\n<meta property=\"article:modified_time\" content=\"2026-04-02T18:29:19+00:00\" \/>\n<meta property=\"og:image\" content=\"https:\/\/courir-lemonde.com\/wp-content\/uploads\/2025\/09\/couverture-livre-Par-les-chemins-de-lArctique.jpg\" \/>\n<meta name=\"author\" content=\"Chap44\" \/>\n<meta name=\"twitter:card\" content=\"summary_large_image\" \/>\n<meta name=\"twitter:label1\" content=\"\u00c9crit par\" \/>\n\t<meta name=\"twitter:data1\" content=\"Chap44\" \/>\n\t<meta name=\"twitter:label2\" content=\"Dur\u00e9e de lecture estim\u00e9e\" \/>\n\t<meta name=\"twitter:data2\" content=\"4 minutes\" \/>\n<script type=\"application\/ld+json\" class=\"yoast-schema-graph\">{\"@context\":\"https:\/\/schema.org\",\"@graph\":[{\"@type\":\"WebPage\",\"@id\":\"https:\/\/courir-lemonde.com\/index.php\/2025\/09\/25\/par-les-chemins-de-larctique-recit-de-voyage-dune-aventure-en-kayak-a-pied-et-a-velo-en-scandinavie\/\",\"url\":\"https:\/\/courir-lemonde.com\/index.php\/2025\/09\/25\/par-les-chemins-de-larctique-recit-de-voyage-dune-aventure-en-kayak-a-pied-et-a-velo-en-scandinavie\/\",\"name\":\"Par les Chemins de l'Arctique : r\u00e9cit de voyage d'une aventure en kayak, \u00e0 pied et \u00e0 v\u00e9lo en Scandinavie - Courir Le Monde\",\"isPartOf\":{\"@id\":\"https:\/\/courir-lemonde.com\/#website\"},\"datePublished\":\"2025-09-25T16:07:58+00:00\",\"dateModified\":\"2026-04-02T18:29:19+00:00\",\"author\":{\"@id\":\"https:\/\/courir-lemonde.com\/#\/schema\/person\/baaa624d701d53d176c763f85b3114e4\"},\"breadcrumb\":{\"@id\":\"https:\/\/courir-lemonde.com\/index.php\/2025\/09\/25\/par-les-chemins-de-larctique-recit-de-voyage-dune-aventure-en-kayak-a-pied-et-a-velo-en-scandinavie\/#breadcrumb\"},\"inLanguage\":\"fr-FR\",\"potentialAction\":[{\"@type\":\"ReadAction\",\"target\":[\"https:\/\/courir-lemonde.com\/index.php\/2025\/09\/25\/par-les-chemins-de-larctique-recit-de-voyage-dune-aventure-en-kayak-a-pied-et-a-velo-en-scandinavie\/\"]}]},{\"@type\":\"BreadcrumbList\",\"@id\":\"https:\/\/courir-lemonde.com\/index.php\/2025\/09\/25\/par-les-chemins-de-larctique-recit-de-voyage-dune-aventure-en-kayak-a-pied-et-a-velo-en-scandinavie\/#breadcrumb\",\"itemListElement\":[{\"@type\":\"ListItem\",\"position\":1,\"name\":\"Accueil\",\"item\":\"https:\/\/courir-lemonde.com\/\"},{\"@type\":\"ListItem\",\"position\":2,\"name\":\"Par les Chemins de l&rsquo;Arctique : r\u00e9cit de voyage d&rsquo;une aventure en kayak, \u00e0 pied et \u00e0 v\u00e9lo en Scandinavie\"}]},{\"@type\":\"WebSite\",\"@id\":\"https:\/\/courir-lemonde.com\/#website\",\"url\":\"https:\/\/courir-lemonde.com\/\",\"name\":\"Courir Le Monde\",\"description\":\"Le site de Valentin Chapalain, passionn\u00e9 d&#039;aventures et de voyages\",\"potentialAction\":[{\"@type\":\"SearchAction\",\"target\":{\"@type\":\"EntryPoint\",\"urlTemplate\":\"https:\/\/courir-lemonde.com\/?s={search_term_string}\"},\"query-input\":\"required name=search_term_string\"}],\"inLanguage\":\"fr-FR\"},{\"@type\":\"Person\",\"@id\":\"https:\/\/courir-lemonde.com\/#\/schema\/person\/baaa624d701d53d176c763f85b3114e4\",\"name\":\"Chap44\",\"image\":{\"@type\":\"ImageObject\",\"inLanguage\":\"fr-FR\",\"@id\":\"https:\/\/courir-lemonde.com\/#\/schema\/person\/image\/\",\"url\":\"https:\/\/secure.gravatar.com\/avatar\/f6a3fcbb365f597d6259be5c4dc6c05c?s=96&d=mm&r=g\",\"contentUrl\":\"https:\/\/secure.gravatar.com\/avatar\/f6a3fcbb365f597d6259be5c4dc6c05c?s=96&d=mm&r=g\",\"caption\":\"Chap44\"},\"url\":\"https:\/\/courir-lemonde.com\/index.php\/author\/chap331244\/\"}]}<\/script>\n<!-- \/ Yoast SEO plugin. -->","yoast_head_json":{"title":"Par les Chemins de l'Arctique : r\u00e9cit de voyage d'une aventure en kayak, \u00e0 pied et \u00e0 v\u00e9lo en Scandinavie - Courir Le Monde","robots":{"index":"index","follow":"follow","max-snippet":"max-snippet:-1","max-image-preview":"max-image-preview:large","max-video-preview":"max-video-preview:-1"},"canonical":"https:\/\/courir-lemonde.com\/index.php\/2025\/09\/25\/par-les-chemins-de-larctique-recit-de-voyage-dune-aventure-en-kayak-a-pied-et-a-velo-en-scandinavie\/","og_locale":"fr_FR","og_type":"article","og_title":"Par les Chemins de l'Arctique : r\u00e9cit de voyage d'une aventure en kayak, \u00e0 pied et \u00e0 v\u00e9lo en Scandinavie - Courir Le Monde","og_description":"Apr\u00e8s la parution de l&rsquo;Appel du Grand Nord en 2021, j&rsquo;ai le plaisir d&rsquo;annoncer la parution de mon deuxi\u00e8me r\u00e9cit de voyage : Par les chemins de l&rsquo;Arctique. Il retrace une aventure in\u00e9dite combinant kayak, marche et v\u00e9lo entre le &hellip; Continuer la lecture &rarr;","og_url":"https:\/\/courir-lemonde.com\/index.php\/2025\/09\/25\/par-les-chemins-de-larctique-recit-de-voyage-dune-aventure-en-kayak-a-pied-et-a-velo-en-scandinavie\/","og_site_name":"Courir Le Monde","article_published_time":"2025-09-25T16:07:58+00:00","article_modified_time":"2026-04-02T18:29:19+00:00","og_image":[{"url":"https:\/\/courir-lemonde.com\/wp-content\/uploads\/2025\/09\/couverture-livre-Par-les-chemins-de-lArctique.jpg"}],"author":"Chap44","twitter_card":"summary_large_image","twitter_misc":{"\u00c9crit par":"Chap44","Dur\u00e9e de lecture estim\u00e9e":"4 minutes"},"schema":{"@context":"https:\/\/schema.org","@graph":[{"@type":"WebPage","@id":"https:\/\/courir-lemonde.com\/index.php\/2025\/09\/25\/par-les-chemins-de-larctique-recit-de-voyage-dune-aventure-en-kayak-a-pied-et-a-velo-en-scandinavie\/","url":"https:\/\/courir-lemonde.com\/index.php\/2025\/09\/25\/par-les-chemins-de-larctique-recit-de-voyage-dune-aventure-en-kayak-a-pied-et-a-velo-en-scandinavie\/","name":"Par les Chemins de l'Arctique : r\u00e9cit de voyage d'une aventure en kayak, \u00e0 pied et \u00e0 v\u00e9lo en Scandinavie - Courir Le Monde","isPartOf":{"@id":"https:\/\/courir-lemonde.com\/#website"},"datePublished":"2025-09-25T16:07:58+00:00","dateModified":"2026-04-02T18:29:19+00:00","author":{"@id":"https:\/\/courir-lemonde.com\/#\/schema\/person\/baaa624d701d53d176c763f85b3114e4"},"breadcrumb":{"@id":"https:\/\/courir-lemonde.com\/index.php\/2025\/09\/25\/par-les-chemins-de-larctique-recit-de-voyage-dune-aventure-en-kayak-a-pied-et-a-velo-en-scandinavie\/#breadcrumb"},"inLanguage":"fr-FR","potentialAction":[{"@type":"ReadAction","target":["https:\/\/courir-lemonde.com\/index.php\/2025\/09\/25\/par-les-chemins-de-larctique-recit-de-voyage-dune-aventure-en-kayak-a-pied-et-a-velo-en-scandinavie\/"]}]},{"@type":"BreadcrumbList","@id":"https:\/\/courir-lemonde.com\/index.php\/2025\/09\/25\/par-les-chemins-de-larctique-recit-de-voyage-dune-aventure-en-kayak-a-pied-et-a-velo-en-scandinavie\/#breadcrumb","itemListElement":[{"@type":"ListItem","position":1,"name":"Accueil","item":"https:\/\/courir-lemonde.com\/"},{"@type":"ListItem","position":2,"name":"Par les Chemins de l&rsquo;Arctique : r\u00e9cit de voyage d&rsquo;une aventure en kayak, \u00e0 pied et \u00e0 v\u00e9lo en Scandinavie"}]},{"@type":"WebSite","@id":"https:\/\/courir-lemonde.com\/#website","url":"https:\/\/courir-lemonde.com\/","name":"Courir Le Monde","description":"Le site de Valentin Chapalain, passionn\u00e9 d&#039;aventures et de voyages","potentialAction":[{"@type":"SearchAction","target":{"@type":"EntryPoint","urlTemplate":"https:\/\/courir-lemonde.com\/?s={search_term_string}"},"query-input":"required name=search_term_string"}],"inLanguage":"fr-FR"},{"@type":"Person","@id":"https:\/\/courir-lemonde.com\/#\/schema\/person\/baaa624d701d53d176c763f85b3114e4","name":"Chap44","image":{"@type":"ImageObject","inLanguage":"fr-FR","@id":"https:\/\/courir-lemonde.com\/#\/schema\/person\/image\/","url":"https:\/\/secure.gravatar.com\/avatar\/f6a3fcbb365f597d6259be5c4dc6c05c?s=96&d=mm&r=g","contentUrl":"https:\/\/secure.gravatar.com\/avatar\/f6a3fcbb365f597d6259be5c4dc6c05c?s=96&d=mm&r=g","caption":"Chap44"},"url":"https:\/\/courir-lemonde.com\/index.php\/author\/chap331244\/"}]}},"_links":{"self":[{"href":"https:\/\/courir-lemonde.com\/index.php\/wp-json\/wp\/v2\/posts\/7360"}],"collection":[{"href":"https:\/\/courir-lemonde.com\/index.php\/wp-json\/wp\/v2\/posts"}],"about":[{"href":"https:\/\/courir-lemonde.com\/index.php\/wp-json\/wp\/v2\/types\/post"}],"author":[{"embeddable":true,"href":"https:\/\/courir-lemonde.com\/index.php\/wp-json\/wp\/v2\/users\/1"}],"replies":[{"embeddable":true,"href":"https:\/\/courir-lemonde.com\/index.php\/wp-json\/wp\/v2\/comments?post=7360"}],"version-history":[{"count":7,"href":"https:\/\/courir-lemonde.com\/index.php\/wp-json\/wp\/v2\/posts\/7360\/revisions"}],"predecessor-version":[{"id":7371,"href":"https:\/\/courir-lemonde.com\/index.php\/wp-json\/wp\/v2\/posts\/7360\/revisions\/7371"}],"wp:attachment":[{"href":"https:\/\/courir-lemonde.com\/index.php\/wp-json\/wp\/v2\/media?parent=7360"}],"wp:term":[{"taxonomy":"category","embeddable":true,"href":"https:\/\/courir-lemonde.com\/index.php\/wp-json\/wp\/v2\/categories?post=7360"},{"taxonomy":"post_tag","embeddable":true,"href":"https:\/\/courir-lemonde.com\/index.php\/wp-json\/wp\/v2\/tags?post=7360"}],"curies":[{"name":"wp","href":"https:\/\/api.w.org\/{rel}","templated":true}]}}