{"id":767,"date":"2014-11-05T13:22:16","date_gmt":"2014-11-05T12:22:16","guid":{"rendered":"http:\/\/courir-lemonde.com\/?p=767"},"modified":"2018-04-26T07:41:26","modified_gmt":"2018-04-26T06:41:26","slug":"voyage-dans-les-pays-baltes-citytrip-a-vilnius-la-capitale-de-la-lituanie","status":"publish","type":"post","link":"https:\/\/courir-lemonde.com\/index.php\/2014\/11\/05\/voyage-dans-les-pays-baltes-citytrip-a-vilnius-la-capitale-de-la-lituanie\/","title":{"rendered":"Voyage dans les Pays Baltes : citytrip \u00e0 Vilnius, la capitale de la Lituanie"},"content":{"rendered":"<p style=\"text-align: center;\"><a href=\"http:\/\/courir-lemonde.com\/wp-content\/uploads\/2014\/11\/IMGP4397.jpg\"><img loading=\"lazy\" decoding=\"async\" class=\"aligncenter wp-image-1010\" src=\"http:\/\/courir-lemonde.com\/wp-content\/uploads\/2014\/11\/IMGP4397-1024x768.jpg\" alt=\"IMGP4397\" width=\"500\" height=\"378\" \/><\/a><\/p>\n<p style=\"text-align: center;\"><em>Panorama sur le mini CBD de Vilnius depuis la colline de Gediminas de laquelle se dresse les restes du fort de Vilnius (photo perso)<\/em><\/p>\n<p style=\"text-align: justify;\"><em>Du 17 au 27 Octobre, je me suis rendu dans les Pays Baltes avec mon acolyte Arnaud Pits, Apr\u00e8s avoir d\u00e9couvert la Pologne l&rsquo;an pass\u00e9, le menu de ce p\u00e9riple \u00e9tait tout aussi all\u00e9chant.\u00a0<\/em><em>Au programme tout d&rsquo;abord, la visite de Vilnius, la capitale lituanienne o\u00f9 nous avons pass\u00e9s quelques jours entre visites, balades, soir\u00e9es et loisirs. Retour en textes et en images sur ce city-trip \u00e0 Vilnius.\u00a0<\/em><!--more--><\/p>\n<p style=\"text-align: justify;\">Arriv\u00e9s en fin d&rsquo;apr\u00e8s-midi \u00e0 Vilnius depuis l&rsquo;a\u00e9roport de Roissy Charles de Gaule, c&rsquo;est gr\u00e2ce \u00e0 l&rsquo;aide coupl\u00e9e d&rsquo;un sympathique local\u00a0chapeaut\u00e9 d&rsquo;une belle casquette et d&rsquo;une dynamique Lituanienne parlant admirablement bien le fran\u00e7ais et l&rsquo;anglais que nous avons trouv\u00e9 <strong>notre pied-\u00e0-terre situ\u00e9 dans le quartier alternatif d&rsquo;Uzupio.\u00a0<\/strong><\/p>\n<p style=\"text-align: justify;\">Une fois install\u00e9s, nous avons \u00e9t\u00e9 faire quelques courses alimentaires profitant au passage pour se balader dans des rues \u00e9trangement vides. La soir\u00e9e fut calme \u00e0 l&rsquo;auberge de jeunesse en compagnie d&rsquo;un motard bi\u00e9lorusse et d&rsquo;un japonais amateur de\u00a0musculation.<\/p>\n<p style=\"text-align: justify;\"><strong>La journ\u00e9e du samedi fut consacr\u00e9e \u00e0 la d\u00e9couverte et la visite de Vilnius. Sous un beau soleil mais par une temp\u00e9rature proche du 0\u00b0C<\/strong>, nous avons arpent\u00e9 les rues de la capitale lituanienne, admirant de beaux \u00e9difices religieux, les belles couleurs d&rsquo;une v\u00e9g\u00e9tation d\u00e9j\u00e0 bien jaunie par l&rsquo;Automne et les bords de la rivi\u00e8re Neris qui coupe la ville en deux. <strong>L&rsquo;on d\u00e9couvrit, une ville \u00e0 taille humaine, tr\u00e8s a\u00e9r\u00e9e et plut\u00f4t agr\u00e9able qui a finalement plus les attributs d&rsquo;une ville de province qu&rsquo;une capitale nationale.\u00a0<\/strong><\/p>\n<p style=\"text-align: justify;\">La soir\u00e9e fut davantage festive apr\u00e8s un before du c\u00f4t\u00e9 de l&rsquo;auberge de jeunesse, nous all\u00e2mes nous tr\u00e9mousser dans un club moderne, <strong>l&rsquo;Exit club et d&rsquo;apr\u00e8s nous plut\u00f4t fr\u00e9quent\u00e9 par la jeunesse dor\u00e9e de Vilnius<\/strong>. Une soir\u00e9e sympathique et marrante mais cependant un cran en dessous de ce que l&rsquo;on avait pu vivre en Pologne.<\/p>\n<p><a href=\"http:\/\/courir-lemonde.com\/wp-content\/uploads\/2015\/11\/IMGP4307.jpg\"><img loading=\"lazy\" decoding=\"async\" class=\"aligncenter wp-image-835\" src=\"http:\/\/courir-lemonde.com\/wp-content\/uploads\/2015\/11\/IMGP4307-1024x768.jpg\" alt=\"IMGP4307\" width=\"500\" height=\"377\" \/><\/a><\/p>\n<p style=\"text-align: center;\"><em>Panorama de Vilnius avec au premier plan la vieille ville et au second plan le c\u0153ur \u00e9conomique de la capitale lituanienne (photo perso)<\/em><\/p>\n<p style=\"text-align: center;\"><a href=\"http:\/\/courir-lemonde.com\/wp-content\/uploads\/2015\/11\/IMGP4330.jpg\"><img loading=\"lazy\" decoding=\"async\" class=\"aligncenter wp-image-836\" src=\"http:\/\/courir-lemonde.com\/wp-content\/uploads\/2015\/11\/IMGP4330-1024x768.jpg\" alt=\"IMGP4330\" width=\"500\" height=\"377\" \/><\/a><\/p>\n<p style=\"text-align: center;\"><em>La tr\u00e8s belle \u00e9glise Saint Casimir dans la vieille ville de Vilnius (photo perso)<\/em><\/p>\n<p style=\"text-align: center;\"><a href=\"http:\/\/courir-lemonde.com\/wp-content\/uploads\/2015\/11\/IMGP4357.jpg\"><img loading=\"lazy\" decoding=\"async\" class=\"aligncenter wp-image-837\" src=\"http:\/\/courir-lemonde.com\/wp-content\/uploads\/2015\/11\/IMGP4357-768x1024.jpg\" alt=\"IMGP4357\" width=\"378\" height=\"500\" \/><\/a><\/p>\n<p style=\"text-align: center;\"><em>La cath\u00e9drale Sainte Catherine dans Vilnius (photo perso)<\/em><\/p>\n<p style=\"text-align: center;\"><a href=\"http:\/\/courir-lemonde.com\/wp-content\/uploads\/2014\/11\/IMGP4360.jpg\"><img loading=\"lazy\" decoding=\"async\" class=\"aligncenter wp-image-1008\" src=\"http:\/\/courir-lemonde.com\/wp-content\/uploads\/2014\/11\/IMGP4360-1024x768.jpg\" alt=\"IMGP4360\" width=\"500\" height=\"377\" \/><\/a><\/p>\n<p style=\"text-align: center;\"><em>Petite placette situ\u00e9e non loin du palais pr\u00e9sidentiel \u00e0 Vilnius. Les couleurs de l&rsquo;automne n&rsquo;ont pas cess\u00e9 de donner du charme aux paysages durant ce voyage (photo perso)<\/em><\/p>\n<p style=\"text-align: center;\"><a href=\"http:\/\/courir-lemonde.com\/wp-content\/uploads\/2014\/11\/IMGP4372.jpg\"><img loading=\"lazy\" decoding=\"async\" class=\"aligncenter wp-image-1009\" src=\"http:\/\/courir-lemonde.com\/wp-content\/uploads\/2014\/11\/IMGP4372-1024x768.jpg\" alt=\"IMGP4372\" width=\"500\" height=\"377\" \/><\/a><\/p>\n<p style=\"text-align: center;\"><em>Billets de 100 et 200 Litas, la monnaie lituanienne. Cependant depuis le 1 er janvier 2015, l&rsquo;Euro est la devise du pays (photo perso)<\/em><\/p>\n<p style=\"text-align: center;\"><a href=\"http:\/\/courir-lemonde.com\/wp-content\/uploads\/2014\/11\/IMGP4419.jpg\"><img loading=\"lazy\" decoding=\"async\" class=\"aligncenter wp-image-1011\" src=\"http:\/\/courir-lemonde.com\/wp-content\/uploads\/2014\/11\/IMGP4419-1024x768.jpg\" alt=\"IMGP4419\" width=\"500\" height=\"377\" \/><\/a><em>Vilnius est une ville de taille assez modeste et de fait l&rsquo;on peine \u00e0 se croire dans une capitale europ\u00e9enne. De plus, la v\u00e9g\u00e9tation y est tr\u00e8s importante (photo perso)<\/em><\/p>\n<p style=\"text-align: center;\"><a href=\"http:\/\/courir-lemonde.com\/wp-content\/uploads\/2014\/11\/IMGP4447.jpg\"><img loading=\"lazy\" decoding=\"async\" class=\"aligncenter wp-image-1012\" src=\"http:\/\/courir-lemonde.com\/wp-content\/uploads\/2014\/11\/IMGP4447-1024x768.jpg\" alt=\"IMGP4447\" width=\"500\" height=\"377\" \/><\/a><\/p>\n<p style=\"text-align: center;\"><em>Statues militaires, t\u00e9moin de la p\u00e9riode sovi\u00e9tique (photo perso)<\/em><\/p>\n<p style=\"text-align: center;\"><a href=\"http:\/\/courir-lemonde.com\/wp-content\/uploads\/2014\/11\/IMGP4481.jpg\"><img loading=\"lazy\" decoding=\"async\" class=\"aligncenter wp-image-1013\" src=\"http:\/\/courir-lemonde.com\/wp-content\/uploads\/2014\/11\/IMGP4481-1024x768.jpg\" alt=\"IMGP4481\" width=\"500\" height=\"377\" \/><\/a><\/p>\n<p style=\"text-align: center;\"><em>Aper\u00e7u de la grande place de Vilnius sur laquelle se trouve sa cath\u00e9drale (photo perso)<\/em><\/p>\n<p style=\"text-align: center;\"><a href=\"http:\/\/courir-lemonde.com\/wp-content\/uploads\/2014\/11\/IMGP4482.jpg\"><img loading=\"lazy\" decoding=\"async\" class=\"aligncenter wp-image-1014\" src=\"http:\/\/courir-lemonde.com\/wp-content\/uploads\/2014\/11\/IMGP4482-1024x768.jpg\" alt=\"IMGP4482\" width=\"501\" height=\"378\" \/><\/a><\/p>\n<p style=\"text-align: center;\"><em>Petit march\u00e9 dans Vilnius (photo perso)<\/em><\/p>\n<p style=\"text-align: justify;\">R\u00e9veill\u00e9s un peu plus tardivement que la veille du fait de notre vir\u00e9e nocturne lituanienne, la journ\u00e9e de dimanche fut consacr\u00e9e \u00e0 une nouvelle balade dans Vilnius et <strong>au classico entre le Lietuvos Rytas, l&rsquo;\u00e9quipe de Vilnius et le voisin et rival du Zalgiris Kaunas<\/strong> dans la belle enceinte de la Siemens Arena.<\/p>\n<p style=\"text-align: center;\"><a href=\"http:\/\/courir-lemonde.com\/wp-content\/uploads\/2014\/11\/IMGP4517.jpg\"><img loading=\"lazy\" decoding=\"async\" class=\"aligncenter wp-image-1015\" src=\"http:\/\/courir-lemonde.com\/wp-content\/uploads\/2014\/11\/IMGP4517-1024x768.jpg\" alt=\"IMGP4517\" width=\"501\" height=\"378\" \/><\/a><\/p>\n<p style=\"text-align: center;\"><em>Le quartier d&rsquo;Uzupio dans lequel notre auberge de jeunesse \u00e9tait situ\u00e9e se consid\u00e8re comme une sorte de district ind\u00e9pendant avec sa propre constitution (photo perso)<\/em><\/p>\n<p style=\"text-align: center;\"><a href=\"http:\/\/courir-lemonde.com\/wp-content\/uploads\/2014\/11\/IMGP4554.jpg\"><img loading=\"lazy\" decoding=\"async\" class=\"aligncenter wp-image-1016\" src=\"http:\/\/courir-lemonde.com\/wp-content\/uploads\/2014\/11\/IMGP4554-1024x768.jpg\" alt=\"IMGP4554\" width=\"500\" height=\"377\" \/><\/a><\/p>\n<p style=\"text-align: center;\">A\u00a0<em>la Siemens Arena de Vilnius le classico entre les deux meilleures \u00e9quipes de basket lituanienne : le Lietuvos Rytas et le Zalgiris Kaunas. Beau et ind\u00e9cis match qui s&rsquo;est sold\u00e9 sur le score de 84 \u00e0 82 pour les visiteurs dans une chaude ambiance\u00a0<\/em><em>(photo perso)<\/em><\/p>\n<p style=\"text-align: center;\"><a href=\"http:\/\/courir-lemonde.com\/wp-content\/uploads\/2014\/11\/IMGP4565.jpg\"><img loading=\"lazy\" decoding=\"async\" class=\"aligncenter wp-image-1017\" src=\"http:\/\/courir-lemonde.com\/wp-content\/uploads\/2014\/11\/IMGP4565-1024x768.jpg\" alt=\"IMGP4565\" width=\"499\" height=\"377\" \/><\/a><\/p>\n<p style=\"text-align: center;\"><em>Les \u00e9l\u00e9gantes pom-pom girls de Vilnius ont \u00e9galement fait le spectacle (photo perso)<\/em><\/p>\n<p style=\"text-align: justify;\">Apr\u00e8s avoir go\u00fbt\u00e9 \u00e0 la<strong> ferveur de ce grand classique du basket lituanien<\/strong>, nous avons regagn\u00e9 le centre de Vilnius en alliant transport en commun et marche afin d&rsquo;aller <strong>d\u00eener dans un restaurant proposant des plats traditionnels lituaniens<\/strong>.\u00a0La fin de soir\u00e9e fut plus tranquille que la veille et l&rsquo;id\u00e9e \u00e9tait de garder des forces pour attaquer d\u00e8s <strong>le lendemain la suite de notre p\u00e9riple en terres baltes \u00e0 savoir <a href=\"https:\/\/courir-lemonde.com\/index.php\/2014\/11\/06\/lituanie-et-lettonie-a-lassaut-de-la-campagne-balte\/\">la d\u00e9couverte des campagnes lituaniennes et lettones.<\/a><\/strong><\/p>\n","protected":false},"excerpt":{"rendered":"<p>Panorama sur le mini CBD de Vilnius depuis la colline de Gediminas de laquelle se dresse les restes du fort de Vilnius (photo perso) Du 17 au 27 Octobre, je me suis rendu dans les Pays Baltes avec mon acolyte &hellip; <a href=\"https:\/\/courir-lemonde.com\/index.php\/2014\/11\/05\/voyage-dans-les-pays-baltes-citytrip-a-vilnius-la-capitale-de-la-lituanie\/\">Continuer la lecture <span class=\"meta-nav\">&rarr;<\/span><\/a><\/p>\n","protected":false},"author":1,"featured_media":0,"comment_status":"open","ping_status":"open","sticky":false,"template":"","format":"standard","meta":{"footnotes":""},"categories":[126,290],"tags":[168,169,166,164],"yoast_head":"<!-- This site is optimized with the Yoast SEO plugin v21.8.1 - https:\/\/yoast.com\/wordpress\/plugins\/seo\/ -->\n<title>Voyage dans les Pays Baltes : citytrip \u00e0 Vilnius, la capitale de la Lituanie - Courir Le Monde<\/title>\n<meta name=\"robots\" content=\"index, follow, max-snippet:-1, max-image-preview:large, max-video-preview:-1\" \/>\n<link rel=\"canonical\" href=\"https:\/\/courir-lemonde.com\/index.php\/2014\/11\/05\/voyage-dans-les-pays-baltes-citytrip-a-vilnius-la-capitale-de-la-lituanie\/\" \/>\n<meta property=\"og:locale\" content=\"fr_FR\" \/>\n<meta property=\"og:type\" content=\"article\" \/>\n<meta property=\"og:title\" content=\"Voyage dans les Pays Baltes : citytrip \u00e0 Vilnius, la capitale de la Lituanie - Courir Le Monde\" \/>\n<meta property=\"og:description\" content=\"Panorama sur le mini CBD de Vilnius depuis la colline de Gediminas de laquelle se dresse les restes du fort de Vilnius (photo perso) Du 17 au 27 Octobre, je me suis rendu dans les Pays Baltes avec mon acolyte &hellip; Continuer la lecture &rarr;\" \/>\n<meta property=\"og:url\" content=\"https:\/\/courir-lemonde.com\/index.php\/2014\/11\/05\/voyage-dans-les-pays-baltes-citytrip-a-vilnius-la-capitale-de-la-lituanie\/\" \/>\n<meta property=\"og:site_name\" content=\"Courir Le Monde\" \/>\n<meta property=\"article:published_time\" content=\"2014-11-05T12:22:16+00:00\" \/>\n<meta property=\"article:modified_time\" content=\"2018-04-26T06:41:26+00:00\" \/>\n<meta property=\"og:image\" content=\"http:\/\/courir-lemonde.com\/wp-content\/uploads\/2014\/11\/IMGP4397-1024x768.jpg\" \/>\n<meta name=\"author\" content=\"Chap44\" \/>\n<meta name=\"twitter:card\" content=\"summary_large_image\" \/>\n<meta name=\"twitter:label1\" content=\"\u00c9crit par\" \/>\n\t<meta name=\"twitter:data1\" content=\"Chap44\" \/>\n\t<meta name=\"twitter:label2\" content=\"Dur\u00e9e de lecture estim\u00e9e\" \/>\n\t<meta name=\"twitter:data2\" content=\"4 minutes\" \/>\n<script type=\"application\/ld+json\" class=\"yoast-schema-graph\">{\"@context\":\"https:\/\/schema.org\",\"@graph\":[{\"@type\":\"WebPage\",\"@id\":\"https:\/\/courir-lemonde.com\/index.php\/2014\/11\/05\/voyage-dans-les-pays-baltes-citytrip-a-vilnius-la-capitale-de-la-lituanie\/\",\"url\":\"https:\/\/courir-lemonde.com\/index.php\/2014\/11\/05\/voyage-dans-les-pays-baltes-citytrip-a-vilnius-la-capitale-de-la-lituanie\/\",\"name\":\"Voyage dans les Pays Baltes : citytrip \u00e0 Vilnius, la capitale de la Lituanie - Courir Le Monde\",\"isPartOf\":{\"@id\":\"https:\/\/courir-lemonde.com\/#website\"},\"datePublished\":\"2014-11-05T12:22:16+00:00\",\"dateModified\":\"2018-04-26T06:41:26+00:00\",\"author\":{\"@id\":\"https:\/\/courir-lemonde.com\/#\/schema\/person\/baaa624d701d53d176c763f85b3114e4\"},\"breadcrumb\":{\"@id\":\"https:\/\/courir-lemonde.com\/index.php\/2014\/11\/05\/voyage-dans-les-pays-baltes-citytrip-a-vilnius-la-capitale-de-la-lituanie\/#breadcrumb\"},\"inLanguage\":\"fr-FR\",\"potentialAction\":[{\"@type\":\"ReadAction\",\"target\":[\"https:\/\/courir-lemonde.com\/index.php\/2014\/11\/05\/voyage-dans-les-pays-baltes-citytrip-a-vilnius-la-capitale-de-la-lituanie\/\"]}]},{\"@type\":\"BreadcrumbList\",\"@id\":\"https:\/\/courir-lemonde.com\/index.php\/2014\/11\/05\/voyage-dans-les-pays-baltes-citytrip-a-vilnius-la-capitale-de-la-lituanie\/#breadcrumb\",\"itemListElement\":[{\"@type\":\"ListItem\",\"position\":1,\"name\":\"Accueil\",\"item\":\"https:\/\/courir-lemonde.com\/\"},{\"@type\":\"ListItem\",\"position\":2,\"name\":\"Voyage dans les Pays Baltes : citytrip \u00e0 Vilnius, la capitale de la Lituanie\"}]},{\"@type\":\"WebSite\",\"@id\":\"https:\/\/courir-lemonde.com\/#website\",\"url\":\"https:\/\/courir-lemonde.com\/\",\"name\":\"Courir Le Monde\",\"description\":\"Le site de Valentin Chapalain, passionn\u00e9 d&#039;aventures et de voyages\",\"potentialAction\":[{\"@type\":\"SearchAction\",\"target\":{\"@type\":\"EntryPoint\",\"urlTemplate\":\"https:\/\/courir-lemonde.com\/?s={search_term_string}\"},\"query-input\":\"required name=search_term_string\"}],\"inLanguage\":\"fr-FR\"},{\"@type\":\"Person\",\"@id\":\"https:\/\/courir-lemonde.com\/#\/schema\/person\/baaa624d701d53d176c763f85b3114e4\",\"name\":\"Chap44\",\"image\":{\"@type\":\"ImageObject\",\"inLanguage\":\"fr-FR\",\"@id\":\"https:\/\/courir-lemonde.com\/#\/schema\/person\/image\/\",\"url\":\"https:\/\/secure.gravatar.com\/avatar\/f6a3fcbb365f597d6259be5c4dc6c05c?s=96&d=mm&r=g\",\"contentUrl\":\"https:\/\/secure.gravatar.com\/avatar\/f6a3fcbb365f597d6259be5c4dc6c05c?s=96&d=mm&r=g\",\"caption\":\"Chap44\"},\"url\":\"https:\/\/courir-lemonde.com\/index.php\/author\/chap331244\/\"}]}<\/script>\n<!-- \/ Yoast SEO plugin. -->","yoast_head_json":{"title":"Voyage dans les Pays Baltes : citytrip \u00e0 Vilnius, la capitale de la Lituanie - Courir Le Monde","robots":{"index":"index","follow":"follow","max-snippet":"max-snippet:-1","max-image-preview":"max-image-preview:large","max-video-preview":"max-video-preview:-1"},"canonical":"https:\/\/courir-lemonde.com\/index.php\/2014\/11\/05\/voyage-dans-les-pays-baltes-citytrip-a-vilnius-la-capitale-de-la-lituanie\/","og_locale":"fr_FR","og_type":"article","og_title":"Voyage dans les Pays Baltes : citytrip \u00e0 Vilnius, la capitale de la Lituanie - Courir Le Monde","og_description":"Panorama sur le mini CBD de Vilnius depuis la colline de Gediminas de laquelle se dresse les restes du fort de Vilnius (photo perso) Du 17 au 27 Octobre, je me suis rendu dans les Pays Baltes avec mon acolyte &hellip; Continuer la lecture &rarr;","og_url":"https:\/\/courir-lemonde.com\/index.php\/2014\/11\/05\/voyage-dans-les-pays-baltes-citytrip-a-vilnius-la-capitale-de-la-lituanie\/","og_site_name":"Courir Le Monde","article_published_time":"2014-11-05T12:22:16+00:00","article_modified_time":"2018-04-26T06:41:26+00:00","og_image":[{"url":"http:\/\/courir-lemonde.com\/wp-content\/uploads\/2014\/11\/IMGP4397-1024x768.jpg"}],"author":"Chap44","twitter_card":"summary_large_image","twitter_misc":{"\u00c9crit par":"Chap44","Dur\u00e9e de lecture estim\u00e9e":"4 minutes"},"schema":{"@context":"https:\/\/schema.org","@graph":[{"@type":"WebPage","@id":"https:\/\/courir-lemonde.com\/index.php\/2014\/11\/05\/voyage-dans-les-pays-baltes-citytrip-a-vilnius-la-capitale-de-la-lituanie\/","url":"https:\/\/courir-lemonde.com\/index.php\/2014\/11\/05\/voyage-dans-les-pays-baltes-citytrip-a-vilnius-la-capitale-de-la-lituanie\/","name":"Voyage dans les Pays Baltes : citytrip \u00e0 Vilnius, la capitale de la Lituanie - Courir Le Monde","isPartOf":{"@id":"https:\/\/courir-lemonde.com\/#website"},"datePublished":"2014-11-05T12:22:16+00:00","dateModified":"2018-04-26T06:41:26+00:00","author":{"@id":"https:\/\/courir-lemonde.com\/#\/schema\/person\/baaa624d701d53d176c763f85b3114e4"},"breadcrumb":{"@id":"https:\/\/courir-lemonde.com\/index.php\/2014\/11\/05\/voyage-dans-les-pays-baltes-citytrip-a-vilnius-la-capitale-de-la-lituanie\/#breadcrumb"},"inLanguage":"fr-FR","potentialAction":[{"@type":"ReadAction","target":["https:\/\/courir-lemonde.com\/index.php\/2014\/11\/05\/voyage-dans-les-pays-baltes-citytrip-a-vilnius-la-capitale-de-la-lituanie\/"]}]},{"@type":"BreadcrumbList","@id":"https:\/\/courir-lemonde.com\/index.php\/2014\/11\/05\/voyage-dans-les-pays-baltes-citytrip-a-vilnius-la-capitale-de-la-lituanie\/#breadcrumb","itemListElement":[{"@type":"ListItem","position":1,"name":"Accueil","item":"https:\/\/courir-lemonde.com\/"},{"@type":"ListItem","position":2,"name":"Voyage dans les Pays Baltes : citytrip \u00e0 Vilnius, la capitale de la Lituanie"}]},{"@type":"WebSite","@id":"https:\/\/courir-lemonde.com\/#website","url":"https:\/\/courir-lemonde.com\/","name":"Courir Le Monde","description":"Le site de Valentin Chapalain, passionn\u00e9 d&#039;aventures et de voyages","potentialAction":[{"@type":"SearchAction","target":{"@type":"EntryPoint","urlTemplate":"https:\/\/courir-lemonde.com\/?s={search_term_string}"},"query-input":"required name=search_term_string"}],"inLanguage":"fr-FR"},{"@type":"Person","@id":"https:\/\/courir-lemonde.com\/#\/schema\/person\/baaa624d701d53d176c763f85b3114e4","name":"Chap44","image":{"@type":"ImageObject","inLanguage":"fr-FR","@id":"https:\/\/courir-lemonde.com\/#\/schema\/person\/image\/","url":"https:\/\/secure.gravatar.com\/avatar\/f6a3fcbb365f597d6259be5c4dc6c05c?s=96&d=mm&r=g","contentUrl":"https:\/\/secure.gravatar.com\/avatar\/f6a3fcbb365f597d6259be5c4dc6c05c?s=96&d=mm&r=g","caption":"Chap44"},"url":"https:\/\/courir-lemonde.com\/index.php\/author\/chap331244\/"}]}},"_links":{"self":[{"href":"https:\/\/courir-lemonde.com\/index.php\/wp-json\/wp\/v2\/posts\/767"}],"collection":[{"href":"https:\/\/courir-lemonde.com\/index.php\/wp-json\/wp\/v2\/posts"}],"about":[{"href":"https:\/\/courir-lemonde.com\/index.php\/wp-json\/wp\/v2\/types\/post"}],"author":[{"embeddable":true,"href":"https:\/\/courir-lemonde.com\/index.php\/wp-json\/wp\/v2\/users\/1"}],"replies":[{"embeddable":true,"href":"https:\/\/courir-lemonde.com\/index.php\/wp-json\/wp\/v2\/comments?post=767"}],"version-history":[{"count":8,"href":"https:\/\/courir-lemonde.com\/index.php\/wp-json\/wp\/v2\/posts\/767\/revisions"}],"predecessor-version":[{"id":4170,"href":"https:\/\/courir-lemonde.com\/index.php\/wp-json\/wp\/v2\/posts\/767\/revisions\/4170"}],"wp:attachment":[{"href":"https:\/\/courir-lemonde.com\/index.php\/wp-json\/wp\/v2\/media?parent=767"}],"wp:term":[{"taxonomy":"category","embeddable":true,"href":"https:\/\/courir-lemonde.com\/index.php\/wp-json\/wp\/v2\/categories?post=767"},{"taxonomy":"post_tag","embeddable":true,"href":"https:\/\/courir-lemonde.com\/index.php\/wp-json\/wp\/v2\/tags?post=767"}],"curies":[{"name":"wp","href":"https:\/\/api.w.org\/{rel}","templated":true}]}}