{"id":918,"date":"2014-08-28T17:23:32","date_gmt":"2014-08-28T16:23:32","guid":{"rendered":"http:\/\/courir-lemonde.com\/?p=918"},"modified":"2020-03-13T23:58:29","modified_gmt":"2020-03-13T22:58:29","slug":"periple-en-trafic-a-travers-leurope-le-danemark","status":"publish","type":"post","link":"https:\/\/courir-lemonde.com\/index.php\/2014\/08\/28\/periple-en-trafic-a-travers-leurope-le-danemark\/","title":{"rendered":"P\u00e9riple en trafic \u00e0 travers l&rsquo;Europe : le Danemark"},"content":{"rendered":"<h2 class=\"bloc_title\" style=\"text-align: center;\"><em>Velkommen til Danmark<\/em><\/h2>\n<p style=\"text-align: center;\"><a href=\"http:\/\/courir-lemonde.com\/wp-content\/uploads\/2015\/11\/IMGP2720.jpg\"><img loading=\"lazy\" decoding=\"async\" class=\"aligncenter wp-image-920\" src=\"http:\/\/courir-lemonde.com\/wp-content\/uploads\/2015\/11\/IMGP2720-1024x768.jpg\" alt=\"IMGP2720\" width=\"498\" height=\"376\" \/><\/a><em>Comme semble le montrer Elisa, nos quelques jours au Danemark furent agr\u00e9ables (photo perso)<\/em><\/p>\n<p style=\"text-align: justify;\"><em>Apr\u00e8s un passage \u00e9clair par la Belgique, trois jours aux Pays-Bas et quatre journ\u00e9e en Allemagne, un nouveau pays s&rsquo;est pr\u00e9sent\u00e9 \u00e0 nous en ce mardi 15 juillet 2014 : le Danemark !\u00a0<\/em><!--more--><\/p>\n<p style=\"text-align: justify;\">Pour ma part, c&rsquo;\u00e9tait la quatri\u00e8me fois que je posais les pieds sur le sol danois. Pour mes camarades, il s&rsquo;agissait d&rsquo;une grande premi\u00e8re.\u00a0Retard\u00e9 parce que l&rsquo;on a du retourner chez Sophie r\u00e9cup\u00e9rer les papiers d&rsquo;identit\u00e9 et la carte bancaire de Jonathan (qu&rsquo;il avait oubli\u00e9 \u00e0 Nantes et que sa m\u00e8re lui a envoy\u00e9 par la Poste chez Sophie), nous avons pris la direction du Danemark qu&rsquo;en milieu d&rsquo;apr\u00e8s-midi. Pour ne rien arranger, la circulation fut affreuse aux alentours de Kiel ce qui nous fis perdre pas loin de deux heures.<br \/>\nTant bien que mal nous avons du franchir la fronti\u00e8re danoise vers 18h30. <strong>Il nous restait alors environ deux heures de route pour rallier Fyns Hoved, une petite pointe visiblement tr\u00e8s sauvage et charmante, situ\u00e9e au nord d&rsquo;Odense,<\/strong> que nous avions pr\u00e9alablement rep\u00e9r\u00e9 sur la carte.<\/p>\n<p style=\"text-align: justify;\"><strong>Galvanis\u00e9 et enchant\u00e9 de retrouver mon cher Danemark, c&rsquo;est en mode pilote de rallye que j&rsquo;ai conduis la troupe vers ce somptueux et paisible coin de l&rsquo;\u00eele de Fyn.<\/strong> Une fois arriv\u00e9, m\u00eame si le temps \u00e9tait un peu gris, nous e\u00fbmes droit \u00e0 un beau couch\u00e9 de soleil en nous lavant sur cette petite plage malheureusement un peu trop caillouteuse. Apr\u00e8s cela, il fut grand temps de monter le campement, de d\u00eener et d&rsquo;aller se coucher.<\/p>\n<p style=\"text-align: justify;\"><a href=\"http:\/\/courir-lemonde.com\/wp-content\/uploads\/2015\/11\/IMGP2742.jpg\"><img loading=\"lazy\" decoding=\"async\" class=\"aligncenter wp-image-921\" src=\"http:\/\/courir-lemonde.com\/wp-content\/uploads\/2015\/11\/IMGP2742-1024x768.jpg\" alt=\"IMGP2742\" width=\"501\" height=\"378\" \/><\/a><\/p>\n<p style=\"text-align: center;\"><em>Couch\u00e9 de soleil depuis le site de Fyns Hoved sur l&rsquo;\u00eele de Fyn (photo perso)<\/em><\/p>\n<p style=\"text-align: center;\"><a href=\"http:\/\/courir-lemonde.com\/wp-content\/uploads\/2015\/11\/IMGP2761.jpg\"><img loading=\"lazy\" decoding=\"async\" class=\"aligncenter wp-image-922\" src=\"http:\/\/courir-lemonde.com\/wp-content\/uploads\/2015\/11\/IMGP2761-1024x768.jpg\" alt=\"IMGP2761\" width=\"501\" height=\"378\" \/><\/a><\/p>\n<p style=\"text-align: center;\"><em>Dans le courant de la soir\u00e9e, sur notre bivouac, avec Jonathan et Marion (photo perso)<\/em><\/p>\n<p style=\"text-align: justify;\"><a href=\"http:\/\/courir-lemonde.com\/wp-content\/uploads\/2015\/11\/IMGP2766.jpg\"><img loading=\"lazy\" decoding=\"async\" class=\"aligncenter wp-image-923\" src=\"http:\/\/courir-lemonde.com\/wp-content\/uploads\/2015\/11\/IMGP2766-1024x768.jpg\" alt=\"IMGP2766\" width=\"500\" height=\"377\" \/><\/a><\/p>\n<p style=\"text-align: center;\"><em>R\u00e9veill\u00e9 par des mouettes tr\u00e8s bruyantes vers 4h00 du matin, nous n&rsquo;avons pas manqu\u00e9 avec Elisa d&rsquo;admirer le lever du jour (photo perso)<\/em><\/p>\n<p style=\"text-align: justify;\">En ce mercredi 16 juillet, nous souhaitions prendre notre temps pour profiter de notre lieu de campement idyllique le matin. Elisa en a profit\u00e9 pour aller courir tandis que pour ma part, j&rsquo;avais opt\u00e9 pour un petit rafra\u00eechissement dans l&rsquo;eau. Puis nous avons repris le trafic, travers\u00e9 la belle campagne danoise avant de nous \u00e9chouer <strong>sur la plage de Kerteminde<\/strong> que je connaissais d\u00e9j\u00e0 puisque la station baln\u00e9aire \u00e9tait l&rsquo;une des villes \u00e9tapes du Danmark Rundt 2012 effectu\u00e9 avec Dimitri et Charly.\u00a0Ce break plage fut tr\u00e8s appr\u00e9ciable. <strong>Apr\u00e8s une partie de volley et une baignade dans une eau autour de 20\u00b0C, nous avons jou\u00e9 un match de football avec deux sympathiques Danois.<\/strong><\/p>\n<p style=\"text-align: justify;\"><a href=\"http:\/\/courir-lemonde.com\/wp-content\/uploads\/2015\/11\/IMGP2797.jpg\"><img loading=\"lazy\" decoding=\"async\" class=\"aligncenter wp-image-924\" src=\"http:\/\/courir-lemonde.com\/wp-content\/uploads\/2015\/11\/IMGP2797-1024x768.jpg\" alt=\"IMGP2797\" width=\"500\" height=\"377\" \/><\/a><\/p>\n<p style=\"text-align: center;\"><em>Footing matinal pour Elisa (photo perso)<\/em><\/p>\n<p style=\"text-align: center;\"><a href=\"http:\/\/courir-lemonde.com\/wp-content\/uploads\/2015\/11\/IMGP2811.jpg\"><img loading=\"lazy\" decoding=\"async\" class=\"aligncenter wp-image-925\" src=\"http:\/\/courir-lemonde.com\/wp-content\/uploads\/2015\/11\/IMGP2811-1024x768.jpg\" alt=\"IMGP2811\" width=\"500\" height=\"377\" \/><\/a><\/p>\n<p style=\"text-align: center;\"><em>\u00a0Avant d&rsquo;aller se baigner, de jouer au foot et au beach volley et de l\u00e9zarder sur le plage de Kerteminde (photo perso)<\/em><\/p>\n<p style=\"text-align: justify;\">Dans le courant de l&rsquo;apr\u00e8s-midi, nous avons pris la direction de Copenhague o\u00f9 finalement nous n&rsquo;avons pas pu dormir \u00e0 l&rsquo;auberge de jeunesse pr\u00e9vue. De fait, nous avons du nous rabattre sur le camping de Bellah\u00f8j, situ\u00e9 un peu plus en p\u00e9riph\u00e9rie.<strong> La journ\u00e9e de jeudi f\u00fbt consacr\u00e9e \u00e0 la visite de Copenhague.<\/strong> Pour cela nous avons lou\u00e9 des v\u00e9los aupr\u00e8s du camping. <strong>J&rsquo;ai alors pu jouer au guide touristique sous une chaleur assez \u00e9touffante.<\/strong> Au menu : N\u00f8rrebro, les alentours du parc de Tivoli,\u00a0R\u00e5dhuspladsen, Christiania, Christianshavn et ses canaux, Nyhavn et Kongens Nytorv, le palais d&rsquo;Amalienborg et la petite sir\u00e8ne, avant de d\u00e9couvrir Str\u00f8get, d&rsquo;y faire un peu de shopping et d&rsquo;y manger un burger.<\/p>\n<p style=\"text-align: center;\"><a href=\"http:\/\/courir-lemonde.com\/wp-content\/uploads\/2015\/11\/IMGP2861.jpg\"><img loading=\"lazy\" decoding=\"async\" class=\"aligncenter wp-image-926\" src=\"http:\/\/courir-lemonde.com\/wp-content\/uploads\/2015\/11\/IMGP2861-1024x768.jpg\" alt=\"IMGP2861\" width=\"500\" height=\"377\" \/><\/a><\/p>\n<p style=\"text-align: center;\"><em>Copenhagen beach sur l&rsquo;\u00eele de Christianhavn (photo perso)<\/em><\/p>\n<p style=\"text-align: justify;\"><a href=\"http:\/\/courir-lemonde.com\/wp-content\/uploads\/2015\/11\/IMGP2862.jpg\"><img loading=\"lazy\" decoding=\"async\" class=\"aligncenter wp-image-927\" src=\"http:\/\/courir-lemonde.com\/wp-content\/uploads\/2015\/11\/IMGP2862-768x1024.jpg\" alt=\"IMGP2862\" width=\"377\" height=\"500\" \/><\/a><\/p>\n<p style=\"text-align: center;\"><em>Vor Frelsers Kirke, l&rsquo;eglise de Notre-Sauveur situ\u00e9 dans le quartier de Christianshavn (photo perso)<\/em><\/p>\n<p style=\"text-align: center;\"><a href=\"http:\/\/courir-lemonde.com\/wp-content\/uploads\/2015\/11\/IMGP2887.jpg\"><img loading=\"lazy\" decoding=\"async\" class=\"aligncenter wp-image-928\" src=\"http:\/\/courir-lemonde.com\/wp-content\/uploads\/2015\/11\/IMGP2887-1024x768.jpg\" alt=\"IMGP2887\" width=\"500\" height=\"377\" \/><\/a><\/p>\n<p style=\"text-align: center;\"><em>Les canaux de Christianhavn (photo perso)<\/em><\/p>\n<p style=\"text-align: center;\"><a href=\"http:\/\/courir-lemonde.com\/wp-content\/uploads\/2015\/11\/IMGP2901.jpg\"><img loading=\"lazy\" decoding=\"async\" class=\"aligncenter wp-image-929\" src=\"http:\/\/courir-lemonde.com\/wp-content\/uploads\/2015\/11\/IMGP2901-1024x768.jpg\" alt=\"IMGP2901\" width=\"500\" height=\"377\" \/><\/a><\/p>\n<p style=\"text-align: center;\"><em>Nyhavn, un incontournable de la capitale danoise (photo perso)<\/em><\/p>\n<p style=\"text-align: center;\"><a href=\"http:\/\/courir-lemonde.com\/wp-content\/uploads\/2015\/11\/IMGP2910.jpg\"><img loading=\"lazy\" decoding=\"async\" class=\"aligncenter wp-image-930\" src=\"http:\/\/courir-lemonde.com\/wp-content\/uploads\/2015\/11\/IMGP2910-768x1024.jpg\" alt=\"IMGP2910\" width=\"378\" height=\"501\" \/><\/a><\/p>\n<p style=\"text-align: center;\"><em>Marion et Elisa\u00a0imitant\u00a0les gardes de la reine Margrethe II (photo perso)<\/em><\/p>\n<p style=\"text-align: center;\"><a href=\"http:\/\/courir-lemonde.com\/wp-content\/uploads\/2015\/11\/IMGP2919.jpg\"><img loading=\"lazy\" decoding=\"async\" class=\"aligncenter wp-image-931\" src=\"http:\/\/courir-lemonde.com\/wp-content\/uploads\/2015\/11\/IMGP2919-1024x768.jpg\" alt=\"IMGP2919\" width=\"500\" height=\"377\" \/><\/a><\/p>\n<p style=\"text-align: center;\"><em>Les Danois sont toujours adeptes de v\u00e9lo en tout genre (photo perso)<\/em><\/p>\n<p style=\"text-align: justify;\">Vers 21h00, il \u00e9tait temps de reprendre la direction du camping. A mi-chemin, nous avons fait un petit break du c\u00f4t\u00e9 du Peblinge S\u00f8 (lac) pour y savourer une bi\u00e8re danoise. La suite de la soir\u00e9e fut calme du c\u00f4t\u00e9 de notre camping.<\/p>\n<p style=\"text-align: justify;\">Vendredi 18 juillet, nous avons donc pris la direction de la Su\u00e8de.<strong>\u00a0Auparavant, nous avons pu profit\u00e9 des attrayants paysages c\u00f4tiers constitu\u00e9s de petits ports de p\u00eache, de villages coquets, de luxueuses villas et de longues plages entre la capitale danoise et le port d&rsquo;Helsing\u00f8r<\/strong> o\u00f9 nous nous sommes \u00e9galement balad\u00e9s avant d&#8217;embarquer pour la ville d&rsquo;Helsingborg en Su\u00e8de.<\/p>\n<p style=\"text-align: justify;\"><a href=\"http:\/\/courir-lemonde.com\/wp-content\/uploads\/2015\/11\/IMGP2938.jpg\"><img loading=\"lazy\" decoding=\"async\" class=\"aligncenter wp-image-932\" src=\"http:\/\/courir-lemonde.com\/wp-content\/uploads\/2015\/11\/IMGP2938-1024x768.jpg\" alt=\"IMGP2938\" width=\"500\" height=\"378\" \/><\/a><\/p>\n<p style=\"text-align: center;\"><em>Les rues pi\u00e9tonni\u00e8res du centre-ville d&rsquo;Helsing\u00f8r (photo perso)<\/em><\/p>\n<p style=\"text-align: center;\"><a href=\"http:\/\/courir-lemonde.com\/wp-content\/uploads\/2015\/11\/IMGP2946.jpg\"><img loading=\"lazy\" decoding=\"async\" class=\"aligncenter wp-image-933\" src=\"http:\/\/courir-lemonde.com\/wp-content\/uploads\/2015\/11\/IMGP2946-1024x768.jpg\" alt=\"IMGP2946\" width=\"500\" height=\"377\" \/><\/a><\/p>\n<p style=\"text-align: center;\"><em>Le magnifique\u00a0ch\u00e2teau\u00a0de Kronborg situ\u00e9 en front de mer fait face aux c\u00f4tes su\u00e9doises (photo\u00a0perso)<\/em><\/p>\n<p style=\"text-align: center;\"><a href=\"http:\/\/courir-lemonde.com\/wp-content\/uploads\/2015\/11\/IMGP2955.jpg\"><img loading=\"lazy\" decoding=\"async\" class=\"aligncenter wp-image-934\" src=\"http:\/\/courir-lemonde.com\/wp-content\/uploads\/2015\/11\/IMGP2955-1024x768.jpg\" alt=\"IMGP2955\" width=\"501\" height=\"378\" \/><\/a><\/p>\n<p style=\"text-align: center;\"><em>Elisa et moi-m\u00eame sur le ferry avec les c\u00f4tes danoises en arri\u00e8re plan (photo perso)<\/em><\/p>\n<p style=\"text-align: center;\">\n","protected":false},"excerpt":{"rendered":"<p>Velkommen til Danmark Comme semble le montrer Elisa, nos quelques jours au Danemark furent agr\u00e9ables (photo perso) Apr\u00e8s un passage \u00e9clair par la Belgique, trois jours aux Pays-Bas et quatre journ\u00e9e en Allemagne, un nouveau pays s&rsquo;est pr\u00e9sent\u00e9 \u00e0 nous &hellip; <a href=\"https:\/\/courir-lemonde.com\/index.php\/2014\/08\/28\/periple-en-trafic-a-travers-leurope-le-danemark\/\">Continuer la lecture <span class=\"meta-nav\">&rarr;<\/span><\/a><\/p>\n","protected":false},"author":1,"featured_media":0,"comment_status":"open","ping_status":"open","sticky":false,"template":"","format":"standard","meta":{"footnotes":""},"categories":[253,496],"tags":[145,176,10,164],"yoast_head":"<!-- This site is optimized with the Yoast SEO plugin v21.8.1 - https:\/\/yoast.com\/wordpress\/plugins\/seo\/ -->\n<title>P\u00e9riple en trafic \u00e0 travers l&#039;Europe : le Danemark - Courir Le Monde<\/title>\n<meta name=\"robots\" content=\"index, follow, max-snippet:-1, max-image-preview:large, max-video-preview:-1\" \/>\n<link rel=\"canonical\" href=\"https:\/\/courir-lemonde.com\/index.php\/2014\/08\/28\/periple-en-trafic-a-travers-leurope-le-danemark\/\" \/>\n<meta property=\"og:locale\" content=\"fr_FR\" \/>\n<meta property=\"og:type\" content=\"article\" \/>\n<meta property=\"og:title\" content=\"P\u00e9riple en trafic \u00e0 travers l&#039;Europe : le Danemark - Courir Le Monde\" \/>\n<meta property=\"og:description\" content=\"Velkommen til Danmark Comme semble le montrer Elisa, nos quelques jours au Danemark furent agr\u00e9ables (photo perso) Apr\u00e8s un passage \u00e9clair par la Belgique, trois jours aux Pays-Bas et quatre journ\u00e9e en Allemagne, un nouveau pays s&rsquo;est pr\u00e9sent\u00e9 \u00e0 nous &hellip; Continuer la lecture &rarr;\" \/>\n<meta property=\"og:url\" content=\"https:\/\/courir-lemonde.com\/index.php\/2014\/08\/28\/periple-en-trafic-a-travers-leurope-le-danemark\/\" \/>\n<meta property=\"og:site_name\" content=\"Courir Le Monde\" \/>\n<meta property=\"article:published_time\" content=\"2014-08-28T16:23:32+00:00\" \/>\n<meta property=\"article:modified_time\" content=\"2020-03-13T22:58:29+00:00\" \/>\n<meta property=\"og:image\" content=\"http:\/\/courir-lemonde.com\/wp-content\/uploads\/2015\/11\/IMGP2720-1024x768.jpg\" \/>\n<meta name=\"author\" content=\"Chap44\" \/>\n<meta name=\"twitter:card\" content=\"summary_large_image\" \/>\n<meta name=\"twitter:label1\" content=\"\u00c9crit par\" \/>\n\t<meta name=\"twitter:data1\" content=\"Chap44\" \/>\n\t<meta name=\"twitter:label2\" content=\"Dur\u00e9e de lecture estim\u00e9e\" \/>\n\t<meta name=\"twitter:data2\" content=\"4 minutes\" \/>\n<script type=\"application\/ld+json\" class=\"yoast-schema-graph\">{\"@context\":\"https:\/\/schema.org\",\"@graph\":[{\"@type\":\"WebPage\",\"@id\":\"https:\/\/courir-lemonde.com\/index.php\/2014\/08\/28\/periple-en-trafic-a-travers-leurope-le-danemark\/\",\"url\":\"https:\/\/courir-lemonde.com\/index.php\/2014\/08\/28\/periple-en-trafic-a-travers-leurope-le-danemark\/\",\"name\":\"P\u00e9riple en trafic \u00e0 travers l'Europe : le Danemark - Courir Le Monde\",\"isPartOf\":{\"@id\":\"https:\/\/courir-lemonde.com\/#website\"},\"datePublished\":\"2014-08-28T16:23:32+00:00\",\"dateModified\":\"2020-03-13T22:58:29+00:00\",\"author\":{\"@id\":\"https:\/\/courir-lemonde.com\/#\/schema\/person\/baaa624d701d53d176c763f85b3114e4\"},\"breadcrumb\":{\"@id\":\"https:\/\/courir-lemonde.com\/index.php\/2014\/08\/28\/periple-en-trafic-a-travers-leurope-le-danemark\/#breadcrumb\"},\"inLanguage\":\"fr-FR\",\"potentialAction\":[{\"@type\":\"ReadAction\",\"target\":[\"https:\/\/courir-lemonde.com\/index.php\/2014\/08\/28\/periple-en-trafic-a-travers-leurope-le-danemark\/\"]}]},{\"@type\":\"BreadcrumbList\",\"@id\":\"https:\/\/courir-lemonde.com\/index.php\/2014\/08\/28\/periple-en-trafic-a-travers-leurope-le-danemark\/#breadcrumb\",\"itemListElement\":[{\"@type\":\"ListItem\",\"position\":1,\"name\":\"Accueil\",\"item\":\"https:\/\/courir-lemonde.com\/\"},{\"@type\":\"ListItem\",\"position\":2,\"name\":\"P\u00e9riple en trafic \u00e0 travers l&rsquo;Europe : le Danemark\"}]},{\"@type\":\"WebSite\",\"@id\":\"https:\/\/courir-lemonde.com\/#website\",\"url\":\"https:\/\/courir-lemonde.com\/\",\"name\":\"Courir Le Monde\",\"description\":\"Le site de Valentin Chapalain, passionn\u00e9 d&#039;aventures et de voyages\",\"potentialAction\":[{\"@type\":\"SearchAction\",\"target\":{\"@type\":\"EntryPoint\",\"urlTemplate\":\"https:\/\/courir-lemonde.com\/?s={search_term_string}\"},\"query-input\":\"required name=search_term_string\"}],\"inLanguage\":\"fr-FR\"},{\"@type\":\"Person\",\"@id\":\"https:\/\/courir-lemonde.com\/#\/schema\/person\/baaa624d701d53d176c763f85b3114e4\",\"name\":\"Chap44\",\"image\":{\"@type\":\"ImageObject\",\"inLanguage\":\"fr-FR\",\"@id\":\"https:\/\/courir-lemonde.com\/#\/schema\/person\/image\/\",\"url\":\"https:\/\/secure.gravatar.com\/avatar\/f6a3fcbb365f597d6259be5c4dc6c05c?s=96&d=mm&r=g\",\"contentUrl\":\"https:\/\/secure.gravatar.com\/avatar\/f6a3fcbb365f597d6259be5c4dc6c05c?s=96&d=mm&r=g\",\"caption\":\"Chap44\"},\"url\":\"https:\/\/courir-lemonde.com\/index.php\/author\/chap331244\/\"}]}<\/script>\n<!-- \/ Yoast SEO plugin. -->","yoast_head_json":{"title":"P\u00e9riple en trafic \u00e0 travers l'Europe : le Danemark - Courir Le Monde","robots":{"index":"index","follow":"follow","max-snippet":"max-snippet:-1","max-image-preview":"max-image-preview:large","max-video-preview":"max-video-preview:-1"},"canonical":"https:\/\/courir-lemonde.com\/index.php\/2014\/08\/28\/periple-en-trafic-a-travers-leurope-le-danemark\/","og_locale":"fr_FR","og_type":"article","og_title":"P\u00e9riple en trafic \u00e0 travers l'Europe : le Danemark - Courir Le Monde","og_description":"Velkommen til Danmark Comme semble le montrer Elisa, nos quelques jours au Danemark furent agr\u00e9ables (photo perso) Apr\u00e8s un passage \u00e9clair par la Belgique, trois jours aux Pays-Bas et quatre journ\u00e9e en Allemagne, un nouveau pays s&rsquo;est pr\u00e9sent\u00e9 \u00e0 nous &hellip; Continuer la lecture &rarr;","og_url":"https:\/\/courir-lemonde.com\/index.php\/2014\/08\/28\/periple-en-trafic-a-travers-leurope-le-danemark\/","og_site_name":"Courir Le Monde","article_published_time":"2014-08-28T16:23:32+00:00","article_modified_time":"2020-03-13T22:58:29+00:00","og_image":[{"url":"http:\/\/courir-lemonde.com\/wp-content\/uploads\/2015\/11\/IMGP2720-1024x768.jpg"}],"author":"Chap44","twitter_card":"summary_large_image","twitter_misc":{"\u00c9crit par":"Chap44","Dur\u00e9e de lecture estim\u00e9e":"4 minutes"},"schema":{"@context":"https:\/\/schema.org","@graph":[{"@type":"WebPage","@id":"https:\/\/courir-lemonde.com\/index.php\/2014\/08\/28\/periple-en-trafic-a-travers-leurope-le-danemark\/","url":"https:\/\/courir-lemonde.com\/index.php\/2014\/08\/28\/periple-en-trafic-a-travers-leurope-le-danemark\/","name":"P\u00e9riple en trafic \u00e0 travers l'Europe : le Danemark - Courir Le Monde","isPartOf":{"@id":"https:\/\/courir-lemonde.com\/#website"},"datePublished":"2014-08-28T16:23:32+00:00","dateModified":"2020-03-13T22:58:29+00:00","author":{"@id":"https:\/\/courir-lemonde.com\/#\/schema\/person\/baaa624d701d53d176c763f85b3114e4"},"breadcrumb":{"@id":"https:\/\/courir-lemonde.com\/index.php\/2014\/08\/28\/periple-en-trafic-a-travers-leurope-le-danemark\/#breadcrumb"},"inLanguage":"fr-FR","potentialAction":[{"@type":"ReadAction","target":["https:\/\/courir-lemonde.com\/index.php\/2014\/08\/28\/periple-en-trafic-a-travers-leurope-le-danemark\/"]}]},{"@type":"BreadcrumbList","@id":"https:\/\/courir-lemonde.com\/index.php\/2014\/08\/28\/periple-en-trafic-a-travers-leurope-le-danemark\/#breadcrumb","itemListElement":[{"@type":"ListItem","position":1,"name":"Accueil","item":"https:\/\/courir-lemonde.com\/"},{"@type":"ListItem","position":2,"name":"P\u00e9riple en trafic \u00e0 travers l&rsquo;Europe : le Danemark"}]},{"@type":"WebSite","@id":"https:\/\/courir-lemonde.com\/#website","url":"https:\/\/courir-lemonde.com\/","name":"Courir Le Monde","description":"Le site de Valentin Chapalain, passionn\u00e9 d&#039;aventures et de voyages","potentialAction":[{"@type":"SearchAction","target":{"@type":"EntryPoint","urlTemplate":"https:\/\/courir-lemonde.com\/?s={search_term_string}"},"query-input":"required name=search_term_string"}],"inLanguage":"fr-FR"},{"@type":"Person","@id":"https:\/\/courir-lemonde.com\/#\/schema\/person\/baaa624d701d53d176c763f85b3114e4","name":"Chap44","image":{"@type":"ImageObject","inLanguage":"fr-FR","@id":"https:\/\/courir-lemonde.com\/#\/schema\/person\/image\/","url":"https:\/\/secure.gravatar.com\/avatar\/f6a3fcbb365f597d6259be5c4dc6c05c?s=96&d=mm&r=g","contentUrl":"https:\/\/secure.gravatar.com\/avatar\/f6a3fcbb365f597d6259be5c4dc6c05c?s=96&d=mm&r=g","caption":"Chap44"},"url":"https:\/\/courir-lemonde.com\/index.php\/author\/chap331244\/"}]}},"_links":{"self":[{"href":"https:\/\/courir-lemonde.com\/index.php\/wp-json\/wp\/v2\/posts\/918"}],"collection":[{"href":"https:\/\/courir-lemonde.com\/index.php\/wp-json\/wp\/v2\/posts"}],"about":[{"href":"https:\/\/courir-lemonde.com\/index.php\/wp-json\/wp\/v2\/types\/post"}],"author":[{"embeddable":true,"href":"https:\/\/courir-lemonde.com\/index.php\/wp-json\/wp\/v2\/users\/1"}],"replies":[{"embeddable":true,"href":"https:\/\/courir-lemonde.com\/index.php\/wp-json\/wp\/v2\/comments?post=918"}],"version-history":[{"count":6,"href":"https:\/\/courir-lemonde.com\/index.php\/wp-json\/wp\/v2\/posts\/918\/revisions"}],"predecessor-version":[{"id":6256,"href":"https:\/\/courir-lemonde.com\/index.php\/wp-json\/wp\/v2\/posts\/918\/revisions\/6256"}],"wp:attachment":[{"href":"https:\/\/courir-lemonde.com\/index.php\/wp-json\/wp\/v2\/media?parent=918"}],"wp:term":[{"taxonomy":"category","embeddable":true,"href":"https:\/\/courir-lemonde.com\/index.php\/wp-json\/wp\/v2\/categories?post=918"},{"taxonomy":"post_tag","embeddable":true,"href":"https:\/\/courir-lemonde.com\/index.php\/wp-json\/wp\/v2\/tags?post=918"}],"curies":[{"name":"wp","href":"https:\/\/api.w.org\/{rel}","templated":true}]}}